{"id":3416,"date":"2014-03-19T08:34:46","date_gmt":"2014-03-19T07:34:46","guid":{"rendered":"http:\/\/www.naturparkmagazin.de\/vdn\/?p=3416"},"modified":"2014-03-24T14:19:16","modified_gmt":"2014-03-24T13:19:16","slug":"warum-der-hase-zum-osterhasen-wurde","status":"publish","type":"post","link":"https:\/\/www.naturparkmagazin.de\/vdn\/warum-der-hase-zum-osterhasen-wurde\/","title":{"rendered":"Warum der Hase zum Osterhasen wurde"},"content":{"rendered":"<p><!--[if gte mso 9]&gt;--><\/p>\n<div id=\"attachment_3431\" style=\"width: 510px\" class=\"wp-caption aligncenter\"><a href=\"https:\/\/www.naturparkmagazin.de\/vdn\/wp-content\/uploads\/sites\/3\/Feldhase_Rheinlandbearbeitet500.jpg\"><img aria-describedby=\"caption-attachment-3431\" decoding=\"async\" loading=\"lazy\" class=\"size-full wp-image-3431 \" title=\"Copyright: VDN\/Frank Hans\" alt=\"Copyright: VDN\/Frank Hans\" src=\"https:\/\/www.naturparkmagazin.de\/vdn\/wp-content\/uploads\/sites\/3\/Feldhase_Rheinlandbearbeitet500.jpg\" width=\"500\" height=\"375\" srcset=\"https:\/\/www.naturparkmagazin.de\/vdn\/wp-content\/uploads\/sites\/3\/Feldhase_Rheinlandbearbeitet500.jpg 500w, https:\/\/www.naturparkmagazin.de\/vdn\/wp-content\/uploads\/sites\/3\/Feldhase_Rheinlandbearbeitet500-300x225.jpg 300w, https:\/\/www.naturparkmagazin.de\/vdn\/wp-content\/uploads\/sites\/3\/Feldhase_Rheinlandbearbeitet500-420x315.jpg 420w, https:\/\/www.naturparkmagazin.de\/vdn\/wp-content\/uploads\/sites\/3\/Feldhase_Rheinlandbearbeitet500-180x135.jpg 180w, https:\/\/www.naturparkmagazin.de\/vdn\/wp-content\/uploads\/sites\/3\/Feldhase_Rheinlandbearbeitet500-95x71.jpg 95w, https:\/\/www.naturparkmagazin.de\/vdn\/wp-content\/uploads\/sites\/3\/Feldhase_Rheinlandbearbeitet500-200x150.jpg 200w\" sizes=\"(max-width: 500px) 100vw, 500px\" \/><\/a><p id=\"caption-attachment-3431\" class=\"wp-caption-text\">Copyright: VDN\/Frank Hans<\/p><\/div>\n<p class=\"MsoNormal\" style=\"line-height: 150%\"><span style=\"font-family: 'Arial','sans-serif'\">Wer versteckt an Ostern die Nester mit den Ostereiern? Der Osterhase! So weit so gut. Diese Geschichte kennen wir alle seit unserer Kindheit. Aber woher kommt dieser Brauch? Dazu muss man mehr als 300 Jahre in der Geschichte zur\u00fcckreisen. Im Jahr 1682 erw\u00e4hnte ein Arzt aus Heidelberg den Osterhasen zum ersten Mal. Ihm zufolge soll der Brauch im Elsass, in der Pfalz und am Oberrhein entstanden sein. Warum der Hase aber zum Osterhasen wurde, darum ranken sich viele Geschichten. Eine davon erz\u00e4hlt, dass im Fr\u00fchling um die Osterzeit viele Hasen zur Futtersuche in die D\u00f6rfer und G\u00e4rten kamen, weil sie nach dem langen Winter woanders kein Fressen mehr fanden. Der Hase als ein Tier, das schon im zeitigen Fr\u00fchjahr Junge zur Welt bringt, galt aber auch schon damals als Fr\u00fchlingsbote. Und er war wie das Ei ein Symbol<span>\u00a0 <\/span>f\u00fcr Fruchtbarkeit, f\u00fcr neu erwachendes Leben in Feld und Flur.<\/span><\/p>\n<div id=\"attachment_3435\" style=\"width: 510px\" class=\"wp-caption aligncenter\"><a href=\"https:\/\/www.naturparkmagazin.de\/vdn\/wp-content\/uploads\/sites\/3\/haeschenindergrube500.jpg\"><img aria-describedby=\"caption-attachment-3435\" decoding=\"async\" loading=\"lazy\" class=\"size-full wp-image-3435 \" title=\"Copyright: VDN\/Heinz K.\" alt=\"Copyright: VDN\/Heinz K.\" src=\"https:\/\/www.naturparkmagazin.de\/vdn\/wp-content\/uploads\/sites\/3\/haeschenindergrube500.jpg\" width=\"500\" height=\"375\" srcset=\"https:\/\/www.naturparkmagazin.de\/vdn\/wp-content\/uploads\/sites\/3\/haeschenindergrube500.jpg 500w, https:\/\/www.naturparkmagazin.de\/vdn\/wp-content\/uploads\/sites\/3\/haeschenindergrube500-300x225.jpg 300w, https:\/\/www.naturparkmagazin.de\/vdn\/wp-content\/uploads\/sites\/3\/haeschenindergrube500-420x315.jpg 420w, https:\/\/www.naturparkmagazin.de\/vdn\/wp-content\/uploads\/sites\/3\/haeschenindergrube500-180x135.jpg 180w, https:\/\/www.naturparkmagazin.de\/vdn\/wp-content\/uploads\/sites\/3\/haeschenindergrube500-95x71.jpg 95w, https:\/\/www.naturparkmagazin.de\/vdn\/wp-content\/uploads\/sites\/3\/haeschenindergrube500-200x150.jpg 200w\" sizes=\"(max-width: 500px) 100vw, 500px\" \/><\/a><p id=\"caption-attachment-3435\" class=\"wp-caption-text\">Copyright: VDN\/Heinz K.<\/p><\/div>\n<p class=\"MsoNormal\" style=\"line-height: 150%\"><span style=\"font-family: 'Arial','sans-serif'\">Wenn in Zukunft den Kindern nicht mehr der Osterhase die Eier ins Nest legt, brauchen wir uns nicht zu wundern. Die moderne Landbewirtschaftung hat vielerorts Feld und Flur in monotone Agrarlandschaften verwandelt. Darum wird in Naturparken eine umweltgerechte und regional angepasste Landwirtschaft gef\u00f6rdert. \u00c4cker und Feldwege mit Randstreifen aus Mohn, Kamille und Kornblume und Wiesen mit Bauminseln und Hecken sind Lebensr\u00e4ume, nicht nur f\u00fcr den Hasen, sondern auch f\u00fcr all jene Tierarten, die heute genauso wie der Hase vom Aussterben bedroht sind.<\/span><\/p>\n<p class=\"MsoNormal\" style=\"line-height: 150%\">\n<p class=\"MsoNormal\" style=\"line-height: 150%\">\n","protected":false},"excerpt":{"rendered":"<p>Wer versteckt an Ostern die Nester mit den Ostereiern? Der Osterhase! So weit so gut. Diese Geschichte kennen wir alle seit unserer Kindheit. Aber woher kommt dieser Brauch?<\/p>\n","protected":false},"author":14,"featured_media":3429,"comment_status":"open","ping_status":"open","sticky":false,"template":"","format":"standard","meta":{"_links_to":"","_links_to_target":""},"categories":[51],"tags":[],"yoast_head":"<!-- This site is optimized with the Yoast SEO plugin v19.10 - https:\/\/yoast.com\/wordpress\/plugins\/seo\/ -->\n<title>Warum der Hase zum Osterhasen wurde<\/title>\n<meta name=\"description\" content=\"Wer versteckt an Ostern die Nester mit den Ostereiern? Der Osterhase! So weit so gut. Diese Geschichte kennen wir alle seit unserer Kindheit. Aber woher kommt dieser Brauch?\" \/>\n<meta name=\"robots\" content=\"index, follow, max-snippet:-1, max-image-preview:large, max-video-preview:-1\" \/>\n<link rel=\"canonical\" href=\"https:\/\/www.naturparkmagazin.de\/vdn\/warum-der-hase-zum-osterhasen-wurde\/\" \/>\n<meta property=\"og:locale\" content=\"de_DE\" \/>\n<meta property=\"og:type\" content=\"article\" \/>\n<meta property=\"og:title\" content=\"Warum der Hase zum Osterhasen wurde\" \/>\n<meta property=\"og:description\" content=\"Wer versteckt an Ostern die Nester mit den Ostereiern? Der Osterhase! So weit so gut. Diese Geschichte kennen wir alle seit unserer Kindheit. Aber woher kommt dieser Brauch?\" \/>\n<meta property=\"og:url\" content=\"https:\/\/www.naturparkmagazin.de\/vdn\/warum-der-hase-zum-osterhasen-wurde\/\" \/>\n<meta property=\"og:site_name\" content=\"Verband Deutscher Naturparke\" \/>\n<meta property=\"article:published_time\" content=\"2014-03-19T07:34:46+00:00\" \/>\n<meta property=\"article:modified_time\" content=\"2014-03-24T13:19:16+00:00\" \/>\n<meta property=\"og:image\" content=\"https:\/\/www.naturparkmagazin.de\/vdn\/wp-content\/uploads\/sites\/3\/Feldhase_Rheinlandbearbeitet180.jpg\" \/>\n\t<meta property=\"og:image:width\" content=\"180\" \/>\n\t<meta property=\"og:image:height\" content=\"135\" \/>\n\t<meta property=\"og:image:type\" content=\"image\/jpeg\" \/>\n<meta name=\"author\" content=\"vdnnational\" \/>\n<meta name=\"twitter:label1\" content=\"Verfasst von\" \/>\n\t<meta name=\"twitter:data1\" content=\"vdnnational\" \/>\n\t<meta name=\"twitter:label2\" content=\"Gesch\u00e4tzte Lesezeit\" \/>\n\t<meta name=\"twitter:data2\" content=\"1\u00a0Minute\" \/>\n<script type=\"application\/ld+json\" class=\"yoast-schema-graph\">{\"@context\":\"https:\/\/schema.org\",\"@graph\":[{\"@type\":\"WebPage\",\"@id\":\"https:\/\/www.naturparkmagazin.de\/vdn\/warum-der-hase-zum-osterhasen-wurde\/\",\"url\":\"https:\/\/www.naturparkmagazin.de\/vdn\/warum-der-hase-zum-osterhasen-wurde\/\",\"name\":\"Warum der Hase zum Osterhasen wurde\",\"isPartOf\":{\"@id\":\"https:\/\/www.naturparkmagazin.de\/vdn\/#website\"},\"datePublished\":\"2014-03-19T07:34:46+00:00\",\"dateModified\":\"2014-03-24T13:19:16+00:00\",\"author\":{\"@id\":\"https:\/\/www.naturparkmagazin.de\/vdn\/#\/schema\/person\/e28d931df83318a48d52ae72b08d2bfb\"},\"description\":\"Wer versteckt an Ostern die Nester mit den Ostereiern? Der Osterhase! So weit so gut. Diese Geschichte kennen wir alle seit unserer Kindheit. Aber woher kommt dieser Brauch?\",\"breadcrumb\":{\"@id\":\"https:\/\/www.naturparkmagazin.de\/vdn\/warum-der-hase-zum-osterhasen-wurde\/#breadcrumb\"},\"inLanguage\":\"de\",\"potentialAction\":[{\"@type\":\"ReadAction\",\"target\":[\"https:\/\/www.naturparkmagazin.de\/vdn\/warum-der-hase-zum-osterhasen-wurde\/\"]}]},{\"@type\":\"BreadcrumbList\",\"@id\":\"https:\/\/www.naturparkmagazin.de\/vdn\/warum-der-hase-zum-osterhasen-wurde\/#breadcrumb\",\"itemListElement\":[{\"@type\":\"ListItem\",\"position\":1,\"name\":\"Home\",\"item\":\"https:\/\/www.naturparkmagazin.de\/vdn\/\"},{\"@type\":\"ListItem\",\"position\":2,\"name\":\"Warum der Hase zum Osterhasen wurde\"}]},{\"@type\":\"WebSite\",\"@id\":\"https:\/\/www.naturparkmagazin.de\/vdn\/#website\",\"url\":\"https:\/\/www.naturparkmagazin.de\/vdn\/\",\"name\":\"Verband Deutscher Naturparke\",\"description\":\"Eine weitere Naturparkmagazin.de Netzwerk Seite\",\"potentialAction\":[{\"@type\":\"SearchAction\",\"target\":{\"@type\":\"EntryPoint\",\"urlTemplate\":\"https:\/\/www.naturparkmagazin.de\/vdn\/?s={search_term_string}\"},\"query-input\":\"required name=search_term_string\"}],\"inLanguage\":\"de\"},{\"@type\":\"Person\",\"@id\":\"https:\/\/www.naturparkmagazin.de\/vdn\/#\/schema\/person\/e28d931df83318a48d52ae72b08d2bfb\",\"name\":\"vdnnational\",\"url\":\"https:\/\/www.naturparkmagazin.de\/vdn\/author\/vdnnational\/\"}]}<\/script>\n<!-- \/ Yoast SEO plugin. -->","yoast_head_json":{"title":"Warum der Hase zum Osterhasen wurde","description":"Wer versteckt an Ostern die Nester mit den Ostereiern? Der Osterhase! So weit so gut. Diese Geschichte kennen wir alle seit unserer Kindheit. Aber woher kommt dieser Brauch?","robots":{"index":"index","follow":"follow","max-snippet":"max-snippet:-1","max-image-preview":"max-image-preview:large","max-video-preview":"max-video-preview:-1"},"canonical":"https:\/\/www.naturparkmagazin.de\/vdn\/warum-der-hase-zum-osterhasen-wurde\/","og_locale":"de_DE","og_type":"article","og_title":"Warum der Hase zum Osterhasen wurde","og_description":"Wer versteckt an Ostern die Nester mit den Ostereiern? Der Osterhase! So weit so gut. Diese Geschichte kennen wir alle seit unserer Kindheit. Aber woher kommt dieser Brauch?","og_url":"https:\/\/www.naturparkmagazin.de\/vdn\/warum-der-hase-zum-osterhasen-wurde\/","og_site_name":"Verband Deutscher Naturparke","article_published_time":"2014-03-19T07:34:46+00:00","article_modified_time":"2014-03-24T13:19:16+00:00","og_image":[{"width":180,"height":135,"url":"https:\/\/www.naturparkmagazin.de\/vdn\/wp-content\/uploads\/sites\/3\/Feldhase_Rheinlandbearbeitet180.jpg","type":"image\/jpeg"}],"author":"vdnnational","twitter_misc":{"Verfasst von":"vdnnational","Gesch\u00e4tzte Lesezeit":"1\u00a0Minute"},"schema":{"@context":"https:\/\/schema.org","@graph":[{"@type":"WebPage","@id":"https:\/\/www.naturparkmagazin.de\/vdn\/warum-der-hase-zum-osterhasen-wurde\/","url":"https:\/\/www.naturparkmagazin.de\/vdn\/warum-der-hase-zum-osterhasen-wurde\/","name":"Warum der Hase zum Osterhasen wurde","isPartOf":{"@id":"https:\/\/www.naturparkmagazin.de\/vdn\/#website"},"datePublished":"2014-03-19T07:34:46+00:00","dateModified":"2014-03-24T13:19:16+00:00","author":{"@id":"https:\/\/www.naturparkmagazin.de\/vdn\/#\/schema\/person\/e28d931df83318a48d52ae72b08d2bfb"},"description":"Wer versteckt an Ostern die Nester mit den Ostereiern? Der Osterhase! So weit so gut. Diese Geschichte kennen wir alle seit unserer Kindheit. Aber woher kommt dieser Brauch?","breadcrumb":{"@id":"https:\/\/www.naturparkmagazin.de\/vdn\/warum-der-hase-zum-osterhasen-wurde\/#breadcrumb"},"inLanguage":"de","potentialAction":[{"@type":"ReadAction","target":["https:\/\/www.naturparkmagazin.de\/vdn\/warum-der-hase-zum-osterhasen-wurde\/"]}]},{"@type":"BreadcrumbList","@id":"https:\/\/www.naturparkmagazin.de\/vdn\/warum-der-hase-zum-osterhasen-wurde\/#breadcrumb","itemListElement":[{"@type":"ListItem","position":1,"name":"Home","item":"https:\/\/www.naturparkmagazin.de\/vdn\/"},{"@type":"ListItem","position":2,"name":"Warum der Hase zum Osterhasen wurde"}]},{"@type":"WebSite","@id":"https:\/\/www.naturparkmagazin.de\/vdn\/#website","url":"https:\/\/www.naturparkmagazin.de\/vdn\/","name":"Verband Deutscher Naturparke","description":"Eine weitere Naturparkmagazin.de Netzwerk Seite","potentialAction":[{"@type":"SearchAction","target":{"@type":"EntryPoint","urlTemplate":"https:\/\/www.naturparkmagazin.de\/vdn\/?s={search_term_string}"},"query-input":"required name=search_term_string"}],"inLanguage":"de"},{"@type":"Person","@id":"https:\/\/www.naturparkmagazin.de\/vdn\/#\/schema\/person\/e28d931df83318a48d52ae72b08d2bfb","name":"vdnnational","url":"https:\/\/www.naturparkmagazin.de\/vdn\/author\/vdnnational\/"}]}},"_links":{"self":[{"href":"https:\/\/www.naturparkmagazin.de\/vdn\/wp-json\/wp\/v2\/posts\/3416"}],"collection":[{"href":"https:\/\/www.naturparkmagazin.de\/vdn\/wp-json\/wp\/v2\/posts"}],"about":[{"href":"https:\/\/www.naturparkmagazin.de\/vdn\/wp-json\/wp\/v2\/types\/post"}],"author":[{"embeddable":true,"href":"https:\/\/www.naturparkmagazin.de\/vdn\/wp-json\/wp\/v2\/users\/14"}],"replies":[{"embeddable":true,"href":"https:\/\/www.naturparkmagazin.de\/vdn\/wp-json\/wp\/v2\/comments?post=3416"}],"version-history":[{"count":8,"href":"https:\/\/www.naturparkmagazin.de\/vdn\/wp-json\/wp\/v2\/posts\/3416\/revisions"}],"predecessor-version":[{"id":3573,"href":"https:\/\/www.naturparkmagazin.de\/vdn\/wp-json\/wp\/v2\/posts\/3416\/revisions\/3573"}],"wp:featuredmedia":[{"embeddable":true,"href":"https:\/\/www.naturparkmagazin.de\/vdn\/wp-json\/wp\/v2\/media\/3429"}],"wp:attachment":[{"href":"https:\/\/www.naturparkmagazin.de\/vdn\/wp-json\/wp\/v2\/media?parent=3416"}],"wp:term":[{"taxonomy":"category","embeddable":true,"href":"https:\/\/www.naturparkmagazin.de\/vdn\/wp-json\/wp\/v2\/categories?post=3416"},{"taxonomy":"post_tag","embeddable":true,"href":"https:\/\/www.naturparkmagazin.de\/vdn\/wp-json\/wp\/v2\/tags?post=3416"}],"curies":[{"name":"wp","href":"https:\/\/api.w.org\/{rel}","templated":true}]}}