{"id":3425,"date":"2014-03-19T09:17:05","date_gmt":"2014-03-19T08:17:05","guid":{"rendered":"http:\/\/www.naturparkmagazin.de\/vdn\/?p=3425"},"modified":"2014-03-24T14:10:58","modified_gmt":"2014-03-24T13:10:58","slug":"naturpark-botschafterin-marlies-fritzen","status":"publish","type":"post","link":"https:\/\/www.naturparkmagazin.de\/vdn\/naturpark-botschafterin-marlies-fritzen\/","title":{"rendered":"Naturpark-Botschafterin Marlies Fritzen"},"content":{"rendered":"<div id=\"attachment_3569\" style=\"width: 510px\" class=\"wp-caption aligncenter\"><a href=\"https:\/\/www.naturparkmagazin.de\/vdn\/wp-content\/uploads\/sites\/3\/Fritzen_Marlies_Beitragsbild1.jpg\"><img aria-describedby=\"caption-attachment-3569\" decoding=\"async\" loading=\"lazy\" class=\"size-full wp-image-3569\" title=\"Copyright: Marlies Fritzen\" alt=\"Copyright: Marlies Fritzen\" src=\"https:\/\/www.naturparkmagazin.de\/vdn\/wp-content\/uploads\/sites\/3\/Fritzen_Marlies_Beitragsbild1.jpg\" width=\"500\" height=\"450\" srcset=\"https:\/\/www.naturparkmagazin.de\/vdn\/wp-content\/uploads\/sites\/3\/Fritzen_Marlies_Beitragsbild1.jpg 500w, https:\/\/www.naturparkmagazin.de\/vdn\/wp-content\/uploads\/sites\/3\/Fritzen_Marlies_Beitragsbild1-300x270.jpg 300w, https:\/\/www.naturparkmagazin.de\/vdn\/wp-content\/uploads\/sites\/3\/Fritzen_Marlies_Beitragsbild1-200x180.jpg 200w\" sizes=\"(max-width: 500px) 100vw, 500px\" \/><\/a><p id=\"caption-attachment-3569\" class=\"wp-caption-text\">Copyright: Marlies Fritzen<\/p><\/div>\n<p style=\"text-align: center\">\n<p>Marlies Fritzen, Historikerin, MdL f\u00fcr B\u201890\/Gr\u00fcne und stellvertretende Landtagspr\u00e4sidentin im schleswig-holsteinischen Landtag, findet den Naturpark Holsteinische Schweiz \u00fcberzeugend, weil er seine Aktivit\u00e4ten \u00fcber Verwaltungsgrenzen hinweg am Wohl der Region orientiert. \u201eSeine Arbeit tr\u00e4gt dazu bei, das Verst\u00e4ndnis bei G\u00e4sten und B\u00fcrgern f\u00fcr Natur, Landschaft und Kultur zu vertiefen und die Bindung an die Region zu st\u00e4rken.\u201c begr\u00fcndet sie ihr Engagement als Naturpark-Botschafterin.<\/p>\n<div id=\"attachment_3432\" style=\"width: 510px\" class=\"wp-caption aligncenter\"><a href=\"https:\/\/www.naturparkmagazin.de\/vdn\/wp-content\/uploads\/sites\/3\/Foto-H-Werk-TI-Eutin-beitrag.jpg\"><img aria-describedby=\"caption-attachment-3432\" decoding=\"async\" loading=\"lazy\" class=\"size-full wp-image-3432\" title=\"Copyright: H-Werk-TI-Eutin\" alt=\"Copyright: H-Werk-TI-Eutin\" src=\"https:\/\/www.naturparkmagazin.de\/vdn\/wp-content\/uploads\/sites\/3\/Foto-H-Werk-TI-Eutin-beitrag.jpg\" width=\"500\" height=\"300\" srcset=\"https:\/\/www.naturparkmagazin.de\/vdn\/wp-content\/uploads\/sites\/3\/Foto-H-Werk-TI-Eutin-beitrag.jpg 500w, https:\/\/www.naturparkmagazin.de\/vdn\/wp-content\/uploads\/sites\/3\/Foto-H-Werk-TI-Eutin-beitrag-300x180.jpg 300w, https:\/\/www.naturparkmagazin.de\/vdn\/wp-content\/uploads\/sites\/3\/Foto-H-Werk-TI-Eutin-beitrag-200x120.jpg 200w\" sizes=\"(max-width: 500px) 100vw, 500px\" \/><\/a><p id=\"caption-attachment-3432\" class=\"wp-caption-text\">Copyright: H-Werk-TI-Eutin<\/p><\/div>\n<p>Ihr Lieblingsort im Naturpark Holsteinische Schweiz ist das Jagdschl\u00f6sschen am Ukleisee. Das einst als Teehaus f\u00fcr Jagdgesellschaften errichtete Geb\u00e4ude aus dem 18. Jahrhundert liegt hoch \u00fcber dem kleinen, g\u00e4nzlich umwaldeten Ukleisee. Die Aussicht auf die dunkle Wasserfl\u00e4che wirkt leicht mystisch und war Inspiration f\u00fcr Sagen und Legenden. Ein Rundweg f\u00fchrt um den See und passiert auch alte Wallanlagen aus der Slawen- und Ritterzeit. \u201eIn dieser historischen Umgebung lasse ich gerne die Gedanken treiben und genie\u00dfe die Natur.\u201c sagt sie.<\/p>\n<p>&nbsp;<\/p>\n","protected":false},"excerpt":{"rendered":"<p>Marlies Fritzen, Historikerin, MdL f\u00fcr B\u201890\/Gr\u00fcne und stellvertr. Landtagspr\u00e4sidentin im schleswig-holsteinischen Landtag ist Naturpark-Botschafterin im Naturpark Holsteinische Schweiz. Warum sie sich f\u00fcr ihren Naturpark engagiert, verr\u00e4t sie uns gerne.<\/p>\n","protected":false},"author":14,"featured_media":3566,"comment_status":"open","ping_status":"open","sticky":false,"template":"","format":"standard","meta":{"_links_to":"","_links_to_target":""},"categories":[8],"tags":[],"yoast_head":"<!-- This site is optimized with the Yoast SEO plugin v19.10 - https:\/\/yoast.com\/wordpress\/plugins\/seo\/ -->\n<title>Naturpark-Botschafterin Marlies Fritzen<\/title>\n<meta name=\"description\" content=\"Marlies Fritzen, Historikerin, MdL f\u00fcr B\u201890\/Gr\u00fcne und stellvertr. Landtagspr\u00e4sidentin im schleswig-holsteinischen Landtag ist Naturpark-Botschafterin im Naturpark Holsteinische Schweiz. Warum sie sich f\u00fcr ihren Naturpark engagiert, verr\u00e4t sie uns gerne.\" \/>\n<meta name=\"robots\" content=\"index, follow, max-snippet:-1, max-image-preview:large, max-video-preview:-1\" \/>\n<link rel=\"canonical\" href=\"https:\/\/www.naturparkmagazin.de\/vdn\/naturpark-botschafterin-marlies-fritzen\/\" \/>\n<meta property=\"og:locale\" content=\"de_DE\" \/>\n<meta property=\"og:type\" content=\"article\" \/>\n<meta property=\"og:title\" content=\"Naturpark-Botschafterin Marlies Fritzen\" \/>\n<meta property=\"og:description\" content=\"Marlies Fritzen, Historikerin, MdL f\u00fcr B\u201890\/Gr\u00fcne und stellvertr. Landtagspr\u00e4sidentin im schleswig-holsteinischen Landtag ist Naturpark-Botschafterin im Naturpark Holsteinische Schweiz. Warum sie sich f\u00fcr ihren Naturpark engagiert, verr\u00e4t sie uns gerne.\" \/>\n<meta property=\"og:url\" content=\"https:\/\/www.naturparkmagazin.de\/vdn\/naturpark-botschafterin-marlies-fritzen\/\" \/>\n<meta property=\"og:site_name\" content=\"Verband Deutscher Naturparke\" \/>\n<meta property=\"article:published_time\" content=\"2014-03-19T08:17:05+00:00\" \/>\n<meta property=\"article:modified_time\" content=\"2014-03-24T13:10:58+00:00\" \/>\n<meta property=\"og:image\" content=\"https:\/\/www.naturparkmagazin.de\/vdn\/wp-content\/uploads\/sites\/3\/Fritzen_Marlies_Beitragsbild.jpg\" \/>\n\t<meta property=\"og:image:width\" content=\"135\" \/>\n\t<meta property=\"og:image:height\" content=\"180\" \/>\n\t<meta property=\"og:image:type\" content=\"image\/jpeg\" \/>\n<meta name=\"author\" content=\"vdnnational\" \/>\n<meta name=\"twitter:label1\" content=\"Verfasst von\" \/>\n\t<meta name=\"twitter:data1\" content=\"vdnnational\" \/>\n\t<meta name=\"twitter:label2\" content=\"Gesch\u00e4tzte Lesezeit\" \/>\n\t<meta name=\"twitter:data2\" content=\"1\u00a0Minute\" \/>\n<script type=\"application\/ld+json\" class=\"yoast-schema-graph\">{\"@context\":\"https:\/\/schema.org\",\"@graph\":[{\"@type\":\"WebPage\",\"@id\":\"https:\/\/www.naturparkmagazin.de\/vdn\/naturpark-botschafterin-marlies-fritzen\/\",\"url\":\"https:\/\/www.naturparkmagazin.de\/vdn\/naturpark-botschafterin-marlies-fritzen\/\",\"name\":\"Naturpark-Botschafterin Marlies Fritzen\",\"isPartOf\":{\"@id\":\"https:\/\/www.naturparkmagazin.de\/vdn\/#website\"},\"datePublished\":\"2014-03-19T08:17:05+00:00\",\"dateModified\":\"2014-03-24T13:10:58+00:00\",\"author\":{\"@id\":\"https:\/\/www.naturparkmagazin.de\/vdn\/#\/schema\/person\/e28d931df83318a48d52ae72b08d2bfb\"},\"description\":\"Marlies Fritzen, Historikerin, MdL f\u00fcr B\u201890\/Gr\u00fcne und stellvertr. Landtagspr\u00e4sidentin im schleswig-holsteinischen Landtag ist Naturpark-Botschafterin im Naturpark Holsteinische Schweiz. Warum sie sich f\u00fcr ihren Naturpark engagiert, verr\u00e4t sie uns gerne.\",\"breadcrumb\":{\"@id\":\"https:\/\/www.naturparkmagazin.de\/vdn\/naturpark-botschafterin-marlies-fritzen\/#breadcrumb\"},\"inLanguage\":\"de\",\"potentialAction\":[{\"@type\":\"ReadAction\",\"target\":[\"https:\/\/www.naturparkmagazin.de\/vdn\/naturpark-botschafterin-marlies-fritzen\/\"]}]},{\"@type\":\"BreadcrumbList\",\"@id\":\"https:\/\/www.naturparkmagazin.de\/vdn\/naturpark-botschafterin-marlies-fritzen\/#breadcrumb\",\"itemListElement\":[{\"@type\":\"ListItem\",\"position\":1,\"name\":\"Home\",\"item\":\"https:\/\/www.naturparkmagazin.de\/vdn\/\"},{\"@type\":\"ListItem\",\"position\":2,\"name\":\"Naturpark-Botschafterin Marlies Fritzen\"}]},{\"@type\":\"WebSite\",\"@id\":\"https:\/\/www.naturparkmagazin.de\/vdn\/#website\",\"url\":\"https:\/\/www.naturparkmagazin.de\/vdn\/\",\"name\":\"Verband Deutscher Naturparke\",\"description\":\"Eine weitere Naturparkmagazin.de Netzwerk Seite\",\"potentialAction\":[{\"@type\":\"SearchAction\",\"target\":{\"@type\":\"EntryPoint\",\"urlTemplate\":\"https:\/\/www.naturparkmagazin.de\/vdn\/?s={search_term_string}\"},\"query-input\":\"required name=search_term_string\"}],\"inLanguage\":\"de\"},{\"@type\":\"Person\",\"@id\":\"https:\/\/www.naturparkmagazin.de\/vdn\/#\/schema\/person\/e28d931df83318a48d52ae72b08d2bfb\",\"name\":\"vdnnational\",\"url\":\"https:\/\/www.naturparkmagazin.de\/vdn\/author\/vdnnational\/\"}]}<\/script>\n<!-- \/ Yoast SEO plugin. -->","yoast_head_json":{"title":"Naturpark-Botschafterin Marlies Fritzen","description":"Marlies Fritzen, Historikerin, MdL f\u00fcr B\u201890\/Gr\u00fcne und stellvertr. Landtagspr\u00e4sidentin im schleswig-holsteinischen Landtag ist Naturpark-Botschafterin im Naturpark Holsteinische Schweiz. Warum sie sich f\u00fcr ihren Naturpark engagiert, verr\u00e4t sie uns gerne.","robots":{"index":"index","follow":"follow","max-snippet":"max-snippet:-1","max-image-preview":"max-image-preview:large","max-video-preview":"max-video-preview:-1"},"canonical":"https:\/\/www.naturparkmagazin.de\/vdn\/naturpark-botschafterin-marlies-fritzen\/","og_locale":"de_DE","og_type":"article","og_title":"Naturpark-Botschafterin Marlies Fritzen","og_description":"Marlies Fritzen, Historikerin, MdL f\u00fcr B\u201890\/Gr\u00fcne und stellvertr. Landtagspr\u00e4sidentin im schleswig-holsteinischen Landtag ist Naturpark-Botschafterin im Naturpark Holsteinische Schweiz. Warum sie sich f\u00fcr ihren Naturpark engagiert, verr\u00e4t sie uns gerne.","og_url":"https:\/\/www.naturparkmagazin.de\/vdn\/naturpark-botschafterin-marlies-fritzen\/","og_site_name":"Verband Deutscher Naturparke","article_published_time":"2014-03-19T08:17:05+00:00","article_modified_time":"2014-03-24T13:10:58+00:00","og_image":[{"width":135,"height":180,"url":"https:\/\/www.naturparkmagazin.de\/vdn\/wp-content\/uploads\/sites\/3\/Fritzen_Marlies_Beitragsbild.jpg","type":"image\/jpeg"}],"author":"vdnnational","twitter_misc":{"Verfasst von":"vdnnational","Gesch\u00e4tzte Lesezeit":"1\u00a0Minute"},"schema":{"@context":"https:\/\/schema.org","@graph":[{"@type":"WebPage","@id":"https:\/\/www.naturparkmagazin.de\/vdn\/naturpark-botschafterin-marlies-fritzen\/","url":"https:\/\/www.naturparkmagazin.de\/vdn\/naturpark-botschafterin-marlies-fritzen\/","name":"Naturpark-Botschafterin Marlies Fritzen","isPartOf":{"@id":"https:\/\/www.naturparkmagazin.de\/vdn\/#website"},"datePublished":"2014-03-19T08:17:05+00:00","dateModified":"2014-03-24T13:10:58+00:00","author":{"@id":"https:\/\/www.naturparkmagazin.de\/vdn\/#\/schema\/person\/e28d931df83318a48d52ae72b08d2bfb"},"description":"Marlies Fritzen, Historikerin, MdL f\u00fcr B\u201890\/Gr\u00fcne und stellvertr. Landtagspr\u00e4sidentin im schleswig-holsteinischen Landtag ist Naturpark-Botschafterin im Naturpark Holsteinische Schweiz. Warum sie sich f\u00fcr ihren Naturpark engagiert, verr\u00e4t sie uns gerne.","breadcrumb":{"@id":"https:\/\/www.naturparkmagazin.de\/vdn\/naturpark-botschafterin-marlies-fritzen\/#breadcrumb"},"inLanguage":"de","potentialAction":[{"@type":"ReadAction","target":["https:\/\/www.naturparkmagazin.de\/vdn\/naturpark-botschafterin-marlies-fritzen\/"]}]},{"@type":"BreadcrumbList","@id":"https:\/\/www.naturparkmagazin.de\/vdn\/naturpark-botschafterin-marlies-fritzen\/#breadcrumb","itemListElement":[{"@type":"ListItem","position":1,"name":"Home","item":"https:\/\/www.naturparkmagazin.de\/vdn\/"},{"@type":"ListItem","position":2,"name":"Naturpark-Botschafterin Marlies Fritzen"}]},{"@type":"WebSite","@id":"https:\/\/www.naturparkmagazin.de\/vdn\/#website","url":"https:\/\/www.naturparkmagazin.de\/vdn\/","name":"Verband Deutscher Naturparke","description":"Eine weitere Naturparkmagazin.de Netzwerk Seite","potentialAction":[{"@type":"SearchAction","target":{"@type":"EntryPoint","urlTemplate":"https:\/\/www.naturparkmagazin.de\/vdn\/?s={search_term_string}"},"query-input":"required name=search_term_string"}],"inLanguage":"de"},{"@type":"Person","@id":"https:\/\/www.naturparkmagazin.de\/vdn\/#\/schema\/person\/e28d931df83318a48d52ae72b08d2bfb","name":"vdnnational","url":"https:\/\/www.naturparkmagazin.de\/vdn\/author\/vdnnational\/"}]}},"_links":{"self":[{"href":"https:\/\/www.naturparkmagazin.de\/vdn\/wp-json\/wp\/v2\/posts\/3425"}],"collection":[{"href":"https:\/\/www.naturparkmagazin.de\/vdn\/wp-json\/wp\/v2\/posts"}],"about":[{"href":"https:\/\/www.naturparkmagazin.de\/vdn\/wp-json\/wp\/v2\/types\/post"}],"author":[{"embeddable":true,"href":"https:\/\/www.naturparkmagazin.de\/vdn\/wp-json\/wp\/v2\/users\/14"}],"replies":[{"embeddable":true,"href":"https:\/\/www.naturparkmagazin.de\/vdn\/wp-json\/wp\/v2\/comments?post=3425"}],"version-history":[{"count":8,"href":"https:\/\/www.naturparkmagazin.de\/vdn\/wp-json\/wp\/v2\/posts\/3425\/revisions"}],"predecessor-version":[{"id":3430,"href":"https:\/\/www.naturparkmagazin.de\/vdn\/wp-json\/wp\/v2\/posts\/3425\/revisions\/3430"}],"wp:featuredmedia":[{"embeddable":true,"href":"https:\/\/www.naturparkmagazin.de\/vdn\/wp-json\/wp\/v2\/media\/3566"}],"wp:attachment":[{"href":"https:\/\/www.naturparkmagazin.de\/vdn\/wp-json\/wp\/v2\/media?parent=3425"}],"wp:term":[{"taxonomy":"category","embeddable":true,"href":"https:\/\/www.naturparkmagazin.de\/vdn\/wp-json\/wp\/v2\/categories?post=3425"},{"taxonomy":"post_tag","embeddable":true,"href":"https:\/\/www.naturparkmagazin.de\/vdn\/wp-json\/wp\/v2\/tags?post=3425"}],"curies":[{"name":"wp","href":"https:\/\/api.w.org\/{rel}","templated":true}]}}