{"id":3447,"date":"2014-03-19T08:34:56","date_gmt":"2014-03-19T07:34:56","guid":{"rendered":"http:\/\/www.naturparkmagazin.de\/vdn\/?p=3447"},"modified":"2014-03-24T14:13:58","modified_gmt":"2014-03-24T13:13:58","slug":"naturpark-tier-2014-die-schellente","status":"publish","type":"post","link":"https:\/\/www.naturparkmagazin.de\/vdn\/naturpark-tier-2014-die-schellente\/","title":{"rendered":"Naturpark-Tier 2014: Die Schellente"},"content":{"rendered":"<div id=\"attachment_3448\" style=\"width: 510px\" class=\"wp-caption aligncenter\"><a href=\"https:\/\/www.naturparkmagazin.de\/vdn\/wp-content\/uploads\/sites\/3\/schellente_2_beitrag.jpg\"><img aria-describedby=\"caption-attachment-3448\" decoding=\"async\" loading=\"lazy\" class=\"size-full wp-image-3448 \" title=\"Die Schellente - Copyright: VDN\/blum\" alt=\"Die Schellente - Copyright: VDN\/blum\" src=\"https:\/\/www.naturparkmagazin.de\/vdn\/wp-content\/uploads\/sites\/3\/schellente_2_beitrag.jpg\" width=\"500\" height=\"300\" srcset=\"https:\/\/www.naturparkmagazin.de\/vdn\/wp-content\/uploads\/sites\/3\/schellente_2_beitrag.jpg 500w, https:\/\/www.naturparkmagazin.de\/vdn\/wp-content\/uploads\/sites\/3\/schellente_2_beitrag-300x180.jpg 300w, https:\/\/www.naturparkmagazin.de\/vdn\/wp-content\/uploads\/sites\/3\/schellente_2_beitrag-200x120.jpg 200w\" sizes=\"(max-width: 500px) 100vw, 500px\" \/><\/a><p id=\"caption-attachment-3448\" class=\"wp-caption-text\">Die Schellente &#8211; Copyright: VDN\/blum<\/p><\/div>\n<p>Allj\u00e4hrlich k\u00fcrt der Naturpark Holsteinische Schweiz eine Tierart aus dem Naturpark zum Naturpark-Tier des Jahres. 2014 fiel die Wahl auf die \u201eSchellente\u201c. Ihr Name leitet sich von einem \u201eklingelnden\u201c Flugger\u00e4usch ab, das die M\u00e4nnchen produzieren. Als einzige Ente im Naturpark Holsteinische Schweiz br\u00fctet die Schellente in Baum- oder k\u00fcnstlichen Nisth\u00f6hlen. Nach einem wagemutigen Sprung aus bis zu acht Metern H\u00f6he beginnen die K\u00fcken mit der Mutter die Gew\u00e4sser zu erkunden. Die kleinen Flauschb\u00e4lle sind h\u00e4ufig bereits nach zwei Wochen auf sich allein gestellt.<\/p>\n<p>Mehr \u00fcber die Schellente und die Naturpark-Tiere der vergangenen Jahre finden Sie auf der Internetseite des <a href=\"http:\/\/www.naturpark-holsteinische-schweiz.de\/\" target=\"_blank\">Naturparks Holsteinische Schweiz<\/a>.<\/p>\n<p>&nbsp;<\/p>\n","protected":false},"excerpt":{"rendered":"<p>Auf unserem Bild des Monats setzt Naturfotograf Gernot Blum mit einem Erpel im Balzgefieder das \u201eNaturpark-Tier des Jahres 2014\u201c aus dem Naturpark Holsteinische Schweiz gekonnt in Szene. <\/p>\n","protected":false},"author":14,"featured_media":3449,"comment_status":"open","ping_status":"open","sticky":false,"template":"","format":"standard","meta":{"_links_to":"","_links_to_target":""},"categories":[10],"tags":[],"yoast_head":"<!-- This site is optimized with the Yoast SEO plugin v19.10 - https:\/\/yoast.com\/wordpress\/plugins\/seo\/ -->\n<title>Naturpark-Tier 2014: Die Schellente<\/title>\n<meta name=\"description\" content=\"Auf unserem Bild des Monats setzt Naturfotograf Gernot Blum mit einem Erpel im Balzgefieder das \u201eNaturpark-Tier des Jahres 2014\u201c aus dem Naturpark Holsteinische Schweiz gekonnt in Szene.\" \/>\n<meta name=\"robots\" content=\"index, follow, max-snippet:-1, max-image-preview:large, max-video-preview:-1\" \/>\n<link rel=\"canonical\" href=\"https:\/\/www.naturparkmagazin.de\/vdn\/naturpark-tier-2014-die-schellente\/\" \/>\n<meta property=\"og:locale\" content=\"de_DE\" \/>\n<meta property=\"og:type\" content=\"article\" \/>\n<meta property=\"og:title\" content=\"Naturpark-Tier 2014: Die Schellente\" \/>\n<meta property=\"og:description\" content=\"Auf unserem Bild des Monats setzt Naturfotograf Gernot Blum mit einem Erpel im Balzgefieder das \u201eNaturpark-Tier des Jahres 2014\u201c aus dem Naturpark Holsteinische Schweiz gekonnt in Szene.\" \/>\n<meta property=\"og:url\" content=\"https:\/\/www.naturparkmagazin.de\/vdn\/naturpark-tier-2014-die-schellente\/\" \/>\n<meta property=\"og:site_name\" content=\"Verband Deutscher Naturparke\" \/>\n<meta property=\"article:published_time\" content=\"2014-03-19T07:34:56+00:00\" \/>\n<meta property=\"article:modified_time\" content=\"2014-03-24T13:13:58+00:00\" \/>\n<meta property=\"og:image\" content=\"https:\/\/www.naturparkmagazin.de\/vdn\/wp-content\/uploads\/sites\/3\/schellente_2_beitragsbild.jpg\" \/>\n\t<meta property=\"og:image:width\" content=\"180\" \/>\n\t<meta property=\"og:image:height\" content=\"135\" \/>\n\t<meta property=\"og:image:type\" content=\"image\/jpeg\" \/>\n<meta name=\"author\" content=\"vdnnational\" \/>\n<meta name=\"twitter:label1\" content=\"Verfasst von\" \/>\n\t<meta name=\"twitter:data1\" content=\"vdnnational\" \/>\n\t<meta name=\"twitter:label2\" content=\"Gesch\u00e4tzte Lesezeit\" \/>\n\t<meta name=\"twitter:data2\" content=\"1\u00a0Minute\" \/>\n<script type=\"application\/ld+json\" class=\"yoast-schema-graph\">{\"@context\":\"https:\/\/schema.org\",\"@graph\":[{\"@type\":\"WebPage\",\"@id\":\"https:\/\/www.naturparkmagazin.de\/vdn\/naturpark-tier-2014-die-schellente\/\",\"url\":\"https:\/\/www.naturparkmagazin.de\/vdn\/naturpark-tier-2014-die-schellente\/\",\"name\":\"Naturpark-Tier 2014: Die Schellente\",\"isPartOf\":{\"@id\":\"https:\/\/www.naturparkmagazin.de\/vdn\/#website\"},\"datePublished\":\"2014-03-19T07:34:56+00:00\",\"dateModified\":\"2014-03-24T13:13:58+00:00\",\"author\":{\"@id\":\"https:\/\/www.naturparkmagazin.de\/vdn\/#\/schema\/person\/e28d931df83318a48d52ae72b08d2bfb\"},\"description\":\"Auf unserem Bild des Monats setzt Naturfotograf Gernot Blum mit einem Erpel im Balzgefieder das \u201eNaturpark-Tier des Jahres 2014\u201c aus dem Naturpark Holsteinische Schweiz gekonnt in Szene.\",\"breadcrumb\":{\"@id\":\"https:\/\/www.naturparkmagazin.de\/vdn\/naturpark-tier-2014-die-schellente\/#breadcrumb\"},\"inLanguage\":\"de\",\"potentialAction\":[{\"@type\":\"ReadAction\",\"target\":[\"https:\/\/www.naturparkmagazin.de\/vdn\/naturpark-tier-2014-die-schellente\/\"]}]},{\"@type\":\"BreadcrumbList\",\"@id\":\"https:\/\/www.naturparkmagazin.de\/vdn\/naturpark-tier-2014-die-schellente\/#breadcrumb\",\"itemListElement\":[{\"@type\":\"ListItem\",\"position\":1,\"name\":\"Home\",\"item\":\"https:\/\/www.naturparkmagazin.de\/vdn\/\"},{\"@type\":\"ListItem\",\"position\":2,\"name\":\"Naturpark-Tier 2014: Die Schellente\"}]},{\"@type\":\"WebSite\",\"@id\":\"https:\/\/www.naturparkmagazin.de\/vdn\/#website\",\"url\":\"https:\/\/www.naturparkmagazin.de\/vdn\/\",\"name\":\"Verband Deutscher Naturparke\",\"description\":\"Eine weitere Naturparkmagazin.de Netzwerk Seite\",\"potentialAction\":[{\"@type\":\"SearchAction\",\"target\":{\"@type\":\"EntryPoint\",\"urlTemplate\":\"https:\/\/www.naturparkmagazin.de\/vdn\/?s={search_term_string}\"},\"query-input\":\"required name=search_term_string\"}],\"inLanguage\":\"de\"},{\"@type\":\"Person\",\"@id\":\"https:\/\/www.naturparkmagazin.de\/vdn\/#\/schema\/person\/e28d931df83318a48d52ae72b08d2bfb\",\"name\":\"vdnnational\",\"url\":\"https:\/\/www.naturparkmagazin.de\/vdn\/author\/vdnnational\/\"}]}<\/script>\n<!-- \/ Yoast SEO plugin. -->","yoast_head_json":{"title":"Naturpark-Tier 2014: Die Schellente","description":"Auf unserem Bild des Monats setzt Naturfotograf Gernot Blum mit einem Erpel im Balzgefieder das \u201eNaturpark-Tier des Jahres 2014\u201c aus dem Naturpark Holsteinische Schweiz gekonnt in Szene.","robots":{"index":"index","follow":"follow","max-snippet":"max-snippet:-1","max-image-preview":"max-image-preview:large","max-video-preview":"max-video-preview:-1"},"canonical":"https:\/\/www.naturparkmagazin.de\/vdn\/naturpark-tier-2014-die-schellente\/","og_locale":"de_DE","og_type":"article","og_title":"Naturpark-Tier 2014: Die Schellente","og_description":"Auf unserem Bild des Monats setzt Naturfotograf Gernot Blum mit einem Erpel im Balzgefieder das \u201eNaturpark-Tier des Jahres 2014\u201c aus dem Naturpark Holsteinische Schweiz gekonnt in Szene.","og_url":"https:\/\/www.naturparkmagazin.de\/vdn\/naturpark-tier-2014-die-schellente\/","og_site_name":"Verband Deutscher Naturparke","article_published_time":"2014-03-19T07:34:56+00:00","article_modified_time":"2014-03-24T13:13:58+00:00","og_image":[{"width":180,"height":135,"url":"https:\/\/www.naturparkmagazin.de\/vdn\/wp-content\/uploads\/sites\/3\/schellente_2_beitragsbild.jpg","type":"image\/jpeg"}],"author":"vdnnational","twitter_misc":{"Verfasst von":"vdnnational","Gesch\u00e4tzte Lesezeit":"1\u00a0Minute"},"schema":{"@context":"https:\/\/schema.org","@graph":[{"@type":"WebPage","@id":"https:\/\/www.naturparkmagazin.de\/vdn\/naturpark-tier-2014-die-schellente\/","url":"https:\/\/www.naturparkmagazin.de\/vdn\/naturpark-tier-2014-die-schellente\/","name":"Naturpark-Tier 2014: Die Schellente","isPartOf":{"@id":"https:\/\/www.naturparkmagazin.de\/vdn\/#website"},"datePublished":"2014-03-19T07:34:56+00:00","dateModified":"2014-03-24T13:13:58+00:00","author":{"@id":"https:\/\/www.naturparkmagazin.de\/vdn\/#\/schema\/person\/e28d931df83318a48d52ae72b08d2bfb"},"description":"Auf unserem Bild des Monats setzt Naturfotograf Gernot Blum mit einem Erpel im Balzgefieder das \u201eNaturpark-Tier des Jahres 2014\u201c aus dem Naturpark Holsteinische Schweiz gekonnt in Szene.","breadcrumb":{"@id":"https:\/\/www.naturparkmagazin.de\/vdn\/naturpark-tier-2014-die-schellente\/#breadcrumb"},"inLanguage":"de","potentialAction":[{"@type":"ReadAction","target":["https:\/\/www.naturparkmagazin.de\/vdn\/naturpark-tier-2014-die-schellente\/"]}]},{"@type":"BreadcrumbList","@id":"https:\/\/www.naturparkmagazin.de\/vdn\/naturpark-tier-2014-die-schellente\/#breadcrumb","itemListElement":[{"@type":"ListItem","position":1,"name":"Home","item":"https:\/\/www.naturparkmagazin.de\/vdn\/"},{"@type":"ListItem","position":2,"name":"Naturpark-Tier 2014: Die Schellente"}]},{"@type":"WebSite","@id":"https:\/\/www.naturparkmagazin.de\/vdn\/#website","url":"https:\/\/www.naturparkmagazin.de\/vdn\/","name":"Verband Deutscher Naturparke","description":"Eine weitere Naturparkmagazin.de Netzwerk Seite","potentialAction":[{"@type":"SearchAction","target":{"@type":"EntryPoint","urlTemplate":"https:\/\/www.naturparkmagazin.de\/vdn\/?s={search_term_string}"},"query-input":"required name=search_term_string"}],"inLanguage":"de"},{"@type":"Person","@id":"https:\/\/www.naturparkmagazin.de\/vdn\/#\/schema\/person\/e28d931df83318a48d52ae72b08d2bfb","name":"vdnnational","url":"https:\/\/www.naturparkmagazin.de\/vdn\/author\/vdnnational\/"}]}},"_links":{"self":[{"href":"https:\/\/www.naturparkmagazin.de\/vdn\/wp-json\/wp\/v2\/posts\/3447"}],"collection":[{"href":"https:\/\/www.naturparkmagazin.de\/vdn\/wp-json\/wp\/v2\/posts"}],"about":[{"href":"https:\/\/www.naturparkmagazin.de\/vdn\/wp-json\/wp\/v2\/types\/post"}],"author":[{"embeddable":true,"href":"https:\/\/www.naturparkmagazin.de\/vdn\/wp-json\/wp\/v2\/users\/14"}],"replies":[{"embeddable":true,"href":"https:\/\/www.naturparkmagazin.de\/vdn\/wp-json\/wp\/v2\/comments?post=3447"}],"version-history":[{"count":6,"href":"https:\/\/www.naturparkmagazin.de\/vdn\/wp-json\/wp\/v2\/posts\/3447\/revisions"}],"predecessor-version":[{"id":3572,"href":"https:\/\/www.naturparkmagazin.de\/vdn\/wp-json\/wp\/v2\/posts\/3447\/revisions\/3572"}],"wp:featuredmedia":[{"embeddable":true,"href":"https:\/\/www.naturparkmagazin.de\/vdn\/wp-json\/wp\/v2\/media\/3449"}],"wp:attachment":[{"href":"https:\/\/www.naturparkmagazin.de\/vdn\/wp-json\/wp\/v2\/media?parent=3447"}],"wp:term":[{"taxonomy":"category","embeddable":true,"href":"https:\/\/www.naturparkmagazin.de\/vdn\/wp-json\/wp\/v2\/categories?post=3447"},{"taxonomy":"post_tag","embeddable":true,"href":"https:\/\/www.naturparkmagazin.de\/vdn\/wp-json\/wp\/v2\/tags?post=3447"}],"curies":[{"name":"wp","href":"https:\/\/api.w.org\/{rel}","templated":true}]}}