{"id":3464,"date":"2014-03-19T08:56:23","date_gmt":"2014-03-19T07:56:23","guid":{"rendered":"http:\/\/www.naturparkmagazin.de\/vdn\/?p=3464"},"modified":"2014-03-27T18:12:01","modified_gmt":"2014-03-27T17:12:01","slug":"neue-runde-fotowettbewerb-augenblick-natur-2014","status":"publish","type":"post","link":"https:\/\/www.naturparkmagazin.de\/vdn\/neue-runde-fotowettbewerb-augenblick-natur-2014\/","title":{"rendered":"\u201eNeue Runde\u201c &#8211;  Fotowettbewerb \u201eAugenblick Natur\u201c 2014"},"content":{"rendered":"<div id=\"attachment_3471\" style=\"width: 510px\" class=\"wp-caption aligncenter\"><a href=\"https:\/\/www.naturparkmagazin.de\/vdn\/wp-content\/uploads\/sites\/3\/mittigafbeitrag.jpg\"><img aria-describedby=\"caption-attachment-3471\" decoding=\"async\" loading=\"lazy\" class=\"size-full wp-image-3471\" title=\"Copyright: VDN\/Annett Paul\" alt=\"Copyright: VDN\/Annett Paul\" src=\"https:\/\/www.naturparkmagazin.de\/vdn\/wp-content\/uploads\/sites\/3\/mittigafbeitrag.jpg\" width=\"500\" height=\"300\" srcset=\"https:\/\/www.naturparkmagazin.de\/vdn\/wp-content\/uploads\/sites\/3\/mittigafbeitrag.jpg 500w, https:\/\/www.naturparkmagazin.de\/vdn\/wp-content\/uploads\/sites\/3\/mittigafbeitrag-300x180.jpg 300w, https:\/\/www.naturparkmagazin.de\/vdn\/wp-content\/uploads\/sites\/3\/mittigafbeitrag-200x120.jpg 200w\" sizes=\"(max-width: 500px) 100vw, 500px\" \/><\/a><p id=\"caption-attachment-3471\" class=\"wp-caption-text\">Copyright: VDN\/Annett Paul<\/p><\/div>\n<p style=\"text-align: left\">Ein Rehbock im Kornfeld als Sympathietr\u00e4ger wirbt f\u00fcr den diesj\u00e4hrigen Fotowettbewerb der Naturparke Deutschlands. Mit ihm l\u00e4dt der Verband Deutscher Naturparke e. V. (VDN) Amateur- und Profi-Fotografen herzlich zur Teilnahme an der n\u00e4chsten Runde des Fotowettbewerbs &#8222;Augenblick Natur!&#8220; ein. Gesucht werden wieder ausdrucksstarke Motive aus allen Naturparken Deutschlands \u2013 aufgenommen aus der ganz pers\u00f6nlichen Perspektive der Besucher.<\/p>\n<div id=\"attachment_3474\" style=\"width: 310px\" class=\"wp-caption aligncenter\"><a href=\"https:\/\/www.naturparkmagazin.de\/vdn\/wp-content\/uploads\/sites\/3\/Postkarte-ITB-2014_final_Seite_2.jpg\"><img aria-describedby=\"caption-attachment-3474\" decoding=\"async\" loading=\"lazy\" class=\"size-thumbnail wp-image-3474\" title=\"Copyright: VDN\" alt=\"Copyright: VDN\" src=\"https:\/\/www.naturparkmagazin.de\/vdn\/wp-content\/uploads\/sites\/3\/Postkarte-ITB-2014_final_Seite_2-300x418.jpg\" width=\"300\" height=\"418\" srcset=\"https:\/\/www.naturparkmagazin.de\/vdn\/wp-content\/uploads\/sites\/3\/Postkarte-ITB-2014_final_Seite_2-300x418.jpg 300w, https:\/\/www.naturparkmagazin.de\/vdn\/wp-content\/uploads\/sites\/3\/Postkarte-ITB-2014_final_Seite_2-620x865.jpg 620w, https:\/\/www.naturparkmagazin.de\/vdn\/wp-content\/uploads\/sites\/3\/Postkarte-ITB-2014_final_Seite_2-940x1311.jpg 940w, https:\/\/www.naturparkmagazin.de\/vdn\/wp-content\/uploads\/sites\/3\/Postkarte-ITB-2014_final_Seite_2-670x934.jpg 670w, https:\/\/www.naturparkmagazin.de\/vdn\/wp-content\/uploads\/sites\/3\/Postkarte-ITB-2014_final_Seite_2-200x279.jpg 200w, https:\/\/www.naturparkmagazin.de\/vdn\/wp-content\/uploads\/sites\/3\/Postkarte-ITB-2014_final_Seite_2.jpg 1288w\" sizes=\"(max-width: 300px) 100vw, 300px\" \/><\/a><p id=\"caption-attachment-3474\" class=\"wp-caption-text\">Copyright: VDN<\/p><\/div>\n<p style=\"text-align: left\">Der Wettbewerb 2014 startet am 01. April und l\u00e4uft bis zum 31. Oktober 2014. Die sch\u00f6nsten Motive werden von den Besuchern des Portals bewertet und die Monatssieger mit attraktiven Gewinnen wie einem Jahresabo f\u00fcr die Zeitschrift \u201eNaturFoto\u201c und Gutscheinen f\u00fcr Fotob\u00fccher und Print vom Lidl Fotoservice pr\u00e4miert.<\/p>\n<p><a title=\"Pressemitteilung \" href=\"http:\/\/www.naturparke.de\/system\/articledownloads\/383\/original\/PM_03-2014-1_Fotowettbewerb_2014.pdf?1395910920\" target=\"_blank\">Hier k\u00f6nnen Sie die Pressemitteilung downloaden<\/a><\/p>\n<p><a href=\"http:\/\/www.naturparkfotos.de\/contests\/43\/rating\" target=\"_blank\">\u00a0Hier geht\u2019s zum Fotowettbewerb 2014<\/a><\/p>\n<p>&nbsp;<\/p>\n<p style=\"text-align: center\">\n","protected":false},"excerpt":{"rendered":"<p>Am 1. April 2014 startet die neue Runde des Fotowettbewerbs &#8222;Augenblick Natur!&#8220;. Gesucht werden wieder ausdrucksstarke Motive aus allen Naturparken Deutschlands.<\/p>\n","protected":false},"author":14,"featured_media":3472,"comment_status":"open","ping_status":"open","sticky":false,"template":"","format":"standard","meta":{"_links_to":"","_links_to_target":""},"categories":[7],"tags":[],"yoast_head":"<!-- This site is optimized with the Yoast SEO plugin v19.10 - https:\/\/yoast.com\/wordpress\/plugins\/seo\/ -->\n<title>\u201eNeue Runde\u201c - Fotowettbewerb \u201eAugenblick Natur\u201c 2014<\/title>\n<meta name=\"description\" content=\"Am 1. April 2014 startet die neue Runde des Fotowettbewerbs &quot;Augenblick Natur!&quot;. Gesucht werden wieder ausdrucksstarke Motive aus allen Naturparken Deutschlands.\" \/>\n<meta name=\"robots\" content=\"index, follow, max-snippet:-1, max-image-preview:large, max-video-preview:-1\" \/>\n<link rel=\"canonical\" href=\"https:\/\/www.naturparkmagazin.de\/vdn\/neue-runde-fotowettbewerb-augenblick-natur-2014\/\" \/>\n<meta property=\"og:locale\" content=\"de_DE\" \/>\n<meta property=\"og:type\" content=\"article\" \/>\n<meta property=\"og:title\" content=\"\u201eNeue Runde\u201c - Fotowettbewerb \u201eAugenblick Natur\u201c 2014\" \/>\n<meta property=\"og:description\" content=\"Am 1. April 2014 startet die neue Runde des Fotowettbewerbs &quot;Augenblick Natur!&quot;. Gesucht werden wieder ausdrucksstarke Motive aus allen Naturparken Deutschlands.\" \/>\n<meta property=\"og:url\" content=\"https:\/\/www.naturparkmagazin.de\/vdn\/neue-runde-fotowettbewerb-augenblick-natur-2014\/\" \/>\n<meta property=\"og:site_name\" content=\"Verband Deutscher Naturparke\" \/>\n<meta property=\"article:published_time\" content=\"2014-03-19T07:56:23+00:00\" \/>\n<meta property=\"article:modified_time\" content=\"2014-03-27T17:12:01+00:00\" \/>\n<meta property=\"og:image\" content=\"https:\/\/www.naturparkmagazin.de\/vdn\/wp-content\/uploads\/sites\/3\/mittigaf_beitragsbild.jpg\" \/>\n\t<meta property=\"og:image:width\" content=\"180\" \/>\n\t<meta property=\"og:image:height\" content=\"135\" \/>\n\t<meta property=\"og:image:type\" content=\"image\/jpeg\" \/>\n<meta name=\"author\" content=\"vdnnational\" \/>\n<meta name=\"twitter:label1\" content=\"Verfasst von\" \/>\n\t<meta name=\"twitter:data1\" content=\"vdnnational\" \/>\n\t<meta name=\"twitter:label2\" content=\"Gesch\u00e4tzte Lesezeit\" \/>\n\t<meta name=\"twitter:data2\" content=\"1\u00a0Minute\" \/>\n<script type=\"application\/ld+json\" class=\"yoast-schema-graph\">{\"@context\":\"https:\/\/schema.org\",\"@graph\":[{\"@type\":\"WebPage\",\"@id\":\"https:\/\/www.naturparkmagazin.de\/vdn\/neue-runde-fotowettbewerb-augenblick-natur-2014\/\",\"url\":\"https:\/\/www.naturparkmagazin.de\/vdn\/neue-runde-fotowettbewerb-augenblick-natur-2014\/\",\"name\":\"\u201eNeue Runde\u201c - Fotowettbewerb \u201eAugenblick Natur\u201c 2014\",\"isPartOf\":{\"@id\":\"https:\/\/www.naturparkmagazin.de\/vdn\/#website\"},\"datePublished\":\"2014-03-19T07:56:23+00:00\",\"dateModified\":\"2014-03-27T17:12:01+00:00\",\"author\":{\"@id\":\"https:\/\/www.naturparkmagazin.de\/vdn\/#\/schema\/person\/e28d931df83318a48d52ae72b08d2bfb\"},\"description\":\"Am 1. April 2014 startet die neue Runde des Fotowettbewerbs \\\"Augenblick Natur!\\\". Gesucht werden wieder ausdrucksstarke Motive aus allen Naturparken Deutschlands.\",\"breadcrumb\":{\"@id\":\"https:\/\/www.naturparkmagazin.de\/vdn\/neue-runde-fotowettbewerb-augenblick-natur-2014\/#breadcrumb\"},\"inLanguage\":\"de\",\"potentialAction\":[{\"@type\":\"ReadAction\",\"target\":[\"https:\/\/www.naturparkmagazin.de\/vdn\/neue-runde-fotowettbewerb-augenblick-natur-2014\/\"]}]},{\"@type\":\"BreadcrumbList\",\"@id\":\"https:\/\/www.naturparkmagazin.de\/vdn\/neue-runde-fotowettbewerb-augenblick-natur-2014\/#breadcrumb\",\"itemListElement\":[{\"@type\":\"ListItem\",\"position\":1,\"name\":\"Home\",\"item\":\"https:\/\/www.naturparkmagazin.de\/vdn\/\"},{\"@type\":\"ListItem\",\"position\":2,\"name\":\"\u201eNeue Runde\u201c &#8211; Fotowettbewerb \u201eAugenblick Natur\u201c 2014\"}]},{\"@type\":\"WebSite\",\"@id\":\"https:\/\/www.naturparkmagazin.de\/vdn\/#website\",\"url\":\"https:\/\/www.naturparkmagazin.de\/vdn\/\",\"name\":\"Verband Deutscher Naturparke\",\"description\":\"Eine weitere Naturparkmagazin.de Netzwerk Seite\",\"potentialAction\":[{\"@type\":\"SearchAction\",\"target\":{\"@type\":\"EntryPoint\",\"urlTemplate\":\"https:\/\/www.naturparkmagazin.de\/vdn\/?s={search_term_string}\"},\"query-input\":\"required name=search_term_string\"}],\"inLanguage\":\"de\"},{\"@type\":\"Person\",\"@id\":\"https:\/\/www.naturparkmagazin.de\/vdn\/#\/schema\/person\/e28d931df83318a48d52ae72b08d2bfb\",\"name\":\"vdnnational\",\"url\":\"https:\/\/www.naturparkmagazin.de\/vdn\/author\/vdnnational\/\"}]}<\/script>\n<!-- \/ Yoast SEO plugin. -->","yoast_head_json":{"title":"\u201eNeue Runde\u201c - Fotowettbewerb \u201eAugenblick Natur\u201c 2014","description":"Am 1. April 2014 startet die neue Runde des Fotowettbewerbs \"Augenblick Natur!\". Gesucht werden wieder ausdrucksstarke Motive aus allen Naturparken Deutschlands.","robots":{"index":"index","follow":"follow","max-snippet":"max-snippet:-1","max-image-preview":"max-image-preview:large","max-video-preview":"max-video-preview:-1"},"canonical":"https:\/\/www.naturparkmagazin.de\/vdn\/neue-runde-fotowettbewerb-augenblick-natur-2014\/","og_locale":"de_DE","og_type":"article","og_title":"\u201eNeue Runde\u201c - Fotowettbewerb \u201eAugenblick Natur\u201c 2014","og_description":"Am 1. April 2014 startet die neue Runde des Fotowettbewerbs \"Augenblick Natur!\". Gesucht werden wieder ausdrucksstarke Motive aus allen Naturparken Deutschlands.","og_url":"https:\/\/www.naturparkmagazin.de\/vdn\/neue-runde-fotowettbewerb-augenblick-natur-2014\/","og_site_name":"Verband Deutscher Naturparke","article_published_time":"2014-03-19T07:56:23+00:00","article_modified_time":"2014-03-27T17:12:01+00:00","og_image":[{"width":180,"height":135,"url":"https:\/\/www.naturparkmagazin.de\/vdn\/wp-content\/uploads\/sites\/3\/mittigaf_beitragsbild.jpg","type":"image\/jpeg"}],"author":"vdnnational","twitter_misc":{"Verfasst von":"vdnnational","Gesch\u00e4tzte Lesezeit":"1\u00a0Minute"},"schema":{"@context":"https:\/\/schema.org","@graph":[{"@type":"WebPage","@id":"https:\/\/www.naturparkmagazin.de\/vdn\/neue-runde-fotowettbewerb-augenblick-natur-2014\/","url":"https:\/\/www.naturparkmagazin.de\/vdn\/neue-runde-fotowettbewerb-augenblick-natur-2014\/","name":"\u201eNeue Runde\u201c - Fotowettbewerb \u201eAugenblick Natur\u201c 2014","isPartOf":{"@id":"https:\/\/www.naturparkmagazin.de\/vdn\/#website"},"datePublished":"2014-03-19T07:56:23+00:00","dateModified":"2014-03-27T17:12:01+00:00","author":{"@id":"https:\/\/www.naturparkmagazin.de\/vdn\/#\/schema\/person\/e28d931df83318a48d52ae72b08d2bfb"},"description":"Am 1. April 2014 startet die neue Runde des Fotowettbewerbs \"Augenblick Natur!\". Gesucht werden wieder ausdrucksstarke Motive aus allen Naturparken Deutschlands.","breadcrumb":{"@id":"https:\/\/www.naturparkmagazin.de\/vdn\/neue-runde-fotowettbewerb-augenblick-natur-2014\/#breadcrumb"},"inLanguage":"de","potentialAction":[{"@type":"ReadAction","target":["https:\/\/www.naturparkmagazin.de\/vdn\/neue-runde-fotowettbewerb-augenblick-natur-2014\/"]}]},{"@type":"BreadcrumbList","@id":"https:\/\/www.naturparkmagazin.de\/vdn\/neue-runde-fotowettbewerb-augenblick-natur-2014\/#breadcrumb","itemListElement":[{"@type":"ListItem","position":1,"name":"Home","item":"https:\/\/www.naturparkmagazin.de\/vdn\/"},{"@type":"ListItem","position":2,"name":"\u201eNeue Runde\u201c &#8211; Fotowettbewerb \u201eAugenblick Natur\u201c 2014"}]},{"@type":"WebSite","@id":"https:\/\/www.naturparkmagazin.de\/vdn\/#website","url":"https:\/\/www.naturparkmagazin.de\/vdn\/","name":"Verband Deutscher Naturparke","description":"Eine weitere Naturparkmagazin.de Netzwerk Seite","potentialAction":[{"@type":"SearchAction","target":{"@type":"EntryPoint","urlTemplate":"https:\/\/www.naturparkmagazin.de\/vdn\/?s={search_term_string}"},"query-input":"required name=search_term_string"}],"inLanguage":"de"},{"@type":"Person","@id":"https:\/\/www.naturparkmagazin.de\/vdn\/#\/schema\/person\/e28d931df83318a48d52ae72b08d2bfb","name":"vdnnational","url":"https:\/\/www.naturparkmagazin.de\/vdn\/author\/vdnnational\/"}]}},"_links":{"self":[{"href":"https:\/\/www.naturparkmagazin.de\/vdn\/wp-json\/wp\/v2\/posts\/3464"}],"collection":[{"href":"https:\/\/www.naturparkmagazin.de\/vdn\/wp-json\/wp\/v2\/posts"}],"about":[{"href":"https:\/\/www.naturparkmagazin.de\/vdn\/wp-json\/wp\/v2\/types\/post"}],"author":[{"embeddable":true,"href":"https:\/\/www.naturparkmagazin.de\/vdn\/wp-json\/wp\/v2\/users\/14"}],"replies":[{"embeddable":true,"href":"https:\/\/www.naturparkmagazin.de\/vdn\/wp-json\/wp\/v2\/comments?post=3464"}],"version-history":[{"count":8,"href":"https:\/\/www.naturparkmagazin.de\/vdn\/wp-json\/wp\/v2\/posts\/3464\/revisions"}],"predecessor-version":[{"id":3473,"href":"https:\/\/www.naturparkmagazin.de\/vdn\/wp-json\/wp\/v2\/posts\/3464\/revisions\/3473"}],"wp:featuredmedia":[{"embeddable":true,"href":"https:\/\/www.naturparkmagazin.de\/vdn\/wp-json\/wp\/v2\/media\/3472"}],"wp:attachment":[{"href":"https:\/\/www.naturparkmagazin.de\/vdn\/wp-json\/wp\/v2\/media?parent=3464"}],"wp:term":[{"taxonomy":"category","embeddable":true,"href":"https:\/\/www.naturparkmagazin.de\/vdn\/wp-json\/wp\/v2\/categories?post=3464"},{"taxonomy":"post_tag","embeddable":true,"href":"https:\/\/www.naturparkmagazin.de\/vdn\/wp-json\/wp\/v2\/tags?post=3464"}],"curies":[{"name":"wp","href":"https:\/\/api.w.org\/{rel}","templated":true}]}}