{"id":3479,"date":"2014-03-19T08:05:59","date_gmt":"2014-03-19T07:05:59","guid":{"rendered":"http:\/\/www.naturparkmagazin.de\/vdn\/?p=3479"},"modified":"2014-03-24T14:29:48","modified_gmt":"2014-03-24T13:29:48","slug":"alles-hasen-oder-was","status":"publish","type":"post","link":"https:\/\/www.naturparkmagazin.de\/vdn\/alles-hasen-oder-was\/","title":{"rendered":"Alles Hasen oder was?"},"content":{"rendered":"<div id=\"attachment_3484\" style=\"width: 510px\" class=\"wp-caption aligncenter\"><a href=\"https:\/\/www.naturparkmagazin.de\/vdn\/wp-content\/uploads\/sites\/3\/00014NP1bearbeitet5001.jpg\"><img aria-describedby=\"caption-attachment-3484\" decoding=\"async\" loading=\"lazy\" class=\"size-full wp-image-3484\" title=\"Copyright: VDN\/ WIlhelm Hillen\" alt=\"Copyright: VDN\/ WIlhelm Hillen\" src=\"https:\/\/www.naturparkmagazin.de\/vdn\/wp-content\/uploads\/sites\/3\/00014NP1bearbeitet5001.jpg\" width=\"500\" height=\"300\" srcset=\"https:\/\/www.naturparkmagazin.de\/vdn\/wp-content\/uploads\/sites\/3\/00014NP1bearbeitet5001.jpg 500w, https:\/\/www.naturparkmagazin.de\/vdn\/wp-content\/uploads\/sites\/3\/00014NP1bearbeitet5001-300x180.jpg 300w, https:\/\/www.naturparkmagazin.de\/vdn\/wp-content\/uploads\/sites\/3\/00014NP1bearbeitet5001-200x120.jpg 200w\" sizes=\"(max-width: 500px) 100vw, 500px\" \/><\/a><p id=\"caption-attachment-3484\" class=\"wp-caption-text\">Copyright: VDN\/ WIlhelm Hillen<\/p><\/div>\n<p>Ostern steht vor der T\u00fcr und nat\u00fcrlich stehen auch die Oster-Hasen in den Startl\u00f6chern, um die bunten Eier zu verstecken. Wenn man jetzt bei einem Spaziergang im Gr\u00fcnen die Augen offen h\u00e4lt, kann man vielleicht hier und dort ein pelziges Langohr beobachten. Aber sind das alles Hasen, die man so im Park, in Gr\u00fcnanlagen und auf den Feldern sieht? Oder sind das vielleicht doch eher Kaninchen?<\/p>\n<div id=\"attachment_3576\" style=\"width: 510px\" class=\"wp-caption aligncenter\"><a href=\"https:\/\/www.naturparkmagazin.de\/vdn\/wp-content\/uploads\/sites\/3\/Hasi1_beitrag.jpg\"><img aria-describedby=\"caption-attachment-3576\" decoding=\"async\" loading=\"lazy\" class=\"size-full wp-image-3576\" title=\"Copyright: VDN\/Cordula\" alt=\"Copyright: VDN\/Cordula\" src=\"https:\/\/www.naturparkmagazin.de\/vdn\/wp-content\/uploads\/sites\/3\/Hasi1_beitrag.jpg\" width=\"500\" height=\"300\" srcset=\"https:\/\/www.naturparkmagazin.de\/vdn\/wp-content\/uploads\/sites\/3\/Hasi1_beitrag.jpg 500w, https:\/\/www.naturparkmagazin.de\/vdn\/wp-content\/uploads\/sites\/3\/Hasi1_beitrag-300x180.jpg 300w, https:\/\/www.naturparkmagazin.de\/vdn\/wp-content\/uploads\/sites\/3\/Hasi1_beitrag-200x120.jpg 200w\" sizes=\"(max-width: 500px) 100vw, 500px\" \/><\/a><p id=\"caption-attachment-3576\" class=\"wp-caption-text\">Copyright: VDN\/Cordula<\/p><\/div>\n<p>Auf den ersten Blick sehen Hasen und Kaninchen erst einmal \u00e4hnlich aus: beide haben einen kurzen Schwanz und die Hinterbeine sind l\u00e4nger und kr\u00e4ftiger als die Vorderbeine. Die Ohren sind wesentlich l\u00e4nger als breit und k\u00f6nnen unabh\u00e4ngig voneinander bewegt werden. Wenn man sich die beiden Vertreter dann aber genauer anschaut, stellt man gro\u00dfe Unterschiede fest: Hasen sind wesentlich gr\u00f6\u00dfer als Kaninchen und ihre Hinterbeine und Ohren sind wesentlich l\u00e4nger als die von Kaninchen. Beides ist eine gute Anpassung an ihre unterschiedlichen Lebensr\u00e4ume und -weisen. Kaninchen graben sich in freier Natur einen Bau mit vielen Tunneln unter der Erde, wo sie auch ihre Jungen zur Welt bringen. Bei Gefahr m\u00fcssen sie also schnell in ihren Tunneln verschwinden k\u00f6nnen.<\/p>\n<div id=\"attachment_3578\" style=\"width: 510px\" class=\"wp-caption aligncenter\"><a href=\"https:\/\/www.naturparkmagazin.de\/vdn\/wp-content\/uploads\/sites\/3\/8018beitrag.jpg\"><img aria-describedby=\"caption-attachment-3578\" decoding=\"async\" loading=\"lazy\" class=\"size-full wp-image-3578\" title=\"Feldhase - Copyright: VDN\/Axel Horn\" alt=\"Feldhase - Copyright: VDN\/Axel Horn\" src=\"https:\/\/www.naturparkmagazin.de\/vdn\/wp-content\/uploads\/sites\/3\/8018beitrag.jpg\" width=\"500\" height=\"300\" srcset=\"https:\/\/www.naturparkmagazin.de\/vdn\/wp-content\/uploads\/sites\/3\/8018beitrag.jpg 500w, https:\/\/www.naturparkmagazin.de\/vdn\/wp-content\/uploads\/sites\/3\/8018beitrag-300x180.jpg 300w, https:\/\/www.naturparkmagazin.de\/vdn\/wp-content\/uploads\/sites\/3\/8018beitrag-200x120.jpg 200w\" sizes=\"(max-width: 500px) 100vw, 500px\" \/><\/a><p id=\"caption-attachment-3578\" class=\"wp-caption-text\">Feldhase &#8211; Copyright: VDN\/Axel Horn<\/p><\/div>\n<p>Hasen dagegen leben immer im freien Feld. Sie verstecken sich unter B\u00fcschen oder ducken sich in Bodensenken und buddeln sich keine unterirdischen Bauten.Wenn sie bedroht sind, m\u00fcssen sie manchmal schnell und weit fl\u00fcchten und k\u00f6nnen sich nicht in ihrem Bau verstecken. Deshalb brauchen sie kr\u00e4ftigere Hinterbeine als die Kaninchen. Mit diesen k\u00f6nnen sie dann auch jeden menschlichen Sprinter schlagen: Feldhasen k\u00f6nnen bis zu 70 Stundenkilometer schnell rennen. Und sind dabei noch besser als jeder H\u00fcrdenl\u00e4ufer: im Lauf k\u00f6nnen sie bis zu zwei Meter hoch springen und dabei ihre ber\u00fchmten Haken schlagen. Und ihre langen Ohren brauchen sie nat\u00fcrlich um Feinde noch besser h\u00f6ren zu k\u00f6nnen.<\/p>\n<p>Auch die Jungtiere von Hase und Kaninchen sind unterschiedlich. Da die Hasenjungen nicht in gem\u00fctlichen, trockenen H\u00f6hlen zzur Welt kommen, haben sie von Geburt an ein Fell, offene Augen und kleine Z\u00e4hnchen. Man nennt sie auch Nestfl\u00fcchter. Kaninchen hingegen sind nackt, blind und zahnlos, wenn sie beh\u00fctet im Bau unter der Erde geboren werden \u2013 und sie bleiben Nesthocker, bis sie nach etwa f\u00fcnf Wochen gro\u00df genug sind, um sich alleine zu ern\u00e4hren.\u00a0 Auch sozial verhalten sich Hase und Kaninchen ganz unterschiedlich. Hasen sind meist Einzelg\u00e4nger, w\u00e4hrend Kaninchen fast immer in gr\u00f6\u00dferen Gemeinschaften zusammen leben.<\/p>\n<p>&nbsp;<\/p>\n<p>&nbsp;<\/p>\n","protected":false},"excerpt":{"rendered":"<p>Wenn man jetzt bei einem Spaziergang im Gr\u00fcnen die Augen offen h\u00e4lt, kann man vielleicht hier und dort ein pelziges Langohr beobachten. Aber sind das alles Hasen, die man so im Park, in Gr\u00fcnanlagen und auf den Feldern sieht? Oder sind das vielleicht doch eher Kaninchen?<\/p>\n","protected":false},"author":14,"featured_media":3485,"comment_status":"open","ping_status":"open","sticky":false,"template":"","format":"standard","meta":{"_links_to":"","_links_to_target":""},"categories":[617],"tags":[],"yoast_head":"<!-- This site is optimized with the Yoast SEO plugin v19.10 - https:\/\/yoast.com\/wordpress\/plugins\/seo\/ -->\n<title>Alles Hasen oder was?<\/title>\n<meta name=\"description\" content=\"Wenn man jetzt bei einem Spaziergang im Gr\u00fcnen die Augen offen h\u00e4lt, kann man vielleicht hier und dort ein pelziges Langohr beobachten. Aber sind das alles Hasen, die man so im Park, in Gr\u00fcnanlagen und auf den Feldern sieht? Oder sind das vielleicht doch eher Kaninchen?\" \/>\n<meta name=\"robots\" content=\"index, follow, max-snippet:-1, max-image-preview:large, max-video-preview:-1\" \/>\n<link rel=\"canonical\" href=\"https:\/\/www.naturparkmagazin.de\/vdn\/alles-hasen-oder-was\/\" \/>\n<meta property=\"og:locale\" content=\"de_DE\" \/>\n<meta property=\"og:type\" content=\"article\" \/>\n<meta property=\"og:title\" content=\"Alles Hasen oder was?\" \/>\n<meta property=\"og:description\" content=\"Wenn man jetzt bei einem Spaziergang im Gr\u00fcnen die Augen offen h\u00e4lt, kann man vielleicht hier und dort ein pelziges Langohr beobachten. Aber sind das alles Hasen, die man so im Park, in Gr\u00fcnanlagen und auf den Feldern sieht? Oder sind das vielleicht doch eher Kaninchen?\" \/>\n<meta property=\"og:url\" content=\"https:\/\/www.naturparkmagazin.de\/vdn\/alles-hasen-oder-was\/\" \/>\n<meta property=\"og:site_name\" content=\"Verband Deutscher Naturparke\" \/>\n<meta property=\"article:published_time\" content=\"2014-03-19T07:05:59+00:00\" \/>\n<meta property=\"article:modified_time\" content=\"2014-03-24T13:29:48+00:00\" \/>\n<meta property=\"og:image\" content=\"https:\/\/www.naturparkmagazin.de\/vdn\/wp-content\/uploads\/sites\/3\/00014NP1_bearbeitet1801.jpg\" \/>\n\t<meta property=\"og:image:width\" content=\"180\" \/>\n\t<meta property=\"og:image:height\" content=\"135\" \/>\n\t<meta property=\"og:image:type\" content=\"image\/jpeg\" \/>\n<meta name=\"author\" content=\"vdnnational\" \/>\n<meta name=\"twitter:label1\" content=\"Verfasst von\" \/>\n\t<meta name=\"twitter:data1\" content=\"vdnnational\" \/>\n\t<meta name=\"twitter:label2\" content=\"Gesch\u00e4tzte Lesezeit\" \/>\n\t<meta name=\"twitter:data2\" content=\"2\u00a0Minuten\" \/>\n<script type=\"application\/ld+json\" class=\"yoast-schema-graph\">{\"@context\":\"https:\/\/schema.org\",\"@graph\":[{\"@type\":\"WebPage\",\"@id\":\"https:\/\/www.naturparkmagazin.de\/vdn\/alles-hasen-oder-was\/\",\"url\":\"https:\/\/www.naturparkmagazin.de\/vdn\/alles-hasen-oder-was\/\",\"name\":\"Alles Hasen oder was?\",\"isPartOf\":{\"@id\":\"https:\/\/www.naturparkmagazin.de\/vdn\/#website\"},\"datePublished\":\"2014-03-19T07:05:59+00:00\",\"dateModified\":\"2014-03-24T13:29:48+00:00\",\"author\":{\"@id\":\"https:\/\/www.naturparkmagazin.de\/vdn\/#\/schema\/person\/e28d931df83318a48d52ae72b08d2bfb\"},\"description\":\"Wenn man jetzt bei einem Spaziergang im Gr\u00fcnen die Augen offen h\u00e4lt, kann man vielleicht hier und dort ein pelziges Langohr beobachten. Aber sind das alles Hasen, die man so im Park, in Gr\u00fcnanlagen und auf den Feldern sieht? Oder sind das vielleicht doch eher Kaninchen?\",\"breadcrumb\":{\"@id\":\"https:\/\/www.naturparkmagazin.de\/vdn\/alles-hasen-oder-was\/#breadcrumb\"},\"inLanguage\":\"de\",\"potentialAction\":[{\"@type\":\"ReadAction\",\"target\":[\"https:\/\/www.naturparkmagazin.de\/vdn\/alles-hasen-oder-was\/\"]}]},{\"@type\":\"BreadcrumbList\",\"@id\":\"https:\/\/www.naturparkmagazin.de\/vdn\/alles-hasen-oder-was\/#breadcrumb\",\"itemListElement\":[{\"@type\":\"ListItem\",\"position\":1,\"name\":\"Home\",\"item\":\"https:\/\/www.naturparkmagazin.de\/vdn\/\"},{\"@type\":\"ListItem\",\"position\":2,\"name\":\"Alles Hasen oder was?\"}]},{\"@type\":\"WebSite\",\"@id\":\"https:\/\/www.naturparkmagazin.de\/vdn\/#website\",\"url\":\"https:\/\/www.naturparkmagazin.de\/vdn\/\",\"name\":\"Verband Deutscher Naturparke\",\"description\":\"Eine weitere Naturparkmagazin.de Netzwerk Seite\",\"potentialAction\":[{\"@type\":\"SearchAction\",\"target\":{\"@type\":\"EntryPoint\",\"urlTemplate\":\"https:\/\/www.naturparkmagazin.de\/vdn\/?s={search_term_string}\"},\"query-input\":\"required name=search_term_string\"}],\"inLanguage\":\"de\"},{\"@type\":\"Person\",\"@id\":\"https:\/\/www.naturparkmagazin.de\/vdn\/#\/schema\/person\/e28d931df83318a48d52ae72b08d2bfb\",\"name\":\"vdnnational\",\"url\":\"https:\/\/www.naturparkmagazin.de\/vdn\/author\/vdnnational\/\"}]}<\/script>\n<!-- \/ Yoast SEO plugin. -->","yoast_head_json":{"title":"Alles Hasen oder was?","description":"Wenn man jetzt bei einem Spaziergang im Gr\u00fcnen die Augen offen h\u00e4lt, kann man vielleicht hier und dort ein pelziges Langohr beobachten. Aber sind das alles Hasen, die man so im Park, in Gr\u00fcnanlagen und auf den Feldern sieht? Oder sind das vielleicht doch eher Kaninchen?","robots":{"index":"index","follow":"follow","max-snippet":"max-snippet:-1","max-image-preview":"max-image-preview:large","max-video-preview":"max-video-preview:-1"},"canonical":"https:\/\/www.naturparkmagazin.de\/vdn\/alles-hasen-oder-was\/","og_locale":"de_DE","og_type":"article","og_title":"Alles Hasen oder was?","og_description":"Wenn man jetzt bei einem Spaziergang im Gr\u00fcnen die Augen offen h\u00e4lt, kann man vielleicht hier und dort ein pelziges Langohr beobachten. Aber sind das alles Hasen, die man so im Park, in Gr\u00fcnanlagen und auf den Feldern sieht? Oder sind das vielleicht doch eher Kaninchen?","og_url":"https:\/\/www.naturparkmagazin.de\/vdn\/alles-hasen-oder-was\/","og_site_name":"Verband Deutscher Naturparke","article_published_time":"2014-03-19T07:05:59+00:00","article_modified_time":"2014-03-24T13:29:48+00:00","og_image":[{"width":180,"height":135,"url":"https:\/\/www.naturparkmagazin.de\/vdn\/wp-content\/uploads\/sites\/3\/00014NP1_bearbeitet1801.jpg","type":"image\/jpeg"}],"author":"vdnnational","twitter_misc":{"Verfasst von":"vdnnational","Gesch\u00e4tzte Lesezeit":"2\u00a0Minuten"},"schema":{"@context":"https:\/\/schema.org","@graph":[{"@type":"WebPage","@id":"https:\/\/www.naturparkmagazin.de\/vdn\/alles-hasen-oder-was\/","url":"https:\/\/www.naturparkmagazin.de\/vdn\/alles-hasen-oder-was\/","name":"Alles Hasen oder was?","isPartOf":{"@id":"https:\/\/www.naturparkmagazin.de\/vdn\/#website"},"datePublished":"2014-03-19T07:05:59+00:00","dateModified":"2014-03-24T13:29:48+00:00","author":{"@id":"https:\/\/www.naturparkmagazin.de\/vdn\/#\/schema\/person\/e28d931df83318a48d52ae72b08d2bfb"},"description":"Wenn man jetzt bei einem Spaziergang im Gr\u00fcnen die Augen offen h\u00e4lt, kann man vielleicht hier und dort ein pelziges Langohr beobachten. Aber sind das alles Hasen, die man so im Park, in Gr\u00fcnanlagen und auf den Feldern sieht? Oder sind das vielleicht doch eher Kaninchen?","breadcrumb":{"@id":"https:\/\/www.naturparkmagazin.de\/vdn\/alles-hasen-oder-was\/#breadcrumb"},"inLanguage":"de","potentialAction":[{"@type":"ReadAction","target":["https:\/\/www.naturparkmagazin.de\/vdn\/alles-hasen-oder-was\/"]}]},{"@type":"BreadcrumbList","@id":"https:\/\/www.naturparkmagazin.de\/vdn\/alles-hasen-oder-was\/#breadcrumb","itemListElement":[{"@type":"ListItem","position":1,"name":"Home","item":"https:\/\/www.naturparkmagazin.de\/vdn\/"},{"@type":"ListItem","position":2,"name":"Alles Hasen oder was?"}]},{"@type":"WebSite","@id":"https:\/\/www.naturparkmagazin.de\/vdn\/#website","url":"https:\/\/www.naturparkmagazin.de\/vdn\/","name":"Verband Deutscher Naturparke","description":"Eine weitere Naturparkmagazin.de Netzwerk Seite","potentialAction":[{"@type":"SearchAction","target":{"@type":"EntryPoint","urlTemplate":"https:\/\/www.naturparkmagazin.de\/vdn\/?s={search_term_string}"},"query-input":"required name=search_term_string"}],"inLanguage":"de"},{"@type":"Person","@id":"https:\/\/www.naturparkmagazin.de\/vdn\/#\/schema\/person\/e28d931df83318a48d52ae72b08d2bfb","name":"vdnnational","url":"https:\/\/www.naturparkmagazin.de\/vdn\/author\/vdnnational\/"}]}},"_links":{"self":[{"href":"https:\/\/www.naturparkmagazin.de\/vdn\/wp-json\/wp\/v2\/posts\/3479"}],"collection":[{"href":"https:\/\/www.naturparkmagazin.de\/vdn\/wp-json\/wp\/v2\/posts"}],"about":[{"href":"https:\/\/www.naturparkmagazin.de\/vdn\/wp-json\/wp\/v2\/types\/post"}],"author":[{"embeddable":true,"href":"https:\/\/www.naturparkmagazin.de\/vdn\/wp-json\/wp\/v2\/users\/14"}],"replies":[{"embeddable":true,"href":"https:\/\/www.naturparkmagazin.de\/vdn\/wp-json\/wp\/v2\/comments?post=3479"}],"version-history":[{"count":8,"href":"https:\/\/www.naturparkmagazin.de\/vdn\/wp-json\/wp\/v2\/posts\/3479\/revisions"}],"predecessor-version":[{"id":3581,"href":"https:\/\/www.naturparkmagazin.de\/vdn\/wp-json\/wp\/v2\/posts\/3479\/revisions\/3581"}],"wp:featuredmedia":[{"embeddable":true,"href":"https:\/\/www.naturparkmagazin.de\/vdn\/wp-json\/wp\/v2\/media\/3485"}],"wp:attachment":[{"href":"https:\/\/www.naturparkmagazin.de\/vdn\/wp-json\/wp\/v2\/media?parent=3479"}],"wp:term":[{"taxonomy":"category","embeddable":true,"href":"https:\/\/www.naturparkmagazin.de\/vdn\/wp-json\/wp\/v2\/categories?post=3479"},{"taxonomy":"post_tag","embeddable":true,"href":"https:\/\/www.naturparkmagazin.de\/vdn\/wp-json\/wp\/v2\/tags?post=3479"}],"curies":[{"name":"wp","href":"https:\/\/api.w.org\/{rel}","templated":true}]}}