{"id":3505,"date":"2014-03-19T08:47:19","date_gmt":"2014-03-19T07:47:19","guid":{"rendered":"http:\/\/www.naturparkmagazin.de\/vdn\/?p=3505"},"modified":"2014-04-09T13:30:37","modified_gmt":"2014-04-09T11:30:37","slug":"osterspaziergang-ausflugsklassiker-in-naturparken","status":"publish","type":"post","link":"https:\/\/www.naturparkmagazin.de\/vdn\/osterspaziergang-ausflugsklassiker-in-naturparken\/","title":{"rendered":"\u201eOsterspaziergang\u201c \u2013 Ausflugsklassiker in Naturparken"},"content":{"rendered":"<div id=\"attachment_3510\" style=\"width: 510px\" class=\"wp-caption aligncenter\"><a href=\"https:\/\/www.naturparkmagazin.de\/vdn\/wp-content\/uploads\/sites\/3\/Narzissen_beitra_06-04-2012-065a.jpg\"><img aria-describedby=\"caption-attachment-3510\" decoding=\"async\" loading=\"lazy\" class=\"size-full wp-image-3510\" title=\"Spaziergang in den Narzissenwiesen - Copyright: VDN\/Baude\" alt=\"Spaziergang in den Narzissenwiesen - Copyright: VDN\/Baude\" src=\"https:\/\/www.naturparkmagazin.de\/vdn\/wp-content\/uploads\/sites\/3\/Narzissen_beitra_06-04-2012-065a.jpg\" width=\"500\" height=\"300\" srcset=\"https:\/\/www.naturparkmagazin.de\/vdn\/wp-content\/uploads\/sites\/3\/Narzissen_beitra_06-04-2012-065a.jpg 500w, https:\/\/www.naturparkmagazin.de\/vdn\/wp-content\/uploads\/sites\/3\/Narzissen_beitra_06-04-2012-065a-300x180.jpg 300w, https:\/\/www.naturparkmagazin.de\/vdn\/wp-content\/uploads\/sites\/3\/Narzissen_beitra_06-04-2012-065a-200x120.jpg 200w\" sizes=\"(max-width: 500px) 100vw, 500px\" \/><\/a><p id=\"caption-attachment-3510\" class=\"wp-caption-text\">Spaziergang in den Narzissenwiesen &#8211; Copyright: VDN\/Baude<\/p><\/div>\n<p>Viele Millionen wilder Narzissen verwandeln zur Osterzeit die Talwiesen im Deutsch-Belgischen Naturparks Hohes Venn \u2013 Eifel wie jedes Jahr in ein einzigartiges gelbes Bl\u00fctenmeer und begeistern Naturfreunde in der Eifel. Trotz der warmen Witterung wird die Narzissenbl\u00fcte und die einzigartige Fr\u00fchlingsstimmung dieser gelben Pracht auf Rundwegen und gef\u00fchrten Wanderungen des Naturparks bei Hellenthal und Monschau bis Ende April bewundert und erlebt werden k\u00f6nnen.<\/p>\n<p>&nbsp;<\/p>\n<div id=\"attachment_3509\" style=\"width: 510px\" class=\"wp-caption aligncenter\"><a href=\"https:\/\/www.naturparkmagazin.de\/vdn\/wp-content\/uploads\/sites\/3\/Frhjahrs-Spaziergang_1_Beitrag.jpg\"><img aria-describedby=\"caption-attachment-3509\" decoding=\"async\" loading=\"lazy\" class=\"size-full wp-image-3509\" title=\"Copyright: VDN\/Sch\u00f6nm\u00fcller\" alt=\"Copyright: VDN\/Sch\u00f6nm\u00fcller\" src=\"https:\/\/www.naturparkmagazin.de\/vdn\/wp-content\/uploads\/sites\/3\/Frhjahrs-Spaziergang_1_Beitrag.jpg\" width=\"500\" height=\"300\" srcset=\"https:\/\/www.naturparkmagazin.de\/vdn\/wp-content\/uploads\/sites\/3\/Frhjahrs-Spaziergang_1_Beitrag.jpg 500w, https:\/\/www.naturparkmagazin.de\/vdn\/wp-content\/uploads\/sites\/3\/Frhjahrs-Spaziergang_1_Beitrag-300x180.jpg 300w, https:\/\/www.naturparkmagazin.de\/vdn\/wp-content\/uploads\/sites\/3\/Frhjahrs-Spaziergang_1_Beitrag-200x120.jpg 200w\" sizes=\"(max-width: 500px) 100vw, 500px\" \/><\/a><p id=\"caption-attachment-3509\" class=\"wp-caption-text\">Copyright: VDN\/Sch\u00f6nm\u00fcller<\/p><\/div>\n<p>Auch im Naturpark Barnim kann man ganz entspannt einen Ausflugsklassiker genie\u00dfen: Das nur einen Katzensprung von Berlin entfernte Tal der Briese ist bequem mit der S-Bahn zu erreichen. Vom Bahnhof Borgsdorf f\u00fchrt ein markierter Wanderweg in 30 Minuten in das naturnahe Bachtal, das mit abwechslungsreicher Landschaft und vielen Tier- und Pflanzenarten beeindruckt. Gemeinsam mit der Naturwacht kann man dort die ersten Fr\u00fchlingsboten entdecken.<\/p>\n<p>&nbsp;<\/p>\n<div id=\"attachment_3511\" style=\"width: 510px\" class=\"wp-caption aligncenter\"><a href=\"https:\/\/www.naturparkmagazin.de\/vdn\/wp-content\/uploads\/sites\/3\/krokus_beitrag.jpg\"><img aria-describedby=\"caption-attachment-3511\" decoding=\"async\" loading=\"lazy\" class=\"size-full wp-image-3511\" title=\"Fr\u00fchlingsboten - Copyright: VDN\/Christian Schmalhofer\" alt=\"Fr\u00fchlingsboten - Copyright: VDN\/Christian Schmalhofer\" src=\"https:\/\/www.naturparkmagazin.de\/vdn\/wp-content\/uploads\/sites\/3\/krokus_beitrag.jpg\" width=\"500\" height=\"300\" srcset=\"https:\/\/www.naturparkmagazin.de\/vdn\/wp-content\/uploads\/sites\/3\/krokus_beitrag.jpg 500w, https:\/\/www.naturparkmagazin.de\/vdn\/wp-content\/uploads\/sites\/3\/krokus_beitrag-300x180.jpg 300w, https:\/\/www.naturparkmagazin.de\/vdn\/wp-content\/uploads\/sites\/3\/krokus_beitrag-200x120.jpg 200w\" sizes=\"(max-width: 500px) 100vw, 500px\" \/><\/a><p id=\"caption-attachment-3511\" class=\"wp-caption-text\">Fr\u00fchlingsboten &#8211; Copyright: VDN\/Christian Schmalhofer<\/p><\/div>\n<p>Hier einige Tipps f\u00fcr Veranstaltungen und Ausflugsziele in den Naturparken zur Osterzeit:<\/p>\n<p>&nbsp;<\/p>\n<p><span style=\"text-decoration: underline\"><strong>Deutsch-Belgischer Naturpark Hohes Venn &#8211; Eifel<\/strong><\/span><\/p>\n<p>Samstag, 5.4.2014 &#8211; Donnerstag 1.5.2014: <a href=\"http:\/\/www.naturpark-eifel.de\/go\/eifel-aktuelles_detail\/german\/Aktuelles\/Aktuelles\/513_fruehlingsboten_narzissenbluete_in_der_eifel.html\" target=\"_blank\">&#8222;Narzissenbl\u00fcte in der Eifel&#8220;<\/a><\/p>\n<p>&nbsp;<\/p>\n<p><strong><span style=\"text-decoration: underline\">Naturpark M\u00e4rkische Schweiz<\/span><\/strong><\/p>\n<p>Samstag, 19.4.2014: (Seite 8 im Veranstaltungskalender)\u00a0 <a href=\"http:\/\/media.odertours.de\/odertours\/regio\/regiova.aspx?mp=ms\" target=\"_blank\">\u201eVom Eise befreit sind Strom und B\u00e4che\u201c \u2013 Osterwanderung<\/a><\/p>\n<p><span style=\"text-decoration: underline\">\u00a0<\/span><\/p>\n<p><strong><span style=\"text-decoration: underline\">Naturpark Eichsfeld-Hainich-Werratal<\/span><\/strong><\/p>\n<p>Sonntag, 20.4.2014: <a href=\"http:\/\/www.naturpark-ehw.de\/veranstaltung?id=261&amp;termin=1190\" target=\"_blank\">\u00a0Osterspaziergang und Ostereiersuche<\/a><\/p>\n<p>&nbsp;<\/p>\n<p><strong><span style=\"text-decoration: underline\">Geo-Naturpark Bergstra\u00dfe-Odenwald<\/span><\/strong><\/p>\n<p>Montag, 21.4.2014: \u00a0 <a href=\"http:\/\/www.geo-naturpark.net\/deutsch\/veranstaltungskalender\/termine\/419848598.php\" target=\"_blank\">Osterspaziergang im NSG Waldstetter Tal<\/a><\/p>\n<p>&nbsp;<\/p>\n<p><strong>Naturpark Lahn-Dill-Bergland<\/strong><\/p>\n<p>Mo, 21.4.2014:\u00a0 <a href=\"http:\/\/www.lahn-dill-bergland.de\/cms\/show_content.php?content_id=332\" target=\"_blank\">&#8222;Fr\u00fchlingsbl\u00fcher am K\u00f6hlerweg \u2013 Ein Osterspaziergang&#8220;<\/a><\/p>\n<p><!--[if gte mso 9]&gt;--><\/p>\n<p>&nbsp;<\/p>\n<p>&nbsp;<\/p>\n","protected":false},"excerpt":{"rendered":"<p>&#8222;Vom Eise befreit &#8230;&#8220; so lauten die ersten Worte in Johann Wolfgang Goethes Gedicht &#8222;Osterspaziergang&#8220;. Genie\u00dfen Sie die Ostertage auf einem Spaziergang im Naturpark. Hier stellen wir Ihnen einige Ausflugsklassiker vor. <\/p>\n","protected":false},"author":14,"featured_media":3512,"comment_status":"open","ping_status":"open","sticky":false,"template":"","format":"standard","meta":{"_links_to":"","_links_to_target":""},"categories":[11],"tags":[],"yoast_head":"<!-- This site is optimized with the Yoast SEO plugin v19.10 - https:\/\/yoast.com\/wordpress\/plugins\/seo\/ -->\n<title>\u201eOsterspaziergang\u201c \u2013 Ausflugsklassiker in Naturparken<\/title>\n<meta name=\"description\" content=\"&quot;Vom Eise befreit ...&quot; so lauten die ersten Worte in Johann Wolfgang Goethes Gedicht &quot;Osterspaziergang&quot;. Genie\u00dfen Sie die Ostertage auf einem Spaziergang im Naturpark. Hier stellen wir Ihnen einige Ausflugsklassiker vor.\" \/>\n<meta name=\"robots\" content=\"index, follow, max-snippet:-1, max-image-preview:large, max-video-preview:-1\" \/>\n<link rel=\"canonical\" href=\"https:\/\/www.naturparkmagazin.de\/vdn\/osterspaziergang-ausflugsklassiker-in-naturparken\/\" \/>\n<meta property=\"og:locale\" content=\"de_DE\" \/>\n<meta property=\"og:type\" content=\"article\" \/>\n<meta property=\"og:title\" content=\"\u201eOsterspaziergang\u201c \u2013 Ausflugsklassiker in Naturparken\" \/>\n<meta property=\"og:description\" content=\"&quot;Vom Eise befreit ...&quot; so lauten die ersten Worte in Johann Wolfgang Goethes Gedicht &quot;Osterspaziergang&quot;. Genie\u00dfen Sie die Ostertage auf einem Spaziergang im Naturpark. Hier stellen wir Ihnen einige Ausflugsklassiker vor.\" \/>\n<meta property=\"og:url\" content=\"https:\/\/www.naturparkmagazin.de\/vdn\/osterspaziergang-ausflugsklassiker-in-naturparken\/\" \/>\n<meta property=\"og:site_name\" content=\"Verband Deutscher Naturparke\" \/>\n<meta property=\"article:published_time\" content=\"2014-03-19T07:47:19+00:00\" \/>\n<meta property=\"article:modified_time\" content=\"2014-04-09T11:30:37+00:00\" \/>\n<meta property=\"og:image\" content=\"https:\/\/www.naturparkmagazin.de\/vdn\/wp-content\/uploads\/sites\/3\/img-4263s_beitragsbild.jpg\" \/>\n\t<meta property=\"og:image:width\" content=\"180\" \/>\n\t<meta property=\"og:image:height\" content=\"135\" \/>\n\t<meta property=\"og:image:type\" content=\"image\/jpeg\" \/>\n<meta name=\"author\" content=\"vdnnational\" \/>\n<meta name=\"twitter:label1\" content=\"Verfasst von\" \/>\n\t<meta name=\"twitter:data1\" content=\"vdnnational\" \/>\n\t<meta name=\"twitter:label2\" content=\"Gesch\u00e4tzte Lesezeit\" \/>\n\t<meta name=\"twitter:data2\" content=\"1\u00a0Minute\" \/>\n<script type=\"application\/ld+json\" class=\"yoast-schema-graph\">{\"@context\":\"https:\/\/schema.org\",\"@graph\":[{\"@type\":\"WebPage\",\"@id\":\"https:\/\/www.naturparkmagazin.de\/vdn\/osterspaziergang-ausflugsklassiker-in-naturparken\/\",\"url\":\"https:\/\/www.naturparkmagazin.de\/vdn\/osterspaziergang-ausflugsklassiker-in-naturparken\/\",\"name\":\"\u201eOsterspaziergang\u201c \u2013 Ausflugsklassiker in Naturparken\",\"isPartOf\":{\"@id\":\"https:\/\/www.naturparkmagazin.de\/vdn\/#website\"},\"datePublished\":\"2014-03-19T07:47:19+00:00\",\"dateModified\":\"2014-04-09T11:30:37+00:00\",\"author\":{\"@id\":\"https:\/\/www.naturparkmagazin.de\/vdn\/#\/schema\/person\/e28d931df83318a48d52ae72b08d2bfb\"},\"description\":\"\\\"Vom Eise befreit ...\\\" so lauten die ersten Worte in Johann Wolfgang Goethes Gedicht \\\"Osterspaziergang\\\". Genie\u00dfen Sie die Ostertage auf einem Spaziergang im Naturpark. Hier stellen wir Ihnen einige Ausflugsklassiker vor.\",\"breadcrumb\":{\"@id\":\"https:\/\/www.naturparkmagazin.de\/vdn\/osterspaziergang-ausflugsklassiker-in-naturparken\/#breadcrumb\"},\"inLanguage\":\"de\",\"potentialAction\":[{\"@type\":\"ReadAction\",\"target\":[\"https:\/\/www.naturparkmagazin.de\/vdn\/osterspaziergang-ausflugsklassiker-in-naturparken\/\"]}]},{\"@type\":\"BreadcrumbList\",\"@id\":\"https:\/\/www.naturparkmagazin.de\/vdn\/osterspaziergang-ausflugsklassiker-in-naturparken\/#breadcrumb\",\"itemListElement\":[{\"@type\":\"ListItem\",\"position\":1,\"name\":\"Home\",\"item\":\"https:\/\/www.naturparkmagazin.de\/vdn\/\"},{\"@type\":\"ListItem\",\"position\":2,\"name\":\"\u201eOsterspaziergang\u201c \u2013 Ausflugsklassiker in Naturparken\"}]},{\"@type\":\"WebSite\",\"@id\":\"https:\/\/www.naturparkmagazin.de\/vdn\/#website\",\"url\":\"https:\/\/www.naturparkmagazin.de\/vdn\/\",\"name\":\"Verband Deutscher Naturparke\",\"description\":\"Eine weitere Naturparkmagazin.de Netzwerk Seite\",\"potentialAction\":[{\"@type\":\"SearchAction\",\"target\":{\"@type\":\"EntryPoint\",\"urlTemplate\":\"https:\/\/www.naturparkmagazin.de\/vdn\/?s={search_term_string}\"},\"query-input\":\"required name=search_term_string\"}],\"inLanguage\":\"de\"},{\"@type\":\"Person\",\"@id\":\"https:\/\/www.naturparkmagazin.de\/vdn\/#\/schema\/person\/e28d931df83318a48d52ae72b08d2bfb\",\"name\":\"vdnnational\",\"url\":\"https:\/\/www.naturparkmagazin.de\/vdn\/author\/vdnnational\/\"}]}<\/script>\n<!-- \/ Yoast SEO plugin. -->","yoast_head_json":{"title":"\u201eOsterspaziergang\u201c \u2013 Ausflugsklassiker in Naturparken","description":"\"Vom Eise befreit ...\" so lauten die ersten Worte in Johann Wolfgang Goethes Gedicht \"Osterspaziergang\". Genie\u00dfen Sie die Ostertage auf einem Spaziergang im Naturpark. Hier stellen wir Ihnen einige Ausflugsklassiker vor.","robots":{"index":"index","follow":"follow","max-snippet":"max-snippet:-1","max-image-preview":"max-image-preview:large","max-video-preview":"max-video-preview:-1"},"canonical":"https:\/\/www.naturparkmagazin.de\/vdn\/osterspaziergang-ausflugsklassiker-in-naturparken\/","og_locale":"de_DE","og_type":"article","og_title":"\u201eOsterspaziergang\u201c \u2013 Ausflugsklassiker in Naturparken","og_description":"\"Vom Eise befreit ...\" so lauten die ersten Worte in Johann Wolfgang Goethes Gedicht \"Osterspaziergang\". Genie\u00dfen Sie die Ostertage auf einem Spaziergang im Naturpark. Hier stellen wir Ihnen einige Ausflugsklassiker vor.","og_url":"https:\/\/www.naturparkmagazin.de\/vdn\/osterspaziergang-ausflugsklassiker-in-naturparken\/","og_site_name":"Verband Deutscher Naturparke","article_published_time":"2014-03-19T07:47:19+00:00","article_modified_time":"2014-04-09T11:30:37+00:00","og_image":[{"width":180,"height":135,"url":"https:\/\/www.naturparkmagazin.de\/vdn\/wp-content\/uploads\/sites\/3\/img-4263s_beitragsbild.jpg","type":"image\/jpeg"}],"author":"vdnnational","twitter_misc":{"Verfasst von":"vdnnational","Gesch\u00e4tzte Lesezeit":"1\u00a0Minute"},"schema":{"@context":"https:\/\/schema.org","@graph":[{"@type":"WebPage","@id":"https:\/\/www.naturparkmagazin.de\/vdn\/osterspaziergang-ausflugsklassiker-in-naturparken\/","url":"https:\/\/www.naturparkmagazin.de\/vdn\/osterspaziergang-ausflugsklassiker-in-naturparken\/","name":"\u201eOsterspaziergang\u201c \u2013 Ausflugsklassiker in Naturparken","isPartOf":{"@id":"https:\/\/www.naturparkmagazin.de\/vdn\/#website"},"datePublished":"2014-03-19T07:47:19+00:00","dateModified":"2014-04-09T11:30:37+00:00","author":{"@id":"https:\/\/www.naturparkmagazin.de\/vdn\/#\/schema\/person\/e28d931df83318a48d52ae72b08d2bfb"},"description":"\"Vom Eise befreit ...\" so lauten die ersten Worte in Johann Wolfgang Goethes Gedicht \"Osterspaziergang\". Genie\u00dfen Sie die Ostertage auf einem Spaziergang im Naturpark. Hier stellen wir Ihnen einige Ausflugsklassiker vor.","breadcrumb":{"@id":"https:\/\/www.naturparkmagazin.de\/vdn\/osterspaziergang-ausflugsklassiker-in-naturparken\/#breadcrumb"},"inLanguage":"de","potentialAction":[{"@type":"ReadAction","target":["https:\/\/www.naturparkmagazin.de\/vdn\/osterspaziergang-ausflugsklassiker-in-naturparken\/"]}]},{"@type":"BreadcrumbList","@id":"https:\/\/www.naturparkmagazin.de\/vdn\/osterspaziergang-ausflugsklassiker-in-naturparken\/#breadcrumb","itemListElement":[{"@type":"ListItem","position":1,"name":"Home","item":"https:\/\/www.naturparkmagazin.de\/vdn\/"},{"@type":"ListItem","position":2,"name":"\u201eOsterspaziergang\u201c \u2013 Ausflugsklassiker in Naturparken"}]},{"@type":"WebSite","@id":"https:\/\/www.naturparkmagazin.de\/vdn\/#website","url":"https:\/\/www.naturparkmagazin.de\/vdn\/","name":"Verband Deutscher Naturparke","description":"Eine weitere Naturparkmagazin.de Netzwerk Seite","potentialAction":[{"@type":"SearchAction","target":{"@type":"EntryPoint","urlTemplate":"https:\/\/www.naturparkmagazin.de\/vdn\/?s={search_term_string}"},"query-input":"required name=search_term_string"}],"inLanguage":"de"},{"@type":"Person","@id":"https:\/\/www.naturparkmagazin.de\/vdn\/#\/schema\/person\/e28d931df83318a48d52ae72b08d2bfb","name":"vdnnational","url":"https:\/\/www.naturparkmagazin.de\/vdn\/author\/vdnnational\/"}]}},"_links":{"self":[{"href":"https:\/\/www.naturparkmagazin.de\/vdn\/wp-json\/wp\/v2\/posts\/3505"}],"collection":[{"href":"https:\/\/www.naturparkmagazin.de\/vdn\/wp-json\/wp\/v2\/posts"}],"about":[{"href":"https:\/\/www.naturparkmagazin.de\/vdn\/wp-json\/wp\/v2\/types\/post"}],"author":[{"embeddable":true,"href":"https:\/\/www.naturparkmagazin.de\/vdn\/wp-json\/wp\/v2\/users\/14"}],"replies":[{"embeddable":true,"href":"https:\/\/www.naturparkmagazin.de\/vdn\/wp-json\/wp\/v2\/comments?post=3505"}],"version-history":[{"count":11,"href":"https:\/\/www.naturparkmagazin.de\/vdn\/wp-json\/wp\/v2\/posts\/3505\/revisions"}],"predecessor-version":[{"id":3595,"href":"https:\/\/www.naturparkmagazin.de\/vdn\/wp-json\/wp\/v2\/posts\/3505\/revisions\/3595"}],"wp:featuredmedia":[{"embeddable":true,"href":"https:\/\/www.naturparkmagazin.de\/vdn\/wp-json\/wp\/v2\/media\/3512"}],"wp:attachment":[{"href":"https:\/\/www.naturparkmagazin.de\/vdn\/wp-json\/wp\/v2\/media?parent=3505"}],"wp:term":[{"taxonomy":"category","embeddable":true,"href":"https:\/\/www.naturparkmagazin.de\/vdn\/wp-json\/wp\/v2\/categories?post=3505"},{"taxonomy":"post_tag","embeddable":true,"href":"https:\/\/www.naturparkmagazin.de\/vdn\/wp-json\/wp\/v2\/tags?post=3505"}],"curies":[{"name":"wp","href":"https:\/\/api.w.org\/{rel}","templated":true}]}}