{"id":3661,"date":"2014-04-16T08:48:26","date_gmt":"2014-04-16T06:48:26","guid":{"rendered":"http:\/\/www.naturparkmagazin.de\/vdn\/?p=3661"},"modified":"2014-04-15T17:51:21","modified_gmt":"2014-04-15T15:51:21","slug":"baerlauchpaste-aus-dem-naturpark-bayerischer-wald","status":"publish","type":"post","link":"https:\/\/www.naturparkmagazin.de\/vdn\/baerlauchpaste-aus-dem-naturpark-bayerischer-wald\/","title":{"rendered":"B\u00e4rlauchpaste aus dem Naturpark Bayerischer Wald"},"content":{"rendered":"<p><a href=\"https:\/\/www.naturparkmagazin.de\/vdn\/wp-content\/uploads\/sites\/3\/B\u00e4rlauchpaste_bearbeitet_NL_Mai_2014_beitrag1.jpg\"><img decoding=\"async\" loading=\"lazy\" class=\"aligncenter size-full wp-image-3669\" alt=\"B\u00e4rlauchpaste - Copyright: Naturgenuss GmbH\" src=\"https:\/\/www.naturparkmagazin.de\/vdn\/wp-content\/uploads\/sites\/3\/B\u00e4rlauchpaste_bearbeitet_NL_Mai_2014_beitrag1.jpg\" width=\"300\" height=\"210\" srcset=\"https:\/\/www.naturparkmagazin.de\/vdn\/wp-content\/uploads\/sites\/3\/B\u00e4rlauchpaste_bearbeitet_NL_Mai_2014_beitrag1.jpg 300w, https:\/\/www.naturparkmagazin.de\/vdn\/wp-content\/uploads\/sites\/3\/B\u00e4rlauchpaste_bearbeitet_NL_Mai_2014_beitrag1-200x140.jpg 200w\" sizes=\"(max-width: 300px) 100vw, 300px\" \/><\/a><a href=\"https:\/\/www.naturparkmagazin.de\/vdn\/wp-content\/uploads\/sites\/3\/B\u00e4rlauchpaste_bearbeitet_NL_Mai_2014.jpg\">\u00a0<\/a><\/p>\n<p>Unser Produkt des Monats Mai ist die B\u00e4rlauchpaste aus dem Naturpark Bayerischer Wald. Der Hersteller &#8211; die Kr\u00e4uterey im Freilichtmuseum Finsterau &#8211;<b> <\/b>ist ein kleiner, \u00fcberschaubarer Kr\u00e4uterbetrieb, der es sich zur Aufgabe gemacht hat, heimische Wild- und Heilkr\u00e4uter, aber auch Wildfr\u00fcchte zu neuen und schmackhaften Produkten zu verarbeiten. Ein besonderer Wert wird auf die sorgf\u00e4ltige Ernte und Trocknung sowie Verarbeitung ohne Chemie und qualitativ hochwertige Endprodukte gelegt.<\/p>\n<p>Die B\u00e4rlauchpaste aus dem Naturpark Bayerischer Wald sowie viele weitere Spezialit\u00e4ten aus Naturparken k\u00f6nnen Sie im <a title=\"Naturpark-Spezialit\u00e4ten-Shop\" href=\"http:\/\/www.naturpark-spezialitaeten.de\/\" target=\"_blank\">Naturpark-Spezialit\u00e4ten-Shop <\/a>bestellen.<\/p>\n<p>&nbsp;<\/p>\n<p>&nbsp;<\/p>\n","protected":false},"excerpt":{"rendered":"<p>Unser Produkt des Monats Mai ist die B\u00e4rlauchpaste aus dem Naturpark Bayerischer Wald. <\/p>\n","protected":false},"author":14,"featured_media":3662,"comment_status":"open","ping_status":"open","sticky":false,"template":"","format":"standard","meta":{"_links_to":"","_links_to_target":""},"categories":[13],"tags":[],"yoast_head":"<!-- This site is optimized with the Yoast SEO plugin v19.10 - https:\/\/yoast.com\/wordpress\/plugins\/seo\/ -->\n<title>B\u00e4rlauchpaste aus dem Naturpark Bayerischer Wald<\/title>\n<meta name=\"description\" content=\"Unser Produkt des Monats Mai ist die B\u00e4rlauchpaste aus dem Naturpark Bayerischer Wald.\" \/>\n<meta name=\"robots\" content=\"index, follow, max-snippet:-1, max-image-preview:large, max-video-preview:-1\" \/>\n<link rel=\"canonical\" href=\"https:\/\/www.naturparkmagazin.de\/vdn\/baerlauchpaste-aus-dem-naturpark-bayerischer-wald\/\" \/>\n<meta property=\"og:locale\" content=\"de_DE\" \/>\n<meta property=\"og:type\" content=\"article\" \/>\n<meta property=\"og:title\" content=\"B\u00e4rlauchpaste aus dem Naturpark Bayerischer Wald\" \/>\n<meta property=\"og:description\" content=\"Unser Produkt des Monats Mai ist die B\u00e4rlauchpaste aus dem Naturpark Bayerischer Wald.\" \/>\n<meta property=\"og:url\" content=\"https:\/\/www.naturparkmagazin.de\/vdn\/baerlauchpaste-aus-dem-naturpark-bayerischer-wald\/\" \/>\n<meta property=\"og:site_name\" content=\"Verband Deutscher Naturparke\" \/>\n<meta property=\"article:published_time\" content=\"2014-04-16T06:48:26+00:00\" \/>\n<meta property=\"article:modified_time\" content=\"2014-04-15T15:51:21+00:00\" \/>\n<meta property=\"og:image\" content=\"https:\/\/www.naturparkmagazin.de\/vdn\/wp-content\/uploads\/sites\/3\/B\u00e4rlauchpaste_bearbeitet_NL_Mai_2014.jpg\" \/>\n\t<meta property=\"og:image:width\" content=\"180\" \/>\n\t<meta property=\"og:image:height\" content=\"135\" \/>\n\t<meta property=\"og:image:type\" content=\"image\/jpeg\" \/>\n<meta name=\"author\" content=\"vdnnational\" \/>\n<meta name=\"twitter:label1\" content=\"Verfasst von\" \/>\n\t<meta name=\"twitter:data1\" content=\"vdnnational\" \/>\n<script type=\"application\/ld+json\" class=\"yoast-schema-graph\">{\"@context\":\"https:\/\/schema.org\",\"@graph\":[{\"@type\":\"WebPage\",\"@id\":\"https:\/\/www.naturparkmagazin.de\/vdn\/baerlauchpaste-aus-dem-naturpark-bayerischer-wald\/\",\"url\":\"https:\/\/www.naturparkmagazin.de\/vdn\/baerlauchpaste-aus-dem-naturpark-bayerischer-wald\/\",\"name\":\"B\u00e4rlauchpaste aus dem Naturpark Bayerischer Wald\",\"isPartOf\":{\"@id\":\"https:\/\/www.naturparkmagazin.de\/vdn\/#website\"},\"datePublished\":\"2014-04-16T06:48:26+00:00\",\"dateModified\":\"2014-04-15T15:51:21+00:00\",\"author\":{\"@id\":\"https:\/\/www.naturparkmagazin.de\/vdn\/#\/schema\/person\/e28d931df83318a48d52ae72b08d2bfb\"},\"description\":\"Unser Produkt des Monats Mai ist die B\u00e4rlauchpaste aus dem Naturpark Bayerischer Wald.\",\"breadcrumb\":{\"@id\":\"https:\/\/www.naturparkmagazin.de\/vdn\/baerlauchpaste-aus-dem-naturpark-bayerischer-wald\/#breadcrumb\"},\"inLanguage\":\"de\",\"potentialAction\":[{\"@type\":\"ReadAction\",\"target\":[\"https:\/\/www.naturparkmagazin.de\/vdn\/baerlauchpaste-aus-dem-naturpark-bayerischer-wald\/\"]}]},{\"@type\":\"BreadcrumbList\",\"@id\":\"https:\/\/www.naturparkmagazin.de\/vdn\/baerlauchpaste-aus-dem-naturpark-bayerischer-wald\/#breadcrumb\",\"itemListElement\":[{\"@type\":\"ListItem\",\"position\":1,\"name\":\"Home\",\"item\":\"https:\/\/www.naturparkmagazin.de\/vdn\/\"},{\"@type\":\"ListItem\",\"position\":2,\"name\":\"B\u00e4rlauchpaste aus dem Naturpark Bayerischer Wald\"}]},{\"@type\":\"WebSite\",\"@id\":\"https:\/\/www.naturparkmagazin.de\/vdn\/#website\",\"url\":\"https:\/\/www.naturparkmagazin.de\/vdn\/\",\"name\":\"Verband Deutscher Naturparke\",\"description\":\"Eine weitere Naturparkmagazin.de Netzwerk Seite\",\"potentialAction\":[{\"@type\":\"SearchAction\",\"target\":{\"@type\":\"EntryPoint\",\"urlTemplate\":\"https:\/\/www.naturparkmagazin.de\/vdn\/?s={search_term_string}\"},\"query-input\":\"required name=search_term_string\"}],\"inLanguage\":\"de\"},{\"@type\":\"Person\",\"@id\":\"https:\/\/www.naturparkmagazin.de\/vdn\/#\/schema\/person\/e28d931df83318a48d52ae72b08d2bfb\",\"name\":\"vdnnational\",\"url\":\"https:\/\/www.naturparkmagazin.de\/vdn\/author\/vdnnational\/\"}]}<\/script>\n<!-- \/ Yoast SEO plugin. -->","yoast_head_json":{"title":"B\u00e4rlauchpaste aus dem Naturpark Bayerischer Wald","description":"Unser Produkt des Monats Mai ist die B\u00e4rlauchpaste aus dem Naturpark Bayerischer Wald.","robots":{"index":"index","follow":"follow","max-snippet":"max-snippet:-1","max-image-preview":"max-image-preview:large","max-video-preview":"max-video-preview:-1"},"canonical":"https:\/\/www.naturparkmagazin.de\/vdn\/baerlauchpaste-aus-dem-naturpark-bayerischer-wald\/","og_locale":"de_DE","og_type":"article","og_title":"B\u00e4rlauchpaste aus dem Naturpark Bayerischer Wald","og_description":"Unser Produkt des Monats Mai ist die B\u00e4rlauchpaste aus dem Naturpark Bayerischer Wald.","og_url":"https:\/\/www.naturparkmagazin.de\/vdn\/baerlauchpaste-aus-dem-naturpark-bayerischer-wald\/","og_site_name":"Verband Deutscher Naturparke","article_published_time":"2014-04-16T06:48:26+00:00","article_modified_time":"2014-04-15T15:51:21+00:00","og_image":[{"width":180,"height":135,"url":"https:\/\/www.naturparkmagazin.de\/vdn\/wp-content\/uploads\/sites\/3\/B\u00e4rlauchpaste_bearbeitet_NL_Mai_2014.jpg","type":"image\/jpeg"}],"author":"vdnnational","twitter_misc":{"Verfasst von":"vdnnational"},"schema":{"@context":"https:\/\/schema.org","@graph":[{"@type":"WebPage","@id":"https:\/\/www.naturparkmagazin.de\/vdn\/baerlauchpaste-aus-dem-naturpark-bayerischer-wald\/","url":"https:\/\/www.naturparkmagazin.de\/vdn\/baerlauchpaste-aus-dem-naturpark-bayerischer-wald\/","name":"B\u00e4rlauchpaste aus dem Naturpark Bayerischer Wald","isPartOf":{"@id":"https:\/\/www.naturparkmagazin.de\/vdn\/#website"},"datePublished":"2014-04-16T06:48:26+00:00","dateModified":"2014-04-15T15:51:21+00:00","author":{"@id":"https:\/\/www.naturparkmagazin.de\/vdn\/#\/schema\/person\/e28d931df83318a48d52ae72b08d2bfb"},"description":"Unser Produkt des Monats Mai ist die B\u00e4rlauchpaste aus dem Naturpark Bayerischer Wald.","breadcrumb":{"@id":"https:\/\/www.naturparkmagazin.de\/vdn\/baerlauchpaste-aus-dem-naturpark-bayerischer-wald\/#breadcrumb"},"inLanguage":"de","potentialAction":[{"@type":"ReadAction","target":["https:\/\/www.naturparkmagazin.de\/vdn\/baerlauchpaste-aus-dem-naturpark-bayerischer-wald\/"]}]},{"@type":"BreadcrumbList","@id":"https:\/\/www.naturparkmagazin.de\/vdn\/baerlauchpaste-aus-dem-naturpark-bayerischer-wald\/#breadcrumb","itemListElement":[{"@type":"ListItem","position":1,"name":"Home","item":"https:\/\/www.naturparkmagazin.de\/vdn\/"},{"@type":"ListItem","position":2,"name":"B\u00e4rlauchpaste aus dem Naturpark Bayerischer Wald"}]},{"@type":"WebSite","@id":"https:\/\/www.naturparkmagazin.de\/vdn\/#website","url":"https:\/\/www.naturparkmagazin.de\/vdn\/","name":"Verband Deutscher Naturparke","description":"Eine weitere Naturparkmagazin.de Netzwerk Seite","potentialAction":[{"@type":"SearchAction","target":{"@type":"EntryPoint","urlTemplate":"https:\/\/www.naturparkmagazin.de\/vdn\/?s={search_term_string}"},"query-input":"required name=search_term_string"}],"inLanguage":"de"},{"@type":"Person","@id":"https:\/\/www.naturparkmagazin.de\/vdn\/#\/schema\/person\/e28d931df83318a48d52ae72b08d2bfb","name":"vdnnational","url":"https:\/\/www.naturparkmagazin.de\/vdn\/author\/vdnnational\/"}]}},"_links":{"self":[{"href":"https:\/\/www.naturparkmagazin.de\/vdn\/wp-json\/wp\/v2\/posts\/3661"}],"collection":[{"href":"https:\/\/www.naturparkmagazin.de\/vdn\/wp-json\/wp\/v2\/posts"}],"about":[{"href":"https:\/\/www.naturparkmagazin.de\/vdn\/wp-json\/wp\/v2\/types\/post"}],"author":[{"embeddable":true,"href":"https:\/\/www.naturparkmagazin.de\/vdn\/wp-json\/wp\/v2\/users\/14"}],"replies":[{"embeddable":true,"href":"https:\/\/www.naturparkmagazin.de\/vdn\/wp-json\/wp\/v2\/comments?post=3661"}],"version-history":[{"count":5,"href":"https:\/\/www.naturparkmagazin.de\/vdn\/wp-json\/wp\/v2\/posts\/3661\/revisions"}],"predecessor-version":[{"id":3666,"href":"https:\/\/www.naturparkmagazin.de\/vdn\/wp-json\/wp\/v2\/posts\/3661\/revisions\/3666"}],"wp:featuredmedia":[{"embeddable":true,"href":"https:\/\/www.naturparkmagazin.de\/vdn\/wp-json\/wp\/v2\/media\/3662"}],"wp:attachment":[{"href":"https:\/\/www.naturparkmagazin.de\/vdn\/wp-json\/wp\/v2\/media?parent=3661"}],"wp:term":[{"taxonomy":"category","embeddable":true,"href":"https:\/\/www.naturparkmagazin.de\/vdn\/wp-json\/wp\/v2\/categories?post=3661"},{"taxonomy":"post_tag","embeddable":true,"href":"https:\/\/www.naturparkmagazin.de\/vdn\/wp-json\/wp\/v2\/tags?post=3661"}],"curies":[{"name":"wp","href":"https:\/\/api.w.org\/{rel}","templated":true}]}}