{"id":3711,"date":"2014-04-16T08:00:27","date_gmt":"2014-04-16T06:00:27","guid":{"rendered":"http:\/\/www.naturparkmagazin.de\/vdn\/?p=3711"},"modified":"2014-04-23T21:45:46","modified_gmt":"2014-04-23T19:45:46","slug":"ausgezeichnet-netzwerk-naturpark-schulen-ist-dekadeprojekt-2014","status":"publish","type":"post","link":"https:\/\/www.naturparkmagazin.de\/vdn\/ausgezeichnet-netzwerk-naturpark-schulen-ist-dekadeprojekt-2014\/","title":{"rendered":"&#8222;Ausgezeichnet&#8220; &#8211; Netzwerk Naturpark-Schulen ist Dekadeprojekt 2014"},"content":{"rendered":"<div id=\"attachment_3712\" style=\"width: 510px\" class=\"wp-caption aligncenter\"><a href=\"https:\/\/www.naturparkmagazin.de\/vdn\/wp-content\/uploads\/sites\/3\/VDN_Liesen_Naturparkschule_beitrag.jpg\"><img aria-describedby=\"caption-attachment-3712\" decoding=\"async\" loading=\"lazy\" class=\"size-full wp-image-3712\" title=\"Copyright: VDN\/J\u00f6rg Liesen\" alt=\"Copyright: VDN\/J\u00f6rg Liesen\" src=\"https:\/\/www.naturparkmagazin.de\/vdn\/wp-content\/uploads\/sites\/3\/VDN_Liesen_Naturparkschule_beitrag.jpg\" width=\"500\" height=\"300\" srcset=\"https:\/\/www.naturparkmagazin.de\/vdn\/wp-content\/uploads\/sites\/3\/VDN_Liesen_Naturparkschule_beitrag.jpg 500w, https:\/\/www.naturparkmagazin.de\/vdn\/wp-content\/uploads\/sites\/3\/VDN_Liesen_Naturparkschule_beitrag-300x180.jpg 300w, https:\/\/www.naturparkmagazin.de\/vdn\/wp-content\/uploads\/sites\/3\/VDN_Liesen_Naturparkschule_beitrag-200x120.jpg 200w\" sizes=\"(max-width: 500px) 100vw, 500px\" \/><\/a><p id=\"caption-attachment-3712\" class=\"wp-caption-text\">Copyright: VDN\/J\u00f6rg Liesen<\/p><\/div>\n<p>Im Rahmen der UN-Dekade \u201eBildung f\u00fcr nachhaltige Entwicklung\u201c wurde der VDN f\u00fcr sein Projekt \u201eNetzwerk Naturpark-Schulen\u201c von der Deutschen UNESCO-Kommission als \u201eOffizielles Projekt der Dekade 2014\u201c ausgezeichnet.<\/p>\n<p><a href=\"https:\/\/www.naturparkmagazin.de\/vdn\/wp-content\/uploads\/sites\/3\/Dekadelogo.jpg\"><img decoding=\"async\" loading=\"lazy\" class=\"alignleft  wp-image-3715\" title=\"Dekadelogo\" alt=\"Dekadelogo\" src=\"https:\/\/www.naturparkmagazin.de\/vdn\/wp-content\/uploads\/sites\/3\/Dekadelogo.jpg\" width=\"101\" height=\"237\" \/><\/a><\/p>\n<p>Kern des von der Deutschen Bundesstiftung Umwelt (DBU) gef\u00f6rderten Projekts ist der Aufbau einer festen, dauerhaften Kooperation zwischen Naturparken und Schulen. Durch die Zusammenarbeit mit den Schulen werden wichtige Themen aus den Naturpark-Regionen wie Natur und Landschaft, Kultur und Handwerk sowie Land- und Forstwirtschaft regelm\u00e4\u00dfig im Unterricht oder auch auf Exkursionen oder bei Projekttagen der Schulen behandelt. Au\u00dferschulische Partner wie F\u00f6rster, Natursch\u00fctzer und Landwirte werden einbezogen. Die Sch\u00fclerinnen und Sch\u00fcler lernen auf diese Weise ihre Heimatregionen kennen und werden f\u00fcr das Einzigartige dieser Region begeistert. Aktuell besteht das Netzwerk \u201eNaturpark-Schulen\u201c aus 14 Naturparke mit ihren Partnerschulen.<\/p>\n<p>Mit dem von der Deutschen Bundesstiftung Umwelt gef\u00f6rderten Projekt steht der VDN damit beispielhaft f\u00fcr eine innovative und breitenwirksame Umsetzung der Bildung f\u00fcr nachhaltige Entwicklung (BNE). Die Idee dahinter: Nur, wenn Kinder und Erwachsene lernen, nachhaltig zu handeln, kann sich die Welt langfristig gut entwickeln. BNE vermittelt Wissen \u00fcber Hintergr\u00fcnde und Zusammenh\u00e4nge in unserer Welt sowie F\u00e4higkeiten, um sich aktiv f\u00fcr eine nachhaltige Entwicklung einzusetzen.<\/p>\n<p>Die Deutsche UNESCO-Kommission pr\u00e4miert seit 2005 beispielhafte Initiativen, die das Konzept der Bildung f\u00fcr nachhaltige Entwicklung in die Praxis umsetzen. Seit 2005 ging die Auszeichnung &#8222;Offizielles Projekt der UN-Dekade&#8220; bereits an \u00fcber 1.900 Projekte in ganz Deutschland.<\/p>\n","protected":false},"excerpt":{"rendered":"<p>Im Rahmen der UN-Dekade \u201eBildung f\u00fcr nachhaltige Entwicklung\u201c wurde das Projekt \u201eNetzwerk Naturpark-Schulen\u201c von der Deutschen UNESCO-Kommission als \u201eOffizielles Projekt der Dekade 2014\u201c ausgezeichnet.<\/p>\n","protected":false},"author":14,"featured_media":3713,"comment_status":"open","ping_status":"open","sticky":false,"template":"","format":"standard","meta":{"_links_to":"","_links_to_target":""},"categories":[7],"tags":[],"yoast_head":"<!-- This site is optimized with the Yoast SEO plugin v19.10 - https:\/\/yoast.com\/wordpress\/plugins\/seo\/ -->\n<title>&quot;Ausgezeichnet&quot; - Netzwerk Naturpark-Schulen ist Dekadeprojekt 2014<\/title>\n<meta name=\"description\" content=\"Im Rahmen der UN-Dekade \u201eBildung f\u00fcr nachhaltige Entwicklung\u201c wurde das Projekt \u201eNetzwerk Naturpark-Schulen\u201c von der Deutschen UNESCO-Kommission als \u201eOffizielles Projekt der Dekade 2014\u201c ausgezeichnet.\" \/>\n<meta name=\"robots\" content=\"index, follow, max-snippet:-1, max-image-preview:large, max-video-preview:-1\" \/>\n<link rel=\"canonical\" href=\"https:\/\/www.naturparkmagazin.de\/vdn\/ausgezeichnet-netzwerk-naturpark-schulen-ist-dekadeprojekt-2014\/\" \/>\n<meta property=\"og:locale\" content=\"de_DE\" \/>\n<meta property=\"og:type\" content=\"article\" \/>\n<meta property=\"og:title\" content=\"&quot;Ausgezeichnet&quot; - Netzwerk Naturpark-Schulen ist Dekadeprojekt 2014\" \/>\n<meta property=\"og:description\" content=\"Im Rahmen der UN-Dekade \u201eBildung f\u00fcr nachhaltige Entwicklung\u201c wurde das Projekt \u201eNetzwerk Naturpark-Schulen\u201c von der Deutschen UNESCO-Kommission als \u201eOffizielles Projekt der Dekade 2014\u201c ausgezeichnet.\" \/>\n<meta property=\"og:url\" content=\"https:\/\/www.naturparkmagazin.de\/vdn\/ausgezeichnet-netzwerk-naturpark-schulen-ist-dekadeprojekt-2014\/\" \/>\n<meta property=\"og:site_name\" content=\"Verband Deutscher Naturparke\" \/>\n<meta property=\"article:published_time\" content=\"2014-04-16T06:00:27+00:00\" \/>\n<meta property=\"article:modified_time\" content=\"2014-04-23T19:45:46+00:00\" \/>\n<meta property=\"og:image\" content=\"https:\/\/www.naturparkmagazin.de\/vdn\/wp-content\/uploads\/sites\/3\/VDN_Liesen_Naturparkschule_beitragsbild.jpg\" \/>\n\t<meta property=\"og:image:width\" content=\"180\" \/>\n\t<meta property=\"og:image:height\" content=\"135\" \/>\n\t<meta property=\"og:image:type\" content=\"image\/jpeg\" \/>\n<meta name=\"author\" content=\"vdnnational\" \/>\n<meta name=\"twitter:label1\" content=\"Verfasst von\" \/>\n\t<meta name=\"twitter:data1\" content=\"vdnnational\" \/>\n\t<meta name=\"twitter:label2\" content=\"Gesch\u00e4tzte Lesezeit\" \/>\n\t<meta name=\"twitter:data2\" content=\"1\u00a0Minute\" \/>\n<script type=\"application\/ld+json\" class=\"yoast-schema-graph\">{\"@context\":\"https:\/\/schema.org\",\"@graph\":[{\"@type\":\"WebPage\",\"@id\":\"https:\/\/www.naturparkmagazin.de\/vdn\/ausgezeichnet-netzwerk-naturpark-schulen-ist-dekadeprojekt-2014\/\",\"url\":\"https:\/\/www.naturparkmagazin.de\/vdn\/ausgezeichnet-netzwerk-naturpark-schulen-ist-dekadeprojekt-2014\/\",\"name\":\"\\\"Ausgezeichnet\\\" - Netzwerk Naturpark-Schulen ist Dekadeprojekt 2014\",\"isPartOf\":{\"@id\":\"https:\/\/www.naturparkmagazin.de\/vdn\/#website\"},\"datePublished\":\"2014-04-16T06:00:27+00:00\",\"dateModified\":\"2014-04-23T19:45:46+00:00\",\"author\":{\"@id\":\"https:\/\/www.naturparkmagazin.de\/vdn\/#\/schema\/person\/e28d931df83318a48d52ae72b08d2bfb\"},\"description\":\"Im Rahmen der UN-Dekade \u201eBildung f\u00fcr nachhaltige Entwicklung\u201c wurde das Projekt \u201eNetzwerk Naturpark-Schulen\u201c von der Deutschen UNESCO-Kommission als \u201eOffizielles Projekt der Dekade 2014\u201c ausgezeichnet.\",\"breadcrumb\":{\"@id\":\"https:\/\/www.naturparkmagazin.de\/vdn\/ausgezeichnet-netzwerk-naturpark-schulen-ist-dekadeprojekt-2014\/#breadcrumb\"},\"inLanguage\":\"de\",\"potentialAction\":[{\"@type\":\"ReadAction\",\"target\":[\"https:\/\/www.naturparkmagazin.de\/vdn\/ausgezeichnet-netzwerk-naturpark-schulen-ist-dekadeprojekt-2014\/\"]}]},{\"@type\":\"BreadcrumbList\",\"@id\":\"https:\/\/www.naturparkmagazin.de\/vdn\/ausgezeichnet-netzwerk-naturpark-schulen-ist-dekadeprojekt-2014\/#breadcrumb\",\"itemListElement\":[{\"@type\":\"ListItem\",\"position\":1,\"name\":\"Home\",\"item\":\"https:\/\/www.naturparkmagazin.de\/vdn\/\"},{\"@type\":\"ListItem\",\"position\":2,\"name\":\"&#8222;Ausgezeichnet&#8220; &#8211; Netzwerk Naturpark-Schulen ist Dekadeprojekt 2014\"}]},{\"@type\":\"WebSite\",\"@id\":\"https:\/\/www.naturparkmagazin.de\/vdn\/#website\",\"url\":\"https:\/\/www.naturparkmagazin.de\/vdn\/\",\"name\":\"Verband Deutscher Naturparke\",\"description\":\"Eine weitere Naturparkmagazin.de Netzwerk Seite\",\"potentialAction\":[{\"@type\":\"SearchAction\",\"target\":{\"@type\":\"EntryPoint\",\"urlTemplate\":\"https:\/\/www.naturparkmagazin.de\/vdn\/?s={search_term_string}\"},\"query-input\":\"required name=search_term_string\"}],\"inLanguage\":\"de\"},{\"@type\":\"Person\",\"@id\":\"https:\/\/www.naturparkmagazin.de\/vdn\/#\/schema\/person\/e28d931df83318a48d52ae72b08d2bfb\",\"name\":\"vdnnational\",\"url\":\"https:\/\/www.naturparkmagazin.de\/vdn\/author\/vdnnational\/\"}]}<\/script>\n<!-- \/ Yoast SEO plugin. -->","yoast_head_json":{"title":"\"Ausgezeichnet\" - Netzwerk Naturpark-Schulen ist Dekadeprojekt 2014","description":"Im Rahmen der UN-Dekade \u201eBildung f\u00fcr nachhaltige Entwicklung\u201c wurde das Projekt \u201eNetzwerk Naturpark-Schulen\u201c von der Deutschen UNESCO-Kommission als \u201eOffizielles Projekt der Dekade 2014\u201c ausgezeichnet.","robots":{"index":"index","follow":"follow","max-snippet":"max-snippet:-1","max-image-preview":"max-image-preview:large","max-video-preview":"max-video-preview:-1"},"canonical":"https:\/\/www.naturparkmagazin.de\/vdn\/ausgezeichnet-netzwerk-naturpark-schulen-ist-dekadeprojekt-2014\/","og_locale":"de_DE","og_type":"article","og_title":"\"Ausgezeichnet\" - Netzwerk Naturpark-Schulen ist Dekadeprojekt 2014","og_description":"Im Rahmen der UN-Dekade \u201eBildung f\u00fcr nachhaltige Entwicklung\u201c wurde das Projekt \u201eNetzwerk Naturpark-Schulen\u201c von der Deutschen UNESCO-Kommission als \u201eOffizielles Projekt der Dekade 2014\u201c ausgezeichnet.","og_url":"https:\/\/www.naturparkmagazin.de\/vdn\/ausgezeichnet-netzwerk-naturpark-schulen-ist-dekadeprojekt-2014\/","og_site_name":"Verband Deutscher Naturparke","article_published_time":"2014-04-16T06:00:27+00:00","article_modified_time":"2014-04-23T19:45:46+00:00","og_image":[{"width":180,"height":135,"url":"https:\/\/www.naturparkmagazin.de\/vdn\/wp-content\/uploads\/sites\/3\/VDN_Liesen_Naturparkschule_beitragsbild.jpg","type":"image\/jpeg"}],"author":"vdnnational","twitter_misc":{"Verfasst von":"vdnnational","Gesch\u00e4tzte Lesezeit":"1\u00a0Minute"},"schema":{"@context":"https:\/\/schema.org","@graph":[{"@type":"WebPage","@id":"https:\/\/www.naturparkmagazin.de\/vdn\/ausgezeichnet-netzwerk-naturpark-schulen-ist-dekadeprojekt-2014\/","url":"https:\/\/www.naturparkmagazin.de\/vdn\/ausgezeichnet-netzwerk-naturpark-schulen-ist-dekadeprojekt-2014\/","name":"\"Ausgezeichnet\" - Netzwerk Naturpark-Schulen ist Dekadeprojekt 2014","isPartOf":{"@id":"https:\/\/www.naturparkmagazin.de\/vdn\/#website"},"datePublished":"2014-04-16T06:00:27+00:00","dateModified":"2014-04-23T19:45:46+00:00","author":{"@id":"https:\/\/www.naturparkmagazin.de\/vdn\/#\/schema\/person\/e28d931df83318a48d52ae72b08d2bfb"},"description":"Im Rahmen der UN-Dekade \u201eBildung f\u00fcr nachhaltige Entwicklung\u201c wurde das Projekt \u201eNetzwerk Naturpark-Schulen\u201c von der Deutschen UNESCO-Kommission als \u201eOffizielles Projekt der Dekade 2014\u201c ausgezeichnet.","breadcrumb":{"@id":"https:\/\/www.naturparkmagazin.de\/vdn\/ausgezeichnet-netzwerk-naturpark-schulen-ist-dekadeprojekt-2014\/#breadcrumb"},"inLanguage":"de","potentialAction":[{"@type":"ReadAction","target":["https:\/\/www.naturparkmagazin.de\/vdn\/ausgezeichnet-netzwerk-naturpark-schulen-ist-dekadeprojekt-2014\/"]}]},{"@type":"BreadcrumbList","@id":"https:\/\/www.naturparkmagazin.de\/vdn\/ausgezeichnet-netzwerk-naturpark-schulen-ist-dekadeprojekt-2014\/#breadcrumb","itemListElement":[{"@type":"ListItem","position":1,"name":"Home","item":"https:\/\/www.naturparkmagazin.de\/vdn\/"},{"@type":"ListItem","position":2,"name":"&#8222;Ausgezeichnet&#8220; &#8211; Netzwerk Naturpark-Schulen ist Dekadeprojekt 2014"}]},{"@type":"WebSite","@id":"https:\/\/www.naturparkmagazin.de\/vdn\/#website","url":"https:\/\/www.naturparkmagazin.de\/vdn\/","name":"Verband Deutscher Naturparke","description":"Eine weitere Naturparkmagazin.de Netzwerk Seite","potentialAction":[{"@type":"SearchAction","target":{"@type":"EntryPoint","urlTemplate":"https:\/\/www.naturparkmagazin.de\/vdn\/?s={search_term_string}"},"query-input":"required name=search_term_string"}],"inLanguage":"de"},{"@type":"Person","@id":"https:\/\/www.naturparkmagazin.de\/vdn\/#\/schema\/person\/e28d931df83318a48d52ae72b08d2bfb","name":"vdnnational","url":"https:\/\/www.naturparkmagazin.de\/vdn\/author\/vdnnational\/"}]}},"_links":{"self":[{"href":"https:\/\/www.naturparkmagazin.de\/vdn\/wp-json\/wp\/v2\/posts\/3711"}],"collection":[{"href":"https:\/\/www.naturparkmagazin.de\/vdn\/wp-json\/wp\/v2\/posts"}],"about":[{"href":"https:\/\/www.naturparkmagazin.de\/vdn\/wp-json\/wp\/v2\/types\/post"}],"author":[{"embeddable":true,"href":"https:\/\/www.naturparkmagazin.de\/vdn\/wp-json\/wp\/v2\/users\/14"}],"replies":[{"embeddable":true,"href":"https:\/\/www.naturparkmagazin.de\/vdn\/wp-json\/wp\/v2\/comments?post=3711"}],"version-history":[{"count":6,"href":"https:\/\/www.naturparkmagazin.de\/vdn\/wp-json\/wp\/v2\/posts\/3711\/revisions"}],"predecessor-version":[{"id":3757,"href":"https:\/\/www.naturparkmagazin.de\/vdn\/wp-json\/wp\/v2\/posts\/3711\/revisions\/3757"}],"wp:featuredmedia":[{"embeddable":true,"href":"https:\/\/www.naturparkmagazin.de\/vdn\/wp-json\/wp\/v2\/media\/3713"}],"wp:attachment":[{"href":"https:\/\/www.naturparkmagazin.de\/vdn\/wp-json\/wp\/v2\/media?parent=3711"}],"wp:term":[{"taxonomy":"category","embeddable":true,"href":"https:\/\/www.naturparkmagazin.de\/vdn\/wp-json\/wp\/v2\/categories?post=3711"},{"taxonomy":"post_tag","embeddable":true,"href":"https:\/\/www.naturparkmagazin.de\/vdn\/wp-json\/wp\/v2\/tags?post=3711"}],"curies":[{"name":"wp","href":"https:\/\/api.w.org\/{rel}","templated":true}]}}