{"id":3781,"date":"2014-05-19T11:57:47","date_gmt":"2014-05-19T09:57:47","guid":{"rendered":"http:\/\/www.naturparkmagazin.de\/vdn\/?p=3781"},"modified":"2014-05-21T12:49:29","modified_gmt":"2014-05-21T10:49:29","slug":"prima-klima-klimaschutz-und-naturparke","status":"publish","type":"post","link":"https:\/\/www.naturparkmagazin.de\/vdn\/prima-klima-klimaschutz-und-naturparke\/","title":{"rendered":"&#8222;Prima Klima&#8220; \u2013 Klimaschutz und Naturparke"},"content":{"rendered":"<div id=\"attachment_3925\" style=\"width: 510px\" class=\"wp-caption aligncenter\"><a href=\"https:\/\/www.naturparkmagazin.de\/vdn\/wp-content\/uploads\/sites\/3\/Fotolia_34718792_S_Christoph-H\u00e4hnel_Fotolia_com_beitrag.jpg\"><img aria-describedby=\"caption-attachment-3925\" decoding=\"async\" loading=\"lazy\" class=\"size-full wp-image-3925\" title=\"Copyright: Christoph H\u00e4hnel - Fotolia.com\" alt=\"Copyright: Christoph H\u00e4hnel - Fotolia.com_beitrag\" src=\"https:\/\/www.naturparkmagazin.de\/vdn\/wp-content\/uploads\/sites\/3\/Fotolia_34718792_S_Christoph-H\u00e4hnel_Fotolia_com_beitrag.jpg\" width=\"500\" height=\"300\" srcset=\"https:\/\/www.naturparkmagazin.de\/vdn\/wp-content\/uploads\/sites\/3\/Fotolia_34718792_S_Christoph-H\u00e4hnel_Fotolia_com_beitrag.jpg 500w, https:\/\/www.naturparkmagazin.de\/vdn\/wp-content\/uploads\/sites\/3\/Fotolia_34718792_S_Christoph-H\u00e4hnel_Fotolia_com_beitrag-300x180.jpg 300w, https:\/\/www.naturparkmagazin.de\/vdn\/wp-content\/uploads\/sites\/3\/Fotolia_34718792_S_Christoph-H\u00e4hnel_Fotolia_com_beitrag-200x120.jpg 200w\" sizes=\"(max-width: 500px) 100vw, 500px\" \/><\/a><p id=\"caption-attachment-3925\" class=\"wp-caption-text\">Copyright: Christoph H\u00e4hnel &#8211; Fotolia.com<\/p><\/div>\n<p>Naturparke sind wichtig f\u00fcr den Schutz des Klimas und unterst\u00fctzen durch ihre Arbeit, dass Klimaschutzziele erreicht werden. Ihre Beitr\u00e4ge zu attraktiven und nachhaltigen Reiseangeboten in Deutschland sowie zur St\u00e4rkung regionaler Wirtschaftskreisl\u00e4ufe tragen zur Minderung des Verkehrsaufkommens bei und helfen so, fossile Energieressourcen zu schonen und klimasch\u00e4dliche Emissionen zu verringern.<\/p>\n<div id=\"attachment_3788\" style=\"width: 510px\" class=\"wp-caption aligncenter\"><a href=\"https:\/\/www.naturparkmagazin.de\/vdn\/wp-content\/uploads\/sites\/3\/Karl-K\u00f6hne-GmbH_beitrag.jpg\"><img aria-describedby=\"caption-attachment-3788\" decoding=\"async\" loading=\"lazy\" class=\"size-full wp-image-3788\" title=\"Copyright: Karl K\u00f6hne GmbH\" alt=\"Copyright: Karl K\u00f6hne GmbH\" src=\"https:\/\/www.naturparkmagazin.de\/vdn\/wp-content\/uploads\/sites\/3\/Karl-K\u00f6hne-GmbH_beitrag.jpg\" width=\"500\" height=\"300\" srcset=\"https:\/\/www.naturparkmagazin.de\/vdn\/wp-content\/uploads\/sites\/3\/Karl-K\u00f6hne-GmbH_beitrag.jpg 500w, https:\/\/www.naturparkmagazin.de\/vdn\/wp-content\/uploads\/sites\/3\/Karl-K\u00f6hne-GmbH_beitrag-300x180.jpg 300w, https:\/\/www.naturparkmagazin.de\/vdn\/wp-content\/uploads\/sites\/3\/Karl-K\u00f6hne-GmbH_beitrag-200x120.jpg 200w\" sizes=\"(max-width: 500px) 100vw, 500px\" \/><\/a><p id=\"caption-attachment-3788\" class=\"wp-caption-text\">Copyright: Karl K\u00f6hne GmbH<\/p><\/div>\n<p>Naturschutzma\u00dfnahmen wie die Erhaltung und Renaturierung von Mooren und auch der Erhalt von Gr\u00fcnland tragen ebenso aktiv zum Schutz des Klimas bei wie Projekte zur Biomassenutzung wie sie in den Naturparken Barnim, Bayerischer Wald, L\u00fcneburger Heide und Westhavelland durchgef\u00fchrt werden. Im Fall der Biomassenutzung handelt es sich um die Erzeugung CO2-neutraler Energie durch die Verwendung nachwachsender Rohstoffe. Durch die Erhaltung und Renaturierung von Mooren und auch von Gr\u00fcnland wird die CO2-Bindung gef\u00f6rdert bzw. es wird verhindert, dass durch die Zerst\u00f6rung von Mooren oder Gr\u00fcnland das dort gebundene Kohlendioxid freigesetzt wird.<\/p>\n<div id=\"attachment_3790\" style=\"width: 510px\" class=\"wp-caption aligncenter\"><a href=\"https:\/\/www.naturparkmagazin.de\/vdn\/wp-content\/uploads\/sites\/3\/L\u00fcneburger_heide_Heizwerk3-beitrag.jpg\"><img aria-describedby=\"caption-attachment-3790\" decoding=\"async\" loading=\"lazy\" class=\"size-full wp-image-3790\" title=\"Copyright: Naturpark L\u00fcneburger Heide\" alt=\"Copyright: Naturpark L\u00fcneburger Heide\" src=\"https:\/\/www.naturparkmagazin.de\/vdn\/wp-content\/uploads\/sites\/3\/L\u00fcneburger_heide_Heizwerk3-beitrag.jpg\" width=\"500\" height=\"300\" srcset=\"https:\/\/www.naturparkmagazin.de\/vdn\/wp-content\/uploads\/sites\/3\/L\u00fcneburger_heide_Heizwerk3-beitrag.jpg 500w, https:\/\/www.naturparkmagazin.de\/vdn\/wp-content\/uploads\/sites\/3\/L\u00fcneburger_heide_Heizwerk3-beitrag-300x180.jpg 300w, https:\/\/www.naturparkmagazin.de\/vdn\/wp-content\/uploads\/sites\/3\/L\u00fcneburger_heide_Heizwerk3-beitrag-200x120.jpg 200w\" sizes=\"(max-width: 500px) 100vw, 500px\" \/><\/a><p id=\"caption-attachment-3790\" class=\"wp-caption-text\">Copyright: Naturpark L\u00fcneburger Heide<\/p><\/div>\n<p>Einige Naturparke entwickeln auch energetische Nutzungskonzepte f\u00fcr ihre Infozentren und Dienstgeb\u00e4ude. Beispiele daf\u00fcr sind das Infozentrum Naturpark Bayerischer Wald oder das Holzhackschnitzelheizwerk im Naturpark L\u00fcneburger Heide. Der Naturpark S\u00fcdschwarzwald informiert Besucher und Bewohner des Naturparks mit einer umfangreichen Brosch\u00fcre \u00fcber die verschiedenen Nutzungen erneuerbarer Energien in seinen Gemeinden, den so genannten <a href=\"http:\/\/www.naturpark-suedschwarzwald.de\/Mensch\/Regenerative%20Energien\/bioenergied%C3%B6rfer-s%C3%BCdschwarzwald\" target=\"_blank\">\u201eEnergiegemeinden im Naturpark S\u00fcdschwarzwald\u201c<\/a>. Mit dem Projekt \u201eKlimaTour Eifel\u201c engagiert sich der Deutsch-Belgische Naturpark Hohes Venn-Eifel daf\u00fcr, Klimaschutzaspekte in die Tourismusentwicklung in der Eifel zu integrieren (Link: <a href=\"http:\/\/www.klimaschutz-eifel.de\/\">http:\/\/www.klimaschutz-eifel.de\/<\/a>)<\/p>\n<p>&nbsp;<\/p>\n<p>&nbsp;<\/p>\n","protected":false},"excerpt":{"rendered":"<p>Naturparke sind wichtig f\u00fcr den Schutz des Klimas und unterst\u00fctzen beispielsweise durch Ihre Beitr\u00e4ge zu attraktiven und nachhaltigen Reiseangeboten in Deutschland, dass Klimaschutzziele erreicht werden.<\/p>\n","protected":false},"author":14,"featured_media":3928,"comment_status":"open","ping_status":"open","sticky":false,"template":"","format":"standard","meta":{"_links_to":"","_links_to_target":""},"categories":[51],"tags":[],"yoast_head":"<!-- This site is optimized with the Yoast SEO plugin v19.10 - https:\/\/yoast.com\/wordpress\/plugins\/seo\/ -->\n<title>&quot;Prima Klima&quot; \u2013 Klimaschutz und Naturparke<\/title>\n<meta name=\"description\" content=\"Naturparke sind wichtig f\u00fcr den Schutz des Klimas und unterst\u00fctzen beispielsweise durch Ihre Beitr\u00e4ge zu attraktiven und nachhaltigen Reiseangeboten in Deutschland, dass Klimaschutzziele erreicht werden.\" \/>\n<meta name=\"robots\" content=\"index, follow, max-snippet:-1, max-image-preview:large, max-video-preview:-1\" \/>\n<link rel=\"canonical\" href=\"https:\/\/www.naturparkmagazin.de\/vdn\/prima-klima-klimaschutz-und-naturparke\/\" \/>\n<meta property=\"og:locale\" content=\"de_DE\" \/>\n<meta property=\"og:type\" content=\"article\" \/>\n<meta property=\"og:title\" content=\"&quot;Prima Klima&quot; \u2013 Klimaschutz und Naturparke\" \/>\n<meta property=\"og:description\" content=\"Naturparke sind wichtig f\u00fcr den Schutz des Klimas und unterst\u00fctzen beispielsweise durch Ihre Beitr\u00e4ge zu attraktiven und nachhaltigen Reiseangeboten in Deutschland, dass Klimaschutzziele erreicht werden.\" \/>\n<meta property=\"og:url\" content=\"https:\/\/www.naturparkmagazin.de\/vdn\/prima-klima-klimaschutz-und-naturparke\/\" \/>\n<meta property=\"og:site_name\" content=\"Verband Deutscher Naturparke\" \/>\n<meta property=\"article:published_time\" content=\"2014-05-19T09:57:47+00:00\" \/>\n<meta property=\"article:modified_time\" content=\"2014-05-21T10:49:29+00:00\" \/>\n<meta property=\"og:image\" content=\"https:\/\/www.naturparkmagazin.de\/vdn\/wp-content\/uploads\/sites\/3\/Fotolia_34718792_S_Christoph-H\u00e4hnel_Fotolia_com_beitragsbild.jpg\" \/>\n\t<meta property=\"og:image:width\" content=\"180\" \/>\n\t<meta property=\"og:image:height\" content=\"135\" \/>\n\t<meta property=\"og:image:type\" content=\"image\/jpeg\" \/>\n<meta name=\"author\" content=\"vdnnational\" \/>\n<meta name=\"twitter:label1\" content=\"Verfasst von\" \/>\n\t<meta name=\"twitter:data1\" content=\"vdnnational\" \/>\n\t<meta name=\"twitter:label2\" content=\"Gesch\u00e4tzte Lesezeit\" \/>\n\t<meta name=\"twitter:data2\" content=\"1\u00a0Minute\" \/>\n<script type=\"application\/ld+json\" class=\"yoast-schema-graph\">{\"@context\":\"https:\/\/schema.org\",\"@graph\":[{\"@type\":\"WebPage\",\"@id\":\"https:\/\/www.naturparkmagazin.de\/vdn\/prima-klima-klimaschutz-und-naturparke\/\",\"url\":\"https:\/\/www.naturparkmagazin.de\/vdn\/prima-klima-klimaschutz-und-naturparke\/\",\"name\":\"\\\"Prima Klima\\\" \u2013 Klimaschutz und Naturparke\",\"isPartOf\":{\"@id\":\"https:\/\/www.naturparkmagazin.de\/vdn\/#website\"},\"datePublished\":\"2014-05-19T09:57:47+00:00\",\"dateModified\":\"2014-05-21T10:49:29+00:00\",\"author\":{\"@id\":\"https:\/\/www.naturparkmagazin.de\/vdn\/#\/schema\/person\/e28d931df83318a48d52ae72b08d2bfb\"},\"description\":\"Naturparke sind wichtig f\u00fcr den Schutz des Klimas und unterst\u00fctzen beispielsweise durch Ihre Beitr\u00e4ge zu attraktiven und nachhaltigen Reiseangeboten in Deutschland, dass Klimaschutzziele erreicht werden.\",\"breadcrumb\":{\"@id\":\"https:\/\/www.naturparkmagazin.de\/vdn\/prima-klima-klimaschutz-und-naturparke\/#breadcrumb\"},\"inLanguage\":\"de\",\"potentialAction\":[{\"@type\":\"ReadAction\",\"target\":[\"https:\/\/www.naturparkmagazin.de\/vdn\/prima-klima-klimaschutz-und-naturparke\/\"]}]},{\"@type\":\"BreadcrumbList\",\"@id\":\"https:\/\/www.naturparkmagazin.de\/vdn\/prima-klima-klimaschutz-und-naturparke\/#breadcrumb\",\"itemListElement\":[{\"@type\":\"ListItem\",\"position\":1,\"name\":\"Home\",\"item\":\"https:\/\/www.naturparkmagazin.de\/vdn\/\"},{\"@type\":\"ListItem\",\"position\":2,\"name\":\"&#8222;Prima Klima&#8220; \u2013 Klimaschutz und Naturparke\"}]},{\"@type\":\"WebSite\",\"@id\":\"https:\/\/www.naturparkmagazin.de\/vdn\/#website\",\"url\":\"https:\/\/www.naturparkmagazin.de\/vdn\/\",\"name\":\"Verband Deutscher Naturparke\",\"description\":\"Eine weitere Naturparkmagazin.de Netzwerk Seite\",\"potentialAction\":[{\"@type\":\"SearchAction\",\"target\":{\"@type\":\"EntryPoint\",\"urlTemplate\":\"https:\/\/www.naturparkmagazin.de\/vdn\/?s={search_term_string}\"},\"query-input\":\"required name=search_term_string\"}],\"inLanguage\":\"de\"},{\"@type\":\"Person\",\"@id\":\"https:\/\/www.naturparkmagazin.de\/vdn\/#\/schema\/person\/e28d931df83318a48d52ae72b08d2bfb\",\"name\":\"vdnnational\",\"url\":\"https:\/\/www.naturparkmagazin.de\/vdn\/author\/vdnnational\/\"}]}<\/script>\n<!-- \/ Yoast SEO plugin. -->","yoast_head_json":{"title":"\"Prima Klima\" \u2013 Klimaschutz und Naturparke","description":"Naturparke sind wichtig f\u00fcr den Schutz des Klimas und unterst\u00fctzen beispielsweise durch Ihre Beitr\u00e4ge zu attraktiven und nachhaltigen Reiseangeboten in Deutschland, dass Klimaschutzziele erreicht werden.","robots":{"index":"index","follow":"follow","max-snippet":"max-snippet:-1","max-image-preview":"max-image-preview:large","max-video-preview":"max-video-preview:-1"},"canonical":"https:\/\/www.naturparkmagazin.de\/vdn\/prima-klima-klimaschutz-und-naturparke\/","og_locale":"de_DE","og_type":"article","og_title":"\"Prima Klima\" \u2013 Klimaschutz und Naturparke","og_description":"Naturparke sind wichtig f\u00fcr den Schutz des Klimas und unterst\u00fctzen beispielsweise durch Ihre Beitr\u00e4ge zu attraktiven und nachhaltigen Reiseangeboten in Deutschland, dass Klimaschutzziele erreicht werden.","og_url":"https:\/\/www.naturparkmagazin.de\/vdn\/prima-klima-klimaschutz-und-naturparke\/","og_site_name":"Verband Deutscher Naturparke","article_published_time":"2014-05-19T09:57:47+00:00","article_modified_time":"2014-05-21T10:49:29+00:00","og_image":[{"width":180,"height":135,"url":"https:\/\/www.naturparkmagazin.de\/vdn\/wp-content\/uploads\/sites\/3\/Fotolia_34718792_S_Christoph-H\u00e4hnel_Fotolia_com_beitragsbild.jpg","type":"image\/jpeg"}],"author":"vdnnational","twitter_misc":{"Verfasst von":"vdnnational","Gesch\u00e4tzte Lesezeit":"1\u00a0Minute"},"schema":{"@context":"https:\/\/schema.org","@graph":[{"@type":"WebPage","@id":"https:\/\/www.naturparkmagazin.de\/vdn\/prima-klima-klimaschutz-und-naturparke\/","url":"https:\/\/www.naturparkmagazin.de\/vdn\/prima-klima-klimaschutz-und-naturparke\/","name":"\"Prima Klima\" \u2013 Klimaschutz und Naturparke","isPartOf":{"@id":"https:\/\/www.naturparkmagazin.de\/vdn\/#website"},"datePublished":"2014-05-19T09:57:47+00:00","dateModified":"2014-05-21T10:49:29+00:00","author":{"@id":"https:\/\/www.naturparkmagazin.de\/vdn\/#\/schema\/person\/e28d931df83318a48d52ae72b08d2bfb"},"description":"Naturparke sind wichtig f\u00fcr den Schutz des Klimas und unterst\u00fctzen beispielsweise durch Ihre Beitr\u00e4ge zu attraktiven und nachhaltigen Reiseangeboten in Deutschland, dass Klimaschutzziele erreicht werden.","breadcrumb":{"@id":"https:\/\/www.naturparkmagazin.de\/vdn\/prima-klima-klimaschutz-und-naturparke\/#breadcrumb"},"inLanguage":"de","potentialAction":[{"@type":"ReadAction","target":["https:\/\/www.naturparkmagazin.de\/vdn\/prima-klima-klimaschutz-und-naturparke\/"]}]},{"@type":"BreadcrumbList","@id":"https:\/\/www.naturparkmagazin.de\/vdn\/prima-klima-klimaschutz-und-naturparke\/#breadcrumb","itemListElement":[{"@type":"ListItem","position":1,"name":"Home","item":"https:\/\/www.naturparkmagazin.de\/vdn\/"},{"@type":"ListItem","position":2,"name":"&#8222;Prima Klima&#8220; \u2013 Klimaschutz und Naturparke"}]},{"@type":"WebSite","@id":"https:\/\/www.naturparkmagazin.de\/vdn\/#website","url":"https:\/\/www.naturparkmagazin.de\/vdn\/","name":"Verband Deutscher Naturparke","description":"Eine weitere Naturparkmagazin.de Netzwerk Seite","potentialAction":[{"@type":"SearchAction","target":{"@type":"EntryPoint","urlTemplate":"https:\/\/www.naturparkmagazin.de\/vdn\/?s={search_term_string}"},"query-input":"required name=search_term_string"}],"inLanguage":"de"},{"@type":"Person","@id":"https:\/\/www.naturparkmagazin.de\/vdn\/#\/schema\/person\/e28d931df83318a48d52ae72b08d2bfb","name":"vdnnational","url":"https:\/\/www.naturparkmagazin.de\/vdn\/author\/vdnnational\/"}]}},"_links":{"self":[{"href":"https:\/\/www.naturparkmagazin.de\/vdn\/wp-json\/wp\/v2\/posts\/3781"}],"collection":[{"href":"https:\/\/www.naturparkmagazin.de\/vdn\/wp-json\/wp\/v2\/posts"}],"about":[{"href":"https:\/\/www.naturparkmagazin.de\/vdn\/wp-json\/wp\/v2\/types\/post"}],"author":[{"embeddable":true,"href":"https:\/\/www.naturparkmagazin.de\/vdn\/wp-json\/wp\/v2\/users\/14"}],"replies":[{"embeddable":true,"href":"https:\/\/www.naturparkmagazin.de\/vdn\/wp-json\/wp\/v2\/comments?post=3781"}],"version-history":[{"count":13,"href":"https:\/\/www.naturparkmagazin.de\/vdn\/wp-json\/wp\/v2\/posts\/3781\/revisions"}],"predecessor-version":[{"id":3926,"href":"https:\/\/www.naturparkmagazin.de\/vdn\/wp-json\/wp\/v2\/posts\/3781\/revisions\/3926"}],"wp:featuredmedia":[{"embeddable":true,"href":"https:\/\/www.naturparkmagazin.de\/vdn\/wp-json\/wp\/v2\/media\/3928"}],"wp:attachment":[{"href":"https:\/\/www.naturparkmagazin.de\/vdn\/wp-json\/wp\/v2\/media?parent=3781"}],"wp:term":[{"taxonomy":"category","embeddable":true,"href":"https:\/\/www.naturparkmagazin.de\/vdn\/wp-json\/wp\/v2\/categories?post=3781"},{"taxonomy":"post_tag","embeddable":true,"href":"https:\/\/www.naturparkmagazin.de\/vdn\/wp-json\/wp\/v2\/tags?post=3781"}],"curies":[{"name":"wp","href":"https:\/\/api.w.org\/{rel}","templated":true}]}}