{"id":3811,"date":"2014-05-19T12:41:10","date_gmt":"2014-05-19T10:41:10","guid":{"rendered":"http:\/\/www.naturparkmagazin.de\/vdn\/?p=3811"},"modified":"2014-05-30T14:54:37","modified_gmt":"2014-05-30T12:54:37","slug":"rhabarberkuchen","status":"publish","type":"post","link":"https:\/\/www.naturparkmagazin.de\/vdn\/rhabarberkuchen\/","title":{"rendered":"Rhabarberkuchen"},"content":{"rendered":"<div id=\"attachment_3820\" style=\"width: 510px\" class=\"wp-caption aligncenter\"><a href=\"https:\/\/www.naturparkmagazin.de\/vdn\/wp-content\/uploads\/sites\/3\/Foto-Beitrag.jpg\"><img aria-describedby=\"caption-attachment-3820\" decoding=\"async\" loading=\"lazy\" class=\"size-full wp-image-3820 \" title=\"Copyright: Naturpark Lahn-Dill-Bergland\" alt=\"Copyright: Naturpark Lahn-Dill-Bergland\" src=\"https:\/\/www.naturparkmagazin.de\/vdn\/wp-content\/uploads\/sites\/3\/Foto-Beitrag.jpg\" width=\"500\" height=\"300\" srcset=\"https:\/\/www.naturparkmagazin.de\/vdn\/wp-content\/uploads\/sites\/3\/Foto-Beitrag.jpg 500w, https:\/\/www.naturparkmagazin.de\/vdn\/wp-content\/uploads\/sites\/3\/Foto-Beitrag-300x180.jpg 300w, https:\/\/www.naturparkmagazin.de\/vdn\/wp-content\/uploads\/sites\/3\/Foto-Beitrag-200x120.jpg 200w\" sizes=\"(max-width: 500px) 100vw, 500px\" \/><\/a><p id=\"caption-attachment-3820\" class=\"wp-caption-text\">Copyright: Naturpark Lahn-Dill-Bergland<\/p><\/div>\n<p>&nbsp;<\/p>\n<p><span style=\"color: #ff6600;\"><strong><em>Zubereitung<\/em><\/strong><\/span><\/p>\n<p>250g Butter\n100g Zucker\n1 Vanillezucker<\/p>\n<p style=\"padding-left: 30px;\"><em><span style=\"color: #ff6600;\">schaumig schlagen<\/span><\/em><\/p>\n<p>\u00a01 Ei\n3 Eigelb<\/p>\n<p style=\"padding-left: 30px;\"><em><span style=\"color: #ff6600;\">unterr\u00fchren<\/span><\/em><\/p>\n<p>250 g Mehl\n2 \u00bd Teel. Backpulver<\/p>\n<p style=\"padding-left: 30px;\"><em><span style=\"color: #ff6600;\">sieben und unterr\u00fchren<\/span><\/em><\/p>\n<p style=\"padding-left: 30px;\"><em><span style=\"color: #ff6600;\">aufs Blech streichen.<\/span><\/em><\/p>\n<p><em><span style=\"color: #ff6600;\">Rhabarber waschen, s\u00e4ubern und in Stangen auf den Teig legen. Bei 175\u00b0 ca. 25 Minuten backen, dann<\/span><\/em><\/p>\n<p>3 Eiwei\u00df\n150g Zucker<\/p>\n<p style=\"padding-left: 30px;\"><em><span style=\"color: #ff6600;\">schlagen und auf dem Blech verteilen.<\/span><\/em><\/p>\n<p><em><span style=\"color: #ff6600;\">Bei 200\u00b0 ca. 8 Minuten weiterbacken<\/span><\/em><\/p>\n<p>Das Team vom Caf\u00e9 Dennoch w\u00fcnscht Guten Appetit!<\/p>\n<p>&nbsp;<\/p>\n<p>&nbsp;<\/p>\n","protected":false},"excerpt":{"rendered":"<p>Der Monat Juni l\u00e4dt ein, noch einmal frischen Rhabarber zu genie\u00dfen, da die Erntezeit am 24. Juni endet. Als Rezept des Monats pr\u00e4sentieren wir Ihnen ein k\u00f6stliches Rhabarberkuchenrezept aus dem Caf\u00e9 Dennoch in Bad Endbach &#8211; Naturpark Lahn-Dill-Bergland.<\/p>\n","protected":false},"author":51,"featured_media":3819,"comment_status":"open","ping_status":"open","sticky":false,"template":"","format":"standard","meta":{"_links_to":"","_links_to_target":""},"categories":[14],"tags":[],"yoast_head":"<!-- This site is optimized with the Yoast SEO plugin v19.10 - https:\/\/yoast.com\/wordpress\/plugins\/seo\/ -->\n<title>Rhabarberkuchen<\/title>\n<meta name=\"description\" content=\"Der Monat Juni l\u00e4dt ein, noch einmal frischen Rhabarber zu genie\u00dfen, da die Erntezeit am 24. Juni endet. Als Rezept des Monats pr\u00e4sentieren wir Ihnen ein k\u00f6stliches Rhabarberkuchenrezept aus dem Caf\u00e9 Dennoch in Bad Endbach - Naturpark Lahn-Dill-Bergland.\" \/>\n<meta name=\"robots\" content=\"index, follow, max-snippet:-1, max-image-preview:large, max-video-preview:-1\" \/>\n<link rel=\"canonical\" href=\"https:\/\/www.naturparkmagazin.de\/vdn\/rhabarberkuchen\/\" \/>\n<meta property=\"og:locale\" content=\"de_DE\" \/>\n<meta property=\"og:type\" content=\"article\" \/>\n<meta property=\"og:title\" content=\"Rhabarberkuchen\" \/>\n<meta property=\"og:description\" content=\"Der Monat Juni l\u00e4dt ein, noch einmal frischen Rhabarber zu genie\u00dfen, da die Erntezeit am 24. Juni endet. Als Rezept des Monats pr\u00e4sentieren wir Ihnen ein k\u00f6stliches Rhabarberkuchenrezept aus dem Caf\u00e9 Dennoch in Bad Endbach - Naturpark Lahn-Dill-Bergland.\" \/>\n<meta property=\"og:url\" content=\"https:\/\/www.naturparkmagazin.de\/vdn\/rhabarberkuchen\/\" \/>\n<meta property=\"og:site_name\" content=\"Verband Deutscher Naturparke\" \/>\n<meta property=\"article:published_time\" content=\"2014-05-19T10:41:10+00:00\" \/>\n<meta property=\"article:modified_time\" content=\"2014-05-30T12:54:37+00:00\" \/>\n<meta property=\"og:image\" content=\"https:\/\/www.naturparkmagazin.de\/vdn\/wp-content\/uploads\/sites\/3\/Fotolia_53163502_XS_bit24-Fotolia-Beitragsabild.jpg\" \/>\n\t<meta property=\"og:image:width\" content=\"180\" \/>\n\t<meta property=\"og:image:height\" content=\"135\" \/>\n\t<meta property=\"og:image:type\" content=\"image\/jpeg\" \/>\n<meta name=\"author\" content=\"beatrixlosem\" \/>\n<meta name=\"twitter:label1\" content=\"Verfasst von\" \/>\n\t<meta name=\"twitter:data1\" content=\"beatrixlosem\" \/>\n<script type=\"application\/ld+json\" class=\"yoast-schema-graph\">{\"@context\":\"https:\/\/schema.org\",\"@graph\":[{\"@type\":\"WebPage\",\"@id\":\"https:\/\/www.naturparkmagazin.de\/vdn\/rhabarberkuchen\/\",\"url\":\"https:\/\/www.naturparkmagazin.de\/vdn\/rhabarberkuchen\/\",\"name\":\"Rhabarberkuchen\",\"isPartOf\":{\"@id\":\"https:\/\/www.naturparkmagazin.de\/vdn\/#website\"},\"datePublished\":\"2014-05-19T10:41:10+00:00\",\"dateModified\":\"2014-05-30T12:54:37+00:00\",\"author\":{\"@id\":\"https:\/\/www.naturparkmagazin.de\/vdn\/#\/schema\/person\/d71357578c318b6db03be60b1f60396b\"},\"description\":\"Der Monat Juni l\u00e4dt ein, noch einmal frischen Rhabarber zu genie\u00dfen, da die Erntezeit am 24. Juni endet. Als Rezept des Monats pr\u00e4sentieren wir Ihnen ein k\u00f6stliches Rhabarberkuchenrezept aus dem Caf\u00e9 Dennoch in Bad Endbach - Naturpark Lahn-Dill-Bergland.\",\"breadcrumb\":{\"@id\":\"https:\/\/www.naturparkmagazin.de\/vdn\/rhabarberkuchen\/#breadcrumb\"},\"inLanguage\":\"de\",\"potentialAction\":[{\"@type\":\"ReadAction\",\"target\":[\"https:\/\/www.naturparkmagazin.de\/vdn\/rhabarberkuchen\/\"]}]},{\"@type\":\"BreadcrumbList\",\"@id\":\"https:\/\/www.naturparkmagazin.de\/vdn\/rhabarberkuchen\/#breadcrumb\",\"itemListElement\":[{\"@type\":\"ListItem\",\"position\":1,\"name\":\"Home\",\"item\":\"https:\/\/www.naturparkmagazin.de\/vdn\/\"},{\"@type\":\"ListItem\",\"position\":2,\"name\":\"Rhabarberkuchen\"}]},{\"@type\":\"WebSite\",\"@id\":\"https:\/\/www.naturparkmagazin.de\/vdn\/#website\",\"url\":\"https:\/\/www.naturparkmagazin.de\/vdn\/\",\"name\":\"Verband Deutscher Naturparke\",\"description\":\"Eine weitere Naturparkmagazin.de Netzwerk Seite\",\"potentialAction\":[{\"@type\":\"SearchAction\",\"target\":{\"@type\":\"EntryPoint\",\"urlTemplate\":\"https:\/\/www.naturparkmagazin.de\/vdn\/?s={search_term_string}\"},\"query-input\":\"required name=search_term_string\"}],\"inLanguage\":\"de\"},{\"@type\":\"Person\",\"@id\":\"https:\/\/www.naturparkmagazin.de\/vdn\/#\/schema\/person\/d71357578c318b6db03be60b1f60396b\",\"name\":\"beatrixlosem\",\"url\":\"https:\/\/www.naturparkmagazin.de\/vdn\/author\/beatrixlosem\/\"}]}<\/script>\n<!-- \/ Yoast SEO plugin. -->","yoast_head_json":{"title":"Rhabarberkuchen","description":"Der Monat Juni l\u00e4dt ein, noch einmal frischen Rhabarber zu genie\u00dfen, da die Erntezeit am 24. Juni endet. Als Rezept des Monats pr\u00e4sentieren wir Ihnen ein k\u00f6stliches Rhabarberkuchenrezept aus dem Caf\u00e9 Dennoch in Bad Endbach - Naturpark Lahn-Dill-Bergland.","robots":{"index":"index","follow":"follow","max-snippet":"max-snippet:-1","max-image-preview":"max-image-preview:large","max-video-preview":"max-video-preview:-1"},"canonical":"https:\/\/www.naturparkmagazin.de\/vdn\/rhabarberkuchen\/","og_locale":"de_DE","og_type":"article","og_title":"Rhabarberkuchen","og_description":"Der Monat Juni l\u00e4dt ein, noch einmal frischen Rhabarber zu genie\u00dfen, da die Erntezeit am 24. Juni endet. Als Rezept des Monats pr\u00e4sentieren wir Ihnen ein k\u00f6stliches Rhabarberkuchenrezept aus dem Caf\u00e9 Dennoch in Bad Endbach - Naturpark Lahn-Dill-Bergland.","og_url":"https:\/\/www.naturparkmagazin.de\/vdn\/rhabarberkuchen\/","og_site_name":"Verband Deutscher Naturparke","article_published_time":"2014-05-19T10:41:10+00:00","article_modified_time":"2014-05-30T12:54:37+00:00","og_image":[{"width":180,"height":135,"url":"https:\/\/www.naturparkmagazin.de\/vdn\/wp-content\/uploads\/sites\/3\/Fotolia_53163502_XS_bit24-Fotolia-Beitragsabild.jpg","type":"image\/jpeg"}],"author":"beatrixlosem","twitter_misc":{"Verfasst von":"beatrixlosem"},"schema":{"@context":"https:\/\/schema.org","@graph":[{"@type":"WebPage","@id":"https:\/\/www.naturparkmagazin.de\/vdn\/rhabarberkuchen\/","url":"https:\/\/www.naturparkmagazin.de\/vdn\/rhabarberkuchen\/","name":"Rhabarberkuchen","isPartOf":{"@id":"https:\/\/www.naturparkmagazin.de\/vdn\/#website"},"datePublished":"2014-05-19T10:41:10+00:00","dateModified":"2014-05-30T12:54:37+00:00","author":{"@id":"https:\/\/www.naturparkmagazin.de\/vdn\/#\/schema\/person\/d71357578c318b6db03be60b1f60396b"},"description":"Der Monat Juni l\u00e4dt ein, noch einmal frischen Rhabarber zu genie\u00dfen, da die Erntezeit am 24. Juni endet. Als Rezept des Monats pr\u00e4sentieren wir Ihnen ein k\u00f6stliches Rhabarberkuchenrezept aus dem Caf\u00e9 Dennoch in Bad Endbach - Naturpark Lahn-Dill-Bergland.","breadcrumb":{"@id":"https:\/\/www.naturparkmagazin.de\/vdn\/rhabarberkuchen\/#breadcrumb"},"inLanguage":"de","potentialAction":[{"@type":"ReadAction","target":["https:\/\/www.naturparkmagazin.de\/vdn\/rhabarberkuchen\/"]}]},{"@type":"BreadcrumbList","@id":"https:\/\/www.naturparkmagazin.de\/vdn\/rhabarberkuchen\/#breadcrumb","itemListElement":[{"@type":"ListItem","position":1,"name":"Home","item":"https:\/\/www.naturparkmagazin.de\/vdn\/"},{"@type":"ListItem","position":2,"name":"Rhabarberkuchen"}]},{"@type":"WebSite","@id":"https:\/\/www.naturparkmagazin.de\/vdn\/#website","url":"https:\/\/www.naturparkmagazin.de\/vdn\/","name":"Verband Deutscher Naturparke","description":"Eine weitere Naturparkmagazin.de Netzwerk Seite","potentialAction":[{"@type":"SearchAction","target":{"@type":"EntryPoint","urlTemplate":"https:\/\/www.naturparkmagazin.de\/vdn\/?s={search_term_string}"},"query-input":"required name=search_term_string"}],"inLanguage":"de"},{"@type":"Person","@id":"https:\/\/www.naturparkmagazin.de\/vdn\/#\/schema\/person\/d71357578c318b6db03be60b1f60396b","name":"beatrixlosem","url":"https:\/\/www.naturparkmagazin.de\/vdn\/author\/beatrixlosem\/"}]}},"_links":{"self":[{"href":"https:\/\/www.naturparkmagazin.de\/vdn\/wp-json\/wp\/v2\/posts\/3811"}],"collection":[{"href":"https:\/\/www.naturparkmagazin.de\/vdn\/wp-json\/wp\/v2\/posts"}],"about":[{"href":"https:\/\/www.naturparkmagazin.de\/vdn\/wp-json\/wp\/v2\/types\/post"}],"author":[{"embeddable":true,"href":"https:\/\/www.naturparkmagazin.de\/vdn\/wp-json\/wp\/v2\/users\/51"}],"replies":[{"embeddable":true,"href":"https:\/\/www.naturparkmagazin.de\/vdn\/wp-json\/wp\/v2\/comments?post=3811"}],"version-history":[{"count":15,"href":"https:\/\/www.naturparkmagazin.de\/vdn\/wp-json\/wp\/v2\/posts\/3811\/revisions"}],"predecessor-version":[{"id":3937,"href":"https:\/\/www.naturparkmagazin.de\/vdn\/wp-json\/wp\/v2\/posts\/3811\/revisions\/3937"}],"wp:featuredmedia":[{"embeddable":true,"href":"https:\/\/www.naturparkmagazin.de\/vdn\/wp-json\/wp\/v2\/media\/3819"}],"wp:attachment":[{"href":"https:\/\/www.naturparkmagazin.de\/vdn\/wp-json\/wp\/v2\/media?parent=3811"}],"wp:term":[{"taxonomy":"category","embeddable":true,"href":"https:\/\/www.naturparkmagazin.de\/vdn\/wp-json\/wp\/v2\/categories?post=3811"},{"taxonomy":"post_tag","embeddable":true,"href":"https:\/\/www.naturparkmagazin.de\/vdn\/wp-json\/wp\/v2\/tags?post=3811"}],"curies":[{"name":"wp","href":"https:\/\/api.w.org\/{rel}","templated":true}]}}