{"id":3829,"date":"2014-05-19T12:19:37","date_gmt":"2014-05-19T10:19:37","guid":{"rendered":"http:\/\/www.naturparkmagazin.de\/vdn\/?p=3829"},"modified":"2014-05-21T14:59:07","modified_gmt":"2014-05-21T12:59:07","slug":"naturparke-im-grossformat-dumont-fotokalender-2015","status":"publish","type":"post","link":"https:\/\/www.naturparkmagazin.de\/vdn\/naturparke-im-grossformat-dumont-fotokalender-2015\/","title":{"rendered":"\u201eNaturparke im Gro\u00dfformat\u201c &#8211; DuMont-Fotokalender 2015"},"content":{"rendered":"<div id=\"attachment_3834\" style=\"width: 510px\" class=\"wp-caption aligncenter\"><a href=\"https:\/\/www.naturparkmagazin.de\/vdn\/wp-content\/uploads\/sites\/3\/Kalender_Dumont_beitrag.jpg\"><img aria-describedby=\"caption-attachment-3834\" decoding=\"async\" loading=\"lazy\" class=\"size-full wp-image-3834\" title=\"Copyright: DuMont Kalenderverlag\" alt=\"Copyright: DuMont Kalenderverlag\" src=\"https:\/\/www.naturparkmagazin.de\/vdn\/wp-content\/uploads\/sites\/3\/Kalender_Dumont_beitrag.jpg\" width=\"500\" height=\"400\" srcset=\"https:\/\/www.naturparkmagazin.de\/vdn\/wp-content\/uploads\/sites\/3\/Kalender_Dumont_beitrag.jpg 500w, https:\/\/www.naturparkmagazin.de\/vdn\/wp-content\/uploads\/sites\/3\/Kalender_Dumont_beitrag-300x240.jpg 300w, https:\/\/www.naturparkmagazin.de\/vdn\/wp-content\/uploads\/sites\/3\/Kalender_Dumont_beitrag-200x160.jpg 200w\" sizes=\"(max-width: 500px) 100vw, 500px\" \/><\/a><p id=\"caption-attachment-3834\" class=\"wp-caption-text\">Copyright: DuMont Kalenderverlag<\/p><\/div>\n<p style=\"text-align: left\">In Kooperation mit dem Verband Deutscher Naturparke hat der DuMont Kalenderverlag aus K\u00f6ln jetzt einen Fotokalender f\u00fcr das Jahr 2015 herausgegeben. 12 Monatsbl\u00e4tter setzten mit jeweils einem Landschaftsfoto einen Naturpark aus den Bundesl\u00e4ndern Schleswig-Holstein, Niedersachen, Mecklenburg-Vorpommern, Berlin\/Brandenburg, Nordrhein-Westfalen, Hessen, Th\u00fcringen, Sachsen, Sachsen-Anhalt, Saarland\/Rheinland-Pfalz, Baden-W\u00fcrttemberg und Bayern ins Bild. Dazu gibt es einen kurzen Steckbrief und Karte des jeweiligen Naturparks sowie Infos zu regionalen Besonderheiten.<\/p>\n<div id=\"attachment_3841\" style=\"width: 510px\" class=\"wp-caption aligncenter\"><a href=\"https:\/\/www.naturparkmagazin.de\/vdn\/wp-content\/uploads\/sites\/3\/Kalender_Dumont_R\u00fcckseite_beitrag.jpg\"><img aria-describedby=\"caption-attachment-3841\" decoding=\"async\" loading=\"lazy\" class=\"size-full wp-image-3841\" title=\"Copyright: DuMont Kalenderverlag\" alt=\"Copyright: DuMont Kalenderverlag\" src=\"https:\/\/www.naturparkmagazin.de\/vdn\/wp-content\/uploads\/sites\/3\/Kalender_Dumont_R\u00fcckseite_beitrag.jpg\" width=\"500\" height=\"400\" srcset=\"https:\/\/www.naturparkmagazin.de\/vdn\/wp-content\/uploads\/sites\/3\/Kalender_Dumont_R\u00fcckseite_beitrag.jpg 500w, https:\/\/www.naturparkmagazin.de\/vdn\/wp-content\/uploads\/sites\/3\/Kalender_Dumont_R\u00fcckseite_beitrag-300x240.jpg 300w, https:\/\/www.naturparkmagazin.de\/vdn\/wp-content\/uploads\/sites\/3\/Kalender_Dumont_R\u00fcckseite_beitrag-200x160.jpg 200w\" sizes=\"(max-width: 500px) 100vw, 500px\" \/><\/a><p id=\"caption-attachment-3841\" class=\"wp-caption-text\">Copyright: DuMont Kalenderverlag<\/p><\/div>\n<p>Die Fotos f\u00fcr diesen Kalender wurden \u00fcber einen Sonderwettbewerb \u201eNat\u00fcrlich vielf\u00e4ltig!\u201c im Fotoportal der Naturparke Deutschlands <a href=\"http:\/\/www.naturparkfotos.de\">www.naturparkfotos.de<\/a> eingestellt und von einer Jury, bestehend aus Vertretern des VDN, des DuMont Kalenderverlages sowie der Fotoportal-Jury, ausgew\u00e4hlt.<\/p>\n<p>Mit einem Teil des Erl\u00f6ses aus dem Verkauf dieses Kalenders f\u00f6rdert der DuMont Kalenderverlag das <a href=\"http:\/\/www.naturparke.de\/engagement\/general\" target=\"_blank\">Projekt \u201eHerzensSache Natur!\u201c<\/a> des VDN, in dem der VDN die Naturparke darin unterst\u00fctzt, mithilfe ehrenamtlich T\u00e4tiger vornehmlich \u201eklassische\u201c Naturschutzprojekte wie Biotoppflegema\u00dfnahmen in den Naturparken durchzuf\u00fchren.<\/p>\n<p>Der Kalender ist im Buchhandel zum Preis von 25,- \u20ac zu erhalten.\u00a0 ISBN: 978-3-8320-2744-5<\/p>\n<p><a href=\"http:\/\/www.naturparkfotos.de\/contest\/natuerlich_vielfaeltig\/gewinner\" target=\"_blank\">Hier k\u00f6nnen Sie die Siegerbilder des Sonderwettbewerbs \u201eNat\u00fcrlich vielf\u00e4ltig!\u201c anschauen.<\/a><\/p>\n<p><a href=\"http:\/\/www.naturparkfotos.de\/\" target=\"_blank\">Hier geht\u00b4s zum \u00a0Fotoportal<\/a><\/p>\n<p>&nbsp;<\/p>\n<p>&nbsp;<\/p>\n","protected":false},"excerpt":{"rendered":"<p>In Kooperation mit dem Verband Deutscher Naturparke hat der DuMont Kalenderverlag aus K\u00f6ln jetzt einen Fotokalender f\u00fcr das Jahr 2015 herausgegeben. <\/p>\n","protected":false},"author":14,"featured_media":3835,"comment_status":"open","ping_status":"open","sticky":false,"template":"","format":"standard","meta":{"_links_to":"","_links_to_target":""},"categories":[7],"tags":[],"yoast_head":"<!-- This site is optimized with the Yoast SEO plugin v19.10 - https:\/\/yoast.com\/wordpress\/plugins\/seo\/ -->\n<title>\u201eNaturparke im Gro\u00dfformat\u201c - DuMont-Fotokalender 2015<\/title>\n<meta name=\"description\" content=\"In Kooperation mit dem Verband Deutscher Naturparke hat der DuMont Kalenderverlag aus K\u00f6ln jetzt einen Fotokalender f\u00fcr das Jahr 2015 herausgegeben.\" \/>\n<meta name=\"robots\" content=\"index, follow, max-snippet:-1, max-image-preview:large, max-video-preview:-1\" \/>\n<link rel=\"canonical\" href=\"https:\/\/www.naturparkmagazin.de\/vdn\/naturparke-im-grossformat-dumont-fotokalender-2015\/\" \/>\n<meta property=\"og:locale\" content=\"de_DE\" \/>\n<meta property=\"og:type\" content=\"article\" \/>\n<meta property=\"og:title\" content=\"\u201eNaturparke im Gro\u00dfformat\u201c - DuMont-Fotokalender 2015\" \/>\n<meta property=\"og:description\" content=\"In Kooperation mit dem Verband Deutscher Naturparke hat der DuMont Kalenderverlag aus K\u00f6ln jetzt einen Fotokalender f\u00fcr das Jahr 2015 herausgegeben.\" \/>\n<meta property=\"og:url\" content=\"https:\/\/www.naturparkmagazin.de\/vdn\/naturparke-im-grossformat-dumont-fotokalender-2015\/\" \/>\n<meta property=\"og:site_name\" content=\"Verband Deutscher Naturparke\" \/>\n<meta property=\"article:published_time\" content=\"2014-05-19T10:19:37+00:00\" \/>\n<meta property=\"article:modified_time\" content=\"2014-05-21T12:59:07+00:00\" \/>\n<meta property=\"og:image\" content=\"https:\/\/www.naturparkmagazin.de\/vdn\/wp-content\/uploads\/sites\/3\/Kalender_Dumont_beitragsbild.jpg\" \/>\n\t<meta property=\"og:image:width\" content=\"180\" \/>\n\t<meta property=\"og:image:height\" content=\"135\" \/>\n\t<meta property=\"og:image:type\" content=\"image\/jpeg\" \/>\n<meta name=\"author\" content=\"vdnnational\" \/>\n<meta name=\"twitter:label1\" content=\"Verfasst von\" \/>\n\t<meta name=\"twitter:data1\" content=\"vdnnational\" \/>\n\t<meta name=\"twitter:label2\" content=\"Gesch\u00e4tzte Lesezeit\" \/>\n\t<meta name=\"twitter:data2\" content=\"1\u00a0Minute\" \/>\n<script type=\"application\/ld+json\" class=\"yoast-schema-graph\">{\"@context\":\"https:\/\/schema.org\",\"@graph\":[{\"@type\":\"WebPage\",\"@id\":\"https:\/\/www.naturparkmagazin.de\/vdn\/naturparke-im-grossformat-dumont-fotokalender-2015\/\",\"url\":\"https:\/\/www.naturparkmagazin.de\/vdn\/naturparke-im-grossformat-dumont-fotokalender-2015\/\",\"name\":\"\u201eNaturparke im Gro\u00dfformat\u201c - DuMont-Fotokalender 2015\",\"isPartOf\":{\"@id\":\"https:\/\/www.naturparkmagazin.de\/vdn\/#website\"},\"datePublished\":\"2014-05-19T10:19:37+00:00\",\"dateModified\":\"2014-05-21T12:59:07+00:00\",\"author\":{\"@id\":\"https:\/\/www.naturparkmagazin.de\/vdn\/#\/schema\/person\/e28d931df83318a48d52ae72b08d2bfb\"},\"description\":\"In Kooperation mit dem Verband Deutscher Naturparke hat der DuMont Kalenderverlag aus K\u00f6ln jetzt einen Fotokalender f\u00fcr das Jahr 2015 herausgegeben.\",\"breadcrumb\":{\"@id\":\"https:\/\/www.naturparkmagazin.de\/vdn\/naturparke-im-grossformat-dumont-fotokalender-2015\/#breadcrumb\"},\"inLanguage\":\"de\",\"potentialAction\":[{\"@type\":\"ReadAction\",\"target\":[\"https:\/\/www.naturparkmagazin.de\/vdn\/naturparke-im-grossformat-dumont-fotokalender-2015\/\"]}]},{\"@type\":\"BreadcrumbList\",\"@id\":\"https:\/\/www.naturparkmagazin.de\/vdn\/naturparke-im-grossformat-dumont-fotokalender-2015\/#breadcrumb\",\"itemListElement\":[{\"@type\":\"ListItem\",\"position\":1,\"name\":\"Home\",\"item\":\"https:\/\/www.naturparkmagazin.de\/vdn\/\"},{\"@type\":\"ListItem\",\"position\":2,\"name\":\"\u201eNaturparke im Gro\u00dfformat\u201c &#8211; DuMont-Fotokalender 2015\"}]},{\"@type\":\"WebSite\",\"@id\":\"https:\/\/www.naturparkmagazin.de\/vdn\/#website\",\"url\":\"https:\/\/www.naturparkmagazin.de\/vdn\/\",\"name\":\"Verband Deutscher Naturparke\",\"description\":\"Eine weitere Naturparkmagazin.de Netzwerk Seite\",\"potentialAction\":[{\"@type\":\"SearchAction\",\"target\":{\"@type\":\"EntryPoint\",\"urlTemplate\":\"https:\/\/www.naturparkmagazin.de\/vdn\/?s={search_term_string}\"},\"query-input\":\"required name=search_term_string\"}],\"inLanguage\":\"de\"},{\"@type\":\"Person\",\"@id\":\"https:\/\/www.naturparkmagazin.de\/vdn\/#\/schema\/person\/e28d931df83318a48d52ae72b08d2bfb\",\"name\":\"vdnnational\",\"url\":\"https:\/\/www.naturparkmagazin.de\/vdn\/author\/vdnnational\/\"}]}<\/script>\n<!-- \/ Yoast SEO plugin. -->","yoast_head_json":{"title":"\u201eNaturparke im Gro\u00dfformat\u201c - DuMont-Fotokalender 2015","description":"In Kooperation mit dem Verband Deutscher Naturparke hat der DuMont Kalenderverlag aus K\u00f6ln jetzt einen Fotokalender f\u00fcr das Jahr 2015 herausgegeben.","robots":{"index":"index","follow":"follow","max-snippet":"max-snippet:-1","max-image-preview":"max-image-preview:large","max-video-preview":"max-video-preview:-1"},"canonical":"https:\/\/www.naturparkmagazin.de\/vdn\/naturparke-im-grossformat-dumont-fotokalender-2015\/","og_locale":"de_DE","og_type":"article","og_title":"\u201eNaturparke im Gro\u00dfformat\u201c - DuMont-Fotokalender 2015","og_description":"In Kooperation mit dem Verband Deutscher Naturparke hat der DuMont Kalenderverlag aus K\u00f6ln jetzt einen Fotokalender f\u00fcr das Jahr 2015 herausgegeben.","og_url":"https:\/\/www.naturparkmagazin.de\/vdn\/naturparke-im-grossformat-dumont-fotokalender-2015\/","og_site_name":"Verband Deutscher Naturparke","article_published_time":"2014-05-19T10:19:37+00:00","article_modified_time":"2014-05-21T12:59:07+00:00","og_image":[{"width":180,"height":135,"url":"https:\/\/www.naturparkmagazin.de\/vdn\/wp-content\/uploads\/sites\/3\/Kalender_Dumont_beitragsbild.jpg","type":"image\/jpeg"}],"author":"vdnnational","twitter_misc":{"Verfasst von":"vdnnational","Gesch\u00e4tzte Lesezeit":"1\u00a0Minute"},"schema":{"@context":"https:\/\/schema.org","@graph":[{"@type":"WebPage","@id":"https:\/\/www.naturparkmagazin.de\/vdn\/naturparke-im-grossformat-dumont-fotokalender-2015\/","url":"https:\/\/www.naturparkmagazin.de\/vdn\/naturparke-im-grossformat-dumont-fotokalender-2015\/","name":"\u201eNaturparke im Gro\u00dfformat\u201c - DuMont-Fotokalender 2015","isPartOf":{"@id":"https:\/\/www.naturparkmagazin.de\/vdn\/#website"},"datePublished":"2014-05-19T10:19:37+00:00","dateModified":"2014-05-21T12:59:07+00:00","author":{"@id":"https:\/\/www.naturparkmagazin.de\/vdn\/#\/schema\/person\/e28d931df83318a48d52ae72b08d2bfb"},"description":"In Kooperation mit dem Verband Deutscher Naturparke hat der DuMont Kalenderverlag aus K\u00f6ln jetzt einen Fotokalender f\u00fcr das Jahr 2015 herausgegeben.","breadcrumb":{"@id":"https:\/\/www.naturparkmagazin.de\/vdn\/naturparke-im-grossformat-dumont-fotokalender-2015\/#breadcrumb"},"inLanguage":"de","potentialAction":[{"@type":"ReadAction","target":["https:\/\/www.naturparkmagazin.de\/vdn\/naturparke-im-grossformat-dumont-fotokalender-2015\/"]}]},{"@type":"BreadcrumbList","@id":"https:\/\/www.naturparkmagazin.de\/vdn\/naturparke-im-grossformat-dumont-fotokalender-2015\/#breadcrumb","itemListElement":[{"@type":"ListItem","position":1,"name":"Home","item":"https:\/\/www.naturparkmagazin.de\/vdn\/"},{"@type":"ListItem","position":2,"name":"\u201eNaturparke im Gro\u00dfformat\u201c &#8211; DuMont-Fotokalender 2015"}]},{"@type":"WebSite","@id":"https:\/\/www.naturparkmagazin.de\/vdn\/#website","url":"https:\/\/www.naturparkmagazin.de\/vdn\/","name":"Verband Deutscher Naturparke","description":"Eine weitere Naturparkmagazin.de Netzwerk Seite","potentialAction":[{"@type":"SearchAction","target":{"@type":"EntryPoint","urlTemplate":"https:\/\/www.naturparkmagazin.de\/vdn\/?s={search_term_string}"},"query-input":"required name=search_term_string"}],"inLanguage":"de"},{"@type":"Person","@id":"https:\/\/www.naturparkmagazin.de\/vdn\/#\/schema\/person\/e28d931df83318a48d52ae72b08d2bfb","name":"vdnnational","url":"https:\/\/www.naturparkmagazin.de\/vdn\/author\/vdnnational\/"}]}},"_links":{"self":[{"href":"https:\/\/www.naturparkmagazin.de\/vdn\/wp-json\/wp\/v2\/posts\/3829"}],"collection":[{"href":"https:\/\/www.naturparkmagazin.de\/vdn\/wp-json\/wp\/v2\/posts"}],"about":[{"href":"https:\/\/www.naturparkmagazin.de\/vdn\/wp-json\/wp\/v2\/types\/post"}],"author":[{"embeddable":true,"href":"https:\/\/www.naturparkmagazin.de\/vdn\/wp-json\/wp\/v2\/users\/14"}],"replies":[{"embeddable":true,"href":"https:\/\/www.naturparkmagazin.de\/vdn\/wp-json\/wp\/v2\/comments?post=3829"}],"version-history":[{"count":7,"href":"https:\/\/www.naturparkmagazin.de\/vdn\/wp-json\/wp\/v2\/posts\/3829\/revisions"}],"predecessor-version":[{"id":3933,"href":"https:\/\/www.naturparkmagazin.de\/vdn\/wp-json\/wp\/v2\/posts\/3829\/revisions\/3933"}],"wp:featuredmedia":[{"embeddable":true,"href":"https:\/\/www.naturparkmagazin.de\/vdn\/wp-json\/wp\/v2\/media\/3835"}],"wp:attachment":[{"href":"https:\/\/www.naturparkmagazin.de\/vdn\/wp-json\/wp\/v2\/media?parent=3829"}],"wp:term":[{"taxonomy":"category","embeddable":true,"href":"https:\/\/www.naturparkmagazin.de\/vdn\/wp-json\/wp\/v2\/categories?post=3829"},{"taxonomy":"post_tag","embeddable":true,"href":"https:\/\/www.naturparkmagazin.de\/vdn\/wp-json\/wp\/v2\/tags?post=3829"}],"curies":[{"name":"wp","href":"https:\/\/api.w.org\/{rel}","templated":true}]}}