{"id":3855,"date":"2014-05-19T14:12:25","date_gmt":"2014-05-19T12:12:25","guid":{"rendered":"http:\/\/www.naturparkmagazin.de\/vdn\/?p=3855"},"modified":"2014-05-20T15:44:19","modified_gmt":"2014-05-20T13:44:19","slug":"warum-heisst-der-klatschmohn-klatschmohn","status":"publish","type":"post","link":"https:\/\/www.naturparkmagazin.de\/vdn\/warum-heisst-der-klatschmohn-klatschmohn\/","title":{"rendered":"Warum hei\u00dft der Klatschmohn &#8222;Klatschmohn&#8220;?"},"content":{"rendered":"<div id=\"attachment_3860\" style=\"width: 510px\" class=\"wp-caption aligncenter\"><a href=\"https:\/\/www.naturparkmagazin.de\/vdn\/wp-content\/uploads\/sites\/3\/kimg-1518-mohn-Beitrag.jpg\"><img aria-describedby=\"caption-attachment-3860\" decoding=\"async\" loading=\"lazy\" class=\"size-full wp-image-3860\" title=\"Copyright: VDN\/Jessica Johnen Klein\" alt=\"Copyright: VDN\/Jessica Johnen Klein\" src=\"https:\/\/www.naturparkmagazin.de\/vdn\/wp-content\/uploads\/sites\/3\/kimg-1518-mohn-Beitrag.jpg\" width=\"500\" height=\"375\" srcset=\"https:\/\/www.naturparkmagazin.de\/vdn\/wp-content\/uploads\/sites\/3\/kimg-1518-mohn-Beitrag.jpg 500w, https:\/\/www.naturparkmagazin.de\/vdn\/wp-content\/uploads\/sites\/3\/kimg-1518-mohn-Beitrag-300x225.jpg 300w, https:\/\/www.naturparkmagazin.de\/vdn\/wp-content\/uploads\/sites\/3\/kimg-1518-mohn-Beitrag-420x315.jpg 420w, https:\/\/www.naturparkmagazin.de\/vdn\/wp-content\/uploads\/sites\/3\/kimg-1518-mohn-Beitrag-180x135.jpg 180w, https:\/\/www.naturparkmagazin.de\/vdn\/wp-content\/uploads\/sites\/3\/kimg-1518-mohn-Beitrag-95x71.jpg 95w, https:\/\/www.naturparkmagazin.de\/vdn\/wp-content\/uploads\/sites\/3\/kimg-1518-mohn-Beitrag-200x150.jpg 200w\" sizes=\"(max-width: 500px) 100vw, 500px\" \/><\/a><p id=\"caption-attachment-3860\" class=\"wp-caption-text\">Copyright: VDN\/Jessica Johnen Klein<\/p><\/div>\n<p>Wusstest Du, dass der Klatschmohn \u201eKlatschmohn\u201c hei\u00dft, weil es ganz laut klatscht, wenn Du auf die Bl\u00fcte schl\u00e4gst?!<\/p>\n<p>Dazu legst Daumen und Zeigefinger der linken Hand so zusammen, dass sich die Fingerspitzen ber\u00fchren und sie einen Kreis bilden. Das Loch bedeckst Du mit einem Klatschmohnbl\u00fctenblatt und mit der Handfl\u00e4che der freien Hand schl\u00e4gst Du darauf.<\/p>\n<p><b>\u00a0<\/b><\/p>\n<p><b>Entdeckertipp: Klatschmohnbl\u00fctenbl\u00e4tter-Geheim-Tinte<\/b><\/p>\n<p>Einfach zwei H\u00e4nde voll (h\u00e4ngt ein bisschen von der Glasgr\u00f6\u00dfe ab) Klatschmohnnbl\u00fctenbl\u00e4tter in ein Glas gegeben und mit ganz normalem Essig aufgie\u00dfen. 4 Wochen in die Sonne &#8211; oder warm &#8211; stellen. Danach durch ein Sieb gie\u00dfen, fertig!<\/p>\n<p>Der Essig f\u00e4ngt schnell an sich rot zu f\u00e4rben. Wenn Du damit schreibst, wird die Schrift schwarz, sobald der Essig getrocknet ist.<\/p>\n","protected":false},"excerpt":{"rendered":"<p>Wusstest Du, dass der Klatschmohn \u201eKlatschmohn\u201c hei\u00dft, weil es ganz laut klatscht, wenn Du auf die Bl\u00fcte schl\u00e4gst?! Dazu legst Daumen und Zeigefinger der linken Hand so zusammen, dass sich die Fingerspitzen ber\u00fchren und sie einen Kreis bilden. Das Loch bedeckst Du mit einem Klatschmohnbl\u00fctenblatt und mit der Handfl\u00e4che der freien Hand schl\u00e4gst Du darauf.<\/p>\n","protected":false},"author":14,"featured_media":3859,"comment_status":"open","ping_status":"open","sticky":false,"template":"","format":"standard","meta":{"_links_to":"","_links_to_target":""},"categories":[617],"tags":[],"yoast_head":"<!-- This site is optimized with the Yoast SEO plugin v19.10 - https:\/\/yoast.com\/wordpress\/plugins\/seo\/ -->\n<title>Warum hei\u00dft der Klatschmohn &quot;Klatschmohn&quot;?<\/title>\n<meta name=\"description\" content=\"Wusstest Du, dass der Klatschmohn \u201eKlatschmohn\u201c hei\u00dft, weil es ganz laut klatscht, wenn Du auf die Bl\u00fcte schl\u00e4gst?! Dazu legst Daumen und Zeigefinger der linken Hand so zusammen, dass sich die Fingerspitzen ber\u00fchren und sie einen Kreis bilden. Das Loch bedeckst Du mit einem Klatschmohnbl\u00fctenblatt und mit der Handfl\u00e4che der freien Hand schl\u00e4gst Du darauf.\" \/>\n<meta name=\"robots\" content=\"index, follow, max-snippet:-1, max-image-preview:large, max-video-preview:-1\" \/>\n<link rel=\"canonical\" href=\"https:\/\/www.naturparkmagazin.de\/vdn\/warum-heisst-der-klatschmohn-klatschmohn\/\" \/>\n<meta property=\"og:locale\" content=\"de_DE\" \/>\n<meta property=\"og:type\" content=\"article\" \/>\n<meta property=\"og:title\" content=\"Warum hei\u00dft der Klatschmohn &quot;Klatschmohn&quot;?\" \/>\n<meta property=\"og:description\" content=\"Wusstest Du, dass der Klatschmohn \u201eKlatschmohn\u201c hei\u00dft, weil es ganz laut klatscht, wenn Du auf die Bl\u00fcte schl\u00e4gst?! Dazu legst Daumen und Zeigefinger der linken Hand so zusammen, dass sich die Fingerspitzen ber\u00fchren und sie einen Kreis bilden. Das Loch bedeckst Du mit einem Klatschmohnbl\u00fctenblatt und mit der Handfl\u00e4che der freien Hand schl\u00e4gst Du darauf.\" \/>\n<meta property=\"og:url\" content=\"https:\/\/www.naturparkmagazin.de\/vdn\/warum-heisst-der-klatschmohn-klatschmohn\/\" \/>\n<meta property=\"og:site_name\" content=\"Verband Deutscher Naturparke\" \/>\n<meta property=\"article:published_time\" content=\"2014-05-19T12:12:25+00:00\" \/>\n<meta property=\"article:modified_time\" content=\"2014-05-20T13:44:19+00:00\" \/>\n<meta property=\"og:image\" content=\"https:\/\/www.naturparkmagazin.de\/vdn\/wp-content\/uploads\/sites\/3\/kimg-1518-mohn-Beitragsbild-klein.jpg\" \/>\n\t<meta property=\"og:image:width\" content=\"181\" \/>\n\t<meta property=\"og:image:height\" content=\"136\" \/>\n\t<meta property=\"og:image:type\" content=\"image\/jpeg\" \/>\n<meta name=\"author\" content=\"vdnnational\" \/>\n<meta name=\"twitter:label1\" content=\"Verfasst von\" \/>\n\t<meta name=\"twitter:data1\" content=\"vdnnational\" \/>\n\t<meta name=\"twitter:label2\" content=\"Gesch\u00e4tzte Lesezeit\" \/>\n\t<meta name=\"twitter:data2\" content=\"1\u00a0Minute\" \/>\n<script type=\"application\/ld+json\" class=\"yoast-schema-graph\">{\"@context\":\"https:\/\/schema.org\",\"@graph\":[{\"@type\":\"WebPage\",\"@id\":\"https:\/\/www.naturparkmagazin.de\/vdn\/warum-heisst-der-klatschmohn-klatschmohn\/\",\"url\":\"https:\/\/www.naturparkmagazin.de\/vdn\/warum-heisst-der-klatschmohn-klatschmohn\/\",\"name\":\"Warum hei\u00dft der Klatschmohn \\\"Klatschmohn\\\"?\",\"isPartOf\":{\"@id\":\"https:\/\/www.naturparkmagazin.de\/vdn\/#website\"},\"datePublished\":\"2014-05-19T12:12:25+00:00\",\"dateModified\":\"2014-05-20T13:44:19+00:00\",\"author\":{\"@id\":\"https:\/\/www.naturparkmagazin.de\/vdn\/#\/schema\/person\/e28d931df83318a48d52ae72b08d2bfb\"},\"description\":\"Wusstest Du, dass der Klatschmohn \u201eKlatschmohn\u201c hei\u00dft, weil es ganz laut klatscht, wenn Du auf die Bl\u00fcte schl\u00e4gst?! Dazu legst Daumen und Zeigefinger der linken Hand so zusammen, dass sich die Fingerspitzen ber\u00fchren und sie einen Kreis bilden. Das Loch bedeckst Du mit einem Klatschmohnbl\u00fctenblatt und mit der Handfl\u00e4che der freien Hand schl\u00e4gst Du darauf.\",\"breadcrumb\":{\"@id\":\"https:\/\/www.naturparkmagazin.de\/vdn\/warum-heisst-der-klatschmohn-klatschmohn\/#breadcrumb\"},\"inLanguage\":\"de\",\"potentialAction\":[{\"@type\":\"ReadAction\",\"target\":[\"https:\/\/www.naturparkmagazin.de\/vdn\/warum-heisst-der-klatschmohn-klatschmohn\/\"]}]},{\"@type\":\"BreadcrumbList\",\"@id\":\"https:\/\/www.naturparkmagazin.de\/vdn\/warum-heisst-der-klatschmohn-klatschmohn\/#breadcrumb\",\"itemListElement\":[{\"@type\":\"ListItem\",\"position\":1,\"name\":\"Home\",\"item\":\"https:\/\/www.naturparkmagazin.de\/vdn\/\"},{\"@type\":\"ListItem\",\"position\":2,\"name\":\"Warum hei\u00dft der Klatschmohn &#8222;Klatschmohn&#8220;?\"}]},{\"@type\":\"WebSite\",\"@id\":\"https:\/\/www.naturparkmagazin.de\/vdn\/#website\",\"url\":\"https:\/\/www.naturparkmagazin.de\/vdn\/\",\"name\":\"Verband Deutscher Naturparke\",\"description\":\"Eine weitere Naturparkmagazin.de Netzwerk Seite\",\"potentialAction\":[{\"@type\":\"SearchAction\",\"target\":{\"@type\":\"EntryPoint\",\"urlTemplate\":\"https:\/\/www.naturparkmagazin.de\/vdn\/?s={search_term_string}\"},\"query-input\":\"required name=search_term_string\"}],\"inLanguage\":\"de\"},{\"@type\":\"Person\",\"@id\":\"https:\/\/www.naturparkmagazin.de\/vdn\/#\/schema\/person\/e28d931df83318a48d52ae72b08d2bfb\",\"name\":\"vdnnational\",\"url\":\"https:\/\/www.naturparkmagazin.de\/vdn\/author\/vdnnational\/\"}]}<\/script>\n<!-- \/ Yoast SEO plugin. -->","yoast_head_json":{"title":"Warum hei\u00dft der Klatschmohn \"Klatschmohn\"?","description":"Wusstest Du, dass der Klatschmohn \u201eKlatschmohn\u201c hei\u00dft, weil es ganz laut klatscht, wenn Du auf die Bl\u00fcte schl\u00e4gst?! Dazu legst Daumen und Zeigefinger der linken Hand so zusammen, dass sich die Fingerspitzen ber\u00fchren und sie einen Kreis bilden. Das Loch bedeckst Du mit einem Klatschmohnbl\u00fctenblatt und mit der Handfl\u00e4che der freien Hand schl\u00e4gst Du darauf.","robots":{"index":"index","follow":"follow","max-snippet":"max-snippet:-1","max-image-preview":"max-image-preview:large","max-video-preview":"max-video-preview:-1"},"canonical":"https:\/\/www.naturparkmagazin.de\/vdn\/warum-heisst-der-klatschmohn-klatschmohn\/","og_locale":"de_DE","og_type":"article","og_title":"Warum hei\u00dft der Klatschmohn \"Klatschmohn\"?","og_description":"Wusstest Du, dass der Klatschmohn \u201eKlatschmohn\u201c hei\u00dft, weil es ganz laut klatscht, wenn Du auf die Bl\u00fcte schl\u00e4gst?! Dazu legst Daumen und Zeigefinger der linken Hand so zusammen, dass sich die Fingerspitzen ber\u00fchren und sie einen Kreis bilden. Das Loch bedeckst Du mit einem Klatschmohnbl\u00fctenblatt und mit der Handfl\u00e4che der freien Hand schl\u00e4gst Du darauf.","og_url":"https:\/\/www.naturparkmagazin.de\/vdn\/warum-heisst-der-klatschmohn-klatschmohn\/","og_site_name":"Verband Deutscher Naturparke","article_published_time":"2014-05-19T12:12:25+00:00","article_modified_time":"2014-05-20T13:44:19+00:00","og_image":[{"width":181,"height":136,"url":"https:\/\/www.naturparkmagazin.de\/vdn\/wp-content\/uploads\/sites\/3\/kimg-1518-mohn-Beitragsbild-klein.jpg","type":"image\/jpeg"}],"author":"vdnnational","twitter_misc":{"Verfasst von":"vdnnational","Gesch\u00e4tzte Lesezeit":"1\u00a0Minute"},"schema":{"@context":"https:\/\/schema.org","@graph":[{"@type":"WebPage","@id":"https:\/\/www.naturparkmagazin.de\/vdn\/warum-heisst-der-klatschmohn-klatschmohn\/","url":"https:\/\/www.naturparkmagazin.de\/vdn\/warum-heisst-der-klatschmohn-klatschmohn\/","name":"Warum hei\u00dft der Klatschmohn \"Klatschmohn\"?","isPartOf":{"@id":"https:\/\/www.naturparkmagazin.de\/vdn\/#website"},"datePublished":"2014-05-19T12:12:25+00:00","dateModified":"2014-05-20T13:44:19+00:00","author":{"@id":"https:\/\/www.naturparkmagazin.de\/vdn\/#\/schema\/person\/e28d931df83318a48d52ae72b08d2bfb"},"description":"Wusstest Du, dass der Klatschmohn \u201eKlatschmohn\u201c hei\u00dft, weil es ganz laut klatscht, wenn Du auf die Bl\u00fcte schl\u00e4gst?! Dazu legst Daumen und Zeigefinger der linken Hand so zusammen, dass sich die Fingerspitzen ber\u00fchren und sie einen Kreis bilden. Das Loch bedeckst Du mit einem Klatschmohnbl\u00fctenblatt und mit der Handfl\u00e4che der freien Hand schl\u00e4gst Du darauf.","breadcrumb":{"@id":"https:\/\/www.naturparkmagazin.de\/vdn\/warum-heisst-der-klatschmohn-klatschmohn\/#breadcrumb"},"inLanguage":"de","potentialAction":[{"@type":"ReadAction","target":["https:\/\/www.naturparkmagazin.de\/vdn\/warum-heisst-der-klatschmohn-klatschmohn\/"]}]},{"@type":"BreadcrumbList","@id":"https:\/\/www.naturparkmagazin.de\/vdn\/warum-heisst-der-klatschmohn-klatschmohn\/#breadcrumb","itemListElement":[{"@type":"ListItem","position":1,"name":"Home","item":"https:\/\/www.naturparkmagazin.de\/vdn\/"},{"@type":"ListItem","position":2,"name":"Warum hei\u00dft der Klatschmohn &#8222;Klatschmohn&#8220;?"}]},{"@type":"WebSite","@id":"https:\/\/www.naturparkmagazin.de\/vdn\/#website","url":"https:\/\/www.naturparkmagazin.de\/vdn\/","name":"Verband Deutscher Naturparke","description":"Eine weitere Naturparkmagazin.de Netzwerk Seite","potentialAction":[{"@type":"SearchAction","target":{"@type":"EntryPoint","urlTemplate":"https:\/\/www.naturparkmagazin.de\/vdn\/?s={search_term_string}"},"query-input":"required name=search_term_string"}],"inLanguage":"de"},{"@type":"Person","@id":"https:\/\/www.naturparkmagazin.de\/vdn\/#\/schema\/person\/e28d931df83318a48d52ae72b08d2bfb","name":"vdnnational","url":"https:\/\/www.naturparkmagazin.de\/vdn\/author\/vdnnational\/"}]}},"_links":{"self":[{"href":"https:\/\/www.naturparkmagazin.de\/vdn\/wp-json\/wp\/v2\/posts\/3855"}],"collection":[{"href":"https:\/\/www.naturparkmagazin.de\/vdn\/wp-json\/wp\/v2\/posts"}],"about":[{"href":"https:\/\/www.naturparkmagazin.de\/vdn\/wp-json\/wp\/v2\/types\/post"}],"author":[{"embeddable":true,"href":"https:\/\/www.naturparkmagazin.de\/vdn\/wp-json\/wp\/v2\/users\/14"}],"replies":[{"embeddable":true,"href":"https:\/\/www.naturparkmagazin.de\/vdn\/wp-json\/wp\/v2\/comments?post=3855"}],"version-history":[{"count":8,"href":"https:\/\/www.naturparkmagazin.de\/vdn\/wp-json\/wp\/v2\/posts\/3855\/revisions"}],"predecessor-version":[{"id":3921,"href":"https:\/\/www.naturparkmagazin.de\/vdn\/wp-json\/wp\/v2\/posts\/3855\/revisions\/3921"}],"wp:featuredmedia":[{"embeddable":true,"href":"https:\/\/www.naturparkmagazin.de\/vdn\/wp-json\/wp\/v2\/media\/3859"}],"wp:attachment":[{"href":"https:\/\/www.naturparkmagazin.de\/vdn\/wp-json\/wp\/v2\/media?parent=3855"}],"wp:term":[{"taxonomy":"category","embeddable":true,"href":"https:\/\/www.naturparkmagazin.de\/vdn\/wp-json\/wp\/v2\/categories?post=3855"},{"taxonomy":"post_tag","embeddable":true,"href":"https:\/\/www.naturparkmagazin.de\/vdn\/wp-json\/wp\/v2\/tags?post=3855"}],"curies":[{"name":"wp","href":"https:\/\/api.w.org\/{rel}","templated":true}]}}