{"id":3858,"date":"2014-05-19T14:28:06","date_gmt":"2014-05-19T12:28:06","guid":{"rendered":"http:\/\/www.naturparkmagazin.de\/vdn\/?p=3858"},"modified":"2014-05-20T15:42:16","modified_gmt":"2014-05-20T13:42:16","slug":"einer-vision-raum-geben-naturpark-lahn-dill-bergland","status":"publish","type":"post","link":"https:\/\/www.naturparkmagazin.de\/vdn\/einer-vision-raum-geben-naturpark-lahn-dill-bergland\/","title":{"rendered":"&#8222;Einer Vision Raum geben&#8220; &#8211; Naturpark Lahn-Dill-Bergland"},"content":{"rendered":"<div id=\"attachment_3917\" style=\"width: 510px\" class=\"wp-caption aligncenter\"><a href=\"https:\/\/www.naturparkmagazin.de\/vdn\/wp-content\/uploads\/sites\/3\/Copyright-Lahn-Dill-Bergland_beitrag.jpg\"><img aria-describedby=\"caption-attachment-3917\" decoding=\"async\" loading=\"lazy\" class=\"size-full wp-image-3917\" title=\"Copyright: Naturpark Lahn-Dill-Bergland\" alt=\"Copyright: Naturpark Lahn-Dill-Bergland\" src=\"https:\/\/www.naturparkmagazin.de\/vdn\/wp-content\/uploads\/sites\/3\/Copyright-Lahn-Dill-Bergland_beitrag.jpg\" width=\"500\" height=\"300\" srcset=\"https:\/\/www.naturparkmagazin.de\/vdn\/wp-content\/uploads\/sites\/3\/Copyright-Lahn-Dill-Bergland_beitrag.jpg 500w, https:\/\/www.naturparkmagazin.de\/vdn\/wp-content\/uploads\/sites\/3\/Copyright-Lahn-Dill-Bergland_beitrag-300x180.jpg 300w, https:\/\/www.naturparkmagazin.de\/vdn\/wp-content\/uploads\/sites\/3\/Copyright-Lahn-Dill-Bergland_beitrag-200x120.jpg 200w\" sizes=\"(max-width: 500px) 100vw, 500px\" \/><\/a><p id=\"caption-attachment-3917\" class=\"wp-caption-text\">Copyright: Naturpark Lahn-Dill-Bergland<\/p><\/div>\n<p>Umrahmt von den Fl\u00fcssen Lahn und Dill liegt mitten im Herzen Hessens der Naturpark Lahn-Dill-Bergland. Ein enges Netz naturnaher B\u00e4che, tief eingeschnittene Kerbt\u00e4ler, gro\u00dfe Reliefunterschiede und ein stark wechselnder geologischer Untergrund pr\u00e4gen den Naturraum und bilden den Lebensraum f\u00fcr seltene Pflanzen und eine atemberaubende Vielfalt an Tierarten.<\/p>\n<div id=\"attachment_3873\" style=\"width: 510px\" class=\"wp-caption aligncenter\"><a href=\"https:\/\/www.naturparkmagazin.de\/vdn\/wp-content\/uploads\/sites\/3\/wanderer164-Beitrag.jpg\"><img aria-describedby=\"caption-attachment-3873\" decoding=\"async\" loading=\"lazy\" class=\"size-full wp-image-3873\" title=\"Copyright: Naturpark Lahn-Dill-Bergland\" alt=\"Copyright: Naturpark Lahn-Dill-Bergland\" src=\"https:\/\/www.naturparkmagazin.de\/vdn\/wp-content\/uploads\/sites\/3\/wanderer164-Beitrag.jpg\" width=\"500\" height=\"300\" srcset=\"https:\/\/www.naturparkmagazin.de\/vdn\/wp-content\/uploads\/sites\/3\/wanderer164-Beitrag.jpg 500w, https:\/\/www.naturparkmagazin.de\/vdn\/wp-content\/uploads\/sites\/3\/wanderer164-Beitrag-300x180.jpg 300w, https:\/\/www.naturparkmagazin.de\/vdn\/wp-content\/uploads\/sites\/3\/wanderer164-Beitrag-200x120.jpg 200w\" sizes=\"(max-width: 500px) 100vw, 500px\" \/><\/a><p id=\"caption-attachment-3873\" class=\"wp-caption-text\">Copyright: Naturpark Lahn-Dill-Bergland<\/p><\/div>\n<p>&nbsp;<\/p>\n<p>Ein umwelt- und sozialvertr\u00e4glicher Tourismus soll helfen, die durch verschiedenste Nutzung gepr\u00e4gte Landschaft zu erhalten, weiter zu entwickeln und wiederherzustellen. Naturbegegnungen sollen dazu beitragen, die Landschaft r\u00fccksichtsvoll zu nutzen und zu bewahren. Im Naturpark gilt es 19 Extratouren und den Lahn-Dill-Bergland-Pfad (90km) zu entdecken, die alle mit dem Deutschen Wandersiegel zertifiziert sind. Au\u00dferdem ist die Naturparkregion eine Drehscheibe f\u00fcr andere Qualit\u00e4tswanderwege wie den Rothaarsteig in Dillenburg, den Westerwaldsteig in Herborn, den Lahntal-Wanderweg und den Burgwaldpfad in Marburg. Der Elisabethpfad stellt die Verbindung zum Rennsteig in Th\u00fcringen dar. Zudem gilt die landschaftlich reizvolle Region als Pferdeparadies.<\/p>\n<div id=\"attachment_3883\" style=\"width: 510px\" class=\"wp-caption aligncenter\"><a href=\"https:\/\/www.naturparkmagazin.de\/vdn\/wp-content\/uploads\/sites\/3\/Radfahrer_Meerbruch1-Beitrag.jpg\"><img aria-describedby=\"caption-attachment-3883\" decoding=\"async\" loading=\"lazy\" class=\"size-full wp-image-3883 \" title=\"Copyright: VDN\/Frank Behrens\" alt=\"Copyright: VDN\/Frank Behrens\" src=\"https:\/\/www.naturparkmagazin.de\/vdn\/wp-content\/uploads\/sites\/3\/Radfahrer_Meerbruch1-Beitrag.jpg\" width=\"500\" height=\"300\" srcset=\"https:\/\/www.naturparkmagazin.de\/vdn\/wp-content\/uploads\/sites\/3\/Radfahrer_Meerbruch1-Beitrag.jpg 500w, https:\/\/www.naturparkmagazin.de\/vdn\/wp-content\/uploads\/sites\/3\/Radfahrer_Meerbruch1-Beitrag-300x180.jpg 300w, https:\/\/www.naturparkmagazin.de\/vdn\/wp-content\/uploads\/sites\/3\/Radfahrer_Meerbruch1-Beitrag-200x120.jpg 200w\" sizes=\"(max-width: 500px) 100vw, 500px\" \/><\/a><p id=\"caption-attachment-3883\" class=\"wp-caption-text\">Copyright: VDN\/Frank Behrens<\/p><\/div>\n<p>Wer lieber mit dem Fahrrad unterwegs ist, dem bieten sich in der frisch zertifizierten ADFC RadReiseRegion viele M\u00f6glichkeiten zu ausgedehnten Touren. Das Routenangebot reicht von familienfreundlich bis anspruchsvoll. Historische Fachwerkst\u00e4dte des Naturparks bieten einen spannenden Mix aus st\u00e4dtischem Flair und l\u00e4ndlicher Idylle. Mitten im Gr\u00fcnen\u00a0gelegen, erwartet\u00a0die Besucher\u00a0ein umfangreiches kulturelles Angebot, Sehensw\u00fcrdigkeiten, die entdeckt werden m\u00f6chten und historisch bedeutsame Bauwerke, die\u00a0ihresgleichen suchen.\u00a0Auch f\u00fcr Familien mit Kindern gibt es viel zu sehen und zu erleben.<\/p>\n<p>Bei der Erarbeitung eines regionalen Entwicklungskonzepts in 2007 hat sich das Handlungsfeld &#8222;Energie&#8220; als neues Themenfeld ergeben. Mit seinem Programm &#8222;20+20 in 2020&#8220; sollen in der Region bis 2020 die Erneuerbaren Energien einen 20%-Anteil an der Energieversorgung decken und gleichzeitig 20% des heutigen Energieeinsatzes eingespart werden.<\/p>\n<p><!--[if gte mso 9]&gt;--><\/p>\n<p>&nbsp;<\/p>\n<p>&nbsp;<\/p>\n","protected":false},"excerpt":{"rendered":"<p>Umrahmt von den Fl\u00fcssen Lahn und Dill liegt mitten im Herzen Hessens der Naturpark Lahn-Dill-Bergland. Ein enges Netz naturnaher B\u00e4che, tief eingeschnittene Kerbt\u00e4ler, gro\u00dfe Reliefunterschiede und ein stark wechselnder geologischer Untergrund pr\u00e4gen den Naturraum und bilden den Lebensraum f\u00fcr seltene Pflanzen und eine atemberaubende Vielfalt an Tierarten.<\/p>\n","protected":false},"author":14,"featured_media":3871,"comment_status":"open","ping_status":"open","sticky":false,"template":"","format":"standard","meta":{"_links_to":"","_links_to_target":""},"categories":[15],"tags":[],"yoast_head":"<!-- This site is optimized with the Yoast SEO plugin v19.10 - https:\/\/yoast.com\/wordpress\/plugins\/seo\/ -->\n<title>&quot;Einer Vision Raum geben&quot; - Naturpark Lahn-Dill-Bergland<\/title>\n<meta name=\"description\" content=\"Umrahmt von den Fl\u00fcssen Lahn und Dill liegt mitten im Herzen Hessens der Naturpark Lahn-Dill-Bergland. Ein enges Netz naturnaher B\u00e4che, tief eingeschnittene Kerbt\u00e4ler, gro\u00dfe Reliefunterschiede und ein stark wechselnder geologischer Untergrund pr\u00e4gen den Naturraum und bilden den Lebensraum f\u00fcr seltene Pflanzen und eine atemberaubende Vielfalt an Tierarten.\" \/>\n<meta name=\"robots\" content=\"index, follow, max-snippet:-1, max-image-preview:large, max-video-preview:-1\" \/>\n<link rel=\"canonical\" href=\"https:\/\/www.naturparkmagazin.de\/vdn\/einer-vision-raum-geben-naturpark-lahn-dill-bergland\/\" \/>\n<meta property=\"og:locale\" content=\"de_DE\" \/>\n<meta property=\"og:type\" content=\"article\" \/>\n<meta property=\"og:title\" content=\"&quot;Einer Vision Raum geben&quot; - Naturpark Lahn-Dill-Bergland\" \/>\n<meta property=\"og:description\" content=\"Umrahmt von den Fl\u00fcssen Lahn und Dill liegt mitten im Herzen Hessens der Naturpark Lahn-Dill-Bergland. Ein enges Netz naturnaher B\u00e4che, tief eingeschnittene Kerbt\u00e4ler, gro\u00dfe Reliefunterschiede und ein stark wechselnder geologischer Untergrund pr\u00e4gen den Naturraum und bilden den Lebensraum f\u00fcr seltene Pflanzen und eine atemberaubende Vielfalt an Tierarten.\" \/>\n<meta property=\"og:url\" content=\"https:\/\/www.naturparkmagazin.de\/vdn\/einer-vision-raum-geben-naturpark-lahn-dill-bergland\/\" \/>\n<meta property=\"og:site_name\" content=\"Verband Deutscher Naturparke\" \/>\n<meta property=\"article:published_time\" content=\"2014-05-19T12:28:06+00:00\" \/>\n<meta property=\"article:modified_time\" content=\"2014-05-20T13:42:16+00:00\" \/>\n<meta property=\"og:image\" content=\"https:\/\/www.naturparkmagazin.de\/vdn\/wp-content\/uploads\/sites\/3\/Copyright-Lahn-Dill-Bergland-Beitragsbild.jpg\" \/>\n\t<meta property=\"og:image:width\" content=\"180\" \/>\n\t<meta property=\"og:image:height\" content=\"135\" \/>\n\t<meta property=\"og:image:type\" content=\"image\/jpeg\" \/>\n<meta name=\"author\" content=\"vdnnational\" \/>\n<meta name=\"twitter:label1\" content=\"Verfasst von\" \/>\n\t<meta name=\"twitter:data1\" content=\"vdnnational\" \/>\n\t<meta name=\"twitter:label2\" content=\"Gesch\u00e4tzte Lesezeit\" \/>\n\t<meta name=\"twitter:data2\" content=\"2\u00a0Minuten\" \/>\n<script type=\"application\/ld+json\" class=\"yoast-schema-graph\">{\"@context\":\"https:\/\/schema.org\",\"@graph\":[{\"@type\":\"WebPage\",\"@id\":\"https:\/\/www.naturparkmagazin.de\/vdn\/einer-vision-raum-geben-naturpark-lahn-dill-bergland\/\",\"url\":\"https:\/\/www.naturparkmagazin.de\/vdn\/einer-vision-raum-geben-naturpark-lahn-dill-bergland\/\",\"name\":\"\\\"Einer Vision Raum geben\\\" - Naturpark Lahn-Dill-Bergland\",\"isPartOf\":{\"@id\":\"https:\/\/www.naturparkmagazin.de\/vdn\/#website\"},\"datePublished\":\"2014-05-19T12:28:06+00:00\",\"dateModified\":\"2014-05-20T13:42:16+00:00\",\"author\":{\"@id\":\"https:\/\/www.naturparkmagazin.de\/vdn\/#\/schema\/person\/e28d931df83318a48d52ae72b08d2bfb\"},\"description\":\"Umrahmt von den Fl\u00fcssen Lahn und Dill liegt mitten im Herzen Hessens der Naturpark Lahn-Dill-Bergland. Ein enges Netz naturnaher B\u00e4che, tief eingeschnittene Kerbt\u00e4ler, gro\u00dfe Reliefunterschiede und ein stark wechselnder geologischer Untergrund pr\u00e4gen den Naturraum und bilden den Lebensraum f\u00fcr seltene Pflanzen und eine atemberaubende Vielfalt an Tierarten.\",\"breadcrumb\":{\"@id\":\"https:\/\/www.naturparkmagazin.de\/vdn\/einer-vision-raum-geben-naturpark-lahn-dill-bergland\/#breadcrumb\"},\"inLanguage\":\"de\",\"potentialAction\":[{\"@type\":\"ReadAction\",\"target\":[\"https:\/\/www.naturparkmagazin.de\/vdn\/einer-vision-raum-geben-naturpark-lahn-dill-bergland\/\"]}]},{\"@type\":\"BreadcrumbList\",\"@id\":\"https:\/\/www.naturparkmagazin.de\/vdn\/einer-vision-raum-geben-naturpark-lahn-dill-bergland\/#breadcrumb\",\"itemListElement\":[{\"@type\":\"ListItem\",\"position\":1,\"name\":\"Home\",\"item\":\"https:\/\/www.naturparkmagazin.de\/vdn\/\"},{\"@type\":\"ListItem\",\"position\":2,\"name\":\"&#8222;Einer Vision Raum geben&#8220; &#8211; Naturpark Lahn-Dill-Bergland\"}]},{\"@type\":\"WebSite\",\"@id\":\"https:\/\/www.naturparkmagazin.de\/vdn\/#website\",\"url\":\"https:\/\/www.naturparkmagazin.de\/vdn\/\",\"name\":\"Verband Deutscher Naturparke\",\"description\":\"Eine weitere Naturparkmagazin.de Netzwerk Seite\",\"potentialAction\":[{\"@type\":\"SearchAction\",\"target\":{\"@type\":\"EntryPoint\",\"urlTemplate\":\"https:\/\/www.naturparkmagazin.de\/vdn\/?s={search_term_string}\"},\"query-input\":\"required name=search_term_string\"}],\"inLanguage\":\"de\"},{\"@type\":\"Person\",\"@id\":\"https:\/\/www.naturparkmagazin.de\/vdn\/#\/schema\/person\/e28d931df83318a48d52ae72b08d2bfb\",\"name\":\"vdnnational\",\"url\":\"https:\/\/www.naturparkmagazin.de\/vdn\/author\/vdnnational\/\"}]}<\/script>\n<!-- \/ Yoast SEO plugin. -->","yoast_head_json":{"title":"\"Einer Vision Raum geben\" - Naturpark Lahn-Dill-Bergland","description":"Umrahmt von den Fl\u00fcssen Lahn und Dill liegt mitten im Herzen Hessens der Naturpark Lahn-Dill-Bergland. Ein enges Netz naturnaher B\u00e4che, tief eingeschnittene Kerbt\u00e4ler, gro\u00dfe Reliefunterschiede und ein stark wechselnder geologischer Untergrund pr\u00e4gen den Naturraum und bilden den Lebensraum f\u00fcr seltene Pflanzen und eine atemberaubende Vielfalt an Tierarten.","robots":{"index":"index","follow":"follow","max-snippet":"max-snippet:-1","max-image-preview":"max-image-preview:large","max-video-preview":"max-video-preview:-1"},"canonical":"https:\/\/www.naturparkmagazin.de\/vdn\/einer-vision-raum-geben-naturpark-lahn-dill-bergland\/","og_locale":"de_DE","og_type":"article","og_title":"\"Einer Vision Raum geben\" - Naturpark Lahn-Dill-Bergland","og_description":"Umrahmt von den Fl\u00fcssen Lahn und Dill liegt mitten im Herzen Hessens der Naturpark Lahn-Dill-Bergland. Ein enges Netz naturnaher B\u00e4che, tief eingeschnittene Kerbt\u00e4ler, gro\u00dfe Reliefunterschiede und ein stark wechselnder geologischer Untergrund pr\u00e4gen den Naturraum und bilden den Lebensraum f\u00fcr seltene Pflanzen und eine atemberaubende Vielfalt an Tierarten.","og_url":"https:\/\/www.naturparkmagazin.de\/vdn\/einer-vision-raum-geben-naturpark-lahn-dill-bergland\/","og_site_name":"Verband Deutscher Naturparke","article_published_time":"2014-05-19T12:28:06+00:00","article_modified_time":"2014-05-20T13:42:16+00:00","og_image":[{"width":180,"height":135,"url":"https:\/\/www.naturparkmagazin.de\/vdn\/wp-content\/uploads\/sites\/3\/Copyright-Lahn-Dill-Bergland-Beitragsbild.jpg","type":"image\/jpeg"}],"author":"vdnnational","twitter_misc":{"Verfasst von":"vdnnational","Gesch\u00e4tzte Lesezeit":"2\u00a0Minuten"},"schema":{"@context":"https:\/\/schema.org","@graph":[{"@type":"WebPage","@id":"https:\/\/www.naturparkmagazin.de\/vdn\/einer-vision-raum-geben-naturpark-lahn-dill-bergland\/","url":"https:\/\/www.naturparkmagazin.de\/vdn\/einer-vision-raum-geben-naturpark-lahn-dill-bergland\/","name":"\"Einer Vision Raum geben\" - Naturpark Lahn-Dill-Bergland","isPartOf":{"@id":"https:\/\/www.naturparkmagazin.de\/vdn\/#website"},"datePublished":"2014-05-19T12:28:06+00:00","dateModified":"2014-05-20T13:42:16+00:00","author":{"@id":"https:\/\/www.naturparkmagazin.de\/vdn\/#\/schema\/person\/e28d931df83318a48d52ae72b08d2bfb"},"description":"Umrahmt von den Fl\u00fcssen Lahn und Dill liegt mitten im Herzen Hessens der Naturpark Lahn-Dill-Bergland. Ein enges Netz naturnaher B\u00e4che, tief eingeschnittene Kerbt\u00e4ler, gro\u00dfe Reliefunterschiede und ein stark wechselnder geologischer Untergrund pr\u00e4gen den Naturraum und bilden den Lebensraum f\u00fcr seltene Pflanzen und eine atemberaubende Vielfalt an Tierarten.","breadcrumb":{"@id":"https:\/\/www.naturparkmagazin.de\/vdn\/einer-vision-raum-geben-naturpark-lahn-dill-bergland\/#breadcrumb"},"inLanguage":"de","potentialAction":[{"@type":"ReadAction","target":["https:\/\/www.naturparkmagazin.de\/vdn\/einer-vision-raum-geben-naturpark-lahn-dill-bergland\/"]}]},{"@type":"BreadcrumbList","@id":"https:\/\/www.naturparkmagazin.de\/vdn\/einer-vision-raum-geben-naturpark-lahn-dill-bergland\/#breadcrumb","itemListElement":[{"@type":"ListItem","position":1,"name":"Home","item":"https:\/\/www.naturparkmagazin.de\/vdn\/"},{"@type":"ListItem","position":2,"name":"&#8222;Einer Vision Raum geben&#8220; &#8211; Naturpark Lahn-Dill-Bergland"}]},{"@type":"WebSite","@id":"https:\/\/www.naturparkmagazin.de\/vdn\/#website","url":"https:\/\/www.naturparkmagazin.de\/vdn\/","name":"Verband Deutscher Naturparke","description":"Eine weitere Naturparkmagazin.de Netzwerk Seite","potentialAction":[{"@type":"SearchAction","target":{"@type":"EntryPoint","urlTemplate":"https:\/\/www.naturparkmagazin.de\/vdn\/?s={search_term_string}"},"query-input":"required name=search_term_string"}],"inLanguage":"de"},{"@type":"Person","@id":"https:\/\/www.naturparkmagazin.de\/vdn\/#\/schema\/person\/e28d931df83318a48d52ae72b08d2bfb","name":"vdnnational","url":"https:\/\/www.naturparkmagazin.de\/vdn\/author\/vdnnational\/"}]}},"_links":{"self":[{"href":"https:\/\/www.naturparkmagazin.de\/vdn\/wp-json\/wp\/v2\/posts\/3858"}],"collection":[{"href":"https:\/\/www.naturparkmagazin.de\/vdn\/wp-json\/wp\/v2\/posts"}],"about":[{"href":"https:\/\/www.naturparkmagazin.de\/vdn\/wp-json\/wp\/v2\/types\/post"}],"author":[{"embeddable":true,"href":"https:\/\/www.naturparkmagazin.de\/vdn\/wp-json\/wp\/v2\/users\/14"}],"replies":[{"embeddable":true,"href":"https:\/\/www.naturparkmagazin.de\/vdn\/wp-json\/wp\/v2\/comments?post=3858"}],"version-history":[{"count":12,"href":"https:\/\/www.naturparkmagazin.de\/vdn\/wp-json\/wp\/v2\/posts\/3858\/revisions"}],"predecessor-version":[{"id":3919,"href":"https:\/\/www.naturparkmagazin.de\/vdn\/wp-json\/wp\/v2\/posts\/3858\/revisions\/3919"}],"wp:featuredmedia":[{"embeddable":true,"href":"https:\/\/www.naturparkmagazin.de\/vdn\/wp-json\/wp\/v2\/media\/3871"}],"wp:attachment":[{"href":"https:\/\/www.naturparkmagazin.de\/vdn\/wp-json\/wp\/v2\/media?parent=3858"}],"wp:term":[{"taxonomy":"category","embeddable":true,"href":"https:\/\/www.naturparkmagazin.de\/vdn\/wp-json\/wp\/v2\/categories?post=3858"},{"taxonomy":"post_tag","embeddable":true,"href":"https:\/\/www.naturparkmagazin.de\/vdn\/wp-json\/wp\/v2\/tags?post=3858"}],"curies":[{"name":"wp","href":"https:\/\/api.w.org\/{rel}","templated":true}]}}