{"id":3889,"date":"2014-05-20T13:05:43","date_gmt":"2014-05-20T11:05:43","guid":{"rendered":"http:\/\/www.naturparkmagazin.de\/vdn\/?p=3889"},"modified":"2014-05-22T10:32:57","modified_gmt":"2014-05-22T08:32:57","slug":"familie-koller-geschaeftsfuehrerinnen-der-hessischen-berglandklinik","status":"publish","type":"post","link":"https:\/\/www.naturparkmagazin.de\/vdn\/familie-koller-geschaeftsfuehrerinnen-der-hessischen-berglandklinik\/","title":{"rendered":"Gertraud Koller aus dem Naturpark Lahn-Dill-Bergland"},"content":{"rendered":"<div id=\"attachment_3890\" style=\"width: 510px\" class=\"wp-caption aligncenter\"><a href=\"https:\/\/www.naturparkmagazin.de\/vdn\/wp-content\/uploads\/sites\/3\/image-Beitrag.jpeg\"><img aria-describedby=\"caption-attachment-3890\" decoding=\"async\" loading=\"lazy\" class=\"size-full wp-image-3890\" title=\"Copyright: Naturpark Lahn-Dill-Bergland\" alt=\"Copyright: Naturpark Lahn-Dill-Bergland\" src=\"https:\/\/www.naturparkmagazin.de\/vdn\/wp-content\/uploads\/sites\/3\/image-Beitrag.jpeg\" width=\"500\" height=\"300\" srcset=\"https:\/\/www.naturparkmagazin.de\/vdn\/wp-content\/uploads\/sites\/3\/image-Beitrag.jpeg 500w, https:\/\/www.naturparkmagazin.de\/vdn\/wp-content\/uploads\/sites\/3\/image-Beitrag-300x180.jpeg 300w, https:\/\/www.naturparkmagazin.de\/vdn\/wp-content\/uploads\/sites\/3\/image-Beitrag-200x120.jpeg 200w\" sizes=\"(max-width: 500px) 100vw, 500px\" \/><\/a><p id=\"caption-attachment-3890\" class=\"wp-caption-text\">Copyright: Naturpark Lahn-Dill-Bergland<\/p><\/div>\n<p>und ihre T\u00f6chter Claudia und Iris betreiben das &#8222;Caf\u00e9 Dennoch&#8220; in der Hessischen Berglandklinik in Bad Endbach. Hier empf\u00e4ngt die Familie ihre G\u00e4ste in freundlich famili\u00e4rer Atmosph\u00e4re.<\/p>\n<p>Mit Ausblick ins Gr\u00fcne und idyllisch am Fu\u00dfe der Klimawege gelegen, freuen sie sich zusammen mit ihrem Team auf G\u00e4ste und Wanderer der nahe gelegenen Wanderwege. In mitten des Lahn-Dill-Berglands bietet das &#8222;Caf\u00e9 Dennoch&#8220; die passende Einkehrm\u00f6glichkeit f\u00fcr alle Wanderfreunde.<\/p>\n<p>Bevor es losgeht, kann man hier noch gem\u00fctlich ein kr\u00e4ftigendes Fr\u00fchst\u00fcck genie\u00dfen \u2013 oder nach der Wanderung bei einem leckeren Mittags men\u00fc wieder zu Kr\u00e4ften kommen. Mit italienischen Kaffeespezialit\u00e4ten, hausgemachten Torten sowie bei einer Brotzeit mit regionalen Spezialit\u00e4ten k\u00f6nnen sich die G\u00e4ste in stilvollem Ambiente verw\u00f6hnen \u00a0lassen.<\/p>\n<p>Weitere Informationen und Angebote der Familie Koller finden Sie unter: <a title=\"www.fuermeinwohl.de\" href=\"http:\/\/www.fuermeinwohl.de\" target=\"_blank\">www.fuermeinwohl.de<\/a><\/p>\n<p>&nbsp;<\/p>\n<p>&nbsp;<\/p>\n","protected":false},"excerpt":{"rendered":"<p>&#8230; und ihre T\u00f6chter Claudia und Iris betreiben das &#8222;Caf\u00e9 Dennoch&#8220; in der Hessischen Berglandklinik in Bad Endbach. Hier empf\u00e4ngt die Familie ihre G\u00e4ste in freundlich famili\u00e4rer Atmosph\u00e4re.<\/p>\n","protected":false},"author":14,"featured_media":3891,"comment_status":"open","ping_status":"open","sticky":false,"template":"","format":"standard","meta":{"_links_to":"","_links_to_target":""},"categories":[8],"tags":[],"yoast_head":"<!-- This site is optimized with the Yoast SEO plugin v19.10 - https:\/\/yoast.com\/wordpress\/plugins\/seo\/ -->\n<title>Gertraud Koller aus dem Naturpark Lahn-Dill-Bergland<\/title>\n<meta name=\"description\" content=\"... und ihre T\u00f6chter Claudia und Iris betreiben das &quot;Caf\u00e9 Dennoch&quot; in der Hessischen Berglandklinik in Bad Endbach. Hier empf\u00e4ngt die Familie ihre G\u00e4ste in freundlich famili\u00e4rer Atmosph\u00e4re.\" \/>\n<meta name=\"robots\" content=\"index, follow, max-snippet:-1, max-image-preview:large, max-video-preview:-1\" \/>\n<link rel=\"canonical\" href=\"https:\/\/www.naturparkmagazin.de\/vdn\/familie-koller-geschaeftsfuehrerinnen-der-hessischen-berglandklinik\/\" \/>\n<meta property=\"og:locale\" content=\"de_DE\" \/>\n<meta property=\"og:type\" content=\"article\" \/>\n<meta property=\"og:title\" content=\"Gertraud Koller aus dem Naturpark Lahn-Dill-Bergland\" \/>\n<meta property=\"og:description\" content=\"... und ihre T\u00f6chter Claudia und Iris betreiben das &quot;Caf\u00e9 Dennoch&quot; in der Hessischen Berglandklinik in Bad Endbach. Hier empf\u00e4ngt die Familie ihre G\u00e4ste in freundlich famili\u00e4rer Atmosph\u00e4re.\" \/>\n<meta property=\"og:url\" content=\"https:\/\/www.naturparkmagazin.de\/vdn\/familie-koller-geschaeftsfuehrerinnen-der-hessischen-berglandklinik\/\" \/>\n<meta property=\"og:site_name\" content=\"Verband Deutscher Naturparke\" \/>\n<meta property=\"article:published_time\" content=\"2014-05-20T11:05:43+00:00\" \/>\n<meta property=\"article:modified_time\" content=\"2014-05-22T08:32:57+00:00\" \/>\n<meta property=\"og:image\" content=\"https:\/\/www.naturparkmagazin.de\/vdn\/wp-content\/uploads\/sites\/3\/image-Beitragsbild.jpeg\" \/>\n\t<meta property=\"og:image:width\" content=\"180\" \/>\n\t<meta property=\"og:image:height\" content=\"135\" \/>\n\t<meta property=\"og:image:type\" content=\"image\/jpeg\" \/>\n<meta name=\"author\" content=\"vdnnational\" \/>\n<meta name=\"twitter:label1\" content=\"Verfasst von\" \/>\n\t<meta name=\"twitter:data1\" content=\"vdnnational\" \/>\n\t<meta name=\"twitter:label2\" content=\"Gesch\u00e4tzte Lesezeit\" \/>\n\t<meta name=\"twitter:data2\" content=\"1\u00a0Minute\" \/>\n<script type=\"application\/ld+json\" class=\"yoast-schema-graph\">{\"@context\":\"https:\/\/schema.org\",\"@graph\":[{\"@type\":\"WebPage\",\"@id\":\"https:\/\/www.naturparkmagazin.de\/vdn\/familie-koller-geschaeftsfuehrerinnen-der-hessischen-berglandklinik\/\",\"url\":\"https:\/\/www.naturparkmagazin.de\/vdn\/familie-koller-geschaeftsfuehrerinnen-der-hessischen-berglandklinik\/\",\"name\":\"Gertraud Koller aus dem Naturpark Lahn-Dill-Bergland\",\"isPartOf\":{\"@id\":\"https:\/\/www.naturparkmagazin.de\/vdn\/#website\"},\"datePublished\":\"2014-05-20T11:05:43+00:00\",\"dateModified\":\"2014-05-22T08:32:57+00:00\",\"author\":{\"@id\":\"https:\/\/www.naturparkmagazin.de\/vdn\/#\/schema\/person\/e28d931df83318a48d52ae72b08d2bfb\"},\"description\":\"... und ihre T\u00f6chter Claudia und Iris betreiben das \\\"Caf\u00e9 Dennoch\\\" in der Hessischen Berglandklinik in Bad Endbach. Hier empf\u00e4ngt die Familie ihre G\u00e4ste in freundlich famili\u00e4rer Atmosph\u00e4re.\",\"breadcrumb\":{\"@id\":\"https:\/\/www.naturparkmagazin.de\/vdn\/familie-koller-geschaeftsfuehrerinnen-der-hessischen-berglandklinik\/#breadcrumb\"},\"inLanguage\":\"de\",\"potentialAction\":[{\"@type\":\"ReadAction\",\"target\":[\"https:\/\/www.naturparkmagazin.de\/vdn\/familie-koller-geschaeftsfuehrerinnen-der-hessischen-berglandklinik\/\"]}]},{\"@type\":\"BreadcrumbList\",\"@id\":\"https:\/\/www.naturparkmagazin.de\/vdn\/familie-koller-geschaeftsfuehrerinnen-der-hessischen-berglandklinik\/#breadcrumb\",\"itemListElement\":[{\"@type\":\"ListItem\",\"position\":1,\"name\":\"Home\",\"item\":\"https:\/\/www.naturparkmagazin.de\/vdn\/\"},{\"@type\":\"ListItem\",\"position\":2,\"name\":\"Gertraud Koller aus dem Naturpark Lahn-Dill-Bergland\"}]},{\"@type\":\"WebSite\",\"@id\":\"https:\/\/www.naturparkmagazin.de\/vdn\/#website\",\"url\":\"https:\/\/www.naturparkmagazin.de\/vdn\/\",\"name\":\"Verband Deutscher Naturparke\",\"description\":\"Eine weitere Naturparkmagazin.de Netzwerk Seite\",\"potentialAction\":[{\"@type\":\"SearchAction\",\"target\":{\"@type\":\"EntryPoint\",\"urlTemplate\":\"https:\/\/www.naturparkmagazin.de\/vdn\/?s={search_term_string}\"},\"query-input\":\"required name=search_term_string\"}],\"inLanguage\":\"de\"},{\"@type\":\"Person\",\"@id\":\"https:\/\/www.naturparkmagazin.de\/vdn\/#\/schema\/person\/e28d931df83318a48d52ae72b08d2bfb\",\"name\":\"vdnnational\",\"url\":\"https:\/\/www.naturparkmagazin.de\/vdn\/author\/vdnnational\/\"}]}<\/script>\n<!-- \/ Yoast SEO plugin. -->","yoast_head_json":{"title":"Gertraud Koller aus dem Naturpark Lahn-Dill-Bergland","description":"... und ihre T\u00f6chter Claudia und Iris betreiben das \"Caf\u00e9 Dennoch\" in der Hessischen Berglandklinik in Bad Endbach. Hier empf\u00e4ngt die Familie ihre G\u00e4ste in freundlich famili\u00e4rer Atmosph\u00e4re.","robots":{"index":"index","follow":"follow","max-snippet":"max-snippet:-1","max-image-preview":"max-image-preview:large","max-video-preview":"max-video-preview:-1"},"canonical":"https:\/\/www.naturparkmagazin.de\/vdn\/familie-koller-geschaeftsfuehrerinnen-der-hessischen-berglandklinik\/","og_locale":"de_DE","og_type":"article","og_title":"Gertraud Koller aus dem Naturpark Lahn-Dill-Bergland","og_description":"... und ihre T\u00f6chter Claudia und Iris betreiben das \"Caf\u00e9 Dennoch\" in der Hessischen Berglandklinik in Bad Endbach. Hier empf\u00e4ngt die Familie ihre G\u00e4ste in freundlich famili\u00e4rer Atmosph\u00e4re.","og_url":"https:\/\/www.naturparkmagazin.de\/vdn\/familie-koller-geschaeftsfuehrerinnen-der-hessischen-berglandklinik\/","og_site_name":"Verband Deutscher Naturparke","article_published_time":"2014-05-20T11:05:43+00:00","article_modified_time":"2014-05-22T08:32:57+00:00","og_image":[{"width":180,"height":135,"url":"https:\/\/www.naturparkmagazin.de\/vdn\/wp-content\/uploads\/sites\/3\/image-Beitragsbild.jpeg","type":"image\/jpeg"}],"author":"vdnnational","twitter_misc":{"Verfasst von":"vdnnational","Gesch\u00e4tzte Lesezeit":"1\u00a0Minute"},"schema":{"@context":"https:\/\/schema.org","@graph":[{"@type":"WebPage","@id":"https:\/\/www.naturparkmagazin.de\/vdn\/familie-koller-geschaeftsfuehrerinnen-der-hessischen-berglandklinik\/","url":"https:\/\/www.naturparkmagazin.de\/vdn\/familie-koller-geschaeftsfuehrerinnen-der-hessischen-berglandklinik\/","name":"Gertraud Koller aus dem Naturpark Lahn-Dill-Bergland","isPartOf":{"@id":"https:\/\/www.naturparkmagazin.de\/vdn\/#website"},"datePublished":"2014-05-20T11:05:43+00:00","dateModified":"2014-05-22T08:32:57+00:00","author":{"@id":"https:\/\/www.naturparkmagazin.de\/vdn\/#\/schema\/person\/e28d931df83318a48d52ae72b08d2bfb"},"description":"... und ihre T\u00f6chter Claudia und Iris betreiben das \"Caf\u00e9 Dennoch\" in der Hessischen Berglandklinik in Bad Endbach. Hier empf\u00e4ngt die Familie ihre G\u00e4ste in freundlich famili\u00e4rer Atmosph\u00e4re.","breadcrumb":{"@id":"https:\/\/www.naturparkmagazin.de\/vdn\/familie-koller-geschaeftsfuehrerinnen-der-hessischen-berglandklinik\/#breadcrumb"},"inLanguage":"de","potentialAction":[{"@type":"ReadAction","target":["https:\/\/www.naturparkmagazin.de\/vdn\/familie-koller-geschaeftsfuehrerinnen-der-hessischen-berglandklinik\/"]}]},{"@type":"BreadcrumbList","@id":"https:\/\/www.naturparkmagazin.de\/vdn\/familie-koller-geschaeftsfuehrerinnen-der-hessischen-berglandklinik\/#breadcrumb","itemListElement":[{"@type":"ListItem","position":1,"name":"Home","item":"https:\/\/www.naturparkmagazin.de\/vdn\/"},{"@type":"ListItem","position":2,"name":"Gertraud Koller aus dem Naturpark Lahn-Dill-Bergland"}]},{"@type":"WebSite","@id":"https:\/\/www.naturparkmagazin.de\/vdn\/#website","url":"https:\/\/www.naturparkmagazin.de\/vdn\/","name":"Verband Deutscher Naturparke","description":"Eine weitere Naturparkmagazin.de Netzwerk Seite","potentialAction":[{"@type":"SearchAction","target":{"@type":"EntryPoint","urlTemplate":"https:\/\/www.naturparkmagazin.de\/vdn\/?s={search_term_string}"},"query-input":"required name=search_term_string"}],"inLanguage":"de"},{"@type":"Person","@id":"https:\/\/www.naturparkmagazin.de\/vdn\/#\/schema\/person\/e28d931df83318a48d52ae72b08d2bfb","name":"vdnnational","url":"https:\/\/www.naturparkmagazin.de\/vdn\/author\/vdnnational\/"}]}},"_links":{"self":[{"href":"https:\/\/www.naturparkmagazin.de\/vdn\/wp-json\/wp\/v2\/posts\/3889"}],"collection":[{"href":"https:\/\/www.naturparkmagazin.de\/vdn\/wp-json\/wp\/v2\/posts"}],"about":[{"href":"https:\/\/www.naturparkmagazin.de\/vdn\/wp-json\/wp\/v2\/types\/post"}],"author":[{"embeddable":true,"href":"https:\/\/www.naturparkmagazin.de\/vdn\/wp-json\/wp\/v2\/users\/14"}],"replies":[{"embeddable":true,"href":"https:\/\/www.naturparkmagazin.de\/vdn\/wp-json\/wp\/v2\/comments?post=3889"}],"version-history":[{"count":7,"href":"https:\/\/www.naturparkmagazin.de\/vdn\/wp-json\/wp\/v2\/posts\/3889\/revisions"}],"predecessor-version":[{"id":3934,"href":"https:\/\/www.naturparkmagazin.de\/vdn\/wp-json\/wp\/v2\/posts\/3889\/revisions\/3934"}],"wp:featuredmedia":[{"embeddable":true,"href":"https:\/\/www.naturparkmagazin.de\/vdn\/wp-json\/wp\/v2\/media\/3891"}],"wp:attachment":[{"href":"https:\/\/www.naturparkmagazin.de\/vdn\/wp-json\/wp\/v2\/media?parent=3889"}],"wp:term":[{"taxonomy":"category","embeddable":true,"href":"https:\/\/www.naturparkmagazin.de\/vdn\/wp-json\/wp\/v2\/categories?post=3889"},{"taxonomy":"post_tag","embeddable":true,"href":"https:\/\/www.naturparkmagazin.de\/vdn\/wp-json\/wp\/v2\/tags?post=3889"}],"curies":[{"name":"wp","href":"https:\/\/api.w.org\/{rel}","templated":true}]}}