{"id":3895,"date":"2014-05-19T11:06:30","date_gmt":"2014-05-19T09:06:30","guid":{"rendered":"http:\/\/www.naturparkmagazin.de\/vdn\/?p=3895"},"modified":"2014-05-20T13:43:21","modified_gmt":"2014-05-20T11:43:21","slug":"vom-acker-auf-den-teller-heimische-vielfalt-geniessen","status":"publish","type":"post","link":"https:\/\/www.naturparkmagazin.de\/vdn\/vom-acker-auf-den-teller-heimische-vielfalt-geniessen\/","title":{"rendered":"&#8222;Vom Acker auf den Teller&#8220; &#8211; Heimische Vielfalt genie\u00dfen"},"content":{"rendered":"<div id=\"attachment_3901\" style=\"width: 510px\" class=\"wp-caption aligncenter\"><a href=\"https:\/\/www.naturparkmagazin.de\/vdn\/wp-content\/uploads\/sites\/3\/naturparkrezepttitel_beitrag.jpg\"><img aria-describedby=\"caption-attachment-3901\" decoding=\"async\" loading=\"lazy\" class=\"size-full wp-image-3901\" title=\"Copyright: Naturpark Bergisches Land\" alt=\"Copyright: Naturpark Bergisches Land\" src=\"https:\/\/www.naturparkmagazin.de\/vdn\/wp-content\/uploads\/sites\/3\/naturparkrezepttitel_beitrag.jpg\" width=\"500\" height=\"1000\" srcset=\"https:\/\/www.naturparkmagazin.de\/vdn\/wp-content\/uploads\/sites\/3\/naturparkrezepttitel_beitrag.jpg 500w, https:\/\/www.naturparkmagazin.de\/vdn\/wp-content\/uploads\/sites\/3\/naturparkrezepttitel_beitrag-300x600.jpg 300w, https:\/\/www.naturparkmagazin.de\/vdn\/wp-content\/uploads\/sites\/3\/naturparkrezepttitel_beitrag-200x400.jpg 200w\" sizes=\"(max-width: 500px) 100vw, 500px\" \/><\/a><p id=\"caption-attachment-3901\" class=\"wp-caption-text\">Copyright: Naturpark Bergisches Land<\/p><\/div>\n<p>Unter dem Titel \u201eHeimische Vielfalt genie\u00dfen \u2013 Vom Acker auf den Teller\u201c hat der Naturpark Bergisches Land ein neues Faltblatt mit regionalen Rezepten und Infos \u00fcber das kulinarische Netzwerkprojekt \u201eVielfalt schmeckt\u201c herausgebracht.<b> <\/b><\/p>\n<p>Die Rezepte, die von Bachsaibling an Steckr\u00fcbenragout \u00fcber Kartoffelpl\u00e4tzchen mit Bergischem Butterkohl in Specksahne, Eier-Kartoffelsalat mit Dinkelbrot, Marienheider Schafsk\u00e4se und Walnuss\u00f6l mit Bergischen Wildkr\u00e4utern bis hin zu Bergischer Potthucke in klassischer und vegetarischer Variante reichen, wurden gemeinsam mit sechs\u00a0 \u201eVielfalt schmeckt\u201c-K\u00f6chen entwickelt.<\/p>\n<p>\u00dcber 50 Betriebe aus den Bereichen Erzeugung\/Direktvermarktung, Verarbeitung, Gastronomie und Handel nehmen bereits an \u201eVielfalt schmeckt\u201c teil und machen unter dem Projektdach gemeinsam auf regionale Spezialit\u00e4ten und den Erhalt der Sorten- und Rassenvielfalt im Naturpark Bergisches Land aufmerksam.<\/p>\n<p>Das Faltblatt steht im Pressebereich auf der Projekt-Internetseite <a href=\"http:\/\/www.vielfalt-schmeckt.de\">www.vielfalt-schmeckt.de<\/a> zum Download bereit.<\/p>\n<p>&nbsp;<\/p>\n<p>&nbsp;<\/p>\n","protected":false},"excerpt":{"rendered":"<p>Unter dem Titel \u201eHeimische Vielfalt genie\u00dfen \u2013 Vom Acker auf den Teller\u201c hat der Naturpark Bergisches Land ein neues Faltblatt mit regionalen Rezepten herausgebracht.<\/p>\n","protected":false},"author":14,"featured_media":3902,"comment_status":"open","ping_status":"open","sticky":false,"template":"","format":"standard","meta":{"_links_to":"","_links_to_target":""},"categories":[7],"tags":[],"yoast_head":"<!-- This site is optimized with the Yoast SEO plugin v19.10 - https:\/\/yoast.com\/wordpress\/plugins\/seo\/ -->\n<title>&quot;Vom Acker auf den Teller&quot; - Heimische Vielfalt genie\u00dfen<\/title>\n<meta name=\"description\" content=\"Unter dem Titel \u201eHeimische Vielfalt genie\u00dfen \u2013 Vom Acker auf den Teller\u201c hat der Naturpark Bergisches Land ein neues Faltblatt mit regionalen Rezepten herausgebracht.\" \/>\n<meta name=\"robots\" content=\"index, follow, max-snippet:-1, max-image-preview:large, max-video-preview:-1\" \/>\n<link rel=\"canonical\" href=\"https:\/\/www.naturparkmagazin.de\/vdn\/vom-acker-auf-den-teller-heimische-vielfalt-geniessen\/\" \/>\n<meta property=\"og:locale\" content=\"de_DE\" \/>\n<meta property=\"og:type\" content=\"article\" \/>\n<meta property=\"og:title\" content=\"&quot;Vom Acker auf den Teller&quot; - Heimische Vielfalt genie\u00dfen\" \/>\n<meta property=\"og:description\" content=\"Unter dem Titel \u201eHeimische Vielfalt genie\u00dfen \u2013 Vom Acker auf den Teller\u201c hat der Naturpark Bergisches Land ein neues Faltblatt mit regionalen Rezepten herausgebracht.\" \/>\n<meta property=\"og:url\" content=\"https:\/\/www.naturparkmagazin.de\/vdn\/vom-acker-auf-den-teller-heimische-vielfalt-geniessen\/\" \/>\n<meta property=\"og:site_name\" content=\"Verband Deutscher Naturparke\" \/>\n<meta property=\"article:published_time\" content=\"2014-05-19T09:06:30+00:00\" \/>\n<meta property=\"article:modified_time\" content=\"2014-05-20T11:43:21+00:00\" \/>\n<meta property=\"og:image\" content=\"https:\/\/www.naturparkmagazin.de\/vdn\/wp-content\/uploads\/sites\/3\/naturparkrezepttitel_beitragsbild.jpg\" \/>\n\t<meta property=\"og:image:width\" content=\"180\" \/>\n\t<meta property=\"og:image:height\" content=\"135\" \/>\n\t<meta property=\"og:image:type\" content=\"image\/jpeg\" \/>\n<meta name=\"author\" content=\"vdnnational\" \/>\n<meta name=\"twitter:label1\" content=\"Verfasst von\" \/>\n\t<meta name=\"twitter:data1\" content=\"vdnnational\" \/>\n\t<meta name=\"twitter:label2\" content=\"Gesch\u00e4tzte Lesezeit\" \/>\n\t<meta name=\"twitter:data2\" content=\"1\u00a0Minute\" \/>\n<script type=\"application\/ld+json\" class=\"yoast-schema-graph\">{\"@context\":\"https:\/\/schema.org\",\"@graph\":[{\"@type\":\"WebPage\",\"@id\":\"https:\/\/www.naturparkmagazin.de\/vdn\/vom-acker-auf-den-teller-heimische-vielfalt-geniessen\/\",\"url\":\"https:\/\/www.naturparkmagazin.de\/vdn\/vom-acker-auf-den-teller-heimische-vielfalt-geniessen\/\",\"name\":\"\\\"Vom Acker auf den Teller\\\" - Heimische Vielfalt genie\u00dfen\",\"isPartOf\":{\"@id\":\"https:\/\/www.naturparkmagazin.de\/vdn\/#website\"},\"datePublished\":\"2014-05-19T09:06:30+00:00\",\"dateModified\":\"2014-05-20T11:43:21+00:00\",\"author\":{\"@id\":\"https:\/\/www.naturparkmagazin.de\/vdn\/#\/schema\/person\/e28d931df83318a48d52ae72b08d2bfb\"},\"description\":\"Unter dem Titel \u201eHeimische Vielfalt genie\u00dfen \u2013 Vom Acker auf den Teller\u201c hat der Naturpark Bergisches Land ein neues Faltblatt mit regionalen Rezepten herausgebracht.\",\"breadcrumb\":{\"@id\":\"https:\/\/www.naturparkmagazin.de\/vdn\/vom-acker-auf-den-teller-heimische-vielfalt-geniessen\/#breadcrumb\"},\"inLanguage\":\"de\",\"potentialAction\":[{\"@type\":\"ReadAction\",\"target\":[\"https:\/\/www.naturparkmagazin.de\/vdn\/vom-acker-auf-den-teller-heimische-vielfalt-geniessen\/\"]}]},{\"@type\":\"BreadcrumbList\",\"@id\":\"https:\/\/www.naturparkmagazin.de\/vdn\/vom-acker-auf-den-teller-heimische-vielfalt-geniessen\/#breadcrumb\",\"itemListElement\":[{\"@type\":\"ListItem\",\"position\":1,\"name\":\"Home\",\"item\":\"https:\/\/www.naturparkmagazin.de\/vdn\/\"},{\"@type\":\"ListItem\",\"position\":2,\"name\":\"&#8222;Vom Acker auf den Teller&#8220; &#8211; Heimische Vielfalt genie\u00dfen\"}]},{\"@type\":\"WebSite\",\"@id\":\"https:\/\/www.naturparkmagazin.de\/vdn\/#website\",\"url\":\"https:\/\/www.naturparkmagazin.de\/vdn\/\",\"name\":\"Verband Deutscher Naturparke\",\"description\":\"Eine weitere Naturparkmagazin.de Netzwerk Seite\",\"potentialAction\":[{\"@type\":\"SearchAction\",\"target\":{\"@type\":\"EntryPoint\",\"urlTemplate\":\"https:\/\/www.naturparkmagazin.de\/vdn\/?s={search_term_string}\"},\"query-input\":\"required name=search_term_string\"}],\"inLanguage\":\"de\"},{\"@type\":\"Person\",\"@id\":\"https:\/\/www.naturparkmagazin.de\/vdn\/#\/schema\/person\/e28d931df83318a48d52ae72b08d2bfb\",\"name\":\"vdnnational\",\"url\":\"https:\/\/www.naturparkmagazin.de\/vdn\/author\/vdnnational\/\"}]}<\/script>\n<!-- \/ Yoast SEO plugin. -->","yoast_head_json":{"title":"\"Vom Acker auf den Teller\" - Heimische Vielfalt genie\u00dfen","description":"Unter dem Titel \u201eHeimische Vielfalt genie\u00dfen \u2013 Vom Acker auf den Teller\u201c hat der Naturpark Bergisches Land ein neues Faltblatt mit regionalen Rezepten herausgebracht.","robots":{"index":"index","follow":"follow","max-snippet":"max-snippet:-1","max-image-preview":"max-image-preview:large","max-video-preview":"max-video-preview:-1"},"canonical":"https:\/\/www.naturparkmagazin.de\/vdn\/vom-acker-auf-den-teller-heimische-vielfalt-geniessen\/","og_locale":"de_DE","og_type":"article","og_title":"\"Vom Acker auf den Teller\" - Heimische Vielfalt genie\u00dfen","og_description":"Unter dem Titel \u201eHeimische Vielfalt genie\u00dfen \u2013 Vom Acker auf den Teller\u201c hat der Naturpark Bergisches Land ein neues Faltblatt mit regionalen Rezepten herausgebracht.","og_url":"https:\/\/www.naturparkmagazin.de\/vdn\/vom-acker-auf-den-teller-heimische-vielfalt-geniessen\/","og_site_name":"Verband Deutscher Naturparke","article_published_time":"2014-05-19T09:06:30+00:00","article_modified_time":"2014-05-20T11:43:21+00:00","og_image":[{"width":180,"height":135,"url":"https:\/\/www.naturparkmagazin.de\/vdn\/wp-content\/uploads\/sites\/3\/naturparkrezepttitel_beitragsbild.jpg","type":"image\/jpeg"}],"author":"vdnnational","twitter_misc":{"Verfasst von":"vdnnational","Gesch\u00e4tzte Lesezeit":"1\u00a0Minute"},"schema":{"@context":"https:\/\/schema.org","@graph":[{"@type":"WebPage","@id":"https:\/\/www.naturparkmagazin.de\/vdn\/vom-acker-auf-den-teller-heimische-vielfalt-geniessen\/","url":"https:\/\/www.naturparkmagazin.de\/vdn\/vom-acker-auf-den-teller-heimische-vielfalt-geniessen\/","name":"\"Vom Acker auf den Teller\" - Heimische Vielfalt genie\u00dfen","isPartOf":{"@id":"https:\/\/www.naturparkmagazin.de\/vdn\/#website"},"datePublished":"2014-05-19T09:06:30+00:00","dateModified":"2014-05-20T11:43:21+00:00","author":{"@id":"https:\/\/www.naturparkmagazin.de\/vdn\/#\/schema\/person\/e28d931df83318a48d52ae72b08d2bfb"},"description":"Unter dem Titel \u201eHeimische Vielfalt genie\u00dfen \u2013 Vom Acker auf den Teller\u201c hat der Naturpark Bergisches Land ein neues Faltblatt mit regionalen Rezepten herausgebracht.","breadcrumb":{"@id":"https:\/\/www.naturparkmagazin.de\/vdn\/vom-acker-auf-den-teller-heimische-vielfalt-geniessen\/#breadcrumb"},"inLanguage":"de","potentialAction":[{"@type":"ReadAction","target":["https:\/\/www.naturparkmagazin.de\/vdn\/vom-acker-auf-den-teller-heimische-vielfalt-geniessen\/"]}]},{"@type":"BreadcrumbList","@id":"https:\/\/www.naturparkmagazin.de\/vdn\/vom-acker-auf-den-teller-heimische-vielfalt-geniessen\/#breadcrumb","itemListElement":[{"@type":"ListItem","position":1,"name":"Home","item":"https:\/\/www.naturparkmagazin.de\/vdn\/"},{"@type":"ListItem","position":2,"name":"&#8222;Vom Acker auf den Teller&#8220; &#8211; Heimische Vielfalt genie\u00dfen"}]},{"@type":"WebSite","@id":"https:\/\/www.naturparkmagazin.de\/vdn\/#website","url":"https:\/\/www.naturparkmagazin.de\/vdn\/","name":"Verband Deutscher Naturparke","description":"Eine weitere Naturparkmagazin.de Netzwerk Seite","potentialAction":[{"@type":"SearchAction","target":{"@type":"EntryPoint","urlTemplate":"https:\/\/www.naturparkmagazin.de\/vdn\/?s={search_term_string}"},"query-input":"required name=search_term_string"}],"inLanguage":"de"},{"@type":"Person","@id":"https:\/\/www.naturparkmagazin.de\/vdn\/#\/schema\/person\/e28d931df83318a48d52ae72b08d2bfb","name":"vdnnational","url":"https:\/\/www.naturparkmagazin.de\/vdn\/author\/vdnnational\/"}]}},"_links":{"self":[{"href":"https:\/\/www.naturparkmagazin.de\/vdn\/wp-json\/wp\/v2\/posts\/3895"}],"collection":[{"href":"https:\/\/www.naturparkmagazin.de\/vdn\/wp-json\/wp\/v2\/posts"}],"about":[{"href":"https:\/\/www.naturparkmagazin.de\/vdn\/wp-json\/wp\/v2\/types\/post"}],"author":[{"embeddable":true,"href":"https:\/\/www.naturparkmagazin.de\/vdn\/wp-json\/wp\/v2\/users\/14"}],"replies":[{"embeddable":true,"href":"https:\/\/www.naturparkmagazin.de\/vdn\/wp-json\/wp\/v2\/comments?post=3895"}],"version-history":[{"count":5,"href":"https:\/\/www.naturparkmagazin.de\/vdn\/wp-json\/wp\/v2\/posts\/3895\/revisions"}],"predecessor-version":[{"id":3905,"href":"https:\/\/www.naturparkmagazin.de\/vdn\/wp-json\/wp\/v2\/posts\/3895\/revisions\/3905"}],"wp:featuredmedia":[{"embeddable":true,"href":"https:\/\/www.naturparkmagazin.de\/vdn\/wp-json\/wp\/v2\/media\/3902"}],"wp:attachment":[{"href":"https:\/\/www.naturparkmagazin.de\/vdn\/wp-json\/wp\/v2\/media?parent=3895"}],"wp:term":[{"taxonomy":"category","embeddable":true,"href":"https:\/\/www.naturparkmagazin.de\/vdn\/wp-json\/wp\/v2\/categories?post=3895"},{"taxonomy":"post_tag","embeddable":true,"href":"https:\/\/www.naturparkmagazin.de\/vdn\/wp-json\/wp\/v2\/tags?post=3895"}],"curies":[{"name":"wp","href":"https:\/\/api.w.org\/{rel}","templated":true}]}}