{"id":3947,"date":"2014-06-18T09:01:28","date_gmt":"2014-06-18T07:01:28","guid":{"rendered":"http:\/\/www.naturparkmagazin.de\/vdn\/?p=3947"},"modified":"2014-06-23T12:45:37","modified_gmt":"2014-06-23T10:45:37","slug":"lust-auf-natur-deutsch-belgischer-naturpark-hohes-venn-eifel","status":"publish","type":"post","link":"https:\/\/www.naturparkmagazin.de\/vdn\/lust-auf-natur-deutsch-belgischer-naturpark-hohes-venn-eifel\/","title":{"rendered":"\u201eLust auf Natur\u201c &#8211; Deutsch-Belgischer Naturpark Hohes Venn &#8211; Eifel"},"content":{"rendered":"<div id=\"attachment_3951\" style=\"width: 510px\" class=\"wp-caption aligncenter\"><a href=\"https:\/\/www.naturparkmagazin.de\/vdn\/wp-content\/uploads\/sites\/3\/Als-der-Nebel-sich-lichtete-Copyright-VDNBaude.jpg\"><img aria-describedby=\"caption-attachment-3951\" decoding=\"async\" loading=\"lazy\" class=\"size-full wp-image-3951 \" title=\"'Als der Nebel sich lichtete'  Copyright: VDNBaude\" alt=\"'Als der Nebel sich lichtete'  Copyright: VDNBaude\" src=\"https:\/\/www.naturparkmagazin.de\/vdn\/wp-content\/uploads\/sites\/3\/Als-der-Nebel-sich-lichtete-Copyright-VDNBaude.jpg\" width=\"500\" height=\"300\" srcset=\"https:\/\/www.naturparkmagazin.de\/vdn\/wp-content\/uploads\/sites\/3\/Als-der-Nebel-sich-lichtete-Copyright-VDNBaude.jpg 500w, https:\/\/www.naturparkmagazin.de\/vdn\/wp-content\/uploads\/sites\/3\/Als-der-Nebel-sich-lichtete-Copyright-VDNBaude-300x180.jpg 300w, https:\/\/www.naturparkmagazin.de\/vdn\/wp-content\/uploads\/sites\/3\/Als-der-Nebel-sich-lichtete-Copyright-VDNBaude-200x120.jpg 200w\" sizes=\"(max-width: 500px) 100vw, 500px\" \/><\/a><p id=\"caption-attachment-3951\" class=\"wp-caption-text\">&#8218;Als der Nebel sich lichtete&#8216; Copyright: VDNBaude<\/p><\/div>\n<p>Der Deutsch-Belgische Naturpark erstreckt sich auf einer Fl\u00e4che von rund 2.700 qkm in Nordrhein-Westfalen, Rheinland-Pfalz und Ostbelgien. Seine Landschaften sind von einmaliger Vielfalt: Das Hochmoor im belgischen \u201eHohen Venn&#8220;, Fl\u00fcsse, B\u00e4che und 15 Seen und Talsperren, die farbenpr\u00e4chtige Artenvielfalt in der Kalkeifel, weite und bewaldete Bergh\u00f6hen der Hocheifel und die Ausl\u00e4ufer der Vulkaneifel. Mitten im Deutsch-Belgischen Naturpark liegt der Nationalpark Eifel, der einzige Nationalpark in Nordrhein-Westfalen.<\/p>\n<p>Dem Slogan \u201eEifel \u2013 Lust auf Natur\u201c folgend bieten die Gastgeber in der Eifel abwechslungsreiche Qualit\u00e4ts-Angebote zum Wandern, Radfahren und aktiven Naturerlebnis. Bei allen Aktivit\u00e4ten st\u00f6\u00dft der Gast immer wieder auf Zeugen der Geschichte in der Eifel: H\u00f6hlen aus der Steinzeit, herausragende Bauten der R\u00f6mer mit der r\u00f6mischen Wasserleitung, \u00fcber 100 Burgen, Schl\u00f6sser und Kl\u00f6ster oder die heute \u00f6kologisch wertvollen \u00dcberreste der Westwallanlage. Und \u201eHauptdarsteller\u201c ist stets die eindrucksvolle Naturlandschaft mit einer bunten Pflanzen- und Tierwelt.<\/p>\n<p>Kleine, gem\u00fctliche Gasth\u00e4user, komfortable Hotels, Camping- und Reisemobilpl\u00e4tze und eine traditionelle K\u00fcche laden zu einem aktiven und erholsamen Urlaub in die Eifel ein.<\/p>\n<p>Zusammen mit vielen starken Partnern in der Eifel hat sich der Deutsch-Belgische Naturpark zu einer bedeutenden Naturerlebnisregion in Deutschland entwickelt. Der Naturpark verbindet in seiner Arbeit innovative Projekte mit den Traditionen und Werten der l\u00e4ndlichen Region Eifel wie beispielsweise bei der Regionalmarke \u201eMarke Eifel\u201c oder \u201eKlimaTour Eifel\u201c. Der Naturpark l\u00e4dt G\u00e4ste und einheimische Menschen ein, Natur, Landschaft und Kultur grenzenlos zu erleben.<\/p>\n<p><a href=\"http:\/\/www.naturpark-eifel.de\">www.naturpark-eifel.de<\/a>, www.klimatour-eifel.de<\/p>\n<p>&nbsp;<\/p>\n","protected":false},"excerpt":{"rendered":"<p>Dem Slogan \u201eEifel \u2013 Lust auf Natur\u201c folgend bieten die Gastgeber in der Eifel abwechslungsreiche Qualit\u00e4ts-Angebote zum Wandern, Radfahren und aktiven Naturerlebnis.<\/p>\n","protected":false},"author":51,"featured_media":3953,"comment_status":"open","ping_status":"open","sticky":false,"template":"","format":"standard","meta":{"_links_to":"","_links_to_target":""},"categories":[15],"tags":[186,87,3153,145],"yoast_head":"<!-- This site is optimized with the Yoast SEO plugin v19.10 - https:\/\/yoast.com\/wordpress\/plugins\/seo\/ -->\n<title>\u201eLust auf Natur\u201c - Deutsch-Belgischer Naturpark Hohes Venn - Eifel<\/title>\n<meta name=\"description\" content=\"Dem Slogan \u201eEifel \u2013 Lust auf Natur\u201c folgend bieten die Gastgeber in der Eifel abwechslungsreiche Qualit\u00e4ts-Angebote zum Wandern, Radfahren und aktiven Naturerlebnis.\" \/>\n<meta name=\"robots\" content=\"index, follow, max-snippet:-1, max-image-preview:large, max-video-preview:-1\" \/>\n<link rel=\"canonical\" href=\"https:\/\/www.naturparkmagazin.de\/vdn\/lust-auf-natur-deutsch-belgischer-naturpark-hohes-venn-eifel\/\" \/>\n<meta property=\"og:locale\" content=\"de_DE\" \/>\n<meta property=\"og:type\" content=\"article\" \/>\n<meta property=\"og:title\" content=\"\u201eLust auf Natur\u201c - Deutsch-Belgischer Naturpark Hohes Venn - Eifel\" \/>\n<meta property=\"og:description\" content=\"Dem Slogan \u201eEifel \u2013 Lust auf Natur\u201c folgend bieten die Gastgeber in der Eifel abwechslungsreiche Qualit\u00e4ts-Angebote zum Wandern, Radfahren und aktiven Naturerlebnis.\" \/>\n<meta property=\"og:url\" content=\"https:\/\/www.naturparkmagazin.de\/vdn\/lust-auf-natur-deutsch-belgischer-naturpark-hohes-venn-eifel\/\" \/>\n<meta property=\"og:site_name\" content=\"Verband Deutscher Naturparke\" \/>\n<meta property=\"article:published_time\" content=\"2014-06-18T07:01:28+00:00\" \/>\n<meta property=\"article:modified_time\" content=\"2014-06-23T10:45:37+00:00\" \/>\n<meta property=\"og:image\" content=\"https:\/\/www.naturparkmagazin.de\/vdn\/wp-content\/uploads\/sites\/3\/Als-der-Nebel-sich-lichtete-Copyright-VDNBaude-Beitragsbild.jpg\" \/>\n\t<meta property=\"og:image:width\" content=\"180\" \/>\n\t<meta property=\"og:image:height\" content=\"135\" \/>\n\t<meta property=\"og:image:type\" content=\"image\/jpeg\" \/>\n<meta name=\"author\" content=\"beatrixlosem\" \/>\n<meta name=\"twitter:label1\" content=\"Verfasst von\" \/>\n\t<meta name=\"twitter:data1\" content=\"beatrixlosem\" \/>\n\t<meta name=\"twitter:label2\" content=\"Gesch\u00e4tzte Lesezeit\" \/>\n\t<meta name=\"twitter:data2\" content=\"1\u00a0Minute\" \/>\n<script type=\"application\/ld+json\" class=\"yoast-schema-graph\">{\"@context\":\"https:\/\/schema.org\",\"@graph\":[{\"@type\":\"WebPage\",\"@id\":\"https:\/\/www.naturparkmagazin.de\/vdn\/lust-auf-natur-deutsch-belgischer-naturpark-hohes-venn-eifel\/\",\"url\":\"https:\/\/www.naturparkmagazin.de\/vdn\/lust-auf-natur-deutsch-belgischer-naturpark-hohes-venn-eifel\/\",\"name\":\"\u201eLust auf Natur\u201c - Deutsch-Belgischer Naturpark Hohes Venn - Eifel\",\"isPartOf\":{\"@id\":\"https:\/\/www.naturparkmagazin.de\/vdn\/#website\"},\"datePublished\":\"2014-06-18T07:01:28+00:00\",\"dateModified\":\"2014-06-23T10:45:37+00:00\",\"author\":{\"@id\":\"https:\/\/www.naturparkmagazin.de\/vdn\/#\/schema\/person\/d71357578c318b6db03be60b1f60396b\"},\"description\":\"Dem Slogan \u201eEifel \u2013 Lust auf Natur\u201c folgend bieten die Gastgeber in der Eifel abwechslungsreiche Qualit\u00e4ts-Angebote zum Wandern, Radfahren und aktiven Naturerlebnis.\",\"breadcrumb\":{\"@id\":\"https:\/\/www.naturparkmagazin.de\/vdn\/lust-auf-natur-deutsch-belgischer-naturpark-hohes-venn-eifel\/#breadcrumb\"},\"inLanguage\":\"de\",\"potentialAction\":[{\"@type\":\"ReadAction\",\"target\":[\"https:\/\/www.naturparkmagazin.de\/vdn\/lust-auf-natur-deutsch-belgischer-naturpark-hohes-venn-eifel\/\"]}]},{\"@type\":\"BreadcrumbList\",\"@id\":\"https:\/\/www.naturparkmagazin.de\/vdn\/lust-auf-natur-deutsch-belgischer-naturpark-hohes-venn-eifel\/#breadcrumb\",\"itemListElement\":[{\"@type\":\"ListItem\",\"position\":1,\"name\":\"Home\",\"item\":\"https:\/\/www.naturparkmagazin.de\/vdn\/\"},{\"@type\":\"ListItem\",\"position\":2,\"name\":\"\u201eLust auf Natur\u201c &#8211; Deutsch-Belgischer Naturpark Hohes Venn &#8211; Eifel\"}]},{\"@type\":\"WebSite\",\"@id\":\"https:\/\/www.naturparkmagazin.de\/vdn\/#website\",\"url\":\"https:\/\/www.naturparkmagazin.de\/vdn\/\",\"name\":\"Verband Deutscher Naturparke\",\"description\":\"Eine weitere Naturparkmagazin.de Netzwerk Seite\",\"potentialAction\":[{\"@type\":\"SearchAction\",\"target\":{\"@type\":\"EntryPoint\",\"urlTemplate\":\"https:\/\/www.naturparkmagazin.de\/vdn\/?s={search_term_string}\"},\"query-input\":\"required name=search_term_string\"}],\"inLanguage\":\"de\"},{\"@type\":\"Person\",\"@id\":\"https:\/\/www.naturparkmagazin.de\/vdn\/#\/schema\/person\/d71357578c318b6db03be60b1f60396b\",\"name\":\"beatrixlosem\",\"url\":\"https:\/\/www.naturparkmagazin.de\/vdn\/author\/beatrixlosem\/\"}]}<\/script>\n<!-- \/ Yoast SEO plugin. -->","yoast_head_json":{"title":"\u201eLust auf Natur\u201c - Deutsch-Belgischer Naturpark Hohes Venn - Eifel","description":"Dem Slogan \u201eEifel \u2013 Lust auf Natur\u201c folgend bieten die Gastgeber in der Eifel abwechslungsreiche Qualit\u00e4ts-Angebote zum Wandern, Radfahren und aktiven Naturerlebnis.","robots":{"index":"index","follow":"follow","max-snippet":"max-snippet:-1","max-image-preview":"max-image-preview:large","max-video-preview":"max-video-preview:-1"},"canonical":"https:\/\/www.naturparkmagazin.de\/vdn\/lust-auf-natur-deutsch-belgischer-naturpark-hohes-venn-eifel\/","og_locale":"de_DE","og_type":"article","og_title":"\u201eLust auf Natur\u201c - Deutsch-Belgischer Naturpark Hohes Venn - Eifel","og_description":"Dem Slogan \u201eEifel \u2013 Lust auf Natur\u201c folgend bieten die Gastgeber in der Eifel abwechslungsreiche Qualit\u00e4ts-Angebote zum Wandern, Radfahren und aktiven Naturerlebnis.","og_url":"https:\/\/www.naturparkmagazin.de\/vdn\/lust-auf-natur-deutsch-belgischer-naturpark-hohes-venn-eifel\/","og_site_name":"Verband Deutscher Naturparke","article_published_time":"2014-06-18T07:01:28+00:00","article_modified_time":"2014-06-23T10:45:37+00:00","og_image":[{"width":180,"height":135,"url":"https:\/\/www.naturparkmagazin.de\/vdn\/wp-content\/uploads\/sites\/3\/Als-der-Nebel-sich-lichtete-Copyright-VDNBaude-Beitragsbild.jpg","type":"image\/jpeg"}],"author":"beatrixlosem","twitter_misc":{"Verfasst von":"beatrixlosem","Gesch\u00e4tzte Lesezeit":"1\u00a0Minute"},"schema":{"@context":"https:\/\/schema.org","@graph":[{"@type":"WebPage","@id":"https:\/\/www.naturparkmagazin.de\/vdn\/lust-auf-natur-deutsch-belgischer-naturpark-hohes-venn-eifel\/","url":"https:\/\/www.naturparkmagazin.de\/vdn\/lust-auf-natur-deutsch-belgischer-naturpark-hohes-venn-eifel\/","name":"\u201eLust auf Natur\u201c - Deutsch-Belgischer Naturpark Hohes Venn - Eifel","isPartOf":{"@id":"https:\/\/www.naturparkmagazin.de\/vdn\/#website"},"datePublished":"2014-06-18T07:01:28+00:00","dateModified":"2014-06-23T10:45:37+00:00","author":{"@id":"https:\/\/www.naturparkmagazin.de\/vdn\/#\/schema\/person\/d71357578c318b6db03be60b1f60396b"},"description":"Dem Slogan \u201eEifel \u2013 Lust auf Natur\u201c folgend bieten die Gastgeber in der Eifel abwechslungsreiche Qualit\u00e4ts-Angebote zum Wandern, Radfahren und aktiven Naturerlebnis.","breadcrumb":{"@id":"https:\/\/www.naturparkmagazin.de\/vdn\/lust-auf-natur-deutsch-belgischer-naturpark-hohes-venn-eifel\/#breadcrumb"},"inLanguage":"de","potentialAction":[{"@type":"ReadAction","target":["https:\/\/www.naturparkmagazin.de\/vdn\/lust-auf-natur-deutsch-belgischer-naturpark-hohes-venn-eifel\/"]}]},{"@type":"BreadcrumbList","@id":"https:\/\/www.naturparkmagazin.de\/vdn\/lust-auf-natur-deutsch-belgischer-naturpark-hohes-venn-eifel\/#breadcrumb","itemListElement":[{"@type":"ListItem","position":1,"name":"Home","item":"https:\/\/www.naturparkmagazin.de\/vdn\/"},{"@type":"ListItem","position":2,"name":"\u201eLust auf Natur\u201c &#8211; Deutsch-Belgischer Naturpark Hohes Venn &#8211; Eifel"}]},{"@type":"WebSite","@id":"https:\/\/www.naturparkmagazin.de\/vdn\/#website","url":"https:\/\/www.naturparkmagazin.de\/vdn\/","name":"Verband Deutscher Naturparke","description":"Eine weitere Naturparkmagazin.de Netzwerk Seite","potentialAction":[{"@type":"SearchAction","target":{"@type":"EntryPoint","urlTemplate":"https:\/\/www.naturparkmagazin.de\/vdn\/?s={search_term_string}"},"query-input":"required name=search_term_string"}],"inLanguage":"de"},{"@type":"Person","@id":"https:\/\/www.naturparkmagazin.de\/vdn\/#\/schema\/person\/d71357578c318b6db03be60b1f60396b","name":"beatrixlosem","url":"https:\/\/www.naturparkmagazin.de\/vdn\/author\/beatrixlosem\/"}]}},"_links":{"self":[{"href":"https:\/\/www.naturparkmagazin.de\/vdn\/wp-json\/wp\/v2\/posts\/3947"}],"collection":[{"href":"https:\/\/www.naturparkmagazin.de\/vdn\/wp-json\/wp\/v2\/posts"}],"about":[{"href":"https:\/\/www.naturparkmagazin.de\/vdn\/wp-json\/wp\/v2\/types\/post"}],"author":[{"embeddable":true,"href":"https:\/\/www.naturparkmagazin.de\/vdn\/wp-json\/wp\/v2\/users\/51"}],"replies":[{"embeddable":true,"href":"https:\/\/www.naturparkmagazin.de\/vdn\/wp-json\/wp\/v2\/comments?post=3947"}],"version-history":[{"count":6,"href":"https:\/\/www.naturparkmagazin.de\/vdn\/wp-json\/wp\/v2\/posts\/3947\/revisions"}],"predecessor-version":[{"id":3949,"href":"https:\/\/www.naturparkmagazin.de\/vdn\/wp-json\/wp\/v2\/posts\/3947\/revisions\/3949"}],"wp:featuredmedia":[{"embeddable":true,"href":"https:\/\/www.naturparkmagazin.de\/vdn\/wp-json\/wp\/v2\/media\/3953"}],"wp:attachment":[{"href":"https:\/\/www.naturparkmagazin.de\/vdn\/wp-json\/wp\/v2\/media?parent=3947"}],"wp:term":[{"taxonomy":"category","embeddable":true,"href":"https:\/\/www.naturparkmagazin.de\/vdn\/wp-json\/wp\/v2\/categories?post=3947"},{"taxonomy":"post_tag","embeddable":true,"href":"https:\/\/www.naturparkmagazin.de\/vdn\/wp-json\/wp\/v2\/tags?post=3947"}],"curies":[{"name":"wp","href":"https:\/\/api.w.org\/{rel}","templated":true}]}}