{"id":3965,"date":"2014-06-18T14:16:27","date_gmt":"2014-06-18T12:16:27","guid":{"rendered":"http:\/\/www.naturparkmagazin.de\/vdn\/?p=3965"},"modified":"2014-06-26T12:48:17","modified_gmt":"2014-06-26T10:48:17","slug":"moore-im-trend-klimaschutz-verhilft-dem-moorschutz-zu-neuer-popularitaet","status":"publish","type":"post","link":"https:\/\/www.naturparkmagazin.de\/vdn\/moore-im-trend-klimaschutz-verhilft-dem-moorschutz-zu-neuer-popularitaet\/","title":{"rendered":"&#8222;Moore im Trend&#8220; \u2013 Klimaschutz verhilft Moorschutz zu neuer Popularit\u00e4t"},"content":{"rendered":"<div id=\"attachment_3952\" style=\"width: 510px\" class=\"wp-caption aligncenter\"><a href=\"https:\/\/www.naturparkmagazin.de\/vdn\/wp-content\/uploads\/sites\/3\/das-Venn-im-Wollgras-Rausch-VDN-Baude.jpg\"><img aria-describedby=\"caption-attachment-3952\" decoding=\"async\" loading=\"lazy\" class=\"size-full wp-image-3952 \" title=\"Das Venn im Wollgras-Rausch - Copyright: VDN\/Baude\" alt=\"Das Venn im Wollgras-Rausch - Copyright: VDN\/Baude\" src=\"https:\/\/www.naturparkmagazin.de\/vdn\/wp-content\/uploads\/sites\/3\/das-Venn-im-Wollgras-Rausch-VDN-Baude.jpg\" width=\"500\" height=\"300\" srcset=\"https:\/\/www.naturparkmagazin.de\/vdn\/wp-content\/uploads\/sites\/3\/das-Venn-im-Wollgras-Rausch-VDN-Baude.jpg 500w, https:\/\/www.naturparkmagazin.de\/vdn\/wp-content\/uploads\/sites\/3\/das-Venn-im-Wollgras-Rausch-VDN-Baude-300x180.jpg 300w, https:\/\/www.naturparkmagazin.de\/vdn\/wp-content\/uploads\/sites\/3\/das-Venn-im-Wollgras-Rausch-VDN-Baude-200x120.jpg 200w\" sizes=\"(max-width: 500px) 100vw, 500px\" \/><\/a><p id=\"caption-attachment-3952\" class=\"wp-caption-text\">Das Venn im Wollgras-Rausch &#8211; Copyright: VDN\/Baude<\/p><\/div>\n<p>Der eintretende Klimawandel und seine verheerenden Folgen f\u00fcr Mensch und Umwelt werden \u00fcberall diskutiert. Politik, Wirtschaft und Verb\u00e4nde entwickeln verschiedene Szenarien zur Abmilderung der globalen Erw\u00e4rmung. Im Zuge dieser Diskussion m\u00fcssen Moore als Kohlenstofflager und -speicher st\u00e4rker ber\u00fccksichtigt werden. Moore speichern doppelt so viel Kohlenstoff wie alle W\u00e4lder der Welt. In Deutschland enth\u00e4lt eine 15 Zentimeter m\u00e4chtige Torfschicht auf gleicher Fl\u00e4che in etwa gleich viel Kohlenstoff wie ein 100-j\u00e4hriger Wald. Geht also in einem Moor die Torfm\u00e4chtigkeit um einen Meter zur\u00fcck, m\u00fcsste zum Ausgleich das Sechsfache an Fl\u00e4che aufgeforstet und 100 Jahre ungest\u00f6rt wachsen.<\/p>\n<p>Dabei tr\u00e4gt umfassender Moorschutz in entscheidendem Ma\u00dfe dazu bei, die gro\u00dfen Herausforderungen zum Erhalt der Artenvielfalt und die Probleme des Klimawandels zu bew\u00e4ltigen. Unsere Moore sind nicht nur wichtige Lebensr\u00e4ume vieler mittlerweile stark gef\u00e4hrdeter Tier- und Pflanzenarten, sie sind auch die effektivsten \u00d6kosysteme in der Kohlenstoffspeicherung. \u00a0Mit Projekten wie der Renaturierung der Torfmoorh\u00f6lle im Fichtelgebirge, des Arracher Moores im Oberen Bayerischen Wald sowie der Wiedervern\u00e4ssung feuchter Gr\u00fcnlandfl\u00e4chen in der Eifel, im Fl\u00e4ming oder in der Niederlausitz leisten Naturparke dazu einen aktiven Beitrag.<\/p>\n<p>&nbsp;<\/p>\n","protected":false},"excerpt":{"rendered":"<p>Moorschutz tr\u00e4gt in entscheidendem Ma\u00dfe dazu bei, die gro\u00dfen Herausforderungen und die Probleme des Klimawandels zu bew\u00e4ltigen.<\/p>\n","protected":false},"author":51,"featured_media":3966,"comment_status":"open","ping_status":"open","sticky":false,"template":"","format":"standard","meta":{"_links_to":"","_links_to_target":""},"categories":[7],"tags":[186,41],"yoast_head":"<!-- This site is optimized with the Yoast SEO plugin v19.10 - https:\/\/yoast.com\/wordpress\/plugins\/seo\/ -->\n<title>&quot;Moore im Trend&quot; \u2013 Klimaschutz verhilft Moorschutz zu neuer Popularit\u00e4t<\/title>\n<meta name=\"description\" content=\"Moorschutz tr\u00e4gt in entscheidendem Ma\u00dfe dazu bei, die gro\u00dfen Herausforderungen und die Probleme des Klimawandels zu bew\u00e4ltigen.\" \/>\n<meta name=\"robots\" content=\"index, follow, max-snippet:-1, max-image-preview:large, max-video-preview:-1\" \/>\n<link rel=\"canonical\" href=\"https:\/\/www.naturparkmagazin.de\/vdn\/moore-im-trend-klimaschutz-verhilft-dem-moorschutz-zu-neuer-popularitaet\/\" \/>\n<meta property=\"og:locale\" content=\"de_DE\" \/>\n<meta property=\"og:type\" content=\"article\" \/>\n<meta property=\"og:title\" content=\"&quot;Moore im Trend&quot; \u2013 Klimaschutz verhilft Moorschutz zu neuer Popularit\u00e4t\" \/>\n<meta property=\"og:description\" content=\"Moorschutz tr\u00e4gt in entscheidendem Ma\u00dfe dazu bei, die gro\u00dfen Herausforderungen und die Probleme des Klimawandels zu bew\u00e4ltigen.\" \/>\n<meta property=\"og:url\" content=\"https:\/\/www.naturparkmagazin.de\/vdn\/moore-im-trend-klimaschutz-verhilft-dem-moorschutz-zu-neuer-popularitaet\/\" \/>\n<meta property=\"og:site_name\" content=\"Verband Deutscher Naturparke\" \/>\n<meta property=\"article:published_time\" content=\"2014-06-18T12:16:27+00:00\" \/>\n<meta property=\"article:modified_time\" content=\"2014-06-26T10:48:17+00:00\" \/>\n<meta property=\"og:image\" content=\"https:\/\/www.naturparkmagazin.de\/vdn\/wp-content\/uploads\/sites\/3\/das-Venn-im-Wollgras-Rausch-VDN-Baude-Beitragsbild.jpg\" \/>\n\t<meta property=\"og:image:width\" content=\"180\" \/>\n\t<meta property=\"og:image:height\" content=\"135\" \/>\n\t<meta property=\"og:image:type\" content=\"image\/jpeg\" \/>\n<meta name=\"author\" content=\"beatrixlosem\" \/>\n<meta name=\"twitter:label1\" content=\"Verfasst von\" \/>\n\t<meta name=\"twitter:data1\" content=\"beatrixlosem\" \/>\n\t<meta name=\"twitter:label2\" content=\"Gesch\u00e4tzte Lesezeit\" \/>\n\t<meta name=\"twitter:data2\" content=\"1\u00a0Minute\" \/>\n<script type=\"application\/ld+json\" class=\"yoast-schema-graph\">{\"@context\":\"https:\/\/schema.org\",\"@graph\":[{\"@type\":\"WebPage\",\"@id\":\"https:\/\/www.naturparkmagazin.de\/vdn\/moore-im-trend-klimaschutz-verhilft-dem-moorschutz-zu-neuer-popularitaet\/\",\"url\":\"https:\/\/www.naturparkmagazin.de\/vdn\/moore-im-trend-klimaschutz-verhilft-dem-moorschutz-zu-neuer-popularitaet\/\",\"name\":\"\\\"Moore im Trend\\\" \u2013 Klimaschutz verhilft Moorschutz zu neuer Popularit\u00e4t\",\"isPartOf\":{\"@id\":\"https:\/\/www.naturparkmagazin.de\/vdn\/#website\"},\"datePublished\":\"2014-06-18T12:16:27+00:00\",\"dateModified\":\"2014-06-26T10:48:17+00:00\",\"author\":{\"@id\":\"https:\/\/www.naturparkmagazin.de\/vdn\/#\/schema\/person\/d71357578c318b6db03be60b1f60396b\"},\"description\":\"Moorschutz tr\u00e4gt in entscheidendem Ma\u00dfe dazu bei, die gro\u00dfen Herausforderungen und die Probleme des Klimawandels zu bew\u00e4ltigen.\",\"breadcrumb\":{\"@id\":\"https:\/\/www.naturparkmagazin.de\/vdn\/moore-im-trend-klimaschutz-verhilft-dem-moorschutz-zu-neuer-popularitaet\/#breadcrumb\"},\"inLanguage\":\"de\",\"potentialAction\":[{\"@type\":\"ReadAction\",\"target\":[\"https:\/\/www.naturparkmagazin.de\/vdn\/moore-im-trend-klimaschutz-verhilft-dem-moorschutz-zu-neuer-popularitaet\/\"]}]},{\"@type\":\"BreadcrumbList\",\"@id\":\"https:\/\/www.naturparkmagazin.de\/vdn\/moore-im-trend-klimaschutz-verhilft-dem-moorschutz-zu-neuer-popularitaet\/#breadcrumb\",\"itemListElement\":[{\"@type\":\"ListItem\",\"position\":1,\"name\":\"Home\",\"item\":\"https:\/\/www.naturparkmagazin.de\/vdn\/\"},{\"@type\":\"ListItem\",\"position\":2,\"name\":\"&#8222;Moore im Trend&#8220; \u2013 Klimaschutz verhilft Moorschutz zu neuer Popularit\u00e4t\"}]},{\"@type\":\"WebSite\",\"@id\":\"https:\/\/www.naturparkmagazin.de\/vdn\/#website\",\"url\":\"https:\/\/www.naturparkmagazin.de\/vdn\/\",\"name\":\"Verband Deutscher Naturparke\",\"description\":\"Eine weitere Naturparkmagazin.de Netzwerk Seite\",\"potentialAction\":[{\"@type\":\"SearchAction\",\"target\":{\"@type\":\"EntryPoint\",\"urlTemplate\":\"https:\/\/www.naturparkmagazin.de\/vdn\/?s={search_term_string}\"},\"query-input\":\"required name=search_term_string\"}],\"inLanguage\":\"de\"},{\"@type\":\"Person\",\"@id\":\"https:\/\/www.naturparkmagazin.de\/vdn\/#\/schema\/person\/d71357578c318b6db03be60b1f60396b\",\"name\":\"beatrixlosem\",\"url\":\"https:\/\/www.naturparkmagazin.de\/vdn\/author\/beatrixlosem\/\"}]}<\/script>\n<!-- \/ Yoast SEO plugin. -->","yoast_head_json":{"title":"\"Moore im Trend\" \u2013 Klimaschutz verhilft Moorschutz zu neuer Popularit\u00e4t","description":"Moorschutz tr\u00e4gt in entscheidendem Ma\u00dfe dazu bei, die gro\u00dfen Herausforderungen und die Probleme des Klimawandels zu bew\u00e4ltigen.","robots":{"index":"index","follow":"follow","max-snippet":"max-snippet:-1","max-image-preview":"max-image-preview:large","max-video-preview":"max-video-preview:-1"},"canonical":"https:\/\/www.naturparkmagazin.de\/vdn\/moore-im-trend-klimaschutz-verhilft-dem-moorschutz-zu-neuer-popularitaet\/","og_locale":"de_DE","og_type":"article","og_title":"\"Moore im Trend\" \u2013 Klimaschutz verhilft Moorschutz zu neuer Popularit\u00e4t","og_description":"Moorschutz tr\u00e4gt in entscheidendem Ma\u00dfe dazu bei, die gro\u00dfen Herausforderungen und die Probleme des Klimawandels zu bew\u00e4ltigen.","og_url":"https:\/\/www.naturparkmagazin.de\/vdn\/moore-im-trend-klimaschutz-verhilft-dem-moorschutz-zu-neuer-popularitaet\/","og_site_name":"Verband Deutscher Naturparke","article_published_time":"2014-06-18T12:16:27+00:00","article_modified_time":"2014-06-26T10:48:17+00:00","og_image":[{"width":180,"height":135,"url":"https:\/\/www.naturparkmagazin.de\/vdn\/wp-content\/uploads\/sites\/3\/das-Venn-im-Wollgras-Rausch-VDN-Baude-Beitragsbild.jpg","type":"image\/jpeg"}],"author":"beatrixlosem","twitter_misc":{"Verfasst von":"beatrixlosem","Gesch\u00e4tzte Lesezeit":"1\u00a0Minute"},"schema":{"@context":"https:\/\/schema.org","@graph":[{"@type":"WebPage","@id":"https:\/\/www.naturparkmagazin.de\/vdn\/moore-im-trend-klimaschutz-verhilft-dem-moorschutz-zu-neuer-popularitaet\/","url":"https:\/\/www.naturparkmagazin.de\/vdn\/moore-im-trend-klimaschutz-verhilft-dem-moorschutz-zu-neuer-popularitaet\/","name":"\"Moore im Trend\" \u2013 Klimaschutz verhilft Moorschutz zu neuer Popularit\u00e4t","isPartOf":{"@id":"https:\/\/www.naturparkmagazin.de\/vdn\/#website"},"datePublished":"2014-06-18T12:16:27+00:00","dateModified":"2014-06-26T10:48:17+00:00","author":{"@id":"https:\/\/www.naturparkmagazin.de\/vdn\/#\/schema\/person\/d71357578c318b6db03be60b1f60396b"},"description":"Moorschutz tr\u00e4gt in entscheidendem Ma\u00dfe dazu bei, die gro\u00dfen Herausforderungen und die Probleme des Klimawandels zu bew\u00e4ltigen.","breadcrumb":{"@id":"https:\/\/www.naturparkmagazin.de\/vdn\/moore-im-trend-klimaschutz-verhilft-dem-moorschutz-zu-neuer-popularitaet\/#breadcrumb"},"inLanguage":"de","potentialAction":[{"@type":"ReadAction","target":["https:\/\/www.naturparkmagazin.de\/vdn\/moore-im-trend-klimaschutz-verhilft-dem-moorschutz-zu-neuer-popularitaet\/"]}]},{"@type":"BreadcrumbList","@id":"https:\/\/www.naturparkmagazin.de\/vdn\/moore-im-trend-klimaschutz-verhilft-dem-moorschutz-zu-neuer-popularitaet\/#breadcrumb","itemListElement":[{"@type":"ListItem","position":1,"name":"Home","item":"https:\/\/www.naturparkmagazin.de\/vdn\/"},{"@type":"ListItem","position":2,"name":"&#8222;Moore im Trend&#8220; \u2013 Klimaschutz verhilft Moorschutz zu neuer Popularit\u00e4t"}]},{"@type":"WebSite","@id":"https:\/\/www.naturparkmagazin.de\/vdn\/#website","url":"https:\/\/www.naturparkmagazin.de\/vdn\/","name":"Verband Deutscher Naturparke","description":"Eine weitere Naturparkmagazin.de Netzwerk Seite","potentialAction":[{"@type":"SearchAction","target":{"@type":"EntryPoint","urlTemplate":"https:\/\/www.naturparkmagazin.de\/vdn\/?s={search_term_string}"},"query-input":"required name=search_term_string"}],"inLanguage":"de"},{"@type":"Person","@id":"https:\/\/www.naturparkmagazin.de\/vdn\/#\/schema\/person\/d71357578c318b6db03be60b1f60396b","name":"beatrixlosem","url":"https:\/\/www.naturparkmagazin.de\/vdn\/author\/beatrixlosem\/"}]}},"_links":{"self":[{"href":"https:\/\/www.naturparkmagazin.de\/vdn\/wp-json\/wp\/v2\/posts\/3965"}],"collection":[{"href":"https:\/\/www.naturparkmagazin.de\/vdn\/wp-json\/wp\/v2\/posts"}],"about":[{"href":"https:\/\/www.naturparkmagazin.de\/vdn\/wp-json\/wp\/v2\/types\/post"}],"author":[{"embeddable":true,"href":"https:\/\/www.naturparkmagazin.de\/vdn\/wp-json\/wp\/v2\/users\/51"}],"replies":[{"embeddable":true,"href":"https:\/\/www.naturparkmagazin.de\/vdn\/wp-json\/wp\/v2\/comments?post=3965"}],"version-history":[{"count":7,"href":"https:\/\/www.naturparkmagazin.de\/vdn\/wp-json\/wp\/v2\/posts\/3965\/revisions"}],"predecessor-version":[{"id":4045,"href":"https:\/\/www.naturparkmagazin.de\/vdn\/wp-json\/wp\/v2\/posts\/3965\/revisions\/4045"}],"wp:featuredmedia":[{"embeddable":true,"href":"https:\/\/www.naturparkmagazin.de\/vdn\/wp-json\/wp\/v2\/media\/3966"}],"wp:attachment":[{"href":"https:\/\/www.naturparkmagazin.de\/vdn\/wp-json\/wp\/v2\/media?parent=3965"}],"wp:term":[{"taxonomy":"category","embeddable":true,"href":"https:\/\/www.naturparkmagazin.de\/vdn\/wp-json\/wp\/v2\/categories?post=3965"},{"taxonomy":"post_tag","embeddable":true,"href":"https:\/\/www.naturparkmagazin.de\/vdn\/wp-json\/wp\/v2\/tags?post=3965"}],"curies":[{"name":"wp","href":"https:\/\/api.w.org\/{rel}","templated":true}]}}