{"id":3968,"date":"2014-06-18T08:31:45","date_gmt":"2014-06-18T06:31:45","guid":{"rendered":"http:\/\/www.naturparkmagazin.de\/vdn\/?p=3968"},"modified":"2014-06-24T10:40:45","modified_gmt":"2014-06-24T08:40:45","slug":"gekochtes-rindfleisch-mit-senfsosse-alt-eifeler-art","status":"publish","type":"post","link":"https:\/\/www.naturparkmagazin.de\/vdn\/gekochtes-rindfleisch-mit-senfsosse-alt-eifeler-art\/","title":{"rendered":"Gekochtes Rindfleisch mit Senfso\u00dfe alt Eifeler Art"},"content":{"rendered":"<div id=\"attachment_3994\" style=\"width: 360px\" class=\"wp-caption aligncenter\"><a href=\"https:\/\/www.naturparkmagazin.de\/vdn\/wp-content\/uploads\/sites\/3\/Eifel_Logo_500x300.jpg\"><img aria-describedby=\"caption-attachment-3994\" decoding=\"async\" loading=\"lazy\" class=\" wp-image-3994 \" title=\"Copyright: Regionalmarke EIFEL\" alt=\"Copyright: Regionalmarke EIFEL\" src=\"https:\/\/www.naturparkmagazin.de\/vdn\/wp-content\/uploads\/sites\/3\/Eifel_Logo_500x300.jpg\" width=\"350\" height=\"210\" srcset=\"https:\/\/www.naturparkmagazin.de\/vdn\/wp-content\/uploads\/sites\/3\/Eifel_Logo_500x300.jpg 500w, https:\/\/www.naturparkmagazin.de\/vdn\/wp-content\/uploads\/sites\/3\/Eifel_Logo_500x300-300x180.jpg 300w, https:\/\/www.naturparkmagazin.de\/vdn\/wp-content\/uploads\/sites\/3\/Eifel_Logo_500x300-200x120.jpg 200w\" sizes=\"(max-width: 350px) 100vw, 350px\" \/><\/a><p id=\"caption-attachment-3994\" class=\"wp-caption-text\">Copyright: Regionalmarke EIFEL<\/p><\/div>\n<p>Im Deutsch-Belgischen Naturpark Hohes Venn \u2013 Eifel ist die Regionalmarke\u00a0 \u201eEIFEL\u201c ein Zeichen, an dem besondere Qualit\u00e4t aus der Eifel direkt erkennbar wird. Damit soll nicht nur eine kontrollierte Qualit\u00e4t und Regionalit\u00e4t transparent nachgewiesen werden, sondern klein- und mittelst\u00e4ndischen Strukturen\u00a0 der Region Eifel gest\u00e4rkt werden. Als kulinarische Gaumenfreude direkt aus der Region stellen wir Ihnen im Juli ein altes Eifeler Rezept vor.<\/p>\n<p>&nbsp;<\/p>\n<div id=\"attachment_3969\" style=\"width: 510px\" class=\"wp-caption aligncenter\"><a href=\"https:\/\/www.naturparkmagazin.de\/vdn\/wp-content\/uploads\/sites\/3\/EIFEL-Rind_II-Beitrag.jpg\"><img aria-describedby=\"caption-attachment-3969\" decoding=\"async\" loading=\"lazy\" class=\"size-full wp-image-3969 \" title=\"Copyright: Regionalmarke EIFEL\" alt=\"Copyright: Regionalmarke EIFEL\" src=\"https:\/\/www.naturparkmagazin.de\/vdn\/wp-content\/uploads\/sites\/3\/EIFEL-Rind_II-Beitrag.jpg\" width=\"500\" height=\"300\" srcset=\"https:\/\/www.naturparkmagazin.de\/vdn\/wp-content\/uploads\/sites\/3\/EIFEL-Rind_II-Beitrag.jpg 500w, https:\/\/www.naturparkmagazin.de\/vdn\/wp-content\/uploads\/sites\/3\/EIFEL-Rind_II-Beitrag-300x180.jpg 300w, https:\/\/www.naturparkmagazin.de\/vdn\/wp-content\/uploads\/sites\/3\/EIFEL-Rind_II-Beitrag-200x120.jpg 200w\" sizes=\"(max-width: 500px) 100vw, 500px\" \/><\/a><p id=\"caption-attachment-3969\" class=\"wp-caption-text\">Copyright: Regionalmarke EIFEL<\/p><\/div>\n<p><span style=\"color: #339966\"><strong><em>Rezept:<\/em><\/strong><\/span><\/p>\n<p><span style=\"color: #000000\"><em>500 g gekochtes Rindfleisch in d\u00fcnne Scheiben schneiden. Fleisch in etwas Br\u00fche erw\u00e4rmen.<\/em><\/span><\/p>\n<p><em>Dazu bereitet man die folgende So\u00dfe:\u00a0<\/em><\/p>\n<p><em> 2 Essl\u00f6ffel Butter in einem Topf leicht br\u00e4unen lassen, 1 Essl\u00f6ffel Mehl dazugeben und anschwitzen. Mit 1\/4 Liter Rinderbr\u00fche aufgie\u00dfen. 3 Essl\u00f6ffel grob k\u00f6rnigen Senf unterr\u00fchren und kurz aufkochen lassen. Dann 150 g s\u00fc\u00dfe Sahne zuf\u00fcgen, 2 Essl\u00f6ffel in Wein eingeweichte Rosinen und die St\u00fcckchen eines Apfels, den man vorher kurz in etwas Butter anged\u00fcnstet hat, zugeben.<\/em><\/p>\n<p><em>Das Ganze noch kurz ziehen lassen und mit Salzkartoffeln und blanchiertem Gem\u00fcse servieren.<\/em><\/p>\n<p><em>Guten Appetit!<\/em><\/p>\n<p>&nbsp;<\/p>\n<p>&nbsp;<\/p>\n","protected":false},"excerpt":{"rendered":"<p>Im Deutsch-Belgischen Naturpark Hohes Venn \u2013 Eifel ist die Regionalmarke  \u201eEIFEL\u201c ein Zeichen, an dem besondere Qualit\u00e4t aus der Eifel direkt erkennbar wird. Damit soll nicht nur eine kontrollierte Qualit\u00e4t und Regionalit\u00e4t transparent nachgewiesen werden, sondern klein- und mittelst\u00e4ndische Strukturen  der Region Eifel gest\u00e4rkt werden. Als kulinarische Gaumenfreude direkt aus der Region stellen wir Ihnen im Juli ein altes Eifeler Rezept vor.<\/p>\n","protected":false},"author":51,"featured_media":3970,"comment_status":"open","ping_status":"open","sticky":false,"template":"","format":"standard","meta":{"_links_to":"","_links_to_target":""},"categories":[14],"tags":[186,81,3154,110,3152],"yoast_head":"<!-- This site is optimized with the Yoast SEO plugin v19.10 - https:\/\/yoast.com\/wordpress\/plugins\/seo\/ -->\n<title>Gekochtes Rindfleisch mit Senfso\u00dfe alt Eifeler Art<\/title>\n<meta name=\"description\" content=\"Im Deutsch-Belgischen Naturpark Hohes Venn \u2013 Eifel ist die Regionalmarke \u201eEIFEL\u201c ein Zeichen, an dem besondere Qualit\u00e4t aus der Eifel direkt erkennbar wird. Damit soll nicht nur eine kontrollierte Qualit\u00e4t und Regionalit\u00e4t transparent nachgewiesen werden, sondern klein- und mittelst\u00e4ndische Strukturen der Region Eifel gest\u00e4rkt werden. Als kulinarische Gaumenfreude direkt aus der Region stellen wir Ihnen im Juli ein altes Eifeler Rezept vor.\" \/>\n<meta name=\"robots\" content=\"index, follow, max-snippet:-1, max-image-preview:large, max-video-preview:-1\" \/>\n<link rel=\"canonical\" href=\"https:\/\/www.naturparkmagazin.de\/vdn\/gekochtes-rindfleisch-mit-senfsosse-alt-eifeler-art\/\" \/>\n<meta property=\"og:locale\" content=\"de_DE\" \/>\n<meta property=\"og:type\" content=\"article\" \/>\n<meta property=\"og:title\" content=\"Gekochtes Rindfleisch mit Senfso\u00dfe alt Eifeler Art\" \/>\n<meta property=\"og:description\" content=\"Im Deutsch-Belgischen Naturpark Hohes Venn \u2013 Eifel ist die Regionalmarke \u201eEIFEL\u201c ein Zeichen, an dem besondere Qualit\u00e4t aus der Eifel direkt erkennbar wird. Damit soll nicht nur eine kontrollierte Qualit\u00e4t und Regionalit\u00e4t transparent nachgewiesen werden, sondern klein- und mittelst\u00e4ndische Strukturen der Region Eifel gest\u00e4rkt werden. Als kulinarische Gaumenfreude direkt aus der Region stellen wir Ihnen im Juli ein altes Eifeler Rezept vor.\" \/>\n<meta property=\"og:url\" content=\"https:\/\/www.naturparkmagazin.de\/vdn\/gekochtes-rindfleisch-mit-senfsosse-alt-eifeler-art\/\" \/>\n<meta property=\"og:site_name\" content=\"Verband Deutscher Naturparke\" \/>\n<meta property=\"article:published_time\" content=\"2014-06-18T06:31:45+00:00\" \/>\n<meta property=\"article:modified_time\" content=\"2014-06-24T08:40:45+00:00\" \/>\n<meta property=\"og:image\" content=\"https:\/\/www.naturparkmagazin.de\/vdn\/wp-content\/uploads\/sites\/3\/EIFEL-Rind_II-Beitragsbild.jpg\" \/>\n\t<meta property=\"og:image:width\" content=\"180\" \/>\n\t<meta property=\"og:image:height\" content=\"135\" \/>\n\t<meta property=\"og:image:type\" content=\"image\/jpeg\" \/>\n<meta name=\"author\" content=\"beatrixlosem\" \/>\n<meta name=\"twitter:label1\" content=\"Verfasst von\" \/>\n\t<meta name=\"twitter:data1\" content=\"beatrixlosem\" \/>\n\t<meta name=\"twitter:label2\" content=\"Gesch\u00e4tzte Lesezeit\" \/>\n\t<meta name=\"twitter:data2\" content=\"1\u00a0Minute\" \/>\n<script type=\"application\/ld+json\" class=\"yoast-schema-graph\">{\"@context\":\"https:\/\/schema.org\",\"@graph\":[{\"@type\":\"WebPage\",\"@id\":\"https:\/\/www.naturparkmagazin.de\/vdn\/gekochtes-rindfleisch-mit-senfsosse-alt-eifeler-art\/\",\"url\":\"https:\/\/www.naturparkmagazin.de\/vdn\/gekochtes-rindfleisch-mit-senfsosse-alt-eifeler-art\/\",\"name\":\"Gekochtes Rindfleisch mit Senfso\u00dfe alt Eifeler Art\",\"isPartOf\":{\"@id\":\"https:\/\/www.naturparkmagazin.de\/vdn\/#website\"},\"datePublished\":\"2014-06-18T06:31:45+00:00\",\"dateModified\":\"2014-06-24T08:40:45+00:00\",\"author\":{\"@id\":\"https:\/\/www.naturparkmagazin.de\/vdn\/#\/schema\/person\/d71357578c318b6db03be60b1f60396b\"},\"description\":\"Im Deutsch-Belgischen Naturpark Hohes Venn \u2013 Eifel ist die Regionalmarke \u201eEIFEL\u201c ein Zeichen, an dem besondere Qualit\u00e4t aus der Eifel direkt erkennbar wird. Damit soll nicht nur eine kontrollierte Qualit\u00e4t und Regionalit\u00e4t transparent nachgewiesen werden, sondern klein- und mittelst\u00e4ndische Strukturen der Region Eifel gest\u00e4rkt werden. Als kulinarische Gaumenfreude direkt aus der Region stellen wir Ihnen im Juli ein altes Eifeler Rezept vor.\",\"breadcrumb\":{\"@id\":\"https:\/\/www.naturparkmagazin.de\/vdn\/gekochtes-rindfleisch-mit-senfsosse-alt-eifeler-art\/#breadcrumb\"},\"inLanguage\":\"de\",\"potentialAction\":[{\"@type\":\"ReadAction\",\"target\":[\"https:\/\/www.naturparkmagazin.de\/vdn\/gekochtes-rindfleisch-mit-senfsosse-alt-eifeler-art\/\"]}]},{\"@type\":\"BreadcrumbList\",\"@id\":\"https:\/\/www.naturparkmagazin.de\/vdn\/gekochtes-rindfleisch-mit-senfsosse-alt-eifeler-art\/#breadcrumb\",\"itemListElement\":[{\"@type\":\"ListItem\",\"position\":1,\"name\":\"Home\",\"item\":\"https:\/\/www.naturparkmagazin.de\/vdn\/\"},{\"@type\":\"ListItem\",\"position\":2,\"name\":\"Gekochtes Rindfleisch mit Senfso\u00dfe alt Eifeler Art\"}]},{\"@type\":\"WebSite\",\"@id\":\"https:\/\/www.naturparkmagazin.de\/vdn\/#website\",\"url\":\"https:\/\/www.naturparkmagazin.de\/vdn\/\",\"name\":\"Verband Deutscher Naturparke\",\"description\":\"Eine weitere Naturparkmagazin.de Netzwerk Seite\",\"potentialAction\":[{\"@type\":\"SearchAction\",\"target\":{\"@type\":\"EntryPoint\",\"urlTemplate\":\"https:\/\/www.naturparkmagazin.de\/vdn\/?s={search_term_string}\"},\"query-input\":\"required name=search_term_string\"}],\"inLanguage\":\"de\"},{\"@type\":\"Person\",\"@id\":\"https:\/\/www.naturparkmagazin.de\/vdn\/#\/schema\/person\/d71357578c318b6db03be60b1f60396b\",\"name\":\"beatrixlosem\",\"url\":\"https:\/\/www.naturparkmagazin.de\/vdn\/author\/beatrixlosem\/\"}]}<\/script>\n<!-- \/ Yoast SEO plugin. -->","yoast_head_json":{"title":"Gekochtes Rindfleisch mit Senfso\u00dfe alt Eifeler Art","description":"Im Deutsch-Belgischen Naturpark Hohes Venn \u2013 Eifel ist die Regionalmarke \u201eEIFEL\u201c ein Zeichen, an dem besondere Qualit\u00e4t aus der Eifel direkt erkennbar wird. Damit soll nicht nur eine kontrollierte Qualit\u00e4t und Regionalit\u00e4t transparent nachgewiesen werden, sondern klein- und mittelst\u00e4ndische Strukturen der Region Eifel gest\u00e4rkt werden. Als kulinarische Gaumenfreude direkt aus der Region stellen wir Ihnen im Juli ein altes Eifeler Rezept vor.","robots":{"index":"index","follow":"follow","max-snippet":"max-snippet:-1","max-image-preview":"max-image-preview:large","max-video-preview":"max-video-preview:-1"},"canonical":"https:\/\/www.naturparkmagazin.de\/vdn\/gekochtes-rindfleisch-mit-senfsosse-alt-eifeler-art\/","og_locale":"de_DE","og_type":"article","og_title":"Gekochtes Rindfleisch mit Senfso\u00dfe alt Eifeler Art","og_description":"Im Deutsch-Belgischen Naturpark Hohes Venn \u2013 Eifel ist die Regionalmarke \u201eEIFEL\u201c ein Zeichen, an dem besondere Qualit\u00e4t aus der Eifel direkt erkennbar wird. Damit soll nicht nur eine kontrollierte Qualit\u00e4t und Regionalit\u00e4t transparent nachgewiesen werden, sondern klein- und mittelst\u00e4ndische Strukturen der Region Eifel gest\u00e4rkt werden. Als kulinarische Gaumenfreude direkt aus der Region stellen wir Ihnen im Juli ein altes Eifeler Rezept vor.","og_url":"https:\/\/www.naturparkmagazin.de\/vdn\/gekochtes-rindfleisch-mit-senfsosse-alt-eifeler-art\/","og_site_name":"Verband Deutscher Naturparke","article_published_time":"2014-06-18T06:31:45+00:00","article_modified_time":"2014-06-24T08:40:45+00:00","og_image":[{"width":180,"height":135,"url":"https:\/\/www.naturparkmagazin.de\/vdn\/wp-content\/uploads\/sites\/3\/EIFEL-Rind_II-Beitragsbild.jpg","type":"image\/jpeg"}],"author":"beatrixlosem","twitter_misc":{"Verfasst von":"beatrixlosem","Gesch\u00e4tzte Lesezeit":"1\u00a0Minute"},"schema":{"@context":"https:\/\/schema.org","@graph":[{"@type":"WebPage","@id":"https:\/\/www.naturparkmagazin.de\/vdn\/gekochtes-rindfleisch-mit-senfsosse-alt-eifeler-art\/","url":"https:\/\/www.naturparkmagazin.de\/vdn\/gekochtes-rindfleisch-mit-senfsosse-alt-eifeler-art\/","name":"Gekochtes Rindfleisch mit Senfso\u00dfe alt Eifeler Art","isPartOf":{"@id":"https:\/\/www.naturparkmagazin.de\/vdn\/#website"},"datePublished":"2014-06-18T06:31:45+00:00","dateModified":"2014-06-24T08:40:45+00:00","author":{"@id":"https:\/\/www.naturparkmagazin.de\/vdn\/#\/schema\/person\/d71357578c318b6db03be60b1f60396b"},"description":"Im Deutsch-Belgischen Naturpark Hohes Venn \u2013 Eifel ist die Regionalmarke \u201eEIFEL\u201c ein Zeichen, an dem besondere Qualit\u00e4t aus der Eifel direkt erkennbar wird. Damit soll nicht nur eine kontrollierte Qualit\u00e4t und Regionalit\u00e4t transparent nachgewiesen werden, sondern klein- und mittelst\u00e4ndische Strukturen der Region Eifel gest\u00e4rkt werden. Als kulinarische Gaumenfreude direkt aus der Region stellen wir Ihnen im Juli ein altes Eifeler Rezept vor.","breadcrumb":{"@id":"https:\/\/www.naturparkmagazin.de\/vdn\/gekochtes-rindfleisch-mit-senfsosse-alt-eifeler-art\/#breadcrumb"},"inLanguage":"de","potentialAction":[{"@type":"ReadAction","target":["https:\/\/www.naturparkmagazin.de\/vdn\/gekochtes-rindfleisch-mit-senfsosse-alt-eifeler-art\/"]}]},{"@type":"BreadcrumbList","@id":"https:\/\/www.naturparkmagazin.de\/vdn\/gekochtes-rindfleisch-mit-senfsosse-alt-eifeler-art\/#breadcrumb","itemListElement":[{"@type":"ListItem","position":1,"name":"Home","item":"https:\/\/www.naturparkmagazin.de\/vdn\/"},{"@type":"ListItem","position":2,"name":"Gekochtes Rindfleisch mit Senfso\u00dfe alt Eifeler Art"}]},{"@type":"WebSite","@id":"https:\/\/www.naturparkmagazin.de\/vdn\/#website","url":"https:\/\/www.naturparkmagazin.de\/vdn\/","name":"Verband Deutscher Naturparke","description":"Eine weitere Naturparkmagazin.de Netzwerk Seite","potentialAction":[{"@type":"SearchAction","target":{"@type":"EntryPoint","urlTemplate":"https:\/\/www.naturparkmagazin.de\/vdn\/?s={search_term_string}"},"query-input":"required name=search_term_string"}],"inLanguage":"de"},{"@type":"Person","@id":"https:\/\/www.naturparkmagazin.de\/vdn\/#\/schema\/person\/d71357578c318b6db03be60b1f60396b","name":"beatrixlosem","url":"https:\/\/www.naturparkmagazin.de\/vdn\/author\/beatrixlosem\/"}]}},"_links":{"self":[{"href":"https:\/\/www.naturparkmagazin.de\/vdn\/wp-json\/wp\/v2\/posts\/3968"}],"collection":[{"href":"https:\/\/www.naturparkmagazin.de\/vdn\/wp-json\/wp\/v2\/posts"}],"about":[{"href":"https:\/\/www.naturparkmagazin.de\/vdn\/wp-json\/wp\/v2\/types\/post"}],"author":[{"embeddable":true,"href":"https:\/\/www.naturparkmagazin.de\/vdn\/wp-json\/wp\/v2\/users\/51"}],"replies":[{"embeddable":true,"href":"https:\/\/www.naturparkmagazin.de\/vdn\/wp-json\/wp\/v2\/comments?post=3968"}],"version-history":[{"count":8,"href":"https:\/\/www.naturparkmagazin.de\/vdn\/wp-json\/wp\/v2\/posts\/3968\/revisions"}],"predecessor-version":[{"id":4066,"href":"https:\/\/www.naturparkmagazin.de\/vdn\/wp-json\/wp\/v2\/posts\/3968\/revisions\/4066"}],"wp:featuredmedia":[{"embeddable":true,"href":"https:\/\/www.naturparkmagazin.de\/vdn\/wp-json\/wp\/v2\/media\/3970"}],"wp:attachment":[{"href":"https:\/\/www.naturparkmagazin.de\/vdn\/wp-json\/wp\/v2\/media?parent=3968"}],"wp:term":[{"taxonomy":"category","embeddable":true,"href":"https:\/\/www.naturparkmagazin.de\/vdn\/wp-json\/wp\/v2\/categories?post=3968"},{"taxonomy":"post_tag","embeddable":true,"href":"https:\/\/www.naturparkmagazin.de\/vdn\/wp-json\/wp\/v2\/tags?post=3968"}],"curies":[{"name":"wp","href":"https:\/\/api.w.org\/{rel}","templated":true}]}}