{"id":3983,"date":"2014-06-18T08:03:46","date_gmt":"2014-06-18T06:03:46","guid":{"rendered":"http:\/\/www.naturparkmagazin.de\/vdn\/?p=3983"},"modified":"2014-06-19T19:24:12","modified_gmt":"2014-06-19T17:24:12","slug":"ohne-moos-nix-los-die-wunderbare-welt-der-moore","status":"publish","type":"post","link":"https:\/\/www.naturparkmagazin.de\/vdn\/ohne-moos-nix-los-die-wunderbare-welt-der-moore\/","title":{"rendered":"Ohne Moos nix los \u2013 Die wunderbare Welt der Moore"},"content":{"rendered":"<p><!--[if gte mso 9]&gt;--><\/p>\n<p><!--[if gte mso 9]&gt;--><\/p>\n<p><!--[if gte mso 10]&gt;--><\/p>\n<div id=\"attachment_4010\" style=\"width: 510px\" class=\"wp-caption aligncenter\"><a href=\"https:\/\/www.naturparkmagazin.de\/vdn\/wp-content\/uploads\/sites\/3\/Moor3256.jpg\"><img aria-describedby=\"caption-attachment-4010\" decoding=\"async\" loading=\"lazy\" class=\"size-full wp-image-4010  \" title=\"In einer Traumwelt - Copyright: VDN\/Andreas Haak \" alt=\"In einer Traumwelt - Copyright: VDN\/Andreas Haak \" src=\"https:\/\/www.naturparkmagazin.de\/vdn\/wp-content\/uploads\/sites\/3\/Moor3256.jpg\" width=\"500\" height=\"300\" srcset=\"https:\/\/www.naturparkmagazin.de\/vdn\/wp-content\/uploads\/sites\/3\/Moor3256.jpg 500w, https:\/\/www.naturparkmagazin.de\/vdn\/wp-content\/uploads\/sites\/3\/Moor3256-300x180.jpg 300w, https:\/\/www.naturparkmagazin.de\/vdn\/wp-content\/uploads\/sites\/3\/Moor3256-200x120.jpg 200w\" sizes=\"(max-width: 500px) 100vw, 500px\" \/><\/a><p id=\"caption-attachment-4010\" class=\"wp-caption-text\">In einer Traumwelt &#8211; Copyright: VDN\/Andreas Haak<\/p><\/div>\n<p class=\"MsoNormal\" style=\"text-align: justify;line-height: 150%\">Die heimischen Moorlandschaften bedeckten urspr\u00fcnglich mit 1,5 Millionen Hektar eine Fl\u00e4che von 4,2 Prozent der Landfl\u00e4che Deutschlands. Heute sind sie zu 95 Prozent entw\u00e4ssert, abgetorft, bebaut oder landwirtschaftlich und forstwirtschaftlich genutzt. Dabei erf\u00fcllen sie bedeutende Funktionen f\u00fcr unsere Umwelt. Sie stellen mit ihren einzigartigen \u00d6kosystemen Lebens- und R\u00fcckzugsr\u00e4ume f\u00fcr viele bedrohte Arten dar und sind wichtige Elemente des Klima- und Wasserschutzes.<\/p>\n<div id=\"attachment_4013\" style=\"width: 510px\" class=\"wp-caption aligncenter\"><a href=\"https:\/\/www.naturparkmagazin.de\/vdn\/wp-content\/uploads\/sites\/3\/Moor_-Stefan-Arendt-Beitrag.jpg\"><img aria-describedby=\"caption-attachment-4013\" decoding=\"async\" loading=\"lazy\" class=\"size-full wp-image-4013 \" title=\"Moor - Copyright: VDN\/Stefan Arendt \" alt=\"Moor - Copyright: VDN\/Stefan Arendt \" src=\"https:\/\/www.naturparkmagazin.de\/vdn\/wp-content\/uploads\/sites\/3\/Moor_-Stefan-Arendt-Beitrag.jpg\" width=\"500\" height=\"300\" srcset=\"https:\/\/www.naturparkmagazin.de\/vdn\/wp-content\/uploads\/sites\/3\/Moor_-Stefan-Arendt-Beitrag.jpg 500w, https:\/\/www.naturparkmagazin.de\/vdn\/wp-content\/uploads\/sites\/3\/Moor_-Stefan-Arendt-Beitrag-300x180.jpg 300w, https:\/\/www.naturparkmagazin.de\/vdn\/wp-content\/uploads\/sites\/3\/Moor_-Stefan-Arendt-Beitrag-200x120.jpg 200w\" sizes=\"(max-width: 500px) 100vw, 500px\" \/><\/a><p id=\"caption-attachment-4013\" class=\"wp-caption-text\">Moor &#8211; Copyright: VDN\/Stefan Arendt<\/p><\/div>\n<p class=\"MsoNormal\" style=\"text-align: justify;line-height: 150%\">Moore sind nicht nur die effektivsten \u00d6kosysteme in der Kohlenstoffspeicherung, sie gelten auch als Stoffsenke\u00a0 und sind wahre Wasserfilter. Denn die sogenannten Torfmoose, die sich an eine n\u00e4hrstoffarme, nasse Umgebung angepasst haben, funktionieren wie ein Schwamm und speichern das Niederschlagswasser wie bei Hochmooren oder auch Grundwasser wie bei Niedermooren. Auch andere, seltenen Pflanzen wie\u00a0 Sonnentau, Wollgras, Schnabelried, Pfeifengras, Moorlilie oder die Moosbeere findet man noch in Mooren.<\/p>\n<div id=\"attachment_4011\" style=\"width: 510px\" class=\"wp-caption aligncenter\"><a href=\"https:\/\/www.naturparkmagazin.de\/vdn\/wp-content\/uploads\/sites\/3\/Sonnentau_rundbl.0478-Beitrag.jpg\"><img aria-describedby=\"caption-attachment-4011\" decoding=\"async\" loading=\"lazy\" class=\"size-full wp-image-4011 \" title=\"Rundbl\u00e4ttriger Sonnentau - Copyrignt: VDN\" alt=\"Rundbl\u00e4ttriger Sonnentau - Copyrignt: VDN\" src=\"https:\/\/www.naturparkmagazin.de\/vdn\/wp-content\/uploads\/sites\/3\/Sonnentau_rundbl.0478-Beitrag.jpg\" width=\"500\" height=\"300\" srcset=\"https:\/\/www.naturparkmagazin.de\/vdn\/wp-content\/uploads\/sites\/3\/Sonnentau_rundbl.0478-Beitrag.jpg 500w, https:\/\/www.naturparkmagazin.de\/vdn\/wp-content\/uploads\/sites\/3\/Sonnentau_rundbl.0478-Beitrag-300x180.jpg 300w, https:\/\/www.naturparkmagazin.de\/vdn\/wp-content\/uploads\/sites\/3\/Sonnentau_rundbl.0478-Beitrag-200x120.jpg 200w\" sizes=\"(max-width: 500px) 100vw, 500px\" \/><\/a><p id=\"caption-attachment-4011\" class=\"wp-caption-text\">Rundbl\u00e4ttriger Sonnentau &#8211; Copyrignt: VDN<\/p><\/div>\n<p>In zahlreichen Naturparken sind noch Reste von Mooren vorhanden oder es werden ehemalige Moore renaturiert. Typische Moorlandschaften findet man im noch im Naturpark Bourtanger Moor-Bargerveen, im Naturpark Schwarzwald Mitte\/Nord mit den sogenannten Grinden oder im Naturpark Flusslandschaft Peenetal.<\/p>\n<div id=\"attachment_4012\" style=\"width: 510px\" class=\"wp-caption aligncenter\"><a href=\"https:\/\/www.naturparkmagazin.de\/vdn\/wp-content\/uploads\/sites\/3\/gruppenfoto-Beitrag.jpg\"><img aria-describedby=\"caption-attachment-4012\" decoding=\"async\" loading=\"lazy\" class=\"size-full wp-image-4012 \" title=\"Moorfr\u00f6sche - Copyright: VDN\/Eckhard Baumann\" alt=\"Moorfr\u00f6sche - Copyright: VDN\/Eckhard Baumann\" src=\"https:\/\/www.naturparkmagazin.de\/vdn\/wp-content\/uploads\/sites\/3\/gruppenfoto-Beitrag.jpg\" width=\"500\" height=\"300\" srcset=\"https:\/\/www.naturparkmagazin.de\/vdn\/wp-content\/uploads\/sites\/3\/gruppenfoto-Beitrag.jpg 500w, https:\/\/www.naturparkmagazin.de\/vdn\/wp-content\/uploads\/sites\/3\/gruppenfoto-Beitrag-300x180.jpg 300w, https:\/\/www.naturparkmagazin.de\/vdn\/wp-content\/uploads\/sites\/3\/gruppenfoto-Beitrag-200x120.jpg 200w\" sizes=\"(max-width: 500px) 100vw, 500px\" \/><\/a><p id=\"caption-attachment-4012\" class=\"wp-caption-text\">Moorfr\u00f6sche &#8211; Copyright: VDN\/Eckhard Baumann<\/p><\/div>\n<p>Gut gef\u00fchrt auf Moor-Erlebnispfaden oder auf eigene Faust kann man neben verschiedenen Libellenarten wie der Kleinen Moosjungfer, Schmetterlingen wie dem Moosbeeren-Perlmutterfalter noch einen anderen Moorbewohner entdecken: Der gelbe Moorfrosch \u00e4ndert zur Paarungszeit seine Farbe und wird dann leuchtend blau.<span style=\"font-family: 'Verdana','sans-serif'\">\u00a0<\/span><\/p>\n<p class=\"MsoNormal\" style=\"text-align: justify;line-height: 115%\"><span style=\"font-family: 'Verdana','sans-serif'\">\u00a0<\/span><\/p>\n<p class=\"MsoNormal\" style=\"text-align: justify;line-height: 115%\"><span style=\"font-family: 'Verdana','sans-serif'\">\u00a0<\/span><\/p>\n","protected":false},"excerpt":{"rendered":"<p>Geheimnisvoll pr\u00e4sentiert sich das Moor. Atemberaubend ist die Pflanzenvielfalt: Wollgras wiegt sich wie ein cremefarbenes Meer \u00fcber der Landschaft. Allgegenw\u00e4rtig sind die Torfmoose, deren erstaunliches Wasserspeicherverm\u00f6gen erst das Wachstum der Moore erm\u00f6glicht. <\/p>\n","protected":false},"author":51,"featured_media":4009,"comment_status":"open","ping_status":"open","sticky":false,"template":"","format":"standard","meta":{"_links_to":"","_links_to_target":""},"categories":[51],"tags":[186,91,41],"yoast_head":"<!-- This site is optimized with the Yoast SEO plugin v19.10 - https:\/\/yoast.com\/wordpress\/plugins\/seo\/ -->\n<title>Ohne Moos nix los \u2013 Die wunderbare Welt der Moore<\/title>\n<meta name=\"description\" content=\"Geheimnisvoll pr\u00e4sentiert sich das Moor. Atemberaubend ist die Pflanzenvielfalt: Wollgras wiegt sich wie ein cremefarbenes Meer \u00fcber der Landschaft. Allgegenw\u00e4rtig sind die Torfmoose, deren erstaunliches Wasserspeicherverm\u00f6gen erst das Wachstum der Moore erm\u00f6glicht.\" \/>\n<meta name=\"robots\" content=\"index, follow, max-snippet:-1, max-image-preview:large, max-video-preview:-1\" \/>\n<link rel=\"canonical\" href=\"https:\/\/www.naturparkmagazin.de\/vdn\/ohne-moos-nix-los-die-wunderbare-welt-der-moore\/\" \/>\n<meta property=\"og:locale\" content=\"de_DE\" \/>\n<meta property=\"og:type\" content=\"article\" \/>\n<meta property=\"og:title\" content=\"Ohne Moos nix los \u2013 Die wunderbare Welt der Moore\" \/>\n<meta property=\"og:description\" content=\"Geheimnisvoll pr\u00e4sentiert sich das Moor. Atemberaubend ist die Pflanzenvielfalt: Wollgras wiegt sich wie ein cremefarbenes Meer \u00fcber der Landschaft. Allgegenw\u00e4rtig sind die Torfmoose, deren erstaunliches Wasserspeicherverm\u00f6gen erst das Wachstum der Moore erm\u00f6glicht.\" \/>\n<meta property=\"og:url\" content=\"https:\/\/www.naturparkmagazin.de\/vdn\/ohne-moos-nix-los-die-wunderbare-welt-der-moore\/\" \/>\n<meta property=\"og:site_name\" content=\"Verband Deutscher Naturparke\" \/>\n<meta property=\"article:published_time\" content=\"2014-06-18T06:03:46+00:00\" \/>\n<meta property=\"article:modified_time\" content=\"2014-06-19T17:24:12+00:00\" \/>\n<meta property=\"og:image\" content=\"https:\/\/www.naturparkmagazin.de\/vdn\/wp-content\/uploads\/sites\/3\/Feb_14_GGA_Wiet-Beitrasbild.jpg\" \/>\n\t<meta property=\"og:image:width\" content=\"180\" \/>\n\t<meta property=\"og:image:height\" content=\"135\" \/>\n\t<meta property=\"og:image:type\" content=\"image\/jpeg\" \/>\n<meta name=\"author\" content=\"beatrixlosem\" \/>\n<meta name=\"twitter:label1\" content=\"Verfasst von\" \/>\n\t<meta name=\"twitter:data1\" content=\"beatrixlosem\" \/>\n\t<meta name=\"twitter:label2\" content=\"Gesch\u00e4tzte Lesezeit\" \/>\n\t<meta name=\"twitter:data2\" content=\"1\u00a0Minute\" \/>\n<script type=\"application\/ld+json\" class=\"yoast-schema-graph\">{\"@context\":\"https:\/\/schema.org\",\"@graph\":[{\"@type\":\"WebPage\",\"@id\":\"https:\/\/www.naturparkmagazin.de\/vdn\/ohne-moos-nix-los-die-wunderbare-welt-der-moore\/\",\"url\":\"https:\/\/www.naturparkmagazin.de\/vdn\/ohne-moos-nix-los-die-wunderbare-welt-der-moore\/\",\"name\":\"Ohne Moos nix los \u2013 Die wunderbare Welt der Moore\",\"isPartOf\":{\"@id\":\"https:\/\/www.naturparkmagazin.de\/vdn\/#website\"},\"datePublished\":\"2014-06-18T06:03:46+00:00\",\"dateModified\":\"2014-06-19T17:24:12+00:00\",\"author\":{\"@id\":\"https:\/\/www.naturparkmagazin.de\/vdn\/#\/schema\/person\/d71357578c318b6db03be60b1f60396b\"},\"description\":\"Geheimnisvoll pr\u00e4sentiert sich das Moor. Atemberaubend ist die Pflanzenvielfalt: Wollgras wiegt sich wie ein cremefarbenes Meer \u00fcber der Landschaft. Allgegenw\u00e4rtig sind die Torfmoose, deren erstaunliches Wasserspeicherverm\u00f6gen erst das Wachstum der Moore erm\u00f6glicht.\",\"breadcrumb\":{\"@id\":\"https:\/\/www.naturparkmagazin.de\/vdn\/ohne-moos-nix-los-die-wunderbare-welt-der-moore\/#breadcrumb\"},\"inLanguage\":\"de\",\"potentialAction\":[{\"@type\":\"ReadAction\",\"target\":[\"https:\/\/www.naturparkmagazin.de\/vdn\/ohne-moos-nix-los-die-wunderbare-welt-der-moore\/\"]}]},{\"@type\":\"BreadcrumbList\",\"@id\":\"https:\/\/www.naturparkmagazin.de\/vdn\/ohne-moos-nix-los-die-wunderbare-welt-der-moore\/#breadcrumb\",\"itemListElement\":[{\"@type\":\"ListItem\",\"position\":1,\"name\":\"Home\",\"item\":\"https:\/\/www.naturparkmagazin.de\/vdn\/\"},{\"@type\":\"ListItem\",\"position\":2,\"name\":\"Ohne Moos nix los \u2013 Die wunderbare Welt der Moore\"}]},{\"@type\":\"WebSite\",\"@id\":\"https:\/\/www.naturparkmagazin.de\/vdn\/#website\",\"url\":\"https:\/\/www.naturparkmagazin.de\/vdn\/\",\"name\":\"Verband Deutscher Naturparke\",\"description\":\"Eine weitere Naturparkmagazin.de Netzwerk Seite\",\"potentialAction\":[{\"@type\":\"SearchAction\",\"target\":{\"@type\":\"EntryPoint\",\"urlTemplate\":\"https:\/\/www.naturparkmagazin.de\/vdn\/?s={search_term_string}\"},\"query-input\":\"required name=search_term_string\"}],\"inLanguage\":\"de\"},{\"@type\":\"Person\",\"@id\":\"https:\/\/www.naturparkmagazin.de\/vdn\/#\/schema\/person\/d71357578c318b6db03be60b1f60396b\",\"name\":\"beatrixlosem\",\"url\":\"https:\/\/www.naturparkmagazin.de\/vdn\/author\/beatrixlosem\/\"}]}<\/script>\n<!-- \/ Yoast SEO plugin. -->","yoast_head_json":{"title":"Ohne Moos nix los \u2013 Die wunderbare Welt der Moore","description":"Geheimnisvoll pr\u00e4sentiert sich das Moor. Atemberaubend ist die Pflanzenvielfalt: Wollgras wiegt sich wie ein cremefarbenes Meer \u00fcber der Landschaft. Allgegenw\u00e4rtig sind die Torfmoose, deren erstaunliches Wasserspeicherverm\u00f6gen erst das Wachstum der Moore erm\u00f6glicht.","robots":{"index":"index","follow":"follow","max-snippet":"max-snippet:-1","max-image-preview":"max-image-preview:large","max-video-preview":"max-video-preview:-1"},"canonical":"https:\/\/www.naturparkmagazin.de\/vdn\/ohne-moos-nix-los-die-wunderbare-welt-der-moore\/","og_locale":"de_DE","og_type":"article","og_title":"Ohne Moos nix los \u2013 Die wunderbare Welt der Moore","og_description":"Geheimnisvoll pr\u00e4sentiert sich das Moor. Atemberaubend ist die Pflanzenvielfalt: Wollgras wiegt sich wie ein cremefarbenes Meer \u00fcber der Landschaft. Allgegenw\u00e4rtig sind die Torfmoose, deren erstaunliches Wasserspeicherverm\u00f6gen erst das Wachstum der Moore erm\u00f6glicht.","og_url":"https:\/\/www.naturparkmagazin.de\/vdn\/ohne-moos-nix-los-die-wunderbare-welt-der-moore\/","og_site_name":"Verband Deutscher Naturparke","article_published_time":"2014-06-18T06:03:46+00:00","article_modified_time":"2014-06-19T17:24:12+00:00","og_image":[{"width":180,"height":135,"url":"https:\/\/www.naturparkmagazin.de\/vdn\/wp-content\/uploads\/sites\/3\/Feb_14_GGA_Wiet-Beitrasbild.jpg","type":"image\/jpeg"}],"author":"beatrixlosem","twitter_misc":{"Verfasst von":"beatrixlosem","Gesch\u00e4tzte Lesezeit":"1\u00a0Minute"},"schema":{"@context":"https:\/\/schema.org","@graph":[{"@type":"WebPage","@id":"https:\/\/www.naturparkmagazin.de\/vdn\/ohne-moos-nix-los-die-wunderbare-welt-der-moore\/","url":"https:\/\/www.naturparkmagazin.de\/vdn\/ohne-moos-nix-los-die-wunderbare-welt-der-moore\/","name":"Ohne Moos nix los \u2013 Die wunderbare Welt der Moore","isPartOf":{"@id":"https:\/\/www.naturparkmagazin.de\/vdn\/#website"},"datePublished":"2014-06-18T06:03:46+00:00","dateModified":"2014-06-19T17:24:12+00:00","author":{"@id":"https:\/\/www.naturparkmagazin.de\/vdn\/#\/schema\/person\/d71357578c318b6db03be60b1f60396b"},"description":"Geheimnisvoll pr\u00e4sentiert sich das Moor. Atemberaubend ist die Pflanzenvielfalt: Wollgras wiegt sich wie ein cremefarbenes Meer \u00fcber der Landschaft. Allgegenw\u00e4rtig sind die Torfmoose, deren erstaunliches Wasserspeicherverm\u00f6gen erst das Wachstum der Moore erm\u00f6glicht.","breadcrumb":{"@id":"https:\/\/www.naturparkmagazin.de\/vdn\/ohne-moos-nix-los-die-wunderbare-welt-der-moore\/#breadcrumb"},"inLanguage":"de","potentialAction":[{"@type":"ReadAction","target":["https:\/\/www.naturparkmagazin.de\/vdn\/ohne-moos-nix-los-die-wunderbare-welt-der-moore\/"]}]},{"@type":"BreadcrumbList","@id":"https:\/\/www.naturparkmagazin.de\/vdn\/ohne-moos-nix-los-die-wunderbare-welt-der-moore\/#breadcrumb","itemListElement":[{"@type":"ListItem","position":1,"name":"Home","item":"https:\/\/www.naturparkmagazin.de\/vdn\/"},{"@type":"ListItem","position":2,"name":"Ohne Moos nix los \u2013 Die wunderbare Welt der Moore"}]},{"@type":"WebSite","@id":"https:\/\/www.naturparkmagazin.de\/vdn\/#website","url":"https:\/\/www.naturparkmagazin.de\/vdn\/","name":"Verband Deutscher Naturparke","description":"Eine weitere Naturparkmagazin.de Netzwerk Seite","potentialAction":[{"@type":"SearchAction","target":{"@type":"EntryPoint","urlTemplate":"https:\/\/www.naturparkmagazin.de\/vdn\/?s={search_term_string}"},"query-input":"required name=search_term_string"}],"inLanguage":"de"},{"@type":"Person","@id":"https:\/\/www.naturparkmagazin.de\/vdn\/#\/schema\/person\/d71357578c318b6db03be60b1f60396b","name":"beatrixlosem","url":"https:\/\/www.naturparkmagazin.de\/vdn\/author\/beatrixlosem\/"}]}},"_links":{"self":[{"href":"https:\/\/www.naturparkmagazin.de\/vdn\/wp-json\/wp\/v2\/posts\/3983"}],"collection":[{"href":"https:\/\/www.naturparkmagazin.de\/vdn\/wp-json\/wp\/v2\/posts"}],"about":[{"href":"https:\/\/www.naturparkmagazin.de\/vdn\/wp-json\/wp\/v2\/types\/post"}],"author":[{"embeddable":true,"href":"https:\/\/www.naturparkmagazin.de\/vdn\/wp-json\/wp\/v2\/users\/51"}],"replies":[{"embeddable":true,"href":"https:\/\/www.naturparkmagazin.de\/vdn\/wp-json\/wp\/v2\/comments?post=3983"}],"version-history":[{"count":7,"href":"https:\/\/www.naturparkmagazin.de\/vdn\/wp-json\/wp\/v2\/posts\/3983\/revisions"}],"predecessor-version":[{"id":4052,"href":"https:\/\/www.naturparkmagazin.de\/vdn\/wp-json\/wp\/v2\/posts\/3983\/revisions\/4052"}],"wp:featuredmedia":[{"embeddable":true,"href":"https:\/\/www.naturparkmagazin.de\/vdn\/wp-json\/wp\/v2\/media\/4009"}],"wp:attachment":[{"href":"https:\/\/www.naturparkmagazin.de\/vdn\/wp-json\/wp\/v2\/media?parent=3983"}],"wp:term":[{"taxonomy":"category","embeddable":true,"href":"https:\/\/www.naturparkmagazin.de\/vdn\/wp-json\/wp\/v2\/categories?post=3983"},{"taxonomy":"post_tag","embeddable":true,"href":"https:\/\/www.naturparkmagazin.de\/vdn\/wp-json\/wp\/v2\/tags?post=3983"}],"curies":[{"name":"wp","href":"https:\/\/api.w.org\/{rel}","templated":true}]}}