{"id":4080,"date":"2014-07-21T11:38:09","date_gmt":"2014-07-21T09:38:09","guid":{"rendered":"http:\/\/www.naturparkmagazin.de\/vdn\/?p=4080"},"modified":"2014-07-23T12:11:47","modified_gmt":"2014-07-23T10:11:47","slug":"liebe-leserin-lieber-leser-12","status":"publish","type":"post","link":"https:\/\/www.naturparkmagazin.de\/vdn\/liebe-leserin-lieber-leser-12\/","title":{"rendered":"Liebe Leserin, lieber Leser,"},"content":{"rendered":"<p>Flederm\u00e4use haben schon immer eine gro\u00dfe Faszination auf die Menschen ausge\u00fcbt. Davon zeugen Geschichten wie \u201eBatman\u201c oder \u201eDracula\u201c. Dabei sind sie f\u00fcr Menschen v\u00f6llig ungef\u00e4hrlich. Beeindruckend ist ihre F\u00e4higkeit, sich durch Echoortung zu orientieren. Sie \u201esehen\u201c also mit den Ohren. Mit ihren spitzen Z\u00e4hnen verzehren die nachtaktiven Flattertiere Insekten und Spinnentiere. Tags\u00fcber schlafen sie kopf\u00fcber in dunklen H\u00f6hlen, H\u00e4usern, Kircht\u00fcrmen oder B\u00e4umen. In den Naturparken k\u00f6nnen Sie den Geheimnissen der ger\u00e4uschlosen J\u00e4ger auf die Spur kommen und sich von ihren Lebensgewohnheiten verbl\u00fcffen lassen. Lesen Sie mehr hier\u00fcber und zu weiteren Themen in der August-Ausgabe unseres Newsletters. Hier stellen wir Ihnen auch eine Auswahl von Veranstaltungsterminen und Aktivit\u00e4ten aus ausgew\u00e4hlten Naturparken vor.<\/p>\n<p>Viel Spa\u00df beim Lesen w\u00fcnscht Ihnen<\/p>\n<p>Ulrich K\u00f6ster\nGesch\u00e4ftsf\u00fchrer Verband Deutscher Naturparke<\/p>\n","protected":false},"excerpt":{"rendered":"<p>Flederm\u00e4use haben schon immer eine gro\u00dfe Faszination auf die Menschen ausge\u00fcbt. Davon zeugen Geschichten wie \u201eBatman\u201c oder \u201eDracula\u201c. Dabei sind sie f\u00fcr Menschen v\u00f6llig ungef\u00e4hrlich. Beeindruckend ist ihre F\u00e4higkeit, sich durch Echoortung zu orientieren. Sie \u201esehen\u201c also mit den Ohren. Mit ihren spitzen Z\u00e4hnen verzehren die nachtaktiven Flattertiere Insekten und Spinnentiere. Tags\u00fcber schlafen sie kopf\u00fcber<\/p>\n","protected":false},"author":14,"featured_media":0,"comment_status":"open","ping_status":"open","sticky":false,"template":"","format":"standard","meta":{"_links_to":"","_links_to_target":""},"categories":[52],"tags":[],"yoast_head":"<!-- This site is optimized with the Yoast SEO plugin v19.10 - https:\/\/yoast.com\/wordpress\/plugins\/seo\/ -->\n<title>Liebe Leserin, lieber Leser,<\/title>\n<meta name=\"description\" content=\"Flederm\u00e4use haben schon immer eine gro\u00dfe Faszination auf die Menschen ausge\u00fcbt. Davon zeugen Geschichten wie \u201eBatman\u201c oder \u201eDracula\u201c. Dabei sind sie f\u00fcr\" \/>\n<meta name=\"robots\" content=\"index, follow, max-snippet:-1, max-image-preview:large, max-video-preview:-1\" \/>\n<link rel=\"canonical\" href=\"https:\/\/www.naturparkmagazin.de\/vdn\/liebe-leserin-lieber-leser-12\/\" \/>\n<meta property=\"og:locale\" content=\"de_DE\" \/>\n<meta property=\"og:type\" content=\"article\" \/>\n<meta property=\"og:title\" content=\"Liebe Leserin, lieber Leser,\" \/>\n<meta property=\"og:description\" content=\"Flederm\u00e4use haben schon immer eine gro\u00dfe Faszination auf die Menschen ausge\u00fcbt. Davon zeugen Geschichten wie \u201eBatman\u201c oder \u201eDracula\u201c. Dabei sind sie f\u00fcr\" \/>\n<meta property=\"og:url\" content=\"https:\/\/www.naturparkmagazin.de\/vdn\/liebe-leserin-lieber-leser-12\/\" \/>\n<meta property=\"og:site_name\" content=\"Verband Deutscher Naturparke\" \/>\n<meta property=\"article:published_time\" content=\"2014-07-21T09:38:09+00:00\" \/>\n<meta property=\"article:modified_time\" content=\"2014-07-23T10:11:47+00:00\" \/>\n<meta name=\"author\" content=\"vdnnational\" \/>\n<meta name=\"twitter:label1\" content=\"Verfasst von\" \/>\n\t<meta name=\"twitter:data1\" content=\"vdnnational\" \/>\n\t<meta name=\"twitter:label2\" content=\"Gesch\u00e4tzte Lesezeit\" \/>\n\t<meta name=\"twitter:data2\" content=\"1\u00a0Minute\" \/>\n<script type=\"application\/ld+json\" class=\"yoast-schema-graph\">{\"@context\":\"https:\/\/schema.org\",\"@graph\":[{\"@type\":\"WebPage\",\"@id\":\"https:\/\/www.naturparkmagazin.de\/vdn\/liebe-leserin-lieber-leser-12\/\",\"url\":\"https:\/\/www.naturparkmagazin.de\/vdn\/liebe-leserin-lieber-leser-12\/\",\"name\":\"Liebe Leserin, lieber Leser,\",\"isPartOf\":{\"@id\":\"https:\/\/www.naturparkmagazin.de\/vdn\/#website\"},\"datePublished\":\"2014-07-21T09:38:09+00:00\",\"dateModified\":\"2014-07-23T10:11:47+00:00\",\"author\":{\"@id\":\"https:\/\/www.naturparkmagazin.de\/vdn\/#\/schema\/person\/e28d931df83318a48d52ae72b08d2bfb\"},\"description\":\"Flederm\u00e4use haben schon immer eine gro\u00dfe Faszination auf die Menschen ausge\u00fcbt. Davon zeugen Geschichten wie \u201eBatman\u201c oder \u201eDracula\u201c. Dabei sind sie f\u00fcr\",\"breadcrumb\":{\"@id\":\"https:\/\/www.naturparkmagazin.de\/vdn\/liebe-leserin-lieber-leser-12\/#breadcrumb\"},\"inLanguage\":\"de\",\"potentialAction\":[{\"@type\":\"ReadAction\",\"target\":[\"https:\/\/www.naturparkmagazin.de\/vdn\/liebe-leserin-lieber-leser-12\/\"]}]},{\"@type\":\"BreadcrumbList\",\"@id\":\"https:\/\/www.naturparkmagazin.de\/vdn\/liebe-leserin-lieber-leser-12\/#breadcrumb\",\"itemListElement\":[{\"@type\":\"ListItem\",\"position\":1,\"name\":\"Home\",\"item\":\"https:\/\/www.naturparkmagazin.de\/vdn\/\"},{\"@type\":\"ListItem\",\"position\":2,\"name\":\"Liebe Leserin, lieber Leser,\"}]},{\"@type\":\"WebSite\",\"@id\":\"https:\/\/www.naturparkmagazin.de\/vdn\/#website\",\"url\":\"https:\/\/www.naturparkmagazin.de\/vdn\/\",\"name\":\"Verband Deutscher Naturparke\",\"description\":\"Eine weitere Naturparkmagazin.de Netzwerk Seite\",\"potentialAction\":[{\"@type\":\"SearchAction\",\"target\":{\"@type\":\"EntryPoint\",\"urlTemplate\":\"https:\/\/www.naturparkmagazin.de\/vdn\/?s={search_term_string}\"},\"query-input\":\"required name=search_term_string\"}],\"inLanguage\":\"de\"},{\"@type\":\"Person\",\"@id\":\"https:\/\/www.naturparkmagazin.de\/vdn\/#\/schema\/person\/e28d931df83318a48d52ae72b08d2bfb\",\"name\":\"vdnnational\",\"url\":\"https:\/\/www.naturparkmagazin.de\/vdn\/author\/vdnnational\/\"}]}<\/script>\n<!-- \/ Yoast SEO plugin. -->","yoast_head_json":{"title":"Liebe Leserin, lieber Leser,","description":"Flederm\u00e4use haben schon immer eine gro\u00dfe Faszination auf die Menschen ausge\u00fcbt. Davon zeugen Geschichten wie \u201eBatman\u201c oder \u201eDracula\u201c. Dabei sind sie f\u00fcr","robots":{"index":"index","follow":"follow","max-snippet":"max-snippet:-1","max-image-preview":"max-image-preview:large","max-video-preview":"max-video-preview:-1"},"canonical":"https:\/\/www.naturparkmagazin.de\/vdn\/liebe-leserin-lieber-leser-12\/","og_locale":"de_DE","og_type":"article","og_title":"Liebe Leserin, lieber Leser,","og_description":"Flederm\u00e4use haben schon immer eine gro\u00dfe Faszination auf die Menschen ausge\u00fcbt. Davon zeugen Geschichten wie \u201eBatman\u201c oder \u201eDracula\u201c. Dabei sind sie f\u00fcr","og_url":"https:\/\/www.naturparkmagazin.de\/vdn\/liebe-leserin-lieber-leser-12\/","og_site_name":"Verband Deutscher Naturparke","article_published_time":"2014-07-21T09:38:09+00:00","article_modified_time":"2014-07-23T10:11:47+00:00","author":"vdnnational","twitter_misc":{"Verfasst von":"vdnnational","Gesch\u00e4tzte Lesezeit":"1\u00a0Minute"},"schema":{"@context":"https:\/\/schema.org","@graph":[{"@type":"WebPage","@id":"https:\/\/www.naturparkmagazin.de\/vdn\/liebe-leserin-lieber-leser-12\/","url":"https:\/\/www.naturparkmagazin.de\/vdn\/liebe-leserin-lieber-leser-12\/","name":"Liebe Leserin, lieber Leser,","isPartOf":{"@id":"https:\/\/www.naturparkmagazin.de\/vdn\/#website"},"datePublished":"2014-07-21T09:38:09+00:00","dateModified":"2014-07-23T10:11:47+00:00","author":{"@id":"https:\/\/www.naturparkmagazin.de\/vdn\/#\/schema\/person\/e28d931df83318a48d52ae72b08d2bfb"},"description":"Flederm\u00e4use haben schon immer eine gro\u00dfe Faszination auf die Menschen ausge\u00fcbt. Davon zeugen Geschichten wie \u201eBatman\u201c oder \u201eDracula\u201c. Dabei sind sie f\u00fcr","breadcrumb":{"@id":"https:\/\/www.naturparkmagazin.de\/vdn\/liebe-leserin-lieber-leser-12\/#breadcrumb"},"inLanguage":"de","potentialAction":[{"@type":"ReadAction","target":["https:\/\/www.naturparkmagazin.de\/vdn\/liebe-leserin-lieber-leser-12\/"]}]},{"@type":"BreadcrumbList","@id":"https:\/\/www.naturparkmagazin.de\/vdn\/liebe-leserin-lieber-leser-12\/#breadcrumb","itemListElement":[{"@type":"ListItem","position":1,"name":"Home","item":"https:\/\/www.naturparkmagazin.de\/vdn\/"},{"@type":"ListItem","position":2,"name":"Liebe Leserin, lieber Leser,"}]},{"@type":"WebSite","@id":"https:\/\/www.naturparkmagazin.de\/vdn\/#website","url":"https:\/\/www.naturparkmagazin.de\/vdn\/","name":"Verband Deutscher Naturparke","description":"Eine weitere Naturparkmagazin.de Netzwerk Seite","potentialAction":[{"@type":"SearchAction","target":{"@type":"EntryPoint","urlTemplate":"https:\/\/www.naturparkmagazin.de\/vdn\/?s={search_term_string}"},"query-input":"required name=search_term_string"}],"inLanguage":"de"},{"@type":"Person","@id":"https:\/\/www.naturparkmagazin.de\/vdn\/#\/schema\/person\/e28d931df83318a48d52ae72b08d2bfb","name":"vdnnational","url":"https:\/\/www.naturparkmagazin.de\/vdn\/author\/vdnnational\/"}]}},"_links":{"self":[{"href":"https:\/\/www.naturparkmagazin.de\/vdn\/wp-json\/wp\/v2\/posts\/4080"}],"collection":[{"href":"https:\/\/www.naturparkmagazin.de\/vdn\/wp-json\/wp\/v2\/posts"}],"about":[{"href":"https:\/\/www.naturparkmagazin.de\/vdn\/wp-json\/wp\/v2\/types\/post"}],"author":[{"embeddable":true,"href":"https:\/\/www.naturparkmagazin.de\/vdn\/wp-json\/wp\/v2\/users\/14"}],"replies":[{"embeddable":true,"href":"https:\/\/www.naturparkmagazin.de\/vdn\/wp-json\/wp\/v2\/comments?post=4080"}],"version-history":[{"count":2,"href":"https:\/\/www.naturparkmagazin.de\/vdn\/wp-json\/wp\/v2\/posts\/4080\/revisions"}],"predecessor-version":[{"id":4176,"href":"https:\/\/www.naturparkmagazin.de\/vdn\/wp-json\/wp\/v2\/posts\/4080\/revisions\/4176"}],"wp:attachment":[{"href":"https:\/\/www.naturparkmagazin.de\/vdn\/wp-json\/wp\/v2\/media?parent=4080"}],"wp:term":[{"taxonomy":"category","embeddable":true,"href":"https:\/\/www.naturparkmagazin.de\/vdn\/wp-json\/wp\/v2\/categories?post=4080"},{"taxonomy":"post_tag","embeddable":true,"href":"https:\/\/www.naturparkmagazin.de\/vdn\/wp-json\/wp\/v2\/tags?post=4080"}],"curies":[{"name":"wp","href":"https:\/\/api.w.org\/{rel}","templated":true}]}}