{"id":4082,"date":"2014-07-21T11:39:28","date_gmt":"2014-07-21T09:39:28","guid":{"rendered":"http:\/\/www.naturparkmagazin.de\/vdn\/?p=4082"},"modified":"2014-07-23T12:18:05","modified_gmt":"2014-07-23T10:18:05","slug":"jaeger-der-nacht-fledermausbeobachtungen-in-naturparken","status":"publish","type":"post","link":"https:\/\/www.naturparkmagazin.de\/vdn\/jaeger-der-nacht-fledermausbeobachtungen-in-naturparken\/","title":{"rendered":"\u201eJ\u00e4ger der Nacht\u201c \u2013 Fledermausbeobachtungen in Naturparken"},"content":{"rendered":"<div id=\"attachment_4083\" style=\"width: 510px\" class=\"wp-caption aligncenter\"><a href=\"https:\/\/www.naturparkmagazin.de\/vdn\/wp-content\/uploads\/sites\/3\/DSC_2918_beitrag.jpg\"><img aria-describedby=\"caption-attachment-4083\" decoding=\"async\" loading=\"lazy\" class=\"size-full wp-image-4083\" title=\"Einflug Graues Langohr - Copyright: VDN\/Eike Mross\" alt=\"Einflug Graues Langohr - Copyright: VDN\/Eike Mross\" src=\"https:\/\/www.naturparkmagazin.de\/vdn\/wp-content\/uploads\/sites\/3\/DSC_2918_beitrag.jpg\" width=\"500\" height=\"300\" srcset=\"https:\/\/www.naturparkmagazin.de\/vdn\/wp-content\/uploads\/sites\/3\/DSC_2918_beitrag.jpg 500w, https:\/\/www.naturparkmagazin.de\/vdn\/wp-content\/uploads\/sites\/3\/DSC_2918_beitrag-300x180.jpg 300w, https:\/\/www.naturparkmagazin.de\/vdn\/wp-content\/uploads\/sites\/3\/DSC_2918_beitrag-200x120.jpg 200w\" sizes=\"(max-width: 500px) 100vw, 500px\" \/><\/a><p id=\"caption-attachment-4083\" class=\"wp-caption-text\">Einflug Graues Langohr &#8211; Copyright: VDN\/Eike Mross<\/p><\/div>\n<p>Sicher wird sich der ein oder andere von Ihnen schon einmal gewundert haben, dass noch V\u00f6gel in seinem Garten unterwegs waren, obwohl schon l\u00e4ngst die D\u00e4mmerung hereingebrochen war. Doch dieser Fl\u00fcgelschlag geh\u00f6rt einem n\u00e4chtlichen Himmelsst\u00fcrmer ganz anderer Art: einer Fledermaus.<\/p>\n<p>Weltweit gibt es \u00fcber 900 Fledermausarten, in Mitteleuropa kommen 30, in Deutschland gerade mal 24 unterschiedliche Fledermausarten vor. Flederm\u00e4use sind S\u00e4ugetiere und mit den V\u00f6geln die einzigen Wirbeltiere, die fliegen k\u00f6nnen. In Deutschland unterliegen alle Fledermausarten einem strengen Schutz.<\/p>\n<p>Um sich im Dunkeln zurechtzufinden, haben Flederm\u00e4use eine sehr effektive Methode entwickelt: bis zu 200 Mal in der Sekunde geben sie Ultraschalllaute von sich, deren Schallwellen von Beutetieren wie Insekten zur\u00fcckgeworfen werden. Eine Fledermaus kann \u00fcbrigens innerhalb einer Stunde 1.200 Insekten verdr\u00fccken!<\/p>\n<div id=\"attachment_4084\" style=\"width: 510px\" class=\"wp-caption aligncenter\"><a href=\"https:\/\/www.naturparkmagazin.de\/vdn\/wp-content\/uploads\/sites\/3\/a5-45Beitrag.jpg\"><img aria-describedby=\"caption-attachment-4084\" decoding=\"async\" loading=\"lazy\" class=\"size-full wp-image-4084\" title=\"Wasserfledermaus im Deutsch-Belgischen Naturpark Hohes Venn - Eifel - Copyright: VDN\/Theo Dicks\" alt=\"Wasserfledermaus im Deutsch-Belgischen Naturpark Hohes Venn - Eifel - Copyright: VDN\/Theo Dicks\" src=\"https:\/\/www.naturparkmagazin.de\/vdn\/wp-content\/uploads\/sites\/3\/a5-45Beitrag.jpg\" width=\"500\" height=\"300\" srcset=\"https:\/\/www.naturparkmagazin.de\/vdn\/wp-content\/uploads\/sites\/3\/a5-45Beitrag.jpg 500w, https:\/\/www.naturparkmagazin.de\/vdn\/wp-content\/uploads\/sites\/3\/a5-45Beitrag-300x180.jpg 300w, https:\/\/www.naturparkmagazin.de\/vdn\/wp-content\/uploads\/sites\/3\/a5-45Beitrag-200x120.jpg 200w\" sizes=\"(max-width: 500px) 100vw, 500px\" \/><\/a><p id=\"caption-attachment-4084\" class=\"wp-caption-text\">Wasserfledermaus im Deutsch-Belgischen Naturpark Hohes Venn &#8211; Eifel &#8211; Copyright: VDN\/Theo Dicks<\/p><\/div>\n<p>In vielen Naturparken lassen sich mit etwas Gl\u00fcck Wasserfledermaus, Zwergfledermaus oder Gro\u00dfer Abendsegler bei der Insekten-Jagd \u00fcber den Wasserfl\u00e4chen der Region beobachten. Im Naturpark M\u00e4rkische Schweiz gibt es im bisher einzigen Fledermausmuseum in Deutschland \u2013 dem Julianenhof &#8211; alles f\u00fcr Fledermausfans und solche, die es noch werden wollen: Von wechselnden Ausstellungen, einem Fledermausgarten, \u00fcber Exponate bis hin zu F\u00fchrungen Hier lernt man die Lebensweise, Biologie und Besonderheiten der nachtaktiven S\u00e4ugetiere genau kennen und lieben.<\/p>\n<div id=\"attachment_4085\" style=\"width: 510px\" class=\"wp-caption aligncenter\"><a href=\"https:\/\/www.naturparkmagazin.de\/vdn\/wp-content\/uploads\/sites\/3\/dsc05057-kopie_beitrag.jpg\"><img aria-describedby=\"caption-attachment-4085\" decoding=\"async\" loading=\"lazy\" class=\"size-full wp-image-4085\" title=\"Copyright: VDN\/Gabriele Heinrich\" alt=\"Copyright: VDN\/Gabriele Heinrich\" src=\"https:\/\/www.naturparkmagazin.de\/vdn\/wp-content\/uploads\/sites\/3\/dsc05057-kopie_beitrag.jpg\" width=\"500\" height=\"300\" srcset=\"https:\/\/www.naturparkmagazin.de\/vdn\/wp-content\/uploads\/sites\/3\/dsc05057-kopie_beitrag.jpg 500w, https:\/\/www.naturparkmagazin.de\/vdn\/wp-content\/uploads\/sites\/3\/dsc05057-kopie_beitrag-300x180.jpg 300w, https:\/\/www.naturparkmagazin.de\/vdn\/wp-content\/uploads\/sites\/3\/dsc05057-kopie_beitrag-200x120.jpg 200w\" sizes=\"(max-width: 500px) 100vw, 500px\" \/><\/a><p id=\"caption-attachment-4085\" class=\"wp-caption-text\">Copyright: VDN\/Gabriele Heinrich<\/p><\/div>\n<p>Mittels Infrarotkamera l\u00e4sst sich im Naturpark Kellerwald-Edersee auf dem <a href=\"http:\/\/www.naturpark-kellerwald-edersee.de\/de\/3_Erlebnis_Lehrpfade\/fledermauslehrpfad.php\" target=\"_blank\">Fledermauslehrpfad Asel<\/a> live Einblick in eine Fledermaus-Wochenstube gewinnen. Im Naturpark Holsteinische Schweiz k\u00f6nnen Besucher bei einer F\u00fchrung durch die Segeberger Kalkbergh\u00f6hle das gr\u00f6\u00dfte, nat\u00fcrliche Fledermaus-Winterquartier in Nordeuropa kennen lernen. Sagenhafte 22.000 Flederm\u00e4use \u00fcberwintern hier allj\u00e4hrlich!<\/p>\n<div id=\"attachment_4086\" style=\"width: 510px\" class=\"wp-caption aligncenter\"><a href=\"https:\/\/www.naturparkmagazin.de\/vdn\/wp-content\/uploads\/sites\/3\/fledermaus.beuitrag.jpg\"><img aria-describedby=\"caption-attachment-4086\" decoding=\"async\" loading=\"lazy\" class=\"size-full wp-image-4086\" title=\"Copyright: VDN\/G\u00fcnther Desch\" alt=\"Copyright: VDN\/G\u00fcnther Desch\" src=\"https:\/\/www.naturparkmagazin.de\/vdn\/wp-content\/uploads\/sites\/3\/fledermaus.beuitrag.jpg\" width=\"500\" height=\"300\" srcset=\"https:\/\/www.naturparkmagazin.de\/vdn\/wp-content\/uploads\/sites\/3\/fledermaus.beuitrag.jpg 500w, https:\/\/www.naturparkmagazin.de\/vdn\/wp-content\/uploads\/sites\/3\/fledermaus.beuitrag-300x180.jpg 300w, https:\/\/www.naturparkmagazin.de\/vdn\/wp-content\/uploads\/sites\/3\/fledermaus.beuitrag-200x120.jpg 200w\" sizes=\"(max-width: 500px) 100vw, 500px\" \/><\/a><p id=\"caption-attachment-4086\" class=\"wp-caption-text\">Copyright: VDN\/G\u00fcnther Desch<\/p><\/div>\n<p>In Bad Segeberg findet in diesem Jahr auch wieder die Hauptveranstaltung zur Europ\u00e4ischen Fledermausnacht statt.\u00a0 In der Nacht vom 30. zum 31. August 2014 werden dabei in ganz Europa Veranstaltungen rund um die Fledermaus organisiert. In Deutschland wird die Batnight vom NABU organisiert. Wo Sie Flederm\u00e4use hautnah erleben k\u00f6nnen, erfahren sie hier <a href=\"http:\/\/www.nabu.de\/aktionenundprojekte\/batnight\/termine\/\" target=\"_blank\">http:\/\/www.nabu.de\/aktionenundprojekte\/batnight\/termine\/<\/a><\/p>\n<p><a href=\"http:\/\/www.fledermausmuseum-julianenhof.de\" target=\"_blank\">www.fledermausmuseum-julianenhof.de<\/a><\/p>\n<p><a href=\"http:\/\/www.naturpark-kellerwald-edersee.de\/de\/3_Erlebnis_Lehrpfade\/fledermauslehrpfad.php\" target=\"_blank\">www.naturpark-kellerwald-edersee.de <\/a><\/p>\n<p><a href=\"http:\/\/www.naturpark-holsteinische-schweiz.de\" target=\"_blank\">www.naturpark-holsteinische-schweiz.de<\/a>\n<a href=\"http:\/\/www.noctalis.de\" target=\"_blank\">www.noctalis.de<\/a><\/p>\n<p>&nbsp;<\/p>\n<p>&nbsp;<\/p>\n","protected":false},"excerpt":{"rendered":"<p>Wenn die D\u00e4mmerung hereinbricht, kann man in den Sommermonaten einen n\u00e4chtlichen Himmelsst\u00fcrmer ganz anderer Art entdecken: eine Fledermaus auf der Jagd nach nachtachtiven Insekten. <\/p>\n","protected":false},"author":14,"featured_media":4088,"comment_status":"open","ping_status":"open","sticky":false,"template":"","format":"standard","meta":{"_links_to":"","_links_to_target":""},"categories":[51],"tags":[],"yoast_head":"<!-- This site is optimized with the Yoast SEO plugin v19.10 - https:\/\/yoast.com\/wordpress\/plugins\/seo\/ -->\n<title>\u201eJ\u00e4ger der Nacht\u201c \u2013 Fledermausbeobachtungen in Naturparken<\/title>\n<meta name=\"description\" content=\"Wenn die D\u00e4mmerung hereinbricht, kann man in den Sommermonaten einen n\u00e4chtlichen Himmelsst\u00fcrmer ganz anderer Art entdecken: eine Fledermaus auf der Jagd nach nachtachtiven Insekten.\" \/>\n<meta name=\"robots\" content=\"index, follow, max-snippet:-1, max-image-preview:large, max-video-preview:-1\" \/>\n<link rel=\"canonical\" href=\"https:\/\/www.naturparkmagazin.de\/vdn\/jaeger-der-nacht-fledermausbeobachtungen-in-naturparken\/\" \/>\n<meta property=\"og:locale\" content=\"de_DE\" \/>\n<meta property=\"og:type\" content=\"article\" \/>\n<meta property=\"og:title\" content=\"\u201eJ\u00e4ger der Nacht\u201c \u2013 Fledermausbeobachtungen in Naturparken\" \/>\n<meta property=\"og:description\" content=\"Wenn die D\u00e4mmerung hereinbricht, kann man in den Sommermonaten einen n\u00e4chtlichen Himmelsst\u00fcrmer ganz anderer Art entdecken: eine Fledermaus auf der Jagd nach nachtachtiven Insekten.\" \/>\n<meta property=\"og:url\" content=\"https:\/\/www.naturparkmagazin.de\/vdn\/jaeger-der-nacht-fledermausbeobachtungen-in-naturparken\/\" \/>\n<meta property=\"og:site_name\" content=\"Verband Deutscher Naturparke\" \/>\n<meta property=\"article:published_time\" content=\"2014-07-21T09:39:28+00:00\" \/>\n<meta property=\"article:modified_time\" content=\"2014-07-23T10:18:05+00:00\" \/>\n<meta property=\"og:image\" content=\"https:\/\/www.naturparkmagazin.de\/vdn\/wp-content\/uploads\/sites\/3\/DSC_2918_beitragsbild.jpg\" \/>\n\t<meta property=\"og:image:width\" content=\"180\" \/>\n\t<meta property=\"og:image:height\" content=\"135\" \/>\n\t<meta property=\"og:image:type\" content=\"image\/jpeg\" \/>\n<meta name=\"author\" content=\"vdnnational\" \/>\n<meta name=\"twitter:label1\" content=\"Verfasst von\" \/>\n\t<meta name=\"twitter:data1\" content=\"vdnnational\" \/>\n\t<meta name=\"twitter:label2\" content=\"Gesch\u00e4tzte Lesezeit\" \/>\n\t<meta name=\"twitter:data2\" content=\"2\u00a0Minuten\" \/>\n<script type=\"application\/ld+json\" class=\"yoast-schema-graph\">{\"@context\":\"https:\/\/schema.org\",\"@graph\":[{\"@type\":\"WebPage\",\"@id\":\"https:\/\/www.naturparkmagazin.de\/vdn\/jaeger-der-nacht-fledermausbeobachtungen-in-naturparken\/\",\"url\":\"https:\/\/www.naturparkmagazin.de\/vdn\/jaeger-der-nacht-fledermausbeobachtungen-in-naturparken\/\",\"name\":\"\u201eJ\u00e4ger der Nacht\u201c \u2013 Fledermausbeobachtungen in Naturparken\",\"isPartOf\":{\"@id\":\"https:\/\/www.naturparkmagazin.de\/vdn\/#website\"},\"datePublished\":\"2014-07-21T09:39:28+00:00\",\"dateModified\":\"2014-07-23T10:18:05+00:00\",\"author\":{\"@id\":\"https:\/\/www.naturparkmagazin.de\/vdn\/#\/schema\/person\/e28d931df83318a48d52ae72b08d2bfb\"},\"description\":\"Wenn die D\u00e4mmerung hereinbricht, kann man in den Sommermonaten einen n\u00e4chtlichen Himmelsst\u00fcrmer ganz anderer Art entdecken: eine Fledermaus auf der Jagd nach nachtachtiven Insekten.\",\"breadcrumb\":{\"@id\":\"https:\/\/www.naturparkmagazin.de\/vdn\/jaeger-der-nacht-fledermausbeobachtungen-in-naturparken\/#breadcrumb\"},\"inLanguage\":\"de\",\"potentialAction\":[{\"@type\":\"ReadAction\",\"target\":[\"https:\/\/www.naturparkmagazin.de\/vdn\/jaeger-der-nacht-fledermausbeobachtungen-in-naturparken\/\"]}]},{\"@type\":\"BreadcrumbList\",\"@id\":\"https:\/\/www.naturparkmagazin.de\/vdn\/jaeger-der-nacht-fledermausbeobachtungen-in-naturparken\/#breadcrumb\",\"itemListElement\":[{\"@type\":\"ListItem\",\"position\":1,\"name\":\"Home\",\"item\":\"https:\/\/www.naturparkmagazin.de\/vdn\/\"},{\"@type\":\"ListItem\",\"position\":2,\"name\":\"\u201eJ\u00e4ger der Nacht\u201c \u2013 Fledermausbeobachtungen in Naturparken\"}]},{\"@type\":\"WebSite\",\"@id\":\"https:\/\/www.naturparkmagazin.de\/vdn\/#website\",\"url\":\"https:\/\/www.naturparkmagazin.de\/vdn\/\",\"name\":\"Verband Deutscher Naturparke\",\"description\":\"Eine weitere Naturparkmagazin.de Netzwerk Seite\",\"potentialAction\":[{\"@type\":\"SearchAction\",\"target\":{\"@type\":\"EntryPoint\",\"urlTemplate\":\"https:\/\/www.naturparkmagazin.de\/vdn\/?s={search_term_string}\"},\"query-input\":\"required name=search_term_string\"}],\"inLanguage\":\"de\"},{\"@type\":\"Person\",\"@id\":\"https:\/\/www.naturparkmagazin.de\/vdn\/#\/schema\/person\/e28d931df83318a48d52ae72b08d2bfb\",\"name\":\"vdnnational\",\"url\":\"https:\/\/www.naturparkmagazin.de\/vdn\/author\/vdnnational\/\"}]}<\/script>\n<!-- \/ Yoast SEO plugin. -->","yoast_head_json":{"title":"\u201eJ\u00e4ger der Nacht\u201c \u2013 Fledermausbeobachtungen in Naturparken","description":"Wenn die D\u00e4mmerung hereinbricht, kann man in den Sommermonaten einen n\u00e4chtlichen Himmelsst\u00fcrmer ganz anderer Art entdecken: eine Fledermaus auf der Jagd nach nachtachtiven Insekten.","robots":{"index":"index","follow":"follow","max-snippet":"max-snippet:-1","max-image-preview":"max-image-preview:large","max-video-preview":"max-video-preview:-1"},"canonical":"https:\/\/www.naturparkmagazin.de\/vdn\/jaeger-der-nacht-fledermausbeobachtungen-in-naturparken\/","og_locale":"de_DE","og_type":"article","og_title":"\u201eJ\u00e4ger der Nacht\u201c \u2013 Fledermausbeobachtungen in Naturparken","og_description":"Wenn die D\u00e4mmerung hereinbricht, kann man in den Sommermonaten einen n\u00e4chtlichen Himmelsst\u00fcrmer ganz anderer Art entdecken: eine Fledermaus auf der Jagd nach nachtachtiven Insekten.","og_url":"https:\/\/www.naturparkmagazin.de\/vdn\/jaeger-der-nacht-fledermausbeobachtungen-in-naturparken\/","og_site_name":"Verband Deutscher Naturparke","article_published_time":"2014-07-21T09:39:28+00:00","article_modified_time":"2014-07-23T10:18:05+00:00","og_image":[{"width":180,"height":135,"url":"https:\/\/www.naturparkmagazin.de\/vdn\/wp-content\/uploads\/sites\/3\/DSC_2918_beitragsbild.jpg","type":"image\/jpeg"}],"author":"vdnnational","twitter_misc":{"Verfasst von":"vdnnational","Gesch\u00e4tzte Lesezeit":"2\u00a0Minuten"},"schema":{"@context":"https:\/\/schema.org","@graph":[{"@type":"WebPage","@id":"https:\/\/www.naturparkmagazin.de\/vdn\/jaeger-der-nacht-fledermausbeobachtungen-in-naturparken\/","url":"https:\/\/www.naturparkmagazin.de\/vdn\/jaeger-der-nacht-fledermausbeobachtungen-in-naturparken\/","name":"\u201eJ\u00e4ger der Nacht\u201c \u2013 Fledermausbeobachtungen in Naturparken","isPartOf":{"@id":"https:\/\/www.naturparkmagazin.de\/vdn\/#website"},"datePublished":"2014-07-21T09:39:28+00:00","dateModified":"2014-07-23T10:18:05+00:00","author":{"@id":"https:\/\/www.naturparkmagazin.de\/vdn\/#\/schema\/person\/e28d931df83318a48d52ae72b08d2bfb"},"description":"Wenn die D\u00e4mmerung hereinbricht, kann man in den Sommermonaten einen n\u00e4chtlichen Himmelsst\u00fcrmer ganz anderer Art entdecken: eine Fledermaus auf der Jagd nach nachtachtiven Insekten.","breadcrumb":{"@id":"https:\/\/www.naturparkmagazin.de\/vdn\/jaeger-der-nacht-fledermausbeobachtungen-in-naturparken\/#breadcrumb"},"inLanguage":"de","potentialAction":[{"@type":"ReadAction","target":["https:\/\/www.naturparkmagazin.de\/vdn\/jaeger-der-nacht-fledermausbeobachtungen-in-naturparken\/"]}]},{"@type":"BreadcrumbList","@id":"https:\/\/www.naturparkmagazin.de\/vdn\/jaeger-der-nacht-fledermausbeobachtungen-in-naturparken\/#breadcrumb","itemListElement":[{"@type":"ListItem","position":1,"name":"Home","item":"https:\/\/www.naturparkmagazin.de\/vdn\/"},{"@type":"ListItem","position":2,"name":"\u201eJ\u00e4ger der Nacht\u201c \u2013 Fledermausbeobachtungen in Naturparken"}]},{"@type":"WebSite","@id":"https:\/\/www.naturparkmagazin.de\/vdn\/#website","url":"https:\/\/www.naturparkmagazin.de\/vdn\/","name":"Verband Deutscher Naturparke","description":"Eine weitere Naturparkmagazin.de Netzwerk Seite","potentialAction":[{"@type":"SearchAction","target":{"@type":"EntryPoint","urlTemplate":"https:\/\/www.naturparkmagazin.de\/vdn\/?s={search_term_string}"},"query-input":"required name=search_term_string"}],"inLanguage":"de"},{"@type":"Person","@id":"https:\/\/www.naturparkmagazin.de\/vdn\/#\/schema\/person\/e28d931df83318a48d52ae72b08d2bfb","name":"vdnnational","url":"https:\/\/www.naturparkmagazin.de\/vdn\/author\/vdnnational\/"}]}},"_links":{"self":[{"href":"https:\/\/www.naturparkmagazin.de\/vdn\/wp-json\/wp\/v2\/posts\/4082"}],"collection":[{"href":"https:\/\/www.naturparkmagazin.de\/vdn\/wp-json\/wp\/v2\/posts"}],"about":[{"href":"https:\/\/www.naturparkmagazin.de\/vdn\/wp-json\/wp\/v2\/types\/post"}],"author":[{"embeddable":true,"href":"https:\/\/www.naturparkmagazin.de\/vdn\/wp-json\/wp\/v2\/users\/14"}],"replies":[{"embeddable":true,"href":"https:\/\/www.naturparkmagazin.de\/vdn\/wp-json\/wp\/v2\/comments?post=4082"}],"version-history":[{"count":6,"href":"https:\/\/www.naturparkmagazin.de\/vdn\/wp-json\/wp\/v2\/posts\/4082\/revisions"}],"predecessor-version":[{"id":4177,"href":"https:\/\/www.naturparkmagazin.de\/vdn\/wp-json\/wp\/v2\/posts\/4082\/revisions\/4177"}],"wp:featuredmedia":[{"embeddable":true,"href":"https:\/\/www.naturparkmagazin.de\/vdn\/wp-json\/wp\/v2\/media\/4088"}],"wp:attachment":[{"href":"https:\/\/www.naturparkmagazin.de\/vdn\/wp-json\/wp\/v2\/media?parent=4082"}],"wp:term":[{"taxonomy":"category","embeddable":true,"href":"https:\/\/www.naturparkmagazin.de\/vdn\/wp-json\/wp\/v2\/categories?post=4082"},{"taxonomy":"post_tag","embeddable":true,"href":"https:\/\/www.naturparkmagazin.de\/vdn\/wp-json\/wp\/v2\/tags?post=4082"}],"curies":[{"name":"wp","href":"https:\/\/api.w.org\/{rel}","templated":true}]}}