{"id":4093,"date":"2014-07-21T11:00:06","date_gmt":"2014-07-21T09:00:06","guid":{"rendered":"http:\/\/www.naturparkmagazin.de\/vdn\/?p=4093"},"modified":"2014-07-21T15:08:04","modified_gmt":"2014-07-21T13:08:04","slug":"von-aepfeln-bis-pomeranzen-fachtagung-im-naturpark-niederlausitzer-heidelandschaft","status":"publish","type":"post","link":"https:\/\/www.naturparkmagazin.de\/vdn\/von-aepfeln-bis-pomeranzen-fachtagung-im-naturpark-niederlausitzer-heidelandschaft\/","title":{"rendered":"\u201eVon \u00c4pfeln bis Pomeranzen\u201c \u2013 Fachtagung im Naturpark Niederlausitzer Heidelandschaft"},"content":{"rendered":"<div id=\"attachment_4100\" style=\"width: 510px\" class=\"wp-caption aligncenter\"><a href=\"https:\/\/www.naturparkmagazin.de\/vdn\/wp-content\/uploads\/sites\/3\/Beitrag1.jpg\"><img aria-describedby=\"caption-attachment-4100\" decoding=\"async\" loading=\"lazy\" class=\"size-full wp-image-4100\" title=\"Copyright: Naturpark Niederlausitzer Heidelandschaft\" alt=\"Copyright: Naturpark Niederlausitzer Heidelandschaft\" src=\"https:\/\/www.naturparkmagazin.de\/vdn\/wp-content\/uploads\/sites\/3\/Beitrag1.jpg\" width=\"500\" height=\"300\" srcset=\"https:\/\/www.naturparkmagazin.de\/vdn\/wp-content\/uploads\/sites\/3\/Beitrag1.jpg 500w, https:\/\/www.naturparkmagazin.de\/vdn\/wp-content\/uploads\/sites\/3\/Beitrag1-300x180.jpg 300w, https:\/\/www.naturparkmagazin.de\/vdn\/wp-content\/uploads\/sites\/3\/Beitrag1-200x120.jpg 200w\" sizes=\"(max-width: 500px) 100vw, 500px\" \/><\/a><p id=\"caption-attachment-4100\" class=\"wp-caption-text\">Copyright: Naturpark Niederlausitzer Heidelandschaft<\/p><\/div>\n<p style=\"text-align: center\">\n<p>Im Brandenburger Naturpark Niederlausitzer Heidelandschaft nehmen Obstanbau und Streuobstkultur und damit verbundene Artenschutzvorhaben und Naturschutzprojekte seit nunmehr 20 Jahren einen wichtigen Platz ein. Das reicht vom Aufbau des Pomologischen Schaugartens in D\u00f6llingen \u00fcber die Wiederbelebung der Streuobst- und Baumobstkultur in der Niederlausitz bis zu den damit verbundenen vielf\u00e4ltigen Aktivit\u00e4ten in Vermarktung, \u00d6ffentlichkeitsarbeit und Erhaltung alter Obstsorten und -arten.<\/p>\n<p>Vom 26. bis 29. September 2014 l\u00e4dt der Verein KERNGEH\u00c4USE e. V. mit Unterst\u00fctzung\u00a0 des Naturparks Niederlausitzer Heidelandschaft zu einer Fachtagung ein. Mit Beitr\u00e4gen aus verschiedenen Sparten, vom Natur- bis zum Denkmalschutz m\u00f6chte die Tagung Verbindungen herstellen und Anregungen zur effektiveren Erhaltung des Natur- und Kulturerbes von Obstgeh\u00f6lzen geben und nicht zuletzt die nachhaltige Sicherung des Genpools durch eine abgestimmte Zusammenarbeit von privaten Erhaltungsorganisationen und staatlichen Einrichtungen betrachten.<\/p>\n<p><b>Veranstalter:<\/b> KERNGEH\u00c4USE e.V.\nBahnhofstra\u00dfe 18\n04910 Elsterwerda<\/p>\n<p><strong><em>Mit Unterst\u00fctzung:<\/em> <\/strong>LUGV Brandenburg\nNaturpark Niederlausitzer Heidelandschaft\nMarkt 20\n04924 Bad Liebenwerda<\/p>\n<p><b>Tagungsort: 26.09. und 27.09.2014\n<\/b>Gasthaus Sch\u00fcler, Platz des Friedens 25, 04928 Plessa<\/p>\n<p><b>Veranstaltungsort: 28.09.2014\n<\/b>Pomologischer Schau- und Lehrgarten, An der Umgehungsstra\u00dfe, 04928 Plessa\/OT D\u00f6llingen<\/p>\n<p><span style=\"color: #ff0000\"><span style=\"text-decoration: underline\"><b>Anmeldung<\/b> <\/span><b><span style=\"text-decoration: underline\">bis 5. September 2014<\/span><\/b><\/span>\nper Fax: 035341\/61514 oder per Mail: <a href=\"mailto:andrea.opitz@lugv.brandenburg.de\">andrea.opitz@lugv.brandenburg.de<\/a> <b><\/b><\/p>\n<p>&nbsp;<\/p>\n<p><b>Kontakt\n<\/b>Naturparkverwaltung Niederlausitzer Heidelandschaft\nMarkt 20, 04924 Bad Liebenwerda\nTelefon: 035341\/61512<\/p>\n<p><b>Teilnehmerbeitrag<\/b>\n50 \u20ac (einschlie\u00dflich Tagungsunterlagen und Verpflegung am 26.09. und 27.09.2014)\nErm\u00e4\u00dfigter Tagungsbeitrag 30 \u20ac f\u00fcr Studenten<\/p>\n<p>&nbsp;<\/p>\n","protected":false},"excerpt":{"rendered":"<p>Vom 26. bis 29. September 2014 l\u00e4dt der Verein KERNGEH\u00c4USE e. V. mit Unterst\u00fctzung  des Naturparks Niederlausitzer Heidelandschaft zu einer Fachtagung nach Plessa ein. <\/p>\n","protected":false},"author":14,"featured_media":4095,"comment_status":"open","ping_status":"open","sticky":false,"template":"","format":"standard","meta":{"_links_to":"","_links_to_target":""},"categories":[7],"tags":[],"yoast_head":"<!-- This site is optimized with the Yoast SEO plugin v19.10 - https:\/\/yoast.com\/wordpress\/plugins\/seo\/ -->\n<title>\u201eVon \u00c4pfeln bis Pomeranzen\u201c \u2013 Fachtagung im Naturpark Niederlausitzer Heidelandschaft<\/title>\n<meta name=\"description\" content=\"Vom 26. bis 29. September 2014 l\u00e4dt der Verein KERNGEH\u00c4USE e. V. mit Unterst\u00fctzung des Naturparks Niederlausitzer Heidelandschaft zu einer Fachtagung nach Plessa ein.\" \/>\n<meta name=\"robots\" content=\"index, follow, max-snippet:-1, max-image-preview:large, max-video-preview:-1\" \/>\n<link rel=\"canonical\" href=\"https:\/\/www.naturparkmagazin.de\/vdn\/von-aepfeln-bis-pomeranzen-fachtagung-im-naturpark-niederlausitzer-heidelandschaft\/\" \/>\n<meta property=\"og:locale\" content=\"de_DE\" \/>\n<meta property=\"og:type\" content=\"article\" \/>\n<meta property=\"og:title\" content=\"\u201eVon \u00c4pfeln bis Pomeranzen\u201c \u2013 Fachtagung im Naturpark Niederlausitzer Heidelandschaft\" \/>\n<meta property=\"og:description\" content=\"Vom 26. bis 29. September 2014 l\u00e4dt der Verein KERNGEH\u00c4USE e. V. mit Unterst\u00fctzung des Naturparks Niederlausitzer Heidelandschaft zu einer Fachtagung nach Plessa ein.\" \/>\n<meta property=\"og:url\" content=\"https:\/\/www.naturparkmagazin.de\/vdn\/von-aepfeln-bis-pomeranzen-fachtagung-im-naturpark-niederlausitzer-heidelandschaft\/\" \/>\n<meta property=\"og:site_name\" content=\"Verband Deutscher Naturparke\" \/>\n<meta property=\"article:published_time\" content=\"2014-07-21T09:00:06+00:00\" \/>\n<meta property=\"article:modified_time\" content=\"2014-07-21T13:08:04+00:00\" \/>\n<meta property=\"og:image\" content=\"https:\/\/www.naturparkmagazin.de\/vdn\/wp-content\/uploads\/sites\/3\/beitragsbild.jpg\" \/>\n\t<meta property=\"og:image:width\" content=\"180\" \/>\n\t<meta property=\"og:image:height\" content=\"135\" \/>\n\t<meta property=\"og:image:type\" content=\"image\/jpeg\" \/>\n<meta name=\"author\" content=\"vdnnational\" \/>\n<meta name=\"twitter:label1\" content=\"Verfasst von\" \/>\n\t<meta name=\"twitter:data1\" content=\"vdnnational\" \/>\n\t<meta name=\"twitter:label2\" content=\"Gesch\u00e4tzte Lesezeit\" \/>\n\t<meta name=\"twitter:data2\" content=\"1\u00a0Minute\" \/>\n<script type=\"application\/ld+json\" class=\"yoast-schema-graph\">{\"@context\":\"https:\/\/schema.org\",\"@graph\":[{\"@type\":\"WebPage\",\"@id\":\"https:\/\/www.naturparkmagazin.de\/vdn\/von-aepfeln-bis-pomeranzen-fachtagung-im-naturpark-niederlausitzer-heidelandschaft\/\",\"url\":\"https:\/\/www.naturparkmagazin.de\/vdn\/von-aepfeln-bis-pomeranzen-fachtagung-im-naturpark-niederlausitzer-heidelandschaft\/\",\"name\":\"\u201eVon \u00c4pfeln bis Pomeranzen\u201c \u2013 Fachtagung im Naturpark Niederlausitzer Heidelandschaft\",\"isPartOf\":{\"@id\":\"https:\/\/www.naturparkmagazin.de\/vdn\/#website\"},\"datePublished\":\"2014-07-21T09:00:06+00:00\",\"dateModified\":\"2014-07-21T13:08:04+00:00\",\"author\":{\"@id\":\"https:\/\/www.naturparkmagazin.de\/vdn\/#\/schema\/person\/e28d931df83318a48d52ae72b08d2bfb\"},\"description\":\"Vom 26. bis 29. September 2014 l\u00e4dt der Verein KERNGEH\u00c4USE e. V. mit Unterst\u00fctzung des Naturparks Niederlausitzer Heidelandschaft zu einer Fachtagung nach Plessa ein.\",\"breadcrumb\":{\"@id\":\"https:\/\/www.naturparkmagazin.de\/vdn\/von-aepfeln-bis-pomeranzen-fachtagung-im-naturpark-niederlausitzer-heidelandschaft\/#breadcrumb\"},\"inLanguage\":\"de\",\"potentialAction\":[{\"@type\":\"ReadAction\",\"target\":[\"https:\/\/www.naturparkmagazin.de\/vdn\/von-aepfeln-bis-pomeranzen-fachtagung-im-naturpark-niederlausitzer-heidelandschaft\/\"]}]},{\"@type\":\"BreadcrumbList\",\"@id\":\"https:\/\/www.naturparkmagazin.de\/vdn\/von-aepfeln-bis-pomeranzen-fachtagung-im-naturpark-niederlausitzer-heidelandschaft\/#breadcrumb\",\"itemListElement\":[{\"@type\":\"ListItem\",\"position\":1,\"name\":\"Home\",\"item\":\"https:\/\/www.naturparkmagazin.de\/vdn\/\"},{\"@type\":\"ListItem\",\"position\":2,\"name\":\"\u201eVon \u00c4pfeln bis Pomeranzen\u201c \u2013 Fachtagung im Naturpark Niederlausitzer Heidelandschaft\"}]},{\"@type\":\"WebSite\",\"@id\":\"https:\/\/www.naturparkmagazin.de\/vdn\/#website\",\"url\":\"https:\/\/www.naturparkmagazin.de\/vdn\/\",\"name\":\"Verband Deutscher Naturparke\",\"description\":\"Eine weitere Naturparkmagazin.de Netzwerk Seite\",\"potentialAction\":[{\"@type\":\"SearchAction\",\"target\":{\"@type\":\"EntryPoint\",\"urlTemplate\":\"https:\/\/www.naturparkmagazin.de\/vdn\/?s={search_term_string}\"},\"query-input\":\"required name=search_term_string\"}],\"inLanguage\":\"de\"},{\"@type\":\"Person\",\"@id\":\"https:\/\/www.naturparkmagazin.de\/vdn\/#\/schema\/person\/e28d931df83318a48d52ae72b08d2bfb\",\"name\":\"vdnnational\",\"url\":\"https:\/\/www.naturparkmagazin.de\/vdn\/author\/vdnnational\/\"}]}<\/script>\n<!-- \/ Yoast SEO plugin. -->","yoast_head_json":{"title":"\u201eVon \u00c4pfeln bis Pomeranzen\u201c \u2013 Fachtagung im Naturpark Niederlausitzer Heidelandschaft","description":"Vom 26. bis 29. September 2014 l\u00e4dt der Verein KERNGEH\u00c4USE e. V. mit Unterst\u00fctzung des Naturparks Niederlausitzer Heidelandschaft zu einer Fachtagung nach Plessa ein.","robots":{"index":"index","follow":"follow","max-snippet":"max-snippet:-1","max-image-preview":"max-image-preview:large","max-video-preview":"max-video-preview:-1"},"canonical":"https:\/\/www.naturparkmagazin.de\/vdn\/von-aepfeln-bis-pomeranzen-fachtagung-im-naturpark-niederlausitzer-heidelandschaft\/","og_locale":"de_DE","og_type":"article","og_title":"\u201eVon \u00c4pfeln bis Pomeranzen\u201c \u2013 Fachtagung im Naturpark Niederlausitzer Heidelandschaft","og_description":"Vom 26. bis 29. September 2014 l\u00e4dt der Verein KERNGEH\u00c4USE e. V. mit Unterst\u00fctzung des Naturparks Niederlausitzer Heidelandschaft zu einer Fachtagung nach Plessa ein.","og_url":"https:\/\/www.naturparkmagazin.de\/vdn\/von-aepfeln-bis-pomeranzen-fachtagung-im-naturpark-niederlausitzer-heidelandschaft\/","og_site_name":"Verband Deutscher Naturparke","article_published_time":"2014-07-21T09:00:06+00:00","article_modified_time":"2014-07-21T13:08:04+00:00","og_image":[{"width":180,"height":135,"url":"https:\/\/www.naturparkmagazin.de\/vdn\/wp-content\/uploads\/sites\/3\/beitragsbild.jpg","type":"image\/jpeg"}],"author":"vdnnational","twitter_misc":{"Verfasst von":"vdnnational","Gesch\u00e4tzte Lesezeit":"1\u00a0Minute"},"schema":{"@context":"https:\/\/schema.org","@graph":[{"@type":"WebPage","@id":"https:\/\/www.naturparkmagazin.de\/vdn\/von-aepfeln-bis-pomeranzen-fachtagung-im-naturpark-niederlausitzer-heidelandschaft\/","url":"https:\/\/www.naturparkmagazin.de\/vdn\/von-aepfeln-bis-pomeranzen-fachtagung-im-naturpark-niederlausitzer-heidelandschaft\/","name":"\u201eVon \u00c4pfeln bis Pomeranzen\u201c \u2013 Fachtagung im Naturpark Niederlausitzer Heidelandschaft","isPartOf":{"@id":"https:\/\/www.naturparkmagazin.de\/vdn\/#website"},"datePublished":"2014-07-21T09:00:06+00:00","dateModified":"2014-07-21T13:08:04+00:00","author":{"@id":"https:\/\/www.naturparkmagazin.de\/vdn\/#\/schema\/person\/e28d931df83318a48d52ae72b08d2bfb"},"description":"Vom 26. bis 29. September 2014 l\u00e4dt der Verein KERNGEH\u00c4USE e. V. mit Unterst\u00fctzung des Naturparks Niederlausitzer Heidelandschaft zu einer Fachtagung nach Plessa ein.","breadcrumb":{"@id":"https:\/\/www.naturparkmagazin.de\/vdn\/von-aepfeln-bis-pomeranzen-fachtagung-im-naturpark-niederlausitzer-heidelandschaft\/#breadcrumb"},"inLanguage":"de","potentialAction":[{"@type":"ReadAction","target":["https:\/\/www.naturparkmagazin.de\/vdn\/von-aepfeln-bis-pomeranzen-fachtagung-im-naturpark-niederlausitzer-heidelandschaft\/"]}]},{"@type":"BreadcrumbList","@id":"https:\/\/www.naturparkmagazin.de\/vdn\/von-aepfeln-bis-pomeranzen-fachtagung-im-naturpark-niederlausitzer-heidelandschaft\/#breadcrumb","itemListElement":[{"@type":"ListItem","position":1,"name":"Home","item":"https:\/\/www.naturparkmagazin.de\/vdn\/"},{"@type":"ListItem","position":2,"name":"\u201eVon \u00c4pfeln bis Pomeranzen\u201c \u2013 Fachtagung im Naturpark Niederlausitzer Heidelandschaft"}]},{"@type":"WebSite","@id":"https:\/\/www.naturparkmagazin.de\/vdn\/#website","url":"https:\/\/www.naturparkmagazin.de\/vdn\/","name":"Verband Deutscher Naturparke","description":"Eine weitere Naturparkmagazin.de Netzwerk Seite","potentialAction":[{"@type":"SearchAction","target":{"@type":"EntryPoint","urlTemplate":"https:\/\/www.naturparkmagazin.de\/vdn\/?s={search_term_string}"},"query-input":"required name=search_term_string"}],"inLanguage":"de"},{"@type":"Person","@id":"https:\/\/www.naturparkmagazin.de\/vdn\/#\/schema\/person\/e28d931df83318a48d52ae72b08d2bfb","name":"vdnnational","url":"https:\/\/www.naturparkmagazin.de\/vdn\/author\/vdnnational\/"}]}},"_links":{"self":[{"href":"https:\/\/www.naturparkmagazin.de\/vdn\/wp-json\/wp\/v2\/posts\/4093"}],"collection":[{"href":"https:\/\/www.naturparkmagazin.de\/vdn\/wp-json\/wp\/v2\/posts"}],"about":[{"href":"https:\/\/www.naturparkmagazin.de\/vdn\/wp-json\/wp\/v2\/types\/post"}],"author":[{"embeddable":true,"href":"https:\/\/www.naturparkmagazin.de\/vdn\/wp-json\/wp\/v2\/users\/14"}],"replies":[{"embeddable":true,"href":"https:\/\/www.naturparkmagazin.de\/vdn\/wp-json\/wp\/v2\/comments?post=4093"}],"version-history":[{"count":5,"href":"https:\/\/www.naturparkmagazin.de\/vdn\/wp-json\/wp\/v2\/posts\/4093\/revisions"}],"predecessor-version":[{"id":4361,"href":"https:\/\/www.naturparkmagazin.de\/vdn\/wp-json\/wp\/v2\/posts\/4093\/revisions\/4361"}],"wp:featuredmedia":[{"embeddable":true,"href":"https:\/\/www.naturparkmagazin.de\/vdn\/wp-json\/wp\/v2\/media\/4095"}],"wp:attachment":[{"href":"https:\/\/www.naturparkmagazin.de\/vdn\/wp-json\/wp\/v2\/media?parent=4093"}],"wp:term":[{"taxonomy":"category","embeddable":true,"href":"https:\/\/www.naturparkmagazin.de\/vdn\/wp-json\/wp\/v2\/categories?post=4093"},{"taxonomy":"post_tag","embeddable":true,"href":"https:\/\/www.naturparkmagazin.de\/vdn\/wp-json\/wp\/v2\/tags?post=4093"}],"curies":[{"name":"wp","href":"https:\/\/api.w.org\/{rel}","templated":true}]}}