{"id":4102,"date":"2014-07-21T12:00:14","date_gmt":"2014-07-21T10:00:14","guid":{"rendered":"http:\/\/www.naturparkmagazin.de\/vdn\/?p=4102"},"modified":"2014-07-23T12:19:22","modified_gmt":"2014-07-23T10:19:22","slug":"mitwirkung-vdn-und-naturparke-beim-deutschen-naturschutztag-2014","status":"publish","type":"post","link":"https:\/\/www.naturparkmagazin.de\/vdn\/mitwirkung-vdn-und-naturparke-beim-deutschen-naturschutztag-2014\/","title":{"rendered":"\u201eMitwirkung\u201c \u2013 VDN und Naturparke beim Deutschen Naturschutztag 2014"},"content":{"rendered":"<div id=\"attachment_4104\" style=\"width: 510px\" class=\"wp-caption aligncenter\"><a href=\"https:\/\/www.naturparkmagazin.de\/vdn\/wp-content\/uploads\/sites\/3\/DNT_beitrag.png\"><img aria-describedby=\"caption-attachment-4104\" decoding=\"async\" loading=\"lazy\" class=\"size-full wp-image-4104\" title=\"Copyright: DNT\" alt=\"Copyright: DNT\" src=\"https:\/\/www.naturparkmagazin.de\/vdn\/wp-content\/uploads\/sites\/3\/DNT_beitrag.png\" width=\"500\" height=\"300\" srcset=\"https:\/\/www.naturparkmagazin.de\/vdn\/wp-content\/uploads\/sites\/3\/DNT_beitrag.png 500w, https:\/\/www.naturparkmagazin.de\/vdn\/wp-content\/uploads\/sites\/3\/DNT_beitrag-300x180.png 300w, https:\/\/www.naturparkmagazin.de\/vdn\/wp-content\/uploads\/sites\/3\/DNT_beitrag-200x120.png 200w\" sizes=\"(max-width: 500px) 100vw, 500px\" \/><\/a><p id=\"caption-attachment-4104\" class=\"wp-caption-text\">Copyright: DNT<\/p><\/div>\n<p style=\"text-align: left\">Vom 8. bis 12 September 2014 findet im Kurf\u00fcrstlichen Schloss in Mainz der 32. Deutsche Naturschutztag statt. Unter dem Motto \u201eVerantwortung f\u00fcr die Zukunft &#8211; Naturschutz im Spannungsfeld gesellschaftlicher Interessen\u201c laden der Bundesverband Beruflicher Naturschutz (BBN) e.V., das Bundesamt f\u00fcr Naturschutz (BfN), der Deutsche Naturschutzring (DNR) e. V. und 2014 das Ministerium f\u00fcr Umwelt, Landwirtschaft, Ern\u00e4hrung, Weinbau und Forsten Rheinland-Pfalz zum 32. Deutschen Naturschutztag (DNT) nach Mainz ein. Vier Tage wird der DNT wieder ein breit gef\u00e4chertes und interessantes Themenspektrum bieten und die M\u00f6glichkeit bieten, am letzten Tag im Rahmen gef\u00fchrter Exkursionen die landschaftliche Vielfalt von Rheinland-Pfalz zu erkunden.<\/p>\n<p>Der Verband Deutscher Naturparke e.V. und die Naturparke in Rheinland-Pfalz werden sich vom 9.-11. September mit einem Infostand auf dem DNT pr\u00e4sentieren. Au\u00dferdem wird der VDN mit dem Referat \u201eNaturparke st\u00e4rken nachhaltige Entwicklung im l\u00e4ndlichen Raum\u201c im Fachforum, Modul 2 am 10.9.14 und der abschlie\u00dfenden Podiumsdiskussion vertreten sein.<\/p>\n<p>Weitere Informationen zur Anmeldung, Tagungsgeb\u00fchren und das ausf\u00fchrliche Programm finden Sie direkt online \u00fcber <a href=\"http:\/\/www.deutscher-naturschutztag.de\" target=\"_blank\">www.deutscher-naturschutztag.de<\/a><\/p>\n<p><b>Anmeldeschluss f\u00fcr die Tagung und die Exkursionen ist der 20. August 2014!<\/b><\/p>\n<p>&nbsp;<\/p>\n<p>&nbsp;<\/p>\n","protected":false},"excerpt":{"rendered":"<p>Vom 8. bis 12 September 2014 findet in Mainz der 32. Deutsche Naturschutztag unter dem Motto \u201eVerantwortung f\u00fcr die Zukunft &#8211; Naturschutz im Spannungsfeld gesellschaftlicher Interessen\u201c statt.<\/p>\n","protected":false},"author":14,"featured_media":4106,"comment_status":"open","ping_status":"open","sticky":false,"template":"","format":"standard","meta":{"_links_to":"","_links_to_target":""},"categories":[7],"tags":[],"yoast_head":"<!-- This site is optimized with the Yoast SEO plugin v19.10 - https:\/\/yoast.com\/wordpress\/plugins\/seo\/ -->\n<title>\u201eMitwirkung\u201c \u2013 VDN und Naturparke beim Deutschen Naturschutztag 2014<\/title>\n<meta name=\"description\" content=\"Vom 8. bis 12 September 2014 findet in Mainz der 32. Deutsche Naturschutztag unter dem Motto \u201eVerantwortung f\u00fcr die Zukunft - Naturschutz im Spannungsfeld gesellschaftlicher Interessen\u201c statt.\" \/>\n<meta name=\"robots\" content=\"index, follow, max-snippet:-1, max-image-preview:large, max-video-preview:-1\" \/>\n<link rel=\"canonical\" href=\"https:\/\/www.naturparkmagazin.de\/vdn\/mitwirkung-vdn-und-naturparke-beim-deutschen-naturschutztag-2014\/\" \/>\n<meta property=\"og:locale\" content=\"de_DE\" \/>\n<meta property=\"og:type\" content=\"article\" \/>\n<meta property=\"og:title\" content=\"\u201eMitwirkung\u201c \u2013 VDN und Naturparke beim Deutschen Naturschutztag 2014\" \/>\n<meta property=\"og:description\" content=\"Vom 8. bis 12 September 2014 findet in Mainz der 32. Deutsche Naturschutztag unter dem Motto \u201eVerantwortung f\u00fcr die Zukunft - Naturschutz im Spannungsfeld gesellschaftlicher Interessen\u201c statt.\" \/>\n<meta property=\"og:url\" content=\"https:\/\/www.naturparkmagazin.de\/vdn\/mitwirkung-vdn-und-naturparke-beim-deutschen-naturschutztag-2014\/\" \/>\n<meta property=\"og:site_name\" content=\"Verband Deutscher Naturparke\" \/>\n<meta property=\"article:published_time\" content=\"2014-07-21T10:00:14+00:00\" \/>\n<meta property=\"article:modified_time\" content=\"2014-07-23T10:19:22+00:00\" \/>\n<meta property=\"og:image\" content=\"https:\/\/www.naturparkmagazin.de\/vdn\/wp-content\/uploads\/sites\/3\/DNT_Head_02.jpg\" \/>\n\t<meta property=\"og:image:width\" content=\"180\" \/>\n\t<meta property=\"og:image:height\" content=\"135\" \/>\n\t<meta property=\"og:image:type\" content=\"image\/jpeg\" \/>\n<meta name=\"author\" content=\"vdnnational\" \/>\n<meta name=\"twitter:label1\" content=\"Verfasst von\" \/>\n\t<meta name=\"twitter:data1\" content=\"vdnnational\" \/>\n\t<meta name=\"twitter:label2\" content=\"Gesch\u00e4tzte Lesezeit\" \/>\n\t<meta name=\"twitter:data2\" content=\"1\u00a0Minute\" \/>\n<script type=\"application\/ld+json\" class=\"yoast-schema-graph\">{\"@context\":\"https:\/\/schema.org\",\"@graph\":[{\"@type\":\"WebPage\",\"@id\":\"https:\/\/www.naturparkmagazin.de\/vdn\/mitwirkung-vdn-und-naturparke-beim-deutschen-naturschutztag-2014\/\",\"url\":\"https:\/\/www.naturparkmagazin.de\/vdn\/mitwirkung-vdn-und-naturparke-beim-deutschen-naturschutztag-2014\/\",\"name\":\"\u201eMitwirkung\u201c \u2013 VDN und Naturparke beim Deutschen Naturschutztag 2014\",\"isPartOf\":{\"@id\":\"https:\/\/www.naturparkmagazin.de\/vdn\/#website\"},\"datePublished\":\"2014-07-21T10:00:14+00:00\",\"dateModified\":\"2014-07-23T10:19:22+00:00\",\"author\":{\"@id\":\"https:\/\/www.naturparkmagazin.de\/vdn\/#\/schema\/person\/e28d931df83318a48d52ae72b08d2bfb\"},\"description\":\"Vom 8. bis 12 September 2014 findet in Mainz der 32. Deutsche Naturschutztag unter dem Motto \u201eVerantwortung f\u00fcr die Zukunft - Naturschutz im Spannungsfeld gesellschaftlicher Interessen\u201c statt.\",\"breadcrumb\":{\"@id\":\"https:\/\/www.naturparkmagazin.de\/vdn\/mitwirkung-vdn-und-naturparke-beim-deutschen-naturschutztag-2014\/#breadcrumb\"},\"inLanguage\":\"de\",\"potentialAction\":[{\"@type\":\"ReadAction\",\"target\":[\"https:\/\/www.naturparkmagazin.de\/vdn\/mitwirkung-vdn-und-naturparke-beim-deutschen-naturschutztag-2014\/\"]}]},{\"@type\":\"BreadcrumbList\",\"@id\":\"https:\/\/www.naturparkmagazin.de\/vdn\/mitwirkung-vdn-und-naturparke-beim-deutschen-naturschutztag-2014\/#breadcrumb\",\"itemListElement\":[{\"@type\":\"ListItem\",\"position\":1,\"name\":\"Home\",\"item\":\"https:\/\/www.naturparkmagazin.de\/vdn\/\"},{\"@type\":\"ListItem\",\"position\":2,\"name\":\"\u201eMitwirkung\u201c \u2013 VDN und Naturparke beim Deutschen Naturschutztag 2014\"}]},{\"@type\":\"WebSite\",\"@id\":\"https:\/\/www.naturparkmagazin.de\/vdn\/#website\",\"url\":\"https:\/\/www.naturparkmagazin.de\/vdn\/\",\"name\":\"Verband Deutscher Naturparke\",\"description\":\"Eine weitere Naturparkmagazin.de Netzwerk Seite\",\"potentialAction\":[{\"@type\":\"SearchAction\",\"target\":{\"@type\":\"EntryPoint\",\"urlTemplate\":\"https:\/\/www.naturparkmagazin.de\/vdn\/?s={search_term_string}\"},\"query-input\":\"required name=search_term_string\"}],\"inLanguage\":\"de\"},{\"@type\":\"Person\",\"@id\":\"https:\/\/www.naturparkmagazin.de\/vdn\/#\/schema\/person\/e28d931df83318a48d52ae72b08d2bfb\",\"name\":\"vdnnational\",\"url\":\"https:\/\/www.naturparkmagazin.de\/vdn\/author\/vdnnational\/\"}]}<\/script>\n<!-- \/ Yoast SEO plugin. -->","yoast_head_json":{"title":"\u201eMitwirkung\u201c \u2013 VDN und Naturparke beim Deutschen Naturschutztag 2014","description":"Vom 8. bis 12 September 2014 findet in Mainz der 32. Deutsche Naturschutztag unter dem Motto \u201eVerantwortung f\u00fcr die Zukunft - Naturschutz im Spannungsfeld gesellschaftlicher Interessen\u201c statt.","robots":{"index":"index","follow":"follow","max-snippet":"max-snippet:-1","max-image-preview":"max-image-preview:large","max-video-preview":"max-video-preview:-1"},"canonical":"https:\/\/www.naturparkmagazin.de\/vdn\/mitwirkung-vdn-und-naturparke-beim-deutschen-naturschutztag-2014\/","og_locale":"de_DE","og_type":"article","og_title":"\u201eMitwirkung\u201c \u2013 VDN und Naturparke beim Deutschen Naturschutztag 2014","og_description":"Vom 8. bis 12 September 2014 findet in Mainz der 32. Deutsche Naturschutztag unter dem Motto \u201eVerantwortung f\u00fcr die Zukunft - Naturschutz im Spannungsfeld gesellschaftlicher Interessen\u201c statt.","og_url":"https:\/\/www.naturparkmagazin.de\/vdn\/mitwirkung-vdn-und-naturparke-beim-deutschen-naturschutztag-2014\/","og_site_name":"Verband Deutscher Naturparke","article_published_time":"2014-07-21T10:00:14+00:00","article_modified_time":"2014-07-23T10:19:22+00:00","og_image":[{"width":180,"height":135,"url":"https:\/\/www.naturparkmagazin.de\/vdn\/wp-content\/uploads\/sites\/3\/DNT_Head_02.jpg","type":"image\/jpeg"}],"author":"vdnnational","twitter_misc":{"Verfasst von":"vdnnational","Gesch\u00e4tzte Lesezeit":"1\u00a0Minute"},"schema":{"@context":"https:\/\/schema.org","@graph":[{"@type":"WebPage","@id":"https:\/\/www.naturparkmagazin.de\/vdn\/mitwirkung-vdn-und-naturparke-beim-deutschen-naturschutztag-2014\/","url":"https:\/\/www.naturparkmagazin.de\/vdn\/mitwirkung-vdn-und-naturparke-beim-deutschen-naturschutztag-2014\/","name":"\u201eMitwirkung\u201c \u2013 VDN und Naturparke beim Deutschen Naturschutztag 2014","isPartOf":{"@id":"https:\/\/www.naturparkmagazin.de\/vdn\/#website"},"datePublished":"2014-07-21T10:00:14+00:00","dateModified":"2014-07-23T10:19:22+00:00","author":{"@id":"https:\/\/www.naturparkmagazin.de\/vdn\/#\/schema\/person\/e28d931df83318a48d52ae72b08d2bfb"},"description":"Vom 8. bis 12 September 2014 findet in Mainz der 32. Deutsche Naturschutztag unter dem Motto \u201eVerantwortung f\u00fcr die Zukunft - Naturschutz im Spannungsfeld gesellschaftlicher Interessen\u201c statt.","breadcrumb":{"@id":"https:\/\/www.naturparkmagazin.de\/vdn\/mitwirkung-vdn-und-naturparke-beim-deutschen-naturschutztag-2014\/#breadcrumb"},"inLanguage":"de","potentialAction":[{"@type":"ReadAction","target":["https:\/\/www.naturparkmagazin.de\/vdn\/mitwirkung-vdn-und-naturparke-beim-deutschen-naturschutztag-2014\/"]}]},{"@type":"BreadcrumbList","@id":"https:\/\/www.naturparkmagazin.de\/vdn\/mitwirkung-vdn-und-naturparke-beim-deutschen-naturschutztag-2014\/#breadcrumb","itemListElement":[{"@type":"ListItem","position":1,"name":"Home","item":"https:\/\/www.naturparkmagazin.de\/vdn\/"},{"@type":"ListItem","position":2,"name":"\u201eMitwirkung\u201c \u2013 VDN und Naturparke beim Deutschen Naturschutztag 2014"}]},{"@type":"WebSite","@id":"https:\/\/www.naturparkmagazin.de\/vdn\/#website","url":"https:\/\/www.naturparkmagazin.de\/vdn\/","name":"Verband Deutscher Naturparke","description":"Eine weitere Naturparkmagazin.de Netzwerk Seite","potentialAction":[{"@type":"SearchAction","target":{"@type":"EntryPoint","urlTemplate":"https:\/\/www.naturparkmagazin.de\/vdn\/?s={search_term_string}"},"query-input":"required name=search_term_string"}],"inLanguage":"de"},{"@type":"Person","@id":"https:\/\/www.naturparkmagazin.de\/vdn\/#\/schema\/person\/e28d931df83318a48d52ae72b08d2bfb","name":"vdnnational","url":"https:\/\/www.naturparkmagazin.de\/vdn\/author\/vdnnational\/"}]}},"_links":{"self":[{"href":"https:\/\/www.naturparkmagazin.de\/vdn\/wp-json\/wp\/v2\/posts\/4102"}],"collection":[{"href":"https:\/\/www.naturparkmagazin.de\/vdn\/wp-json\/wp\/v2\/posts"}],"about":[{"href":"https:\/\/www.naturparkmagazin.de\/vdn\/wp-json\/wp\/v2\/types\/post"}],"author":[{"embeddable":true,"href":"https:\/\/www.naturparkmagazin.de\/vdn\/wp-json\/wp\/v2\/users\/14"}],"replies":[{"embeddable":true,"href":"https:\/\/www.naturparkmagazin.de\/vdn\/wp-json\/wp\/v2\/comments?post=4102"}],"version-history":[{"count":7,"href":"https:\/\/www.naturparkmagazin.de\/vdn\/wp-json\/wp\/v2\/posts\/4102\/revisions"}],"predecessor-version":[{"id":4179,"href":"https:\/\/www.naturparkmagazin.de\/vdn\/wp-json\/wp\/v2\/posts\/4102\/revisions\/4179"}],"wp:featuredmedia":[{"embeddable":true,"href":"https:\/\/www.naturparkmagazin.de\/vdn\/wp-json\/wp\/v2\/media\/4106"}],"wp:attachment":[{"href":"https:\/\/www.naturparkmagazin.de\/vdn\/wp-json\/wp\/v2\/media?parent=4102"}],"wp:term":[{"taxonomy":"category","embeddable":true,"href":"https:\/\/www.naturparkmagazin.de\/vdn\/wp-json\/wp\/v2\/categories?post=4102"},{"taxonomy":"post_tag","embeddable":true,"href":"https:\/\/www.naturparkmagazin.de\/vdn\/wp-json\/wp\/v2\/tags?post=4102"}],"curies":[{"name":"wp","href":"https:\/\/api.w.org\/{rel}","templated":true}]}}