{"id":4119,"date":"2014-07-21T09:06:19","date_gmt":"2014-07-21T07:06:19","guid":{"rendered":"http:\/\/www.naturparkmagazin.de\/vdn\/?p=4119"},"modified":"2014-07-31T12:07:19","modified_gmt":"2014-07-31T10:07:19","slug":"ralf-kochfledermausexperte-im-naturpark-nossentinerschwinzer-heide","status":"publish","type":"post","link":"https:\/\/www.naturparkmagazin.de\/vdn\/ralf-kochfledermausexperte-im-naturpark-nossentinerschwinzer-heide\/","title":{"rendered":"Ralf Koch, Fledermausexperte im Naturpark Nossentiner\/Schwinzer Heide"},"content":{"rendered":"<div id=\"attachment_4120\" style=\"width: 510px\" class=\"wp-caption aligncenter\"><a href=\"https:\/\/www.naturparkmagazin.de\/vdn\/wp-content\/uploads\/sites\/3\/Ralf-Koch_Beitrag-2012.jpg\"><img aria-describedby=\"caption-attachment-4120\" decoding=\"async\" loading=\"lazy\" class=\"size-full wp-image-4120\" title=\"Copyright: Naturpark Nossentiner-Schwinzer Heide\/J\u00f6rg Gast\" alt=\"Copyright: Naturpark Nossentiner-Schwinzer Heide\/J\u00f6rg Gast\" src=\"https:\/\/www.naturparkmagazin.de\/vdn\/wp-content\/uploads\/sites\/3\/Ralf-Koch_Beitrag-2012.jpg\" width=\"500\" height=\"300\" srcset=\"https:\/\/www.naturparkmagazin.de\/vdn\/wp-content\/uploads\/sites\/3\/Ralf-Koch_Beitrag-2012.jpg 500w, https:\/\/www.naturparkmagazin.de\/vdn\/wp-content\/uploads\/sites\/3\/Ralf-Koch_Beitrag-2012-300x180.jpg 300w, https:\/\/www.naturparkmagazin.de\/vdn\/wp-content\/uploads\/sites\/3\/Ralf-Koch_Beitrag-2012-200x120.jpg 200w\" sizes=\"(max-width: 500px) 100vw, 500px\" \/><\/a><p id=\"caption-attachment-4120\" class=\"wp-caption-text\">Copyright: Naturpark Nossentiner-Schwinzer Heide\/J\u00f6rg Gast<\/p><\/div>\n<p>In der Region des Naturparks und auch dar\u00fcber hinaus ist Ralf Koch ein viel gefragter Naturschutzfachmann.\u00a0 Seit \u00fcber 20 Jahren ist er in der Verwaltung dieses Gro\u00dfschutzgebietes t\u00e4tig und heute deren stellvertretender Leiter.<\/p>\n<div id=\"attachment_4121\" style=\"width: 510px\" class=\"wp-caption aligncenter\"><a href=\"https:\/\/www.naturparkmagazin.de\/vdn\/wp-content\/uploads\/sites\/3\/Ralf-Koch1-Nossentiner-Schwinzer-Heide-J\u00f6rg-Gast-2012.jpg\"><img aria-describedby=\"caption-attachment-4121\" decoding=\"async\" loading=\"lazy\" class=\"size-full wp-image-4121\" title=\"Copyright: Naturpark Nossentiner-Schwinzer Heide\/J\u00f6rg Gast\" alt=\"Copyright: Naturpark Nossentiner-Schwinzer Heide\/J\u00f6rg Gast\" src=\"https:\/\/www.naturparkmagazin.de\/vdn\/wp-content\/uploads\/sites\/3\/Ralf-Koch1-Nossentiner-Schwinzer-Heide-J\u00f6rg-Gast-2012.jpg\" width=\"500\" height=\"300\" srcset=\"https:\/\/www.naturparkmagazin.de\/vdn\/wp-content\/uploads\/sites\/3\/Ralf-Koch1-Nossentiner-Schwinzer-Heide-J\u00f6rg-Gast-2012.jpg 500w, https:\/\/www.naturparkmagazin.de\/vdn\/wp-content\/uploads\/sites\/3\/Ralf-Koch1-Nossentiner-Schwinzer-Heide-J\u00f6rg-Gast-2012-300x180.jpg 300w, https:\/\/www.naturparkmagazin.de\/vdn\/wp-content\/uploads\/sites\/3\/Ralf-Koch1-Nossentiner-Schwinzer-Heide-J\u00f6rg-Gast-2012-200x120.jpg 200w\" sizes=\"(max-width: 500px) 100vw, 500px\" \/><\/a><p id=\"caption-attachment-4121\" class=\"wp-caption-text\">Copyright: Naturpark Nossentiner-Schwinzer Heide\/J\u00f6rg Gast<\/p><\/div>\n<p>Neben allgemeinen naturschutzfachlichen Fragestellungen besch\u00e4ftigt er sich nicht nur dienstlich intensiv mit Flederm\u00e4usen und mit dem Schutz und Erhalt alter B\u00e4ume. Diese beiden Schwerpunkte bilden ein gutes Paar, ist doch der Naturpark gekennzeichnet durch weite W\u00e4lder und stille Seen, den Lebensr\u00e4umen der insgesamt im Naturpark 10 vorkommenden Fledermausarten.<\/p>\n<div id=\"attachment_4122\" style=\"width: 510px\" class=\"wp-caption aligncenter\"><a href=\"https:\/\/www.naturparkmagazin.de\/vdn\/wp-content\/uploads\/sites\/3\/Ralf-Koch-bei-der-Fledermauskontrolle2-Nossentiner-Schwinzer-Heide-J\u00f6rg-Gast-2011.jpg\"><img aria-describedby=\"caption-attachment-4122\" decoding=\"async\" loading=\"lazy\" class=\"size-full wp-image-4122\" title=\"Ralf Koch bei der Fledermauskontrolle - Copyright: Naturpark Nossentiner-Schwinzer Heide\/J\u00f6rg Gast\" alt=\"Ralf Koch bei der Fledermauskontrolle - Copyright: Naturpark Nossentiner-Schwinzer Heide\/J\u00f6rg Gast\" src=\"https:\/\/www.naturparkmagazin.de\/vdn\/wp-content\/uploads\/sites\/3\/Ralf-Koch-bei-der-Fledermauskontrolle2-Nossentiner-Schwinzer-Heide-J\u00f6rg-Gast-2011.jpg\" width=\"500\" height=\"300\" srcset=\"https:\/\/www.naturparkmagazin.de\/vdn\/wp-content\/uploads\/sites\/3\/Ralf-Koch-bei-der-Fledermauskontrolle2-Nossentiner-Schwinzer-Heide-J\u00f6rg-Gast-2011.jpg 500w, https:\/\/www.naturparkmagazin.de\/vdn\/wp-content\/uploads\/sites\/3\/Ralf-Koch-bei-der-Fledermauskontrolle2-Nossentiner-Schwinzer-Heide-J\u00f6rg-Gast-2011-300x180.jpg 300w, https:\/\/www.naturparkmagazin.de\/vdn\/wp-content\/uploads\/sites\/3\/Ralf-Koch-bei-der-Fledermauskontrolle2-Nossentiner-Schwinzer-Heide-J\u00f6rg-Gast-2011-200x120.jpg 200w\" sizes=\"(max-width: 500px) 100vw, 500px\" \/><\/a><p id=\"caption-attachment-4122\" class=\"wp-caption-text\">Ralf Koch bei der Fledermauskontrolle &#8211; Copyright: Naturpark Nossentiner-Schwinzer Heide\/J\u00f6rg Gast<\/p><\/div>\n<p>Um diesen Arten weiterhin optimale Lebensbedingungen zu bieten setzt sich Ralf Koch daf\u00fcr ein, geeignete Sommer- und Winterquartiere zu erhalten und zu schaffen. Der F\u00f6rderverein Naturpark Nossentiner\/Schwinzer Heide e.V., dessen Gesch\u00e4ftsf\u00fchrer er seit seiner Gr\u00fcndung 1991 ist, hat in den vergangenen Jahren eine ganze Reihe von Projekten umgesetzt, die direkt oder indirekt etwas mit dem Schutz und der Erforschung dieser Artengruppe zu tun hat.<\/p>\n<div id=\"attachment_4123\" style=\"width: 510px\" class=\"wp-caption aligncenter\"><a href=\"https:\/\/www.naturparkmagazin.de\/vdn\/wp-content\/uploads\/sites\/3\/Ralf-Koch-bei-der-Fledermauskontrolle1-Nossentiner-Schwinzer-Heide-J\u00f6rg-Gast-2011_beitrag.jpg\"><img aria-describedby=\"caption-attachment-4123\" decoding=\"async\" loading=\"lazy\" class=\"size-full wp-image-4123 \" title=\"Ralf Koch bei der Fledermauskontrolle - Copyright: Naturpark Nossentiner-Schwinzer Heide\/J\u00f6rg Gast\" alt=\"Ralf Koch bei der Fledermauskontrolle - Copyright: Naturpark Nossentiner-Schwinzer Heide\/J\u00f6rg Gast\" src=\"https:\/\/www.naturparkmagazin.de\/vdn\/wp-content\/uploads\/sites\/3\/Ralf-Koch-bei-der-Fledermauskontrolle1-Nossentiner-Schwinzer-Heide-J\u00f6rg-Gast-2011_beitrag.jpg\" width=\"500\" height=\"300\" srcset=\"https:\/\/www.naturparkmagazin.de\/vdn\/wp-content\/uploads\/sites\/3\/Ralf-Koch-bei-der-Fledermauskontrolle1-Nossentiner-Schwinzer-Heide-J\u00f6rg-Gast-2011_beitrag.jpg 500w, https:\/\/www.naturparkmagazin.de\/vdn\/wp-content\/uploads\/sites\/3\/Ralf-Koch-bei-der-Fledermauskontrolle1-Nossentiner-Schwinzer-Heide-J\u00f6rg-Gast-2011_beitrag-300x180.jpg 300w, https:\/\/www.naturparkmagazin.de\/vdn\/wp-content\/uploads\/sites\/3\/Ralf-Koch-bei-der-Fledermauskontrolle1-Nossentiner-Schwinzer-Heide-J\u00f6rg-Gast-2011_beitrag-200x120.jpg 200w\" sizes=\"(max-width: 500px) 100vw, 500px\" \/><\/a><p id=\"caption-attachment-4123\" class=\"wp-caption-text\">Ralf Koch bei der Fledermauskontrolle &#8211; Copyright: Naturpark Nossentiner-Schwinzer Heide\/J\u00f6rg Gast<\/p><\/div>\n<p>So wurden Projekte einer Forschergruppe aus Th\u00fcringen allj\u00e4hrlich unterst\u00fctzt, eine ganze Reihe von Bunkern zu Fledermausquartieren umgebaut oder optimiert, ein ehemaliges Munitionslager einschlie\u00dflich umgebenden Wald erworben und in Wooster Teerofen eine neue Naturschutzstation errichtet, von der aus der Fledermausschutz ausstrahlt. Daneben wurden beispielsweise allein im Jahr 2014 drei Kolloquien und Fachtagungen durch Ralf Koch organisiert und geleitet. Diese Aufz\u00e4hlung mit Projekten, die durch ihn ma\u00dfgeblich beeinflusst und bef\u00f6rdert wurden, k\u00f6nnte noch weiter fortgef\u00fchrt werden. Auch im Fachausschuss Fledermausschutz beim NABU Mecklenburg-Vorpommern ist er auf Landesebene aktiv t\u00e4tig. Die Fotografie ist ebenfalls eines seiner Hobbys<\/p>\n<div id=\"attachment_4124\" style=\"width: 510px\" class=\"wp-caption aligncenter\"><a href=\"https:\/\/www.naturparkmagazin.de\/vdn\/wp-content\/uploads\/sites\/3\/Ralf-Koch2-Nossentiner-Schwinzer-Heide-J\u00f6rg-Gast-2012.jpg\"><img aria-describedby=\"caption-attachment-4124\" decoding=\"async\" loading=\"lazy\" class=\"size-full wp-image-4124  \" title=\"Hier hat Ralf Koch den Sonnentau im Focus - Copyright: Naturpark Nossentiner-Schwinzer Heide\/J\u00f6rg Gast\" alt=\"Hier hat Ralf Koch den Sonnentau im Focus - Copyright: Naturpark Nossentiner-Schwinzer Heide\/J\u00f6rg Gast\" src=\"https:\/\/www.naturparkmagazin.de\/vdn\/wp-content\/uploads\/sites\/3\/Ralf-Koch2-Nossentiner-Schwinzer-Heide-J\u00f6rg-Gast-2012.jpg\" width=\"500\" height=\"300\" srcset=\"https:\/\/www.naturparkmagazin.de\/vdn\/wp-content\/uploads\/sites\/3\/Ralf-Koch2-Nossentiner-Schwinzer-Heide-J\u00f6rg-Gast-2012.jpg 500w, https:\/\/www.naturparkmagazin.de\/vdn\/wp-content\/uploads\/sites\/3\/Ralf-Koch2-Nossentiner-Schwinzer-Heide-J\u00f6rg-Gast-2012-300x180.jpg 300w, https:\/\/www.naturparkmagazin.de\/vdn\/wp-content\/uploads\/sites\/3\/Ralf-Koch2-Nossentiner-Schwinzer-Heide-J\u00f6rg-Gast-2012-200x120.jpg 200w\" sizes=\"(max-width: 500px) 100vw, 500px\" \/><\/a><p id=\"caption-attachment-4124\" class=\"wp-caption-text\">Hier hat Ralf Koch den Sonnentau im Focus &#8211; Copyright: Naturpark Nossentiner-Schwinzer Heide\/J\u00f6rg Gast<\/p><\/div>\n<p>Seit Kurzem besch\u00e4ftigt ihn eine neue Tierart: der Wolf. Hier ist Ralf Koch als Rissgutachter weit \u00fcber die Grenzen des Naturparks hinaus t\u00e4tig.<\/p>\n<p>&nbsp;<\/p>\n<p>&nbsp;<\/p>\n","protected":false},"excerpt":{"rendered":"<p>ist in der Region des Naturparks und auch dar\u00fcber hinaus ein viel gefragter Naturschutzfachmann. Neben allgemeinen naturschutzfachlichen Fragestellungen besch\u00e4ftigt er sich nicht nur dienstlich intensiv mit Flederm\u00e4usen.<\/p>\n","protected":false},"author":14,"featured_media":4126,"comment_status":"open","ping_status":"open","sticky":false,"template":"","format":"standard","meta":{"_links_to":"","_links_to_target":""},"categories":[8],"tags":[],"yoast_head":"<!-- This site is optimized with the Yoast SEO plugin v19.10 - https:\/\/yoast.com\/wordpress\/plugins\/seo\/ -->\n<title>Ralf Koch, Fledermausexperte im Naturpark Nossentiner\/Schwinzer Heide<\/title>\n<meta name=\"description\" content=\"ist in der Region des Naturparks und auch dar\u00fcber hinaus ein viel gefragter Naturschutzfachmann. Neben allgemeinen naturschutzfachlichen Fragestellungen besch\u00e4ftigt er sich nicht nur dienstlich intensiv mit Flederm\u00e4usen.\" \/>\n<meta name=\"robots\" content=\"index, follow, max-snippet:-1, max-image-preview:large, max-video-preview:-1\" \/>\n<link rel=\"canonical\" href=\"https:\/\/www.naturparkmagazin.de\/vdn\/ralf-kochfledermausexperte-im-naturpark-nossentinerschwinzer-heide\/\" \/>\n<meta property=\"og:locale\" content=\"de_DE\" \/>\n<meta property=\"og:type\" content=\"article\" \/>\n<meta property=\"og:title\" content=\"Ralf Koch, Fledermausexperte im Naturpark Nossentiner\/Schwinzer Heide\" \/>\n<meta property=\"og:description\" content=\"ist in der Region des Naturparks und auch dar\u00fcber hinaus ein viel gefragter Naturschutzfachmann. Neben allgemeinen naturschutzfachlichen Fragestellungen besch\u00e4ftigt er sich nicht nur dienstlich intensiv mit Flederm\u00e4usen.\" \/>\n<meta property=\"og:url\" content=\"https:\/\/www.naturparkmagazin.de\/vdn\/ralf-kochfledermausexperte-im-naturpark-nossentinerschwinzer-heide\/\" \/>\n<meta property=\"og:site_name\" content=\"Verband Deutscher Naturparke\" \/>\n<meta property=\"article:published_time\" content=\"2014-07-21T07:06:19+00:00\" \/>\n<meta property=\"article:modified_time\" content=\"2014-07-31T10:07:19+00:00\" \/>\n<meta property=\"og:image\" content=\"https:\/\/www.naturparkmagazin.de\/vdn\/wp-content\/uploads\/sites\/3\/Ralf-Koch_Beitragsbild-2012.jpg\" \/>\n\t<meta property=\"og:image:width\" content=\"180\" \/>\n\t<meta property=\"og:image:height\" content=\"135\" \/>\n\t<meta property=\"og:image:type\" content=\"image\/jpeg\" \/>\n<meta name=\"author\" content=\"vdnnational\" \/>\n<meta name=\"twitter:label1\" content=\"Verfasst von\" \/>\n\t<meta name=\"twitter:data1\" content=\"vdnnational\" \/>\n\t<meta name=\"twitter:label2\" content=\"Gesch\u00e4tzte Lesezeit\" \/>\n\t<meta name=\"twitter:data2\" content=\"2\u00a0Minuten\" \/>\n<script type=\"application\/ld+json\" class=\"yoast-schema-graph\">{\"@context\":\"https:\/\/schema.org\",\"@graph\":[{\"@type\":\"WebPage\",\"@id\":\"https:\/\/www.naturparkmagazin.de\/vdn\/ralf-kochfledermausexperte-im-naturpark-nossentinerschwinzer-heide\/\",\"url\":\"https:\/\/www.naturparkmagazin.de\/vdn\/ralf-kochfledermausexperte-im-naturpark-nossentinerschwinzer-heide\/\",\"name\":\"Ralf Koch, Fledermausexperte im Naturpark Nossentiner\/Schwinzer Heide\",\"isPartOf\":{\"@id\":\"https:\/\/www.naturparkmagazin.de\/vdn\/#website\"},\"datePublished\":\"2014-07-21T07:06:19+00:00\",\"dateModified\":\"2014-07-31T10:07:19+00:00\",\"author\":{\"@id\":\"https:\/\/www.naturparkmagazin.de\/vdn\/#\/schema\/person\/e28d931df83318a48d52ae72b08d2bfb\"},\"description\":\"ist in der Region des Naturparks und auch dar\u00fcber hinaus ein viel gefragter Naturschutzfachmann. Neben allgemeinen naturschutzfachlichen Fragestellungen besch\u00e4ftigt er sich nicht nur dienstlich intensiv mit Flederm\u00e4usen.\",\"breadcrumb\":{\"@id\":\"https:\/\/www.naturparkmagazin.de\/vdn\/ralf-kochfledermausexperte-im-naturpark-nossentinerschwinzer-heide\/#breadcrumb\"},\"inLanguage\":\"de\",\"potentialAction\":[{\"@type\":\"ReadAction\",\"target\":[\"https:\/\/www.naturparkmagazin.de\/vdn\/ralf-kochfledermausexperte-im-naturpark-nossentinerschwinzer-heide\/\"]}]},{\"@type\":\"BreadcrumbList\",\"@id\":\"https:\/\/www.naturparkmagazin.de\/vdn\/ralf-kochfledermausexperte-im-naturpark-nossentinerschwinzer-heide\/#breadcrumb\",\"itemListElement\":[{\"@type\":\"ListItem\",\"position\":1,\"name\":\"Home\",\"item\":\"https:\/\/www.naturparkmagazin.de\/vdn\/\"},{\"@type\":\"ListItem\",\"position\":2,\"name\":\"Ralf Koch, Fledermausexperte im Naturpark Nossentiner\/Schwinzer Heide\"}]},{\"@type\":\"WebSite\",\"@id\":\"https:\/\/www.naturparkmagazin.de\/vdn\/#website\",\"url\":\"https:\/\/www.naturparkmagazin.de\/vdn\/\",\"name\":\"Verband Deutscher Naturparke\",\"description\":\"Eine weitere Naturparkmagazin.de Netzwerk Seite\",\"potentialAction\":[{\"@type\":\"SearchAction\",\"target\":{\"@type\":\"EntryPoint\",\"urlTemplate\":\"https:\/\/www.naturparkmagazin.de\/vdn\/?s={search_term_string}\"},\"query-input\":\"required name=search_term_string\"}],\"inLanguage\":\"de\"},{\"@type\":\"Person\",\"@id\":\"https:\/\/www.naturparkmagazin.de\/vdn\/#\/schema\/person\/e28d931df83318a48d52ae72b08d2bfb\",\"name\":\"vdnnational\",\"url\":\"https:\/\/www.naturparkmagazin.de\/vdn\/author\/vdnnational\/\"}]}<\/script>\n<!-- \/ Yoast SEO plugin. -->","yoast_head_json":{"title":"Ralf Koch, Fledermausexperte im Naturpark Nossentiner\/Schwinzer Heide","description":"ist in der Region des Naturparks und auch dar\u00fcber hinaus ein viel gefragter Naturschutzfachmann. Neben allgemeinen naturschutzfachlichen Fragestellungen besch\u00e4ftigt er sich nicht nur dienstlich intensiv mit Flederm\u00e4usen.","robots":{"index":"index","follow":"follow","max-snippet":"max-snippet:-1","max-image-preview":"max-image-preview:large","max-video-preview":"max-video-preview:-1"},"canonical":"https:\/\/www.naturparkmagazin.de\/vdn\/ralf-kochfledermausexperte-im-naturpark-nossentinerschwinzer-heide\/","og_locale":"de_DE","og_type":"article","og_title":"Ralf Koch, Fledermausexperte im Naturpark Nossentiner\/Schwinzer Heide","og_description":"ist in der Region des Naturparks und auch dar\u00fcber hinaus ein viel gefragter Naturschutzfachmann. Neben allgemeinen naturschutzfachlichen Fragestellungen besch\u00e4ftigt er sich nicht nur dienstlich intensiv mit Flederm\u00e4usen.","og_url":"https:\/\/www.naturparkmagazin.de\/vdn\/ralf-kochfledermausexperte-im-naturpark-nossentinerschwinzer-heide\/","og_site_name":"Verband Deutscher Naturparke","article_published_time":"2014-07-21T07:06:19+00:00","article_modified_time":"2014-07-31T10:07:19+00:00","og_image":[{"width":180,"height":135,"url":"https:\/\/www.naturparkmagazin.de\/vdn\/wp-content\/uploads\/sites\/3\/Ralf-Koch_Beitragsbild-2012.jpg","type":"image\/jpeg"}],"author":"vdnnational","twitter_misc":{"Verfasst von":"vdnnational","Gesch\u00e4tzte Lesezeit":"2\u00a0Minuten"},"schema":{"@context":"https:\/\/schema.org","@graph":[{"@type":"WebPage","@id":"https:\/\/www.naturparkmagazin.de\/vdn\/ralf-kochfledermausexperte-im-naturpark-nossentinerschwinzer-heide\/","url":"https:\/\/www.naturparkmagazin.de\/vdn\/ralf-kochfledermausexperte-im-naturpark-nossentinerschwinzer-heide\/","name":"Ralf Koch, Fledermausexperte im Naturpark Nossentiner\/Schwinzer Heide","isPartOf":{"@id":"https:\/\/www.naturparkmagazin.de\/vdn\/#website"},"datePublished":"2014-07-21T07:06:19+00:00","dateModified":"2014-07-31T10:07:19+00:00","author":{"@id":"https:\/\/www.naturparkmagazin.de\/vdn\/#\/schema\/person\/e28d931df83318a48d52ae72b08d2bfb"},"description":"ist in der Region des Naturparks und auch dar\u00fcber hinaus ein viel gefragter Naturschutzfachmann. Neben allgemeinen naturschutzfachlichen Fragestellungen besch\u00e4ftigt er sich nicht nur dienstlich intensiv mit Flederm\u00e4usen.","breadcrumb":{"@id":"https:\/\/www.naturparkmagazin.de\/vdn\/ralf-kochfledermausexperte-im-naturpark-nossentinerschwinzer-heide\/#breadcrumb"},"inLanguage":"de","potentialAction":[{"@type":"ReadAction","target":["https:\/\/www.naturparkmagazin.de\/vdn\/ralf-kochfledermausexperte-im-naturpark-nossentinerschwinzer-heide\/"]}]},{"@type":"BreadcrumbList","@id":"https:\/\/www.naturparkmagazin.de\/vdn\/ralf-kochfledermausexperte-im-naturpark-nossentinerschwinzer-heide\/#breadcrumb","itemListElement":[{"@type":"ListItem","position":1,"name":"Home","item":"https:\/\/www.naturparkmagazin.de\/vdn\/"},{"@type":"ListItem","position":2,"name":"Ralf Koch, Fledermausexperte im Naturpark Nossentiner\/Schwinzer Heide"}]},{"@type":"WebSite","@id":"https:\/\/www.naturparkmagazin.de\/vdn\/#website","url":"https:\/\/www.naturparkmagazin.de\/vdn\/","name":"Verband Deutscher Naturparke","description":"Eine weitere Naturparkmagazin.de Netzwerk Seite","potentialAction":[{"@type":"SearchAction","target":{"@type":"EntryPoint","urlTemplate":"https:\/\/www.naturparkmagazin.de\/vdn\/?s={search_term_string}"},"query-input":"required name=search_term_string"}],"inLanguage":"de"},{"@type":"Person","@id":"https:\/\/www.naturparkmagazin.de\/vdn\/#\/schema\/person\/e28d931df83318a48d52ae72b08d2bfb","name":"vdnnational","url":"https:\/\/www.naturparkmagazin.de\/vdn\/author\/vdnnational\/"}]}},"_links":{"self":[{"href":"https:\/\/www.naturparkmagazin.de\/vdn\/wp-json\/wp\/v2\/posts\/4119"}],"collection":[{"href":"https:\/\/www.naturparkmagazin.de\/vdn\/wp-json\/wp\/v2\/posts"}],"about":[{"href":"https:\/\/www.naturparkmagazin.de\/vdn\/wp-json\/wp\/v2\/types\/post"}],"author":[{"embeddable":true,"href":"https:\/\/www.naturparkmagazin.de\/vdn\/wp-json\/wp\/v2\/users\/14"}],"replies":[{"embeddable":true,"href":"https:\/\/www.naturparkmagazin.de\/vdn\/wp-json\/wp\/v2\/comments?post=4119"}],"version-history":[{"count":6,"href":"https:\/\/www.naturparkmagazin.de\/vdn\/wp-json\/wp\/v2\/posts\/4119\/revisions"}],"predecessor-version":[{"id":4196,"href":"https:\/\/www.naturparkmagazin.de\/vdn\/wp-json\/wp\/v2\/posts\/4119\/revisions\/4196"}],"wp:featuredmedia":[{"embeddable":true,"href":"https:\/\/www.naturparkmagazin.de\/vdn\/wp-json\/wp\/v2\/media\/4126"}],"wp:attachment":[{"href":"https:\/\/www.naturparkmagazin.de\/vdn\/wp-json\/wp\/v2\/media?parent=4119"}],"wp:term":[{"taxonomy":"category","embeddable":true,"href":"https:\/\/www.naturparkmagazin.de\/vdn\/wp-json\/wp\/v2\/categories?post=4119"},{"taxonomy":"post_tag","embeddable":true,"href":"https:\/\/www.naturparkmagazin.de\/vdn\/wp-json\/wp\/v2\/tags?post=4119"}],"curies":[{"name":"wp","href":"https:\/\/api.w.org\/{rel}","templated":true}]}}