{"id":4141,"date":"2014-07-21T10:40:29","date_gmt":"2014-07-21T08:40:29","guid":{"rendered":"http:\/\/www.naturparkmagazin.de\/vdn\/?p=4141"},"modified":"2014-07-23T12:24:44","modified_gmt":"2014-07-23T10:24:44","slug":"edelmaraenenfilet-mit-pfifferlingen","status":"publish","type":"post","link":"https:\/\/www.naturparkmagazin.de\/vdn\/edelmaraenenfilet-mit-pfifferlingen\/","title":{"rendered":"Edelmar\u00e4nenfilet mit Pfifferlingen"},"content":{"rendered":"<div id=\"attachment_4143\" style=\"width: 630px\" class=\"wp-caption aligncenter\"><a href=\"https:\/\/www.naturparkmagazin.de\/vdn\/wp-content\/uploads\/sites\/3\/Sik_Iduns_kokbok.jpg\"><img aria-describedby=\"caption-attachment-4143\" decoding=\"async\" loading=\"lazy\" class=\"size-large wp-image-4143\" title=\"Edelmar\u00e4ne - Sik, Iduns kokbok\" alt=\"Edelmar\u00e4ne - Sik, Iduns kokbok\" src=\"https:\/\/www.naturparkmagazin.de\/vdn\/wp-content\/uploads\/sites\/3\/Sik_Iduns_kokbok-940x373.jpg\" width=\"620\" height=\"246\" srcset=\"https:\/\/www.naturparkmagazin.de\/vdn\/wp-content\/uploads\/sites\/3\/Sik_Iduns_kokbok-940x373.jpg 940w, https:\/\/www.naturparkmagazin.de\/vdn\/wp-content\/uploads\/sites\/3\/Sik_Iduns_kokbok-300x119.jpg 300w, https:\/\/www.naturparkmagazin.de\/vdn\/wp-content\/uploads\/sites\/3\/Sik_Iduns_kokbok-620x246.jpg 620w, https:\/\/www.naturparkmagazin.de\/vdn\/wp-content\/uploads\/sites\/3\/Sik_Iduns_kokbok-670x266.jpg 670w, https:\/\/www.naturparkmagazin.de\/vdn\/wp-content\/uploads\/sites\/3\/Sik_Iduns_kokbok-200x79.jpg 200w, https:\/\/www.naturparkmagazin.de\/vdn\/wp-content\/uploads\/sites\/3\/Sik_Iduns_kokbok.jpg 1035w\" sizes=\"(max-width: 620px) 100vw, 620px\" \/><\/a><p id=\"caption-attachment-4143\" class=\"wp-caption-text\">Edelmar\u00e4ne &#8211; Sik, Iduns kokbok<\/p><\/div>\n<p>Die Edelmar\u00e4ne ist eine Gro\u00dfmar\u00e4nenart (<i>Coregonus lavaretus<\/i>) die in gro\u00dfen tiefen Seen Norddeutschlands bzw. den n\u00f6rdlich gelegenen L\u00e4ndern vorkommt. Sie hat ein mageres, wohlschmeckendes Fleisch.<\/p>\n<div id=\"attachment_4142\" style=\"width: 510px\" class=\"wp-caption aligncenter\"><a href=\"https:\/\/www.naturparkmagazin.de\/vdn\/wp-content\/uploads\/sites\/3\/NSG-Drewitzer-See-Nossentiner-Schwinzer-Heide-J\u00f6rg-Gast.jpg\"><img aria-describedby=\"caption-attachment-4142\" decoding=\"async\" loading=\"lazy\" class=\"size-full wp-image-4142\" title=\"Drewitzer See, Flachwasserbereich mit Kalkmudde - Copyright: Naturpark Nossentiner\/Schwinzer Heide\/J\u00f6rg Gast\" alt=\"Drewitzer See, Flachwasserbereich mit Kalkmudde - Copyright: Naturpark Nossentiner\/Schwinzer Heide\/J\u00f6rg Gast\" src=\"https:\/\/www.naturparkmagazin.de\/vdn\/wp-content\/uploads\/sites\/3\/NSG-Drewitzer-See-Nossentiner-Schwinzer-Heide-J\u00f6rg-Gast.jpg\" width=\"500\" height=\"300\" srcset=\"https:\/\/www.naturparkmagazin.de\/vdn\/wp-content\/uploads\/sites\/3\/NSG-Drewitzer-See-Nossentiner-Schwinzer-Heide-J\u00f6rg-Gast.jpg 500w, https:\/\/www.naturparkmagazin.de\/vdn\/wp-content\/uploads\/sites\/3\/NSG-Drewitzer-See-Nossentiner-Schwinzer-Heide-J\u00f6rg-Gast-300x180.jpg 300w, https:\/\/www.naturparkmagazin.de\/vdn\/wp-content\/uploads\/sites\/3\/NSG-Drewitzer-See-Nossentiner-Schwinzer-Heide-J\u00f6rg-Gast-200x120.jpg 200w\" sizes=\"(max-width: 500px) 100vw, 500px\" \/><\/a><p id=\"caption-attachment-4142\" class=\"wp-caption-text\">Drewitzer See, Flachwasserbereich mit Kalkmudde &#8211; Copyright: Naturpark Nossentiner\/Schwinzer Heide\/J\u00f6rg Gast<\/p><\/div>\n<p>Die Fische, die wir in unserer Gastronomie (Restaurant &#8222;Forelle&#8220; in der Fischerei Alt-Schwerin) verwenden, werden von uns im Drewitzer bzw. Alt-Schweriner See gefangen.<\/p>\n<p>&nbsp;<\/p>\n<div id=\"attachment_4161\" style=\"width: 510px\" class=\"wp-caption aligncenter\"><a href=\"https:\/\/www.naturparkmagazin.de\/vdn\/wp-content\/uploads\/sites\/3\/Edelmar\u00e4ne-mit-Pfifferlingen_Beitrag.jpg\"><img aria-describedby=\"caption-attachment-4161\" decoding=\"async\" loading=\"lazy\" class=\"size-full wp-image-4161\" title=\"Edelmar\u00e4ne mit Pfifferlingen - Copyright: Hans-Werner Thomas\" alt=\"Edelmar\u00e4ne mit Pfifferlingen - Copyright: Hans-Werner Thomas\" src=\"https:\/\/www.naturparkmagazin.de\/vdn\/wp-content\/uploads\/sites\/3\/Edelmar\u00e4ne-mit-Pfifferlingen_Beitrag.jpg\" width=\"500\" height=\"300\" srcset=\"https:\/\/www.naturparkmagazin.de\/vdn\/wp-content\/uploads\/sites\/3\/Edelmar\u00e4ne-mit-Pfifferlingen_Beitrag.jpg 500w, https:\/\/www.naturparkmagazin.de\/vdn\/wp-content\/uploads\/sites\/3\/Edelmar\u00e4ne-mit-Pfifferlingen_Beitrag-300x180.jpg 300w, https:\/\/www.naturparkmagazin.de\/vdn\/wp-content\/uploads\/sites\/3\/Edelmar\u00e4ne-mit-Pfifferlingen_Beitrag-200x120.jpg 200w\" sizes=\"(max-width: 500px) 100vw, 500px\" \/><\/a><p id=\"caption-attachment-4161\" class=\"wp-caption-text\">Edelmar\u00e4ne mit Pfifferlingen &#8211; Copyright: Hans-Werner Thomas<\/p><\/div>\n<p><span style=\"color: #0000ff\"><strong><em>Rezept<\/em><\/strong><\/span><\/p>\n<p><span style=\"color: #0000ff\"><em>Der fangfrische Fisch wird als erstes filetiert und von der Haut gezogen. Rechnen Sie pro Person 250-300 g Fischfilet.<\/em><\/span><\/p>\n<p><span style=\"color: #0000ff\"><em>In unserem Fall wird das Filet gebraten. Dazu k\u00f6nnen Sie Pflanzen\u00f6l aber auch Butter mit etwas \u00d6lzusatz verwenden.<\/em><\/span><\/p>\n<p><span style=\"color: #0000ff\"><em>Das zarte Filet wird schwach gesalzen und mit etwas gutem Pfeffer bestreut. Das ist alles und jetzt kommt es in die Pfanne.<\/em><\/span><\/p>\n<p><span style=\"color: #0000ff\"><em>Bei mittlerer Temperatur von jeder Seite 3-4 Minuten garen lassen und fertig ist der Hauptbestandteil des Gerichtes.<\/em><\/span><\/p>\n<p><span style=\"color: #0000ff\"><em>Ich esse es am liebsten mit Stampfkartoffeln (nat\u00fcrlich klassisch aus Kartoffeln selbst hergestellt) und Pfifferlingen aus der Nossentiner\/Schwinzer Heide. Diese kann jeder nach belieben zubereiten.<\/em><\/span><\/p>\n<p><span style=\"color: #0000ff\"><em>\u00a0<\/em><\/span><\/p>\n<p><span style=\"color: #000000\">Guten Appetit!<\/span><\/p>\n<p>Ihr Hans-Werner Thomas\nRestaurant &#8222;Forelle&#8220;<\/p>\n<p>&nbsp;<\/p>\n","protected":false},"excerpt":{"rendered":"<p>Unser Rezept des Monats August stammt aus dem Restaurant &#8222;Forelle&#8220; in der Fischerei &#8222;Alt-Schwerin&#8220; im Naturpark Nossentiner\/Schwinzer Heide. Die Edelmar\u00e4ne mit ihrem mageren, wohlschmeckendem Fleisch wird dort im Drewitzer bzw. Alt-Schweriner See gefangen.<\/p>\n","protected":false},"author":14,"featured_media":4164,"comment_status":"open","ping_status":"open","sticky":false,"template":"","format":"standard","meta":{"_links_to":"","_links_to_target":""},"categories":[14],"tags":[],"yoast_head":"<!-- This site is optimized with the Yoast SEO plugin v19.10 - https:\/\/yoast.com\/wordpress\/plugins\/seo\/ -->\n<title>Edelmar\u00e4nenfilet mit Pfifferlingen<\/title>\n<meta name=\"description\" content=\"Unser Rezept des Monats August stammt aus dem Restaurant &quot;Forelle&quot; in der Fischerei &quot;Alt-Schwerin&quot; im Naturpark Nossentiner\/Schwinzer Heide. Die Edelmar\u00e4ne mit ihrem mageren, wohlschmeckendem Fleisch wird dort im Drewitzer bzw. Alt-Schweriner See gefangen.\" \/>\n<meta name=\"robots\" content=\"index, follow, max-snippet:-1, max-image-preview:large, max-video-preview:-1\" \/>\n<link rel=\"canonical\" href=\"https:\/\/www.naturparkmagazin.de\/vdn\/edelmaraenenfilet-mit-pfifferlingen\/\" \/>\n<meta property=\"og:locale\" content=\"de_DE\" \/>\n<meta property=\"og:type\" content=\"article\" \/>\n<meta property=\"og:title\" content=\"Edelmar\u00e4nenfilet mit Pfifferlingen\" \/>\n<meta property=\"og:description\" content=\"Unser Rezept des Monats August stammt aus dem Restaurant &quot;Forelle&quot; in der Fischerei &quot;Alt-Schwerin&quot; im Naturpark Nossentiner\/Schwinzer Heide. Die Edelmar\u00e4ne mit ihrem mageren, wohlschmeckendem Fleisch wird dort im Drewitzer bzw. Alt-Schweriner See gefangen.\" \/>\n<meta property=\"og:url\" content=\"https:\/\/www.naturparkmagazin.de\/vdn\/edelmaraenenfilet-mit-pfifferlingen\/\" \/>\n<meta property=\"og:site_name\" content=\"Verband Deutscher Naturparke\" \/>\n<meta property=\"article:published_time\" content=\"2014-07-21T08:40:29+00:00\" \/>\n<meta property=\"article:modified_time\" content=\"2014-07-23T10:24:44+00:00\" \/>\n<meta property=\"og:image\" content=\"https:\/\/www.naturparkmagazin.de\/vdn\/wp-content\/uploads\/sites\/3\/Edelmar\u00e4ne-mit-Pfifferlingen_Beitragsbild.jpg\" \/>\n\t<meta property=\"og:image:width\" content=\"180\" \/>\n\t<meta property=\"og:image:height\" content=\"135\" \/>\n\t<meta property=\"og:image:type\" content=\"image\/jpeg\" \/>\n<meta name=\"author\" content=\"vdnnational\" \/>\n<meta name=\"twitter:label1\" content=\"Verfasst von\" \/>\n\t<meta name=\"twitter:data1\" content=\"vdnnational\" \/>\n\t<meta name=\"twitter:label2\" content=\"Gesch\u00e4tzte Lesezeit\" \/>\n\t<meta name=\"twitter:data2\" content=\"1\u00a0Minute\" \/>\n<script type=\"application\/ld+json\" class=\"yoast-schema-graph\">{\"@context\":\"https:\/\/schema.org\",\"@graph\":[{\"@type\":\"WebPage\",\"@id\":\"https:\/\/www.naturparkmagazin.de\/vdn\/edelmaraenenfilet-mit-pfifferlingen\/\",\"url\":\"https:\/\/www.naturparkmagazin.de\/vdn\/edelmaraenenfilet-mit-pfifferlingen\/\",\"name\":\"Edelmar\u00e4nenfilet mit Pfifferlingen\",\"isPartOf\":{\"@id\":\"https:\/\/www.naturparkmagazin.de\/vdn\/#website\"},\"datePublished\":\"2014-07-21T08:40:29+00:00\",\"dateModified\":\"2014-07-23T10:24:44+00:00\",\"author\":{\"@id\":\"https:\/\/www.naturparkmagazin.de\/vdn\/#\/schema\/person\/e28d931df83318a48d52ae72b08d2bfb\"},\"description\":\"Unser Rezept des Monats August stammt aus dem Restaurant \\\"Forelle\\\" in der Fischerei \\\"Alt-Schwerin\\\" im Naturpark Nossentiner\/Schwinzer Heide. Die Edelmar\u00e4ne mit ihrem mageren, wohlschmeckendem Fleisch wird dort im Drewitzer bzw. Alt-Schweriner See gefangen.\",\"breadcrumb\":{\"@id\":\"https:\/\/www.naturparkmagazin.de\/vdn\/edelmaraenenfilet-mit-pfifferlingen\/#breadcrumb\"},\"inLanguage\":\"de\",\"potentialAction\":[{\"@type\":\"ReadAction\",\"target\":[\"https:\/\/www.naturparkmagazin.de\/vdn\/edelmaraenenfilet-mit-pfifferlingen\/\"]}]},{\"@type\":\"BreadcrumbList\",\"@id\":\"https:\/\/www.naturparkmagazin.de\/vdn\/edelmaraenenfilet-mit-pfifferlingen\/#breadcrumb\",\"itemListElement\":[{\"@type\":\"ListItem\",\"position\":1,\"name\":\"Home\",\"item\":\"https:\/\/www.naturparkmagazin.de\/vdn\/\"},{\"@type\":\"ListItem\",\"position\":2,\"name\":\"Edelmar\u00e4nenfilet mit Pfifferlingen\"}]},{\"@type\":\"WebSite\",\"@id\":\"https:\/\/www.naturparkmagazin.de\/vdn\/#website\",\"url\":\"https:\/\/www.naturparkmagazin.de\/vdn\/\",\"name\":\"Verband Deutscher Naturparke\",\"description\":\"Eine weitere Naturparkmagazin.de Netzwerk Seite\",\"potentialAction\":[{\"@type\":\"SearchAction\",\"target\":{\"@type\":\"EntryPoint\",\"urlTemplate\":\"https:\/\/www.naturparkmagazin.de\/vdn\/?s={search_term_string}\"},\"query-input\":\"required name=search_term_string\"}],\"inLanguage\":\"de\"},{\"@type\":\"Person\",\"@id\":\"https:\/\/www.naturparkmagazin.de\/vdn\/#\/schema\/person\/e28d931df83318a48d52ae72b08d2bfb\",\"name\":\"vdnnational\",\"url\":\"https:\/\/www.naturparkmagazin.de\/vdn\/author\/vdnnational\/\"}]}<\/script>\n<!-- \/ Yoast SEO plugin. -->","yoast_head_json":{"title":"Edelmar\u00e4nenfilet mit Pfifferlingen","description":"Unser Rezept des Monats August stammt aus dem Restaurant \"Forelle\" in der Fischerei \"Alt-Schwerin\" im Naturpark Nossentiner\/Schwinzer Heide. Die Edelmar\u00e4ne mit ihrem mageren, wohlschmeckendem Fleisch wird dort im Drewitzer bzw. Alt-Schweriner See gefangen.","robots":{"index":"index","follow":"follow","max-snippet":"max-snippet:-1","max-image-preview":"max-image-preview:large","max-video-preview":"max-video-preview:-1"},"canonical":"https:\/\/www.naturparkmagazin.de\/vdn\/edelmaraenenfilet-mit-pfifferlingen\/","og_locale":"de_DE","og_type":"article","og_title":"Edelmar\u00e4nenfilet mit Pfifferlingen","og_description":"Unser Rezept des Monats August stammt aus dem Restaurant \"Forelle\" in der Fischerei \"Alt-Schwerin\" im Naturpark Nossentiner\/Schwinzer Heide. Die Edelmar\u00e4ne mit ihrem mageren, wohlschmeckendem Fleisch wird dort im Drewitzer bzw. Alt-Schweriner See gefangen.","og_url":"https:\/\/www.naturparkmagazin.de\/vdn\/edelmaraenenfilet-mit-pfifferlingen\/","og_site_name":"Verband Deutscher Naturparke","article_published_time":"2014-07-21T08:40:29+00:00","article_modified_time":"2014-07-23T10:24:44+00:00","og_image":[{"width":180,"height":135,"url":"https:\/\/www.naturparkmagazin.de\/vdn\/wp-content\/uploads\/sites\/3\/Edelmar\u00e4ne-mit-Pfifferlingen_Beitragsbild.jpg","type":"image\/jpeg"}],"author":"vdnnational","twitter_misc":{"Verfasst von":"vdnnational","Gesch\u00e4tzte Lesezeit":"1\u00a0Minute"},"schema":{"@context":"https:\/\/schema.org","@graph":[{"@type":"WebPage","@id":"https:\/\/www.naturparkmagazin.de\/vdn\/edelmaraenenfilet-mit-pfifferlingen\/","url":"https:\/\/www.naturparkmagazin.de\/vdn\/edelmaraenenfilet-mit-pfifferlingen\/","name":"Edelmar\u00e4nenfilet mit Pfifferlingen","isPartOf":{"@id":"https:\/\/www.naturparkmagazin.de\/vdn\/#website"},"datePublished":"2014-07-21T08:40:29+00:00","dateModified":"2014-07-23T10:24:44+00:00","author":{"@id":"https:\/\/www.naturparkmagazin.de\/vdn\/#\/schema\/person\/e28d931df83318a48d52ae72b08d2bfb"},"description":"Unser Rezept des Monats August stammt aus dem Restaurant \"Forelle\" in der Fischerei \"Alt-Schwerin\" im Naturpark Nossentiner\/Schwinzer Heide. Die Edelmar\u00e4ne mit ihrem mageren, wohlschmeckendem Fleisch wird dort im Drewitzer bzw. Alt-Schweriner See gefangen.","breadcrumb":{"@id":"https:\/\/www.naturparkmagazin.de\/vdn\/edelmaraenenfilet-mit-pfifferlingen\/#breadcrumb"},"inLanguage":"de","potentialAction":[{"@type":"ReadAction","target":["https:\/\/www.naturparkmagazin.de\/vdn\/edelmaraenenfilet-mit-pfifferlingen\/"]}]},{"@type":"BreadcrumbList","@id":"https:\/\/www.naturparkmagazin.de\/vdn\/edelmaraenenfilet-mit-pfifferlingen\/#breadcrumb","itemListElement":[{"@type":"ListItem","position":1,"name":"Home","item":"https:\/\/www.naturparkmagazin.de\/vdn\/"},{"@type":"ListItem","position":2,"name":"Edelmar\u00e4nenfilet mit Pfifferlingen"}]},{"@type":"WebSite","@id":"https:\/\/www.naturparkmagazin.de\/vdn\/#website","url":"https:\/\/www.naturparkmagazin.de\/vdn\/","name":"Verband Deutscher Naturparke","description":"Eine weitere Naturparkmagazin.de Netzwerk Seite","potentialAction":[{"@type":"SearchAction","target":{"@type":"EntryPoint","urlTemplate":"https:\/\/www.naturparkmagazin.de\/vdn\/?s={search_term_string}"},"query-input":"required name=search_term_string"}],"inLanguage":"de"},{"@type":"Person","@id":"https:\/\/www.naturparkmagazin.de\/vdn\/#\/schema\/person\/e28d931df83318a48d52ae72b08d2bfb","name":"vdnnational","url":"https:\/\/www.naturparkmagazin.de\/vdn\/author\/vdnnational\/"}]}},"_links":{"self":[{"href":"https:\/\/www.naturparkmagazin.de\/vdn\/wp-json\/wp\/v2\/posts\/4141"}],"collection":[{"href":"https:\/\/www.naturparkmagazin.de\/vdn\/wp-json\/wp\/v2\/posts"}],"about":[{"href":"https:\/\/www.naturparkmagazin.de\/vdn\/wp-json\/wp\/v2\/types\/post"}],"author":[{"embeddable":true,"href":"https:\/\/www.naturparkmagazin.de\/vdn\/wp-json\/wp\/v2\/users\/14"}],"replies":[{"embeddable":true,"href":"https:\/\/www.naturparkmagazin.de\/vdn\/wp-json\/wp\/v2\/comments?post=4141"}],"version-history":[{"count":8,"href":"https:\/\/www.naturparkmagazin.de\/vdn\/wp-json\/wp\/v2\/posts\/4141\/revisions"}],"predecessor-version":[{"id":4183,"href":"https:\/\/www.naturparkmagazin.de\/vdn\/wp-json\/wp\/v2\/posts\/4141\/revisions\/4183"}],"wp:featuredmedia":[{"embeddable":true,"href":"https:\/\/www.naturparkmagazin.de\/vdn\/wp-json\/wp\/v2\/media\/4164"}],"wp:attachment":[{"href":"https:\/\/www.naturparkmagazin.de\/vdn\/wp-json\/wp\/v2\/media?parent=4141"}],"wp:term":[{"taxonomy":"category","embeddable":true,"href":"https:\/\/www.naturparkmagazin.de\/vdn\/wp-json\/wp\/v2\/categories?post=4141"},{"taxonomy":"post_tag","embeddable":true,"href":"https:\/\/www.naturparkmagazin.de\/vdn\/wp-json\/wp\/v2\/tags?post=4141"}],"curies":[{"name":"wp","href":"https:\/\/api.w.org\/{rel}","templated":true}]}}