{"id":4210,"date":"2014-08-19T13:13:37","date_gmt":"2014-08-19T11:13:37","guid":{"rendered":"http:\/\/www.naturparkmagazin.de\/vdn\/?p=4210"},"modified":"2014-08-22T15:49:20","modified_gmt":"2014-08-22T13:49:20","slug":"wilde-beeren-mit-hagebutten-den-herbst-entdecken","status":"publish","type":"post","link":"https:\/\/www.naturparkmagazin.de\/vdn\/wilde-beeren-mit-hagebutten-den-herbst-entdecken\/","title":{"rendered":"&#8222;Wilde Beeren&#8220;- Mit Hagebutten den Herbst entdecken"},"content":{"rendered":"<div id=\"attachment_4331\" style=\"width: 510px\" class=\"wp-caption aligncenter\"><a href=\"https:\/\/www.naturparkmagazin.de\/vdn\/wp-content\/uploads\/sites\/3\/hagebutte-Beitrag.jpg\"><img aria-describedby=\"caption-attachment-4331\" decoding=\"async\" loading=\"lazy\" class=\"size-full wp-image-4331 \" title=\"&quot;Der Tee reift&quot; Copyright: VDN\/Peter Brezina\" alt=\"&quot;Der Tee reift&quot; Copyright: VDN\/Peter Brezina\" src=\"https:\/\/www.naturparkmagazin.de\/vdn\/wp-content\/uploads\/sites\/3\/hagebutte-Beitrag.jpg\" width=\"500\" height=\"300\" srcset=\"https:\/\/www.naturparkmagazin.de\/vdn\/wp-content\/uploads\/sites\/3\/hagebutte-Beitrag.jpg 500w, https:\/\/www.naturparkmagazin.de\/vdn\/wp-content\/uploads\/sites\/3\/hagebutte-Beitrag-300x180.jpg 300w, https:\/\/www.naturparkmagazin.de\/vdn\/wp-content\/uploads\/sites\/3\/hagebutte-Beitrag-200x120.jpg 200w\" sizes=\"(max-width: 500px) 100vw, 500px\" \/><\/a><p id=\"caption-attachment-4331\" class=\"wp-caption-text\">&#8222;Der Tee reift&#8220; Copyright: VDN\/Peter Brezina<\/p><\/div>\n<p>Auf der Suche nach diesen &#8222;Sch\u00e4tzen der Natur&#8220; leuchten einem schon von weitem die roten Hagebutten von Hecken und Wegr\u00e4nder entgegen und verf\u00fchren zum Pfl\u00fccken und Weiterverwenden.<\/p>\n<p>Wohl jeder hat (Kindheits-)Erinnerungen mit den kleinen roten Fr\u00fcchten. Sei es als gef\u00fcrchtetes Juckpulver unterm Pulli, als Teil von herbstlichen Bastelkunstwerken oder kulinarisch als Tee oder Marmelade.<\/p>\n<p>Als Hagebutten werden die Fr\u00fcchte verschiedener Wildrosenarten bezeichnet. Botanisch gesehen sind sie Sammelfr\u00fcchte, die viele kleine N\u00fcsschen enthalten. Jedes dieser kleinen N\u00fcsschen ist mit feinen, <a title=\"Widerhaken\" href=\"http:\/\/de.wikipedia.org\/wiki\/Widerhaken\">widerhakenbest\u00fcckten<\/a> H\u00e4rchen ausger\u00fcstet, die bei Ber\u00fchrung Juckreiz ausl\u00f6sen. Deswegen tragen die Fr\u00fcchte in Frankreich auch den Namen &#8222;gratte-cul&#8220;, zu Deutsch: &#8222;Hinternkitzler&#8220;.<\/p>\n<p>Der Name der Hagebutte bezieht sich auf den Standort der Pflanze (\u201eHag\u201c f\u00fcr Hecke) und ihre dicklichen Form (\u201eButte\u201c alte s\u00fcddeutsche Form von Butzen).<\/p>\n<p>Die Bedeutung der Hagebutten l\u00e4sst sich auch im bekannten Kinderlied von Heinrich Hoffmann von Fallersleben \u201eEin M\u00e4nnlein steht im Walde\u2026\u201c ablesen. Welche andere \u201eWald- und Wiesenfrucht\u201c kann diese Ehre schon f\u00fcr sich in Anspruch nehmen.<\/p>\n<p>&nbsp;<\/p>\n<div id=\"attachment_4213\" style=\"width: 510px\" class=\"wp-caption aligncenter\"><a href=\"https:\/\/www.naturparkmagazin.de\/vdn\/wp-content\/uploads\/sites\/3\/Seidenschwanz_Hagebutte_beitrag.jpg\"><img aria-describedby=\"caption-attachment-4213\" decoding=\"async\" loading=\"lazy\" class=\"size-full wp-image-4213\" alt=\"&quot;Seidenschwanz frisst Hagebutte&quot; Copyright: VDN\/Kurt M\u00f6bus\" src=\"https:\/\/www.naturparkmagazin.de\/vdn\/wp-content\/uploads\/sites\/3\/Seidenschwanz_Hagebutte_beitrag.jpg\" width=\"500\" height=\"300\" srcset=\"https:\/\/www.naturparkmagazin.de\/vdn\/wp-content\/uploads\/sites\/3\/Seidenschwanz_Hagebutte_beitrag.jpg 500w, https:\/\/www.naturparkmagazin.de\/vdn\/wp-content\/uploads\/sites\/3\/Seidenschwanz_Hagebutte_beitrag-300x180.jpg 300w, https:\/\/www.naturparkmagazin.de\/vdn\/wp-content\/uploads\/sites\/3\/Seidenschwanz_Hagebutte_beitrag-200x120.jpg 200w\" sizes=\"(max-width: 500px) 100vw, 500px\" \/><\/a><p id=\"caption-attachment-4213\" class=\"wp-caption-text\">&#8222;Seidenschwanz frisst Hagebutte&#8220; Copyright: VDN\/Kurt M\u00f6bus<\/p><\/div>\n<p>Die h\u00e4ufigste Form der Weiterverarbeitung ist die Herstellung von Mus und Marmelade.<\/p>\n<p>Dazu werden 3 kg reifen Hagebutten geputzt: Stiel und Bl\u00fctenansatz entfernen, Fr\u00fcchte halbieren und die Kerne mit einem Teel\u00f6ffel herauskratzen. Es bleiben ca. 1,5kg Hagebuttenfruchtfleisch \u00fcbrig. Dieses wird in ca. 2 Liter Wasser ungef\u00e4hr 1 Stunde weich gekocht. Die weichen Hagebutten mit einem P\u00fcrierstab fein p\u00fcrieren und anschlie\u00dfend durch ein Sieb streichen. Wer eine Flotte Lotte hat, nimmt diese.\nWenn das Hagebuttenmark gut abgek\u00fchlt ist, \u00a0l\u00e4sst es sich problemlos einfrieren oder sofort zu Hagebuttenmarmelade weiter verarbeiten.\nDazu empfiehlt sich eine Mischung aus 80% Hagebuttenmark und 20% Fruchtsaft (Orange, Apfel oder Traube). Die Marmelade wird dann nach Anweisung der Gelierzuckerpackung zubereitet.<\/p>\n<p>&nbsp;<\/p>\n<p><em>Besonderer Tipp<\/em>: die Kerne der Hagebutten enthalten Vanillin. Vermischt man sie mit etwas Zucker erh\u00e4lt man ganz einfach einen nat\u00fcrlichen Vanille-Zucker.<\/p>\n<p>&nbsp;<\/p>\n","protected":false},"excerpt":{"rendered":"<p>Mit dem September beginnt auch der Herbst und damit die Zeit f\u00fcr das Entdecken und Sammeln von allerlei \u201eSch\u00e4tzen der Natur\u201c.<\/p>\n","protected":false},"author":51,"featured_media":4329,"comment_status":"open","ping_status":"open","sticky":false,"template":"","format":"standard","meta":{"_links_to":"","_links_to_target":""},"categories":[617],"tags":[186,35,126,33,3155,91,86,81,3154,82,41,95,151],"yoast_head":"<!-- This site is optimized with the Yoast SEO plugin v19.10 - https:\/\/yoast.com\/wordpress\/plugins\/seo\/ -->\n<title>&quot;Wilde Beeren&quot;- Mit Hagebutten den Herbst entdecken<\/title>\n<meta name=\"description\" content=\"Mit dem September beginnt auch der Herbst und damit die Zeit f\u00fcr das Entdecken und Sammeln von allerlei \u201eSch\u00e4tzen der Natur\u201c.\" \/>\n<meta name=\"robots\" content=\"index, follow, max-snippet:-1, max-image-preview:large, max-video-preview:-1\" \/>\n<link rel=\"canonical\" href=\"https:\/\/www.naturparkmagazin.de\/vdn\/wilde-beeren-mit-hagebutten-den-herbst-entdecken\/\" \/>\n<meta property=\"og:locale\" content=\"de_DE\" \/>\n<meta property=\"og:type\" content=\"article\" \/>\n<meta property=\"og:title\" content=\"&quot;Wilde Beeren&quot;- Mit Hagebutten den Herbst entdecken\" \/>\n<meta property=\"og:description\" content=\"Mit dem September beginnt auch der Herbst und damit die Zeit f\u00fcr das Entdecken und Sammeln von allerlei \u201eSch\u00e4tzen der Natur\u201c.\" \/>\n<meta property=\"og:url\" content=\"https:\/\/www.naturparkmagazin.de\/vdn\/wilde-beeren-mit-hagebutten-den-herbst-entdecken\/\" \/>\n<meta property=\"og:site_name\" content=\"Verband Deutscher Naturparke\" \/>\n<meta property=\"article:published_time\" content=\"2014-08-19T11:13:37+00:00\" \/>\n<meta property=\"article:modified_time\" content=\"2014-08-22T13:49:20+00:00\" \/>\n<meta property=\"og:image\" content=\"https:\/\/www.naturparkmagazin.de\/vdn\/wp-content\/uploads\/sites\/3\/hagebutte-2-24.10._52-Beitragsbild.jpg\" \/>\n\t<meta property=\"og:image:width\" content=\"180\" \/>\n\t<meta property=\"og:image:height\" content=\"135\" \/>\n\t<meta property=\"og:image:type\" content=\"image\/jpeg\" \/>\n<meta name=\"author\" content=\"beatrixlosem\" \/>\n<meta name=\"twitter:label1\" content=\"Verfasst von\" \/>\n\t<meta name=\"twitter:data1\" content=\"beatrixlosem\" \/>\n\t<meta name=\"twitter:label2\" content=\"Gesch\u00e4tzte Lesezeit\" \/>\n\t<meta name=\"twitter:data2\" content=\"2\u00a0Minuten\" \/>\n<script type=\"application\/ld+json\" class=\"yoast-schema-graph\">{\"@context\":\"https:\/\/schema.org\",\"@graph\":[{\"@type\":\"WebPage\",\"@id\":\"https:\/\/www.naturparkmagazin.de\/vdn\/wilde-beeren-mit-hagebutten-den-herbst-entdecken\/\",\"url\":\"https:\/\/www.naturparkmagazin.de\/vdn\/wilde-beeren-mit-hagebutten-den-herbst-entdecken\/\",\"name\":\"\\\"Wilde Beeren\\\"- Mit Hagebutten den Herbst entdecken\",\"isPartOf\":{\"@id\":\"https:\/\/www.naturparkmagazin.de\/vdn\/#website\"},\"datePublished\":\"2014-08-19T11:13:37+00:00\",\"dateModified\":\"2014-08-22T13:49:20+00:00\",\"author\":{\"@id\":\"https:\/\/www.naturparkmagazin.de\/vdn\/#\/schema\/person\/d71357578c318b6db03be60b1f60396b\"},\"description\":\"Mit dem September beginnt auch der Herbst und damit die Zeit f\u00fcr das Entdecken und Sammeln von allerlei \u201eSch\u00e4tzen der Natur\u201c.\",\"breadcrumb\":{\"@id\":\"https:\/\/www.naturparkmagazin.de\/vdn\/wilde-beeren-mit-hagebutten-den-herbst-entdecken\/#breadcrumb\"},\"inLanguage\":\"de\",\"potentialAction\":[{\"@type\":\"ReadAction\",\"target\":[\"https:\/\/www.naturparkmagazin.de\/vdn\/wilde-beeren-mit-hagebutten-den-herbst-entdecken\/\"]}]},{\"@type\":\"BreadcrumbList\",\"@id\":\"https:\/\/www.naturparkmagazin.de\/vdn\/wilde-beeren-mit-hagebutten-den-herbst-entdecken\/#breadcrumb\",\"itemListElement\":[{\"@type\":\"ListItem\",\"position\":1,\"name\":\"Home\",\"item\":\"https:\/\/www.naturparkmagazin.de\/vdn\/\"},{\"@type\":\"ListItem\",\"position\":2,\"name\":\"&#8222;Wilde Beeren&#8220;- Mit Hagebutten den Herbst entdecken\"}]},{\"@type\":\"WebSite\",\"@id\":\"https:\/\/www.naturparkmagazin.de\/vdn\/#website\",\"url\":\"https:\/\/www.naturparkmagazin.de\/vdn\/\",\"name\":\"Verband Deutscher Naturparke\",\"description\":\"Eine weitere Naturparkmagazin.de Netzwerk Seite\",\"potentialAction\":[{\"@type\":\"SearchAction\",\"target\":{\"@type\":\"EntryPoint\",\"urlTemplate\":\"https:\/\/www.naturparkmagazin.de\/vdn\/?s={search_term_string}\"},\"query-input\":\"required name=search_term_string\"}],\"inLanguage\":\"de\"},{\"@type\":\"Person\",\"@id\":\"https:\/\/www.naturparkmagazin.de\/vdn\/#\/schema\/person\/d71357578c318b6db03be60b1f60396b\",\"name\":\"beatrixlosem\",\"url\":\"https:\/\/www.naturparkmagazin.de\/vdn\/author\/beatrixlosem\/\"}]}<\/script>\n<!-- \/ Yoast SEO plugin. -->","yoast_head_json":{"title":"\"Wilde Beeren\"- Mit Hagebutten den Herbst entdecken","description":"Mit dem September beginnt auch der Herbst und damit die Zeit f\u00fcr das Entdecken und Sammeln von allerlei \u201eSch\u00e4tzen der Natur\u201c.","robots":{"index":"index","follow":"follow","max-snippet":"max-snippet:-1","max-image-preview":"max-image-preview:large","max-video-preview":"max-video-preview:-1"},"canonical":"https:\/\/www.naturparkmagazin.de\/vdn\/wilde-beeren-mit-hagebutten-den-herbst-entdecken\/","og_locale":"de_DE","og_type":"article","og_title":"\"Wilde Beeren\"- Mit Hagebutten den Herbst entdecken","og_description":"Mit dem September beginnt auch der Herbst und damit die Zeit f\u00fcr das Entdecken und Sammeln von allerlei \u201eSch\u00e4tzen der Natur\u201c.","og_url":"https:\/\/www.naturparkmagazin.de\/vdn\/wilde-beeren-mit-hagebutten-den-herbst-entdecken\/","og_site_name":"Verband Deutscher Naturparke","article_published_time":"2014-08-19T11:13:37+00:00","article_modified_time":"2014-08-22T13:49:20+00:00","og_image":[{"width":180,"height":135,"url":"https:\/\/www.naturparkmagazin.de\/vdn\/wp-content\/uploads\/sites\/3\/hagebutte-2-24.10._52-Beitragsbild.jpg","type":"image\/jpeg"}],"author":"beatrixlosem","twitter_misc":{"Verfasst von":"beatrixlosem","Gesch\u00e4tzte Lesezeit":"2\u00a0Minuten"},"schema":{"@context":"https:\/\/schema.org","@graph":[{"@type":"WebPage","@id":"https:\/\/www.naturparkmagazin.de\/vdn\/wilde-beeren-mit-hagebutten-den-herbst-entdecken\/","url":"https:\/\/www.naturparkmagazin.de\/vdn\/wilde-beeren-mit-hagebutten-den-herbst-entdecken\/","name":"\"Wilde Beeren\"- Mit Hagebutten den Herbst entdecken","isPartOf":{"@id":"https:\/\/www.naturparkmagazin.de\/vdn\/#website"},"datePublished":"2014-08-19T11:13:37+00:00","dateModified":"2014-08-22T13:49:20+00:00","author":{"@id":"https:\/\/www.naturparkmagazin.de\/vdn\/#\/schema\/person\/d71357578c318b6db03be60b1f60396b"},"description":"Mit dem September beginnt auch der Herbst und damit die Zeit f\u00fcr das Entdecken und Sammeln von allerlei \u201eSch\u00e4tzen der Natur\u201c.","breadcrumb":{"@id":"https:\/\/www.naturparkmagazin.de\/vdn\/wilde-beeren-mit-hagebutten-den-herbst-entdecken\/#breadcrumb"},"inLanguage":"de","potentialAction":[{"@type":"ReadAction","target":["https:\/\/www.naturparkmagazin.de\/vdn\/wilde-beeren-mit-hagebutten-den-herbst-entdecken\/"]}]},{"@type":"BreadcrumbList","@id":"https:\/\/www.naturparkmagazin.de\/vdn\/wilde-beeren-mit-hagebutten-den-herbst-entdecken\/#breadcrumb","itemListElement":[{"@type":"ListItem","position":1,"name":"Home","item":"https:\/\/www.naturparkmagazin.de\/vdn\/"},{"@type":"ListItem","position":2,"name":"&#8222;Wilde Beeren&#8220;- Mit Hagebutten den Herbst entdecken"}]},{"@type":"WebSite","@id":"https:\/\/www.naturparkmagazin.de\/vdn\/#website","url":"https:\/\/www.naturparkmagazin.de\/vdn\/","name":"Verband Deutscher Naturparke","description":"Eine weitere Naturparkmagazin.de Netzwerk Seite","potentialAction":[{"@type":"SearchAction","target":{"@type":"EntryPoint","urlTemplate":"https:\/\/www.naturparkmagazin.de\/vdn\/?s={search_term_string}"},"query-input":"required name=search_term_string"}],"inLanguage":"de"},{"@type":"Person","@id":"https:\/\/www.naturparkmagazin.de\/vdn\/#\/schema\/person\/d71357578c318b6db03be60b1f60396b","name":"beatrixlosem","url":"https:\/\/www.naturparkmagazin.de\/vdn\/author\/beatrixlosem\/"}]}},"_links":{"self":[{"href":"https:\/\/www.naturparkmagazin.de\/vdn\/wp-json\/wp\/v2\/posts\/4210"}],"collection":[{"href":"https:\/\/www.naturparkmagazin.de\/vdn\/wp-json\/wp\/v2\/posts"}],"about":[{"href":"https:\/\/www.naturparkmagazin.de\/vdn\/wp-json\/wp\/v2\/types\/post"}],"author":[{"embeddable":true,"href":"https:\/\/www.naturparkmagazin.de\/vdn\/wp-json\/wp\/v2\/users\/51"}],"replies":[{"embeddable":true,"href":"https:\/\/www.naturparkmagazin.de\/vdn\/wp-json\/wp\/v2\/comments?post=4210"}],"version-history":[{"count":6,"href":"https:\/\/www.naturparkmagazin.de\/vdn\/wp-json\/wp\/v2\/posts\/4210\/revisions"}],"predecessor-version":[{"id":4332,"href":"https:\/\/www.naturparkmagazin.de\/vdn\/wp-json\/wp\/v2\/posts\/4210\/revisions\/4332"}],"wp:featuredmedia":[{"embeddable":true,"href":"https:\/\/www.naturparkmagazin.de\/vdn\/wp-json\/wp\/v2\/media\/4329"}],"wp:attachment":[{"href":"https:\/\/www.naturparkmagazin.de\/vdn\/wp-json\/wp\/v2\/media?parent=4210"}],"wp:term":[{"taxonomy":"category","embeddable":true,"href":"https:\/\/www.naturparkmagazin.de\/vdn\/wp-json\/wp\/v2\/categories?post=4210"},{"taxonomy":"post_tag","embeddable":true,"href":"https:\/\/www.naturparkmagazin.de\/vdn\/wp-json\/wp\/v2\/tags?post=4210"}],"curies":[{"name":"wp","href":"https:\/\/api.w.org\/{rel}","templated":true}]}}