{"id":4218,"date":"2014-08-19T13:44:38","date_gmt":"2014-08-19T11:44:38","guid":{"rendered":"http:\/\/www.naturparkmagazin.de\/vdn\/?p=4218"},"modified":"2014-08-20T13:20:16","modified_gmt":"2014-08-20T11:20:16","slug":"foto-des-monats-baumzeit","status":"publish","type":"post","link":"https:\/\/www.naturparkmagazin.de\/vdn\/foto-des-monats-baumzeit\/","title":{"rendered":"Foto des Monats: &#8222;Baumzeit&#8220;"},"content":{"rendered":"<div id=\"attachment_4307\" style=\"width: 360px\" class=\"wp-caption aligncenter\"><a href=\"https:\/\/www.naturparkmagazin.de\/vdn\/wp-content\/uploads\/sites\/3\/jaaa-baumzeit-beitrag2kl.jpg\"><img aria-describedby=\"caption-attachment-4307\" decoding=\"async\" loading=\"lazy\" class=\"size-full wp-image-4307\" title=\"&quot;Baumzeit&quot;  Copyright: VDN\/Ike Noack\" alt=\"&quot;Baumzeit&quot;  Copyright: VDN\/Ike Noack\" src=\"https:\/\/www.naturparkmagazin.de\/vdn\/wp-content\/uploads\/sites\/3\/jaaa-baumzeit-beitrag2kl.jpg\" width=\"350\" height=\"500\" srcset=\"https:\/\/www.naturparkmagazin.de\/vdn\/wp-content\/uploads\/sites\/3\/jaaa-baumzeit-beitrag2kl.jpg 350w, https:\/\/www.naturparkmagazin.de\/vdn\/wp-content\/uploads\/sites\/3\/jaaa-baumzeit-beitrag2kl-300x429.jpg 300w, https:\/\/www.naturparkmagazin.de\/vdn\/wp-content\/uploads\/sites\/3\/jaaa-baumzeit-beitrag2kl-200x286.jpg 200w\" sizes=\"(max-width: 350px) 100vw, 350px\" \/><\/a><p id=\"caption-attachment-4307\" class=\"wp-caption-text\">&#8222;Baumzeit&#8220; Copyright: VDN\/Ike Noack<\/p><\/div>\n<p>Der Fotograf Ike Noack aus dem Naturpark Nuthe-Nieplitz hatte einige Arbeit zu leisten, bevor die Aufnahme, die den ersten Platz zum Juli-Thema \u201eNaturpark abstrakt\u201c im Fotowettbewerb \u201eAugenblick Natur!\u201c 2014 belegte, im Kasten war.<\/p>\n<p>Das HDR-Panorama aus dem Inneren einer etwa 300 Jahre alten Stieleiche besteht aus 4 x 6 Bildern, die 2, 4, 8, 15, 30 und 60 Sekunden belichtet wurden. Die Asth\u00f6hle in ca. zwei Metern H\u00f6he wurde mit Pergamentpapier verschlossen, um eine gleichm\u00e4\u00dfigere Ausleuchtung zu erreichen. Bei jedem vierten Foto wurde die Kamera neu ausgerichtet. Insgesamt ben\u00f6tigte Ike Noack inklusive Vorbereitungen ca. 10 Stunden; allein das Fotografieren dauerte ca. zwei Stunden.<\/p>\n<p>Unser Bild des Monats ist laut Jury \u201eeine Aufnahme aus dem Inneren eines Baumstammes, die mit gro\u00dfem Aufwand und handwerklichem K\u00f6nnen hergestellt wurde und ihre abstrakte Wirkung durch den Hyperrealismus der Darstellung und die Wahl des Kamerastandortes erreicht. Die detail- und kontrastreich fotografierten Fasern des Baumes scheinen in einer zweiten Lesart der Aufnahme nicht nach oben, sondern in Richtung des Zentrums des Bildes zu flie\u00dfen und lassen die Fotografie zu einem Beispiel archaischer, materialbetonter moderner Malerei werden.\u201c<\/p>\n<p>Weitere Informationen zum Wettbewerb \u201cAugenblick Natur!\u201d und die Bilder der diesj\u00e4hrigen Monatssieger finden Sie unter <a href=\"http:\/\/www.naturparkfotos.de\" target=\"_blank\">www.naturparkfotos.de<\/a>.<\/p>\n<p>&nbsp;<\/p>\n","protected":false},"excerpt":{"rendered":"<p> Ike Noack siegte im Juli mit der Aufnahme aus dem Inneren eines Baumstammes im Fotowettbewerb &#8222;Augenblick Natur!&#8220; <\/p>\n","protected":false},"author":51,"featured_media":4220,"comment_status":"open","ping_status":"open","sticky":false,"template":"","format":"standard","meta":{"_links_to":"","_links_to_target":""},"categories":[10],"tags":[186,138,3150,88,3154,94,218,41,137],"yoast_head":"<!-- This site is optimized with the Yoast SEO plugin v19.10 - https:\/\/yoast.com\/wordpress\/plugins\/seo\/ -->\n<title>Foto des Monats: &quot;Baumzeit&quot;<\/title>\n<meta name=\"description\" content=\"Ike Noack siegte im Juli mit der Aufnahme aus dem Inneren eines Baumstammes im Fotowettbewerb &quot;Augenblick Natur!&quot;\" \/>\n<meta name=\"robots\" content=\"index, follow, max-snippet:-1, max-image-preview:large, max-video-preview:-1\" \/>\n<link rel=\"canonical\" href=\"https:\/\/www.naturparkmagazin.de\/vdn\/foto-des-monats-baumzeit\/\" \/>\n<meta property=\"og:locale\" content=\"de_DE\" \/>\n<meta property=\"og:type\" content=\"article\" \/>\n<meta property=\"og:title\" content=\"Foto des Monats: &quot;Baumzeit&quot;\" \/>\n<meta property=\"og:description\" content=\"Ike Noack siegte im Juli mit der Aufnahme aus dem Inneren eines Baumstammes im Fotowettbewerb &quot;Augenblick Natur!&quot;\" \/>\n<meta property=\"og:url\" content=\"https:\/\/www.naturparkmagazin.de\/vdn\/foto-des-monats-baumzeit\/\" \/>\n<meta property=\"og:site_name\" content=\"Verband Deutscher Naturparke\" \/>\n<meta property=\"article:published_time\" content=\"2014-08-19T11:44:38+00:00\" \/>\n<meta property=\"article:modified_time\" content=\"2014-08-20T11:20:16+00:00\" \/>\n<meta property=\"og:image\" content=\"https:\/\/www.naturparkmagazin.de\/vdn\/wp-content\/uploads\/sites\/3\/jaaa-baumzeit-beitragsbild.jpg\" \/>\n\t<meta property=\"og:image:width\" content=\"180\" \/>\n\t<meta property=\"og:image:height\" content=\"135\" \/>\n\t<meta property=\"og:image:type\" content=\"image\/jpeg\" \/>\n<meta name=\"author\" content=\"beatrixlosem\" \/>\n<meta name=\"twitter:label1\" content=\"Verfasst von\" \/>\n\t<meta name=\"twitter:data1\" content=\"beatrixlosem\" \/>\n\t<meta name=\"twitter:label2\" content=\"Gesch\u00e4tzte Lesezeit\" \/>\n\t<meta name=\"twitter:data2\" content=\"1\u00a0Minute\" \/>\n<script type=\"application\/ld+json\" class=\"yoast-schema-graph\">{\"@context\":\"https:\/\/schema.org\",\"@graph\":[{\"@type\":\"WebPage\",\"@id\":\"https:\/\/www.naturparkmagazin.de\/vdn\/foto-des-monats-baumzeit\/\",\"url\":\"https:\/\/www.naturparkmagazin.de\/vdn\/foto-des-monats-baumzeit\/\",\"name\":\"Foto des Monats: \\\"Baumzeit\\\"\",\"isPartOf\":{\"@id\":\"https:\/\/www.naturparkmagazin.de\/vdn\/#website\"},\"datePublished\":\"2014-08-19T11:44:38+00:00\",\"dateModified\":\"2014-08-20T11:20:16+00:00\",\"author\":{\"@id\":\"https:\/\/www.naturparkmagazin.de\/vdn\/#\/schema\/person\/d71357578c318b6db03be60b1f60396b\"},\"description\":\"Ike Noack siegte im Juli mit der Aufnahme aus dem Inneren eines Baumstammes im Fotowettbewerb \\\"Augenblick Natur!\\\"\",\"breadcrumb\":{\"@id\":\"https:\/\/www.naturparkmagazin.de\/vdn\/foto-des-monats-baumzeit\/#breadcrumb\"},\"inLanguage\":\"de\",\"potentialAction\":[{\"@type\":\"ReadAction\",\"target\":[\"https:\/\/www.naturparkmagazin.de\/vdn\/foto-des-monats-baumzeit\/\"]}]},{\"@type\":\"BreadcrumbList\",\"@id\":\"https:\/\/www.naturparkmagazin.de\/vdn\/foto-des-monats-baumzeit\/#breadcrumb\",\"itemListElement\":[{\"@type\":\"ListItem\",\"position\":1,\"name\":\"Home\",\"item\":\"https:\/\/www.naturparkmagazin.de\/vdn\/\"},{\"@type\":\"ListItem\",\"position\":2,\"name\":\"Foto des Monats: &#8222;Baumzeit&#8220;\"}]},{\"@type\":\"WebSite\",\"@id\":\"https:\/\/www.naturparkmagazin.de\/vdn\/#website\",\"url\":\"https:\/\/www.naturparkmagazin.de\/vdn\/\",\"name\":\"Verband Deutscher Naturparke\",\"description\":\"Eine weitere Naturparkmagazin.de Netzwerk Seite\",\"potentialAction\":[{\"@type\":\"SearchAction\",\"target\":{\"@type\":\"EntryPoint\",\"urlTemplate\":\"https:\/\/www.naturparkmagazin.de\/vdn\/?s={search_term_string}\"},\"query-input\":\"required name=search_term_string\"}],\"inLanguage\":\"de\"},{\"@type\":\"Person\",\"@id\":\"https:\/\/www.naturparkmagazin.de\/vdn\/#\/schema\/person\/d71357578c318b6db03be60b1f60396b\",\"name\":\"beatrixlosem\",\"url\":\"https:\/\/www.naturparkmagazin.de\/vdn\/author\/beatrixlosem\/\"}]}<\/script>\n<!-- \/ Yoast SEO plugin. -->","yoast_head_json":{"title":"Foto des Monats: \"Baumzeit\"","description":"Ike Noack siegte im Juli mit der Aufnahme aus dem Inneren eines Baumstammes im Fotowettbewerb \"Augenblick Natur!\"","robots":{"index":"index","follow":"follow","max-snippet":"max-snippet:-1","max-image-preview":"max-image-preview:large","max-video-preview":"max-video-preview:-1"},"canonical":"https:\/\/www.naturparkmagazin.de\/vdn\/foto-des-monats-baumzeit\/","og_locale":"de_DE","og_type":"article","og_title":"Foto des Monats: \"Baumzeit\"","og_description":"Ike Noack siegte im Juli mit der Aufnahme aus dem Inneren eines Baumstammes im Fotowettbewerb \"Augenblick Natur!\"","og_url":"https:\/\/www.naturparkmagazin.de\/vdn\/foto-des-monats-baumzeit\/","og_site_name":"Verband Deutscher Naturparke","article_published_time":"2014-08-19T11:44:38+00:00","article_modified_time":"2014-08-20T11:20:16+00:00","og_image":[{"width":180,"height":135,"url":"https:\/\/www.naturparkmagazin.de\/vdn\/wp-content\/uploads\/sites\/3\/jaaa-baumzeit-beitragsbild.jpg","type":"image\/jpeg"}],"author":"beatrixlosem","twitter_misc":{"Verfasst von":"beatrixlosem","Gesch\u00e4tzte Lesezeit":"1\u00a0Minute"},"schema":{"@context":"https:\/\/schema.org","@graph":[{"@type":"WebPage","@id":"https:\/\/www.naturparkmagazin.de\/vdn\/foto-des-monats-baumzeit\/","url":"https:\/\/www.naturparkmagazin.de\/vdn\/foto-des-monats-baumzeit\/","name":"Foto des Monats: \"Baumzeit\"","isPartOf":{"@id":"https:\/\/www.naturparkmagazin.de\/vdn\/#website"},"datePublished":"2014-08-19T11:44:38+00:00","dateModified":"2014-08-20T11:20:16+00:00","author":{"@id":"https:\/\/www.naturparkmagazin.de\/vdn\/#\/schema\/person\/d71357578c318b6db03be60b1f60396b"},"description":"Ike Noack siegte im Juli mit der Aufnahme aus dem Inneren eines Baumstammes im Fotowettbewerb \"Augenblick Natur!\"","breadcrumb":{"@id":"https:\/\/www.naturparkmagazin.de\/vdn\/foto-des-monats-baumzeit\/#breadcrumb"},"inLanguage":"de","potentialAction":[{"@type":"ReadAction","target":["https:\/\/www.naturparkmagazin.de\/vdn\/foto-des-monats-baumzeit\/"]}]},{"@type":"BreadcrumbList","@id":"https:\/\/www.naturparkmagazin.de\/vdn\/foto-des-monats-baumzeit\/#breadcrumb","itemListElement":[{"@type":"ListItem","position":1,"name":"Home","item":"https:\/\/www.naturparkmagazin.de\/vdn\/"},{"@type":"ListItem","position":2,"name":"Foto des Monats: &#8222;Baumzeit&#8220;"}]},{"@type":"WebSite","@id":"https:\/\/www.naturparkmagazin.de\/vdn\/#website","url":"https:\/\/www.naturparkmagazin.de\/vdn\/","name":"Verband Deutscher Naturparke","description":"Eine weitere Naturparkmagazin.de Netzwerk Seite","potentialAction":[{"@type":"SearchAction","target":{"@type":"EntryPoint","urlTemplate":"https:\/\/www.naturparkmagazin.de\/vdn\/?s={search_term_string}"},"query-input":"required name=search_term_string"}],"inLanguage":"de"},{"@type":"Person","@id":"https:\/\/www.naturparkmagazin.de\/vdn\/#\/schema\/person\/d71357578c318b6db03be60b1f60396b","name":"beatrixlosem","url":"https:\/\/www.naturparkmagazin.de\/vdn\/author\/beatrixlosem\/"}]}},"_links":{"self":[{"href":"https:\/\/www.naturparkmagazin.de\/vdn\/wp-json\/wp\/v2\/posts\/4218"}],"collection":[{"href":"https:\/\/www.naturparkmagazin.de\/vdn\/wp-json\/wp\/v2\/posts"}],"about":[{"href":"https:\/\/www.naturparkmagazin.de\/vdn\/wp-json\/wp\/v2\/types\/post"}],"author":[{"embeddable":true,"href":"https:\/\/www.naturparkmagazin.de\/vdn\/wp-json\/wp\/v2\/users\/51"}],"replies":[{"embeddable":true,"href":"https:\/\/www.naturparkmagazin.de\/vdn\/wp-json\/wp\/v2\/comments?post=4218"}],"version-history":[{"count":6,"href":"https:\/\/www.naturparkmagazin.de\/vdn\/wp-json\/wp\/v2\/posts\/4218\/revisions"}],"predecessor-version":[{"id":4306,"href":"https:\/\/www.naturparkmagazin.de\/vdn\/wp-json\/wp\/v2\/posts\/4218\/revisions\/4306"}],"wp:featuredmedia":[{"embeddable":true,"href":"https:\/\/www.naturparkmagazin.de\/vdn\/wp-json\/wp\/v2\/media\/4220"}],"wp:attachment":[{"href":"https:\/\/www.naturparkmagazin.de\/vdn\/wp-json\/wp\/v2\/media?parent=4218"}],"wp:term":[{"taxonomy":"category","embeddable":true,"href":"https:\/\/www.naturparkmagazin.de\/vdn\/wp-json\/wp\/v2\/categories?post=4218"},{"taxonomy":"post_tag","embeddable":true,"href":"https:\/\/www.naturparkmagazin.de\/vdn\/wp-json\/wp\/v2\/tags?post=4218"}],"curies":[{"name":"wp","href":"https:\/\/api.w.org\/{rel}","templated":true}]}}