{"id":4229,"date":"2014-08-19T16:00:23","date_gmt":"2014-08-19T14:00:23","guid":{"rendered":"http:\/\/www.naturparkmagazin.de\/vdn\/?p=4229"},"modified":"2014-08-21T08:09:21","modified_gmt":"2014-08-21T06:09:21","slug":"gute-argumente-vdn-beitrag-bei-bfn-fachtagung-auf-vilm","status":"publish","type":"post","link":"https:\/\/www.naturparkmagazin.de\/vdn\/gute-argumente-vdn-beitrag-bei-bfn-fachtagung-auf-vilm\/","title":{"rendered":"\u201eGute Argumente\u201c- VDN-Beitrag bei BfN-Fachtagung auf Vilm"},"content":{"rendered":"<div id=\"attachment_4299\" style=\"width: 510px\" class=\"wp-caption aligncenter\"><a href=\"https:\/\/www.naturparkmagazin.de\/vdn\/wp-content\/uploads\/sites\/3\/1204124_VILM_VDN_k132_beitrag.jpg\"><img aria-describedby=\"caption-attachment-4299\" decoding=\"async\" loading=\"lazy\" class=\"size-full wp-image-4299\" title=\"Tagung auf Vilm - Copyright: VDN\" alt=\"Tagung auf Vilm - Copyright: VDN\" src=\"https:\/\/www.naturparkmagazin.de\/vdn\/wp-content\/uploads\/sites\/3\/1204124_VILM_VDN_k132_beitrag.jpg\" width=\"500\" height=\"300\" srcset=\"https:\/\/www.naturparkmagazin.de\/vdn\/wp-content\/uploads\/sites\/3\/1204124_VILM_VDN_k132_beitrag.jpg 500w, https:\/\/www.naturparkmagazin.de\/vdn\/wp-content\/uploads\/sites\/3\/1204124_VILM_VDN_k132_beitrag-300x180.jpg 300w, https:\/\/www.naturparkmagazin.de\/vdn\/wp-content\/uploads\/sites\/3\/1204124_VILM_VDN_k132_beitrag-200x120.jpg 200w\" sizes=\"(max-width: 500px) 100vw, 500px\" \/><\/a><p id=\"caption-attachment-4299\" class=\"wp-caption-text\">Tagung auf Vilm &#8211; Copyright: VDN<\/p><\/div>\n<p>Im Rahmen der Veranstaltungsreihe \u201eNaturerbe in Deutschland\u201c veranstaltet das Bundesamt f\u00fcr Naturschutz\u00a0 (BfN) in Kooperation mit dem Institut f\u00fcr l\u00e4ndliche Strukturforschung vom 30.09.2014 &#8211; 02.10.2014 in der Internationalen Naturschutzakademie Insel Vilm die Fachtagung \u201eDer demographische Wandel und seine Wirkung auf Gro\u00dfschutzgebiete\u201c. Gerade in Gro\u00dfschutzgebieten wie den Naturparken, die mit einer Gesamtfl\u00e4che von \u00fcber 25 Prozent der Landesfl\u00e4che auch viele l\u00e4ndliche R\u00e4ume umfassen, bleibt der demographische Wandel nicht ohne Einfluss auf die Gro\u00dfschutzgebiete. VDN-Naturschutzreferent J\u00f6rg Liesen wird auf dieser Tagung die Vermarktung regionaler Produkte als Strategie zur Erhaltung der Kulturlandschaft und zur Sicherung der Daseinsvorsorge erl\u00e4utern.<\/p>\n<p>Die Anmeldung erfolgt \u00fcber das Institut f\u00fcr L\u00e4ndliche Strukturforschung:<\/p>\n<p>Anmeldeschluss: 12.09.2014<\/p>\n<p>Kontaktadresse\nDr. Ulrich Gehrlein\nInstitut f\u00fcr l\u00e4ndliche Strukturforschung\nKurf\u00fcrstenstra\u00dfe 49\n60486 Frankfurt am Main\n<a href=\"mailto:gehrlein@ifls.de\">gehrlein@ifls.de<\/a>\nTel. 069\/9726683<\/p>\n<p>N\u00e4here Informationen erhalten Sie auch unter <a href=\"http:\/\/www.ifls.de\">www.ifls.de<\/a>. Hier finden Sie das vollst\u00e4ndige Tagungsprogramm<\/p>\n<p><a href=\"http:\/\/www.ifls.de\/uploads\/media\/Tagung_Demograph_Wandel_01.pdf\">http:\/\/www.ifls.de\/uploads\/media\/Tagung_Demograph_Wandel_01.pdf<\/a><\/p>\n<p>und das Anmeldeformular<\/p>\n<p><a title=\"Anmeldeformular\" href=\"http:\/\/www.ifls.de\/uploads\/media\/Anmeldeformular_01.pdf\" target=\"_blank\">http:\/\/www.ifls.de\/uploads\/media\/Anmeldeformular_01.pdf<\/a><\/p>\n<p>&nbsp;<\/p>\n","protected":false},"excerpt":{"rendered":"<p>VDN-Naturschutzreferent J\u00f6rg Liesen ist mit einem Beitrag zur Vermarktung regionaler Produkte Referent auf der BfN-Fachtagung Ende September auf Vilm. <\/p>\n","protected":false},"author":51,"featured_media":4299,"comment_status":"open","ping_status":"open","sticky":false,"template":"","format":"standard","meta":{"_links_to":"","_links_to_target":""},"categories":[7],"tags":[186,91,86,81,41],"yoast_head":"<!-- This site is optimized with the Yoast SEO plugin v19.10 - https:\/\/yoast.com\/wordpress\/plugins\/seo\/ -->\n<title>\u201eGute Argumente\u201c- VDN-Beitrag bei BfN-Fachtagung auf Vilm<\/title>\n<meta name=\"description\" content=\"VDN-Naturschutzreferent J\u00f6rg Liesen ist mit einem Beitrag zur Vermarktung regionaler Produkte Referent auf der BfN-Fachtagung Ende September auf Vilm.\" \/>\n<meta name=\"robots\" content=\"index, follow, max-snippet:-1, max-image-preview:large, max-video-preview:-1\" \/>\n<link rel=\"canonical\" href=\"https:\/\/www.naturparkmagazin.de\/vdn\/gute-argumente-vdn-beitrag-bei-bfn-fachtagung-auf-vilm\/\" \/>\n<meta property=\"og:locale\" content=\"de_DE\" \/>\n<meta property=\"og:type\" content=\"article\" \/>\n<meta property=\"og:title\" content=\"\u201eGute Argumente\u201c- VDN-Beitrag bei BfN-Fachtagung auf Vilm\" \/>\n<meta property=\"og:description\" content=\"VDN-Naturschutzreferent J\u00f6rg Liesen ist mit einem Beitrag zur Vermarktung regionaler Produkte Referent auf der BfN-Fachtagung Ende September auf Vilm.\" \/>\n<meta property=\"og:url\" content=\"https:\/\/www.naturparkmagazin.de\/vdn\/gute-argumente-vdn-beitrag-bei-bfn-fachtagung-auf-vilm\/\" \/>\n<meta property=\"og:site_name\" content=\"Verband Deutscher Naturparke\" \/>\n<meta property=\"article:published_time\" content=\"2014-08-19T14:00:23+00:00\" \/>\n<meta property=\"article:modified_time\" content=\"2014-08-21T06:09:21+00:00\" \/>\n<meta property=\"og:image\" content=\"https:\/\/www.naturparkmagazin.de\/vdn\/wp-content\/uploads\/sites\/3\/1204124_VILM_VDN_k132_beitrag.jpg\" \/>\n\t<meta property=\"og:image:width\" content=\"500\" \/>\n\t<meta property=\"og:image:height\" content=\"300\" \/>\n\t<meta property=\"og:image:type\" content=\"image\/jpeg\" \/>\n<meta name=\"author\" content=\"beatrixlosem\" \/>\n<meta name=\"twitter:label1\" content=\"Verfasst von\" \/>\n\t<meta name=\"twitter:data1\" content=\"beatrixlosem\" \/>\n\t<meta name=\"twitter:label2\" content=\"Gesch\u00e4tzte Lesezeit\" \/>\n\t<meta name=\"twitter:data2\" content=\"1\u00a0Minute\" \/>\n<script type=\"application\/ld+json\" class=\"yoast-schema-graph\">{\"@context\":\"https:\/\/schema.org\",\"@graph\":[{\"@type\":\"WebPage\",\"@id\":\"https:\/\/www.naturparkmagazin.de\/vdn\/gute-argumente-vdn-beitrag-bei-bfn-fachtagung-auf-vilm\/\",\"url\":\"https:\/\/www.naturparkmagazin.de\/vdn\/gute-argumente-vdn-beitrag-bei-bfn-fachtagung-auf-vilm\/\",\"name\":\"\u201eGute Argumente\u201c- VDN-Beitrag bei BfN-Fachtagung auf Vilm\",\"isPartOf\":{\"@id\":\"https:\/\/www.naturparkmagazin.de\/vdn\/#website\"},\"datePublished\":\"2014-08-19T14:00:23+00:00\",\"dateModified\":\"2014-08-21T06:09:21+00:00\",\"author\":{\"@id\":\"https:\/\/www.naturparkmagazin.de\/vdn\/#\/schema\/person\/d71357578c318b6db03be60b1f60396b\"},\"description\":\"VDN-Naturschutzreferent J\u00f6rg Liesen ist mit einem Beitrag zur Vermarktung regionaler Produkte Referent auf der BfN-Fachtagung Ende September auf Vilm.\",\"breadcrumb\":{\"@id\":\"https:\/\/www.naturparkmagazin.de\/vdn\/gute-argumente-vdn-beitrag-bei-bfn-fachtagung-auf-vilm\/#breadcrumb\"},\"inLanguage\":\"de\",\"potentialAction\":[{\"@type\":\"ReadAction\",\"target\":[\"https:\/\/www.naturparkmagazin.de\/vdn\/gute-argumente-vdn-beitrag-bei-bfn-fachtagung-auf-vilm\/\"]}]},{\"@type\":\"BreadcrumbList\",\"@id\":\"https:\/\/www.naturparkmagazin.de\/vdn\/gute-argumente-vdn-beitrag-bei-bfn-fachtagung-auf-vilm\/#breadcrumb\",\"itemListElement\":[{\"@type\":\"ListItem\",\"position\":1,\"name\":\"Home\",\"item\":\"https:\/\/www.naturparkmagazin.de\/vdn\/\"},{\"@type\":\"ListItem\",\"position\":2,\"name\":\"\u201eGute Argumente\u201c- VDN-Beitrag bei BfN-Fachtagung auf Vilm\"}]},{\"@type\":\"WebSite\",\"@id\":\"https:\/\/www.naturparkmagazin.de\/vdn\/#website\",\"url\":\"https:\/\/www.naturparkmagazin.de\/vdn\/\",\"name\":\"Verband Deutscher Naturparke\",\"description\":\"Eine weitere Naturparkmagazin.de Netzwerk Seite\",\"potentialAction\":[{\"@type\":\"SearchAction\",\"target\":{\"@type\":\"EntryPoint\",\"urlTemplate\":\"https:\/\/www.naturparkmagazin.de\/vdn\/?s={search_term_string}\"},\"query-input\":\"required name=search_term_string\"}],\"inLanguage\":\"de\"},{\"@type\":\"Person\",\"@id\":\"https:\/\/www.naturparkmagazin.de\/vdn\/#\/schema\/person\/d71357578c318b6db03be60b1f60396b\",\"name\":\"beatrixlosem\",\"url\":\"https:\/\/www.naturparkmagazin.de\/vdn\/author\/beatrixlosem\/\"}]}<\/script>\n<!-- \/ Yoast SEO plugin. -->","yoast_head_json":{"title":"\u201eGute Argumente\u201c- VDN-Beitrag bei BfN-Fachtagung auf Vilm","description":"VDN-Naturschutzreferent J\u00f6rg Liesen ist mit einem Beitrag zur Vermarktung regionaler Produkte Referent auf der BfN-Fachtagung Ende September auf Vilm.","robots":{"index":"index","follow":"follow","max-snippet":"max-snippet:-1","max-image-preview":"max-image-preview:large","max-video-preview":"max-video-preview:-1"},"canonical":"https:\/\/www.naturparkmagazin.de\/vdn\/gute-argumente-vdn-beitrag-bei-bfn-fachtagung-auf-vilm\/","og_locale":"de_DE","og_type":"article","og_title":"\u201eGute Argumente\u201c- VDN-Beitrag bei BfN-Fachtagung auf Vilm","og_description":"VDN-Naturschutzreferent J\u00f6rg Liesen ist mit einem Beitrag zur Vermarktung regionaler Produkte Referent auf der BfN-Fachtagung Ende September auf Vilm.","og_url":"https:\/\/www.naturparkmagazin.de\/vdn\/gute-argumente-vdn-beitrag-bei-bfn-fachtagung-auf-vilm\/","og_site_name":"Verband Deutscher Naturparke","article_published_time":"2014-08-19T14:00:23+00:00","article_modified_time":"2014-08-21T06:09:21+00:00","og_image":[{"width":500,"height":300,"url":"https:\/\/www.naturparkmagazin.de\/vdn\/wp-content\/uploads\/sites\/3\/1204124_VILM_VDN_k132_beitrag.jpg","type":"image\/jpeg"}],"author":"beatrixlosem","twitter_misc":{"Verfasst von":"beatrixlosem","Gesch\u00e4tzte Lesezeit":"1\u00a0Minute"},"schema":{"@context":"https:\/\/schema.org","@graph":[{"@type":"WebPage","@id":"https:\/\/www.naturparkmagazin.de\/vdn\/gute-argumente-vdn-beitrag-bei-bfn-fachtagung-auf-vilm\/","url":"https:\/\/www.naturparkmagazin.de\/vdn\/gute-argumente-vdn-beitrag-bei-bfn-fachtagung-auf-vilm\/","name":"\u201eGute Argumente\u201c- VDN-Beitrag bei BfN-Fachtagung auf Vilm","isPartOf":{"@id":"https:\/\/www.naturparkmagazin.de\/vdn\/#website"},"datePublished":"2014-08-19T14:00:23+00:00","dateModified":"2014-08-21T06:09:21+00:00","author":{"@id":"https:\/\/www.naturparkmagazin.de\/vdn\/#\/schema\/person\/d71357578c318b6db03be60b1f60396b"},"description":"VDN-Naturschutzreferent J\u00f6rg Liesen ist mit einem Beitrag zur Vermarktung regionaler Produkte Referent auf der BfN-Fachtagung Ende September auf Vilm.","breadcrumb":{"@id":"https:\/\/www.naturparkmagazin.de\/vdn\/gute-argumente-vdn-beitrag-bei-bfn-fachtagung-auf-vilm\/#breadcrumb"},"inLanguage":"de","potentialAction":[{"@type":"ReadAction","target":["https:\/\/www.naturparkmagazin.de\/vdn\/gute-argumente-vdn-beitrag-bei-bfn-fachtagung-auf-vilm\/"]}]},{"@type":"BreadcrumbList","@id":"https:\/\/www.naturparkmagazin.de\/vdn\/gute-argumente-vdn-beitrag-bei-bfn-fachtagung-auf-vilm\/#breadcrumb","itemListElement":[{"@type":"ListItem","position":1,"name":"Home","item":"https:\/\/www.naturparkmagazin.de\/vdn\/"},{"@type":"ListItem","position":2,"name":"\u201eGute Argumente\u201c- VDN-Beitrag bei BfN-Fachtagung auf Vilm"}]},{"@type":"WebSite","@id":"https:\/\/www.naturparkmagazin.de\/vdn\/#website","url":"https:\/\/www.naturparkmagazin.de\/vdn\/","name":"Verband Deutscher Naturparke","description":"Eine weitere Naturparkmagazin.de Netzwerk Seite","potentialAction":[{"@type":"SearchAction","target":{"@type":"EntryPoint","urlTemplate":"https:\/\/www.naturparkmagazin.de\/vdn\/?s={search_term_string}"},"query-input":"required name=search_term_string"}],"inLanguage":"de"},{"@type":"Person","@id":"https:\/\/www.naturparkmagazin.de\/vdn\/#\/schema\/person\/d71357578c318b6db03be60b1f60396b","name":"beatrixlosem","url":"https:\/\/www.naturparkmagazin.de\/vdn\/author\/beatrixlosem\/"}]}},"_links":{"self":[{"href":"https:\/\/www.naturparkmagazin.de\/vdn\/wp-json\/wp\/v2\/posts\/4229"}],"collection":[{"href":"https:\/\/www.naturparkmagazin.de\/vdn\/wp-json\/wp\/v2\/posts"}],"about":[{"href":"https:\/\/www.naturparkmagazin.de\/vdn\/wp-json\/wp\/v2\/types\/post"}],"author":[{"embeddable":true,"href":"https:\/\/www.naturparkmagazin.de\/vdn\/wp-json\/wp\/v2\/users\/51"}],"replies":[{"embeddable":true,"href":"https:\/\/www.naturparkmagazin.de\/vdn\/wp-json\/wp\/v2\/comments?post=4229"}],"version-history":[{"count":9,"href":"https:\/\/www.naturparkmagazin.de\/vdn\/wp-json\/wp\/v2\/posts\/4229\/revisions"}],"predecessor-version":[{"id":4336,"href":"https:\/\/www.naturparkmagazin.de\/vdn\/wp-json\/wp\/v2\/posts\/4229\/revisions\/4336"}],"wp:featuredmedia":[{"embeddable":true,"href":"https:\/\/www.naturparkmagazin.de\/vdn\/wp-json\/wp\/v2\/media\/4299"}],"wp:attachment":[{"href":"https:\/\/www.naturparkmagazin.de\/vdn\/wp-json\/wp\/v2\/media?parent=4229"}],"wp:term":[{"taxonomy":"category","embeddable":true,"href":"https:\/\/www.naturparkmagazin.de\/vdn\/wp-json\/wp\/v2\/categories?post=4229"},{"taxonomy":"post_tag","embeddable":true,"href":"https:\/\/www.naturparkmagazin.de\/vdn\/wp-json\/wp\/v2\/tags?post=4229"}],"curies":[{"name":"wp","href":"https:\/\/api.w.org\/{rel}","templated":true}]}}