{"id":4251,"date":"2014-08-19T10:46:41","date_gmt":"2014-08-19T08:46:41","guid":{"rendered":"http:\/\/www.naturparkmagazin.de\/vdn\/?p=4251"},"modified":"2014-08-22T10:45:23","modified_gmt":"2014-08-22T08:45:23","slug":"friedrich-wilhelm-utsch-der-jaeger-aus-kurpfalz","status":"publish","type":"post","link":"https:\/\/www.naturparkmagazin.de\/vdn\/friedrich-wilhelm-utsch-der-jaeger-aus-kurpfalz\/","title":{"rendered":"Friedrich Wilhelm Utsch, der J\u00e4ger aus Kurpfalz"},"content":{"rendered":"<div id=\"attachment_4255\" style=\"width: 310px\" class=\"wp-caption aligncenter\"><a href=\"https:\/\/www.naturparkmagazin.de\/vdn\/wp-content\/uploads\/sites\/3\/ProminentUtsch.jpg\"><img aria-describedby=\"caption-attachment-4255\" decoding=\"async\" loading=\"lazy\" class=\"size-full wp-image-4255\" title=\"Friedrich Wilhelm Utsch, der J\u00e4ger aus Kurpfalz\" alt=\"Friedrich Wilhelm Utsch, der J\u00e4ger aus Kurpfalz\" src=\"https:\/\/www.naturparkmagazin.de\/vdn\/wp-content\/uploads\/sites\/3\/ProminentUtsch.jpg\" width=\"300\" height=\"400\" srcset=\"https:\/\/www.naturparkmagazin.de\/vdn\/wp-content\/uploads\/sites\/3\/ProminentUtsch.jpg 300w, https:\/\/www.naturparkmagazin.de\/vdn\/wp-content\/uploads\/sites\/3\/ProminentUtsch-135x180.jpg 135w, https:\/\/www.naturparkmagazin.de\/vdn\/wp-content\/uploads\/sites\/3\/ProminentUtsch-53x71.jpg 53w, https:\/\/www.naturparkmagazin.de\/vdn\/wp-content\/uploads\/sites\/3\/ProminentUtsch-200x267.jpg 200w\" sizes=\"(max-width: 300px) 100vw, 300px\" \/><\/a><p id=\"caption-attachment-4255\" class=\"wp-caption-text\">Friedrich Wilhelm Utsch, der J\u00e4ger aus Kurpfalz<\/p><\/div>\n<p>Fast jeder kannte einst das Lied vom \u201eJ\u00e4ger aus Kurpfalz\u201c. Doch wer ist die Person hinter diesem bekanntem Volkslied? Es wurde und wird viel spekuliert und so manche Fehde zwischen Heimatforschern ausgetragen.<\/p>\n<p>Ein Name, der in der Literatur immer wieder auftaucht, ist der des Erbf\u00f6rsters <b>Friedrich Wilhelm Utsch<\/b>, hier auf unserem Prominent-Foto zu sehen. Dieser wurde am 23.06.1732 auf der Rheinb\u00f6llerh\u00fctte im Hunsr\u00fcck geboren und hatte sp\u00e4ter als J\u00e4ger und F\u00f6rster seinen Dienstsitz im Forsthaus Entenpfuhl.<\/p>\n<p>Die Rolle als J\u00e4ger aus Kurpfalz entstammt haupts\u00e4chlich dem von seinen Enkeln 1913 herausgegebenen Roman, denn der Erbf\u00f6rster selbst schoss in 15 Jahren nur 3 St\u00fcck Rotwild und einen Bock. Erz\u00e4hlungen zufolge wurden die Verse des Liedes \u201eEin J\u00e4ger aus Kurpfalz\u201c von Pater Martin Klein, einem Freund und treuen Begleiter Utschs verfasst. Heute werden von dem urspr\u00fcnglich sechs Strophen umfassenden Lied wegen seiner anz\u00fcglichen Bedeutung nur noch drei gesungen.<\/p>\n<p>Auch Kaiser Wilhelm II. war von Utsch als J\u00e4ger aus Kurpfalz \u00fcberzeugt. So wurde im Beisein des Kaisers zu dessen Ehren am 13.08.1913 nahe dem Forstamt Entenpfuhl das Denkmal J\u00e4ger aus Kurpfalz eingeweiht. Kinder und Vereine s\u00e4umten an diesem schulfreien Tag den Landrichtweg von Kreuznach nach Gem\u00fcnden, um die Autokolonne des Kaisers zu bejubeln. Das Denkmal aus Kalkstein hat zwei Weltkriege \u00fcberstanden und ist noch heute an seinem Ursprungsplatz zu besichtigen.<\/p>\n<p>Utsch verstarb am 13.03.1795 in Entenpfuhl. Die Grabst\u00e4tte Utschs liegt heute auf dem Waldfriedhof der Willigiskapelle bei Auen.<\/p>\n<p>&nbsp;<\/p>\n","protected":false},"excerpt":{"rendered":"<p>Ein jeder kennt es wohl, das Lied vom J\u00e4ger aus Kurpfalz. Dass jedoch eine echte Person hinter diesem Lied steckt, wissen wohl die wenigsten.<\/p>\n","protected":false},"author":14,"featured_media":4253,"comment_status":"open","ping_status":"open","sticky":false,"template":"","format":"standard","meta":{"_links_to":"","_links_to_target":""},"categories":[8],"tags":[186],"yoast_head":"<!-- This site is optimized with the Yoast SEO plugin v19.10 - https:\/\/yoast.com\/wordpress\/plugins\/seo\/ -->\n<title>Friedrich Wilhelm Utsch, der J\u00e4ger aus Kurpfalz<\/title>\n<meta name=\"description\" content=\"Ein jeder kennt es wohl, das Lied vom J\u00e4ger aus Kurpfalz. Dass jedoch eine echte Person hinter diesem Lied steckt, wissen wohl die wenigsten.\" \/>\n<meta name=\"robots\" content=\"index, follow, max-snippet:-1, max-image-preview:large, max-video-preview:-1\" \/>\n<link rel=\"canonical\" href=\"https:\/\/www.naturparkmagazin.de\/vdn\/friedrich-wilhelm-utsch-der-jaeger-aus-kurpfalz\/\" \/>\n<meta property=\"og:locale\" content=\"de_DE\" \/>\n<meta property=\"og:type\" content=\"article\" \/>\n<meta property=\"og:title\" content=\"Friedrich Wilhelm Utsch, der J\u00e4ger aus Kurpfalz\" \/>\n<meta property=\"og:description\" content=\"Ein jeder kennt es wohl, das Lied vom J\u00e4ger aus Kurpfalz. Dass jedoch eine echte Person hinter diesem Lied steckt, wissen wohl die wenigsten.\" \/>\n<meta property=\"og:url\" content=\"https:\/\/www.naturparkmagazin.de\/vdn\/friedrich-wilhelm-utsch-der-jaeger-aus-kurpfalz\/\" \/>\n<meta property=\"og:site_name\" content=\"Verband Deutscher Naturparke\" \/>\n<meta property=\"article:published_time\" content=\"2014-08-19T08:46:41+00:00\" \/>\n<meta property=\"article:modified_time\" content=\"2014-08-22T08:45:23+00:00\" \/>\n<meta property=\"og:image\" content=\"https:\/\/www.naturparkmagazin.de\/vdn\/wp-content\/uploads\/sites\/3\/Prominent_beitragsbild.jpg\" \/>\n\t<meta property=\"og:image:width\" content=\"180\" \/>\n\t<meta property=\"og:image:height\" content=\"135\" \/>\n\t<meta property=\"og:image:type\" content=\"image\/jpeg\" \/>\n<meta name=\"author\" content=\"vdnnational\" \/>\n<meta name=\"twitter:label1\" content=\"Verfasst von\" \/>\n\t<meta name=\"twitter:data1\" content=\"vdnnational\" \/>\n\t<meta name=\"twitter:label2\" content=\"Gesch\u00e4tzte Lesezeit\" \/>\n\t<meta name=\"twitter:data2\" content=\"1\u00a0Minute\" \/>\n<script type=\"application\/ld+json\" class=\"yoast-schema-graph\">{\"@context\":\"https:\/\/schema.org\",\"@graph\":[{\"@type\":\"WebPage\",\"@id\":\"https:\/\/www.naturparkmagazin.de\/vdn\/friedrich-wilhelm-utsch-der-jaeger-aus-kurpfalz\/\",\"url\":\"https:\/\/www.naturparkmagazin.de\/vdn\/friedrich-wilhelm-utsch-der-jaeger-aus-kurpfalz\/\",\"name\":\"Friedrich Wilhelm Utsch, der J\u00e4ger aus Kurpfalz\",\"isPartOf\":{\"@id\":\"https:\/\/www.naturparkmagazin.de\/vdn\/#website\"},\"datePublished\":\"2014-08-19T08:46:41+00:00\",\"dateModified\":\"2014-08-22T08:45:23+00:00\",\"author\":{\"@id\":\"https:\/\/www.naturparkmagazin.de\/vdn\/#\/schema\/person\/e28d931df83318a48d52ae72b08d2bfb\"},\"description\":\"Ein jeder kennt es wohl, das Lied vom J\u00e4ger aus Kurpfalz. Dass jedoch eine echte Person hinter diesem Lied steckt, wissen wohl die wenigsten.\",\"breadcrumb\":{\"@id\":\"https:\/\/www.naturparkmagazin.de\/vdn\/friedrich-wilhelm-utsch-der-jaeger-aus-kurpfalz\/#breadcrumb\"},\"inLanguage\":\"de\",\"potentialAction\":[{\"@type\":\"ReadAction\",\"target\":[\"https:\/\/www.naturparkmagazin.de\/vdn\/friedrich-wilhelm-utsch-der-jaeger-aus-kurpfalz\/\"]}]},{\"@type\":\"BreadcrumbList\",\"@id\":\"https:\/\/www.naturparkmagazin.de\/vdn\/friedrich-wilhelm-utsch-der-jaeger-aus-kurpfalz\/#breadcrumb\",\"itemListElement\":[{\"@type\":\"ListItem\",\"position\":1,\"name\":\"Home\",\"item\":\"https:\/\/www.naturparkmagazin.de\/vdn\/\"},{\"@type\":\"ListItem\",\"position\":2,\"name\":\"Friedrich Wilhelm Utsch, der J\u00e4ger aus Kurpfalz\"}]},{\"@type\":\"WebSite\",\"@id\":\"https:\/\/www.naturparkmagazin.de\/vdn\/#website\",\"url\":\"https:\/\/www.naturparkmagazin.de\/vdn\/\",\"name\":\"Verband Deutscher Naturparke\",\"description\":\"Eine weitere Naturparkmagazin.de Netzwerk Seite\",\"potentialAction\":[{\"@type\":\"SearchAction\",\"target\":{\"@type\":\"EntryPoint\",\"urlTemplate\":\"https:\/\/www.naturparkmagazin.de\/vdn\/?s={search_term_string}\"},\"query-input\":\"required name=search_term_string\"}],\"inLanguage\":\"de\"},{\"@type\":\"Person\",\"@id\":\"https:\/\/www.naturparkmagazin.de\/vdn\/#\/schema\/person\/e28d931df83318a48d52ae72b08d2bfb\",\"name\":\"vdnnational\",\"url\":\"https:\/\/www.naturparkmagazin.de\/vdn\/author\/vdnnational\/\"}]}<\/script>\n<!-- \/ Yoast SEO plugin. -->","yoast_head_json":{"title":"Friedrich Wilhelm Utsch, der J\u00e4ger aus Kurpfalz","description":"Ein jeder kennt es wohl, das Lied vom J\u00e4ger aus Kurpfalz. Dass jedoch eine echte Person hinter diesem Lied steckt, wissen wohl die wenigsten.","robots":{"index":"index","follow":"follow","max-snippet":"max-snippet:-1","max-image-preview":"max-image-preview:large","max-video-preview":"max-video-preview:-1"},"canonical":"https:\/\/www.naturparkmagazin.de\/vdn\/friedrich-wilhelm-utsch-der-jaeger-aus-kurpfalz\/","og_locale":"de_DE","og_type":"article","og_title":"Friedrich Wilhelm Utsch, der J\u00e4ger aus Kurpfalz","og_description":"Ein jeder kennt es wohl, das Lied vom J\u00e4ger aus Kurpfalz. Dass jedoch eine echte Person hinter diesem Lied steckt, wissen wohl die wenigsten.","og_url":"https:\/\/www.naturparkmagazin.de\/vdn\/friedrich-wilhelm-utsch-der-jaeger-aus-kurpfalz\/","og_site_name":"Verband Deutscher Naturparke","article_published_time":"2014-08-19T08:46:41+00:00","article_modified_time":"2014-08-22T08:45:23+00:00","og_image":[{"width":180,"height":135,"url":"https:\/\/www.naturparkmagazin.de\/vdn\/wp-content\/uploads\/sites\/3\/Prominent_beitragsbild.jpg","type":"image\/jpeg"}],"author":"vdnnational","twitter_misc":{"Verfasst von":"vdnnational","Gesch\u00e4tzte Lesezeit":"1\u00a0Minute"},"schema":{"@context":"https:\/\/schema.org","@graph":[{"@type":"WebPage","@id":"https:\/\/www.naturparkmagazin.de\/vdn\/friedrich-wilhelm-utsch-der-jaeger-aus-kurpfalz\/","url":"https:\/\/www.naturparkmagazin.de\/vdn\/friedrich-wilhelm-utsch-der-jaeger-aus-kurpfalz\/","name":"Friedrich Wilhelm Utsch, der J\u00e4ger aus Kurpfalz","isPartOf":{"@id":"https:\/\/www.naturparkmagazin.de\/vdn\/#website"},"datePublished":"2014-08-19T08:46:41+00:00","dateModified":"2014-08-22T08:45:23+00:00","author":{"@id":"https:\/\/www.naturparkmagazin.de\/vdn\/#\/schema\/person\/e28d931df83318a48d52ae72b08d2bfb"},"description":"Ein jeder kennt es wohl, das Lied vom J\u00e4ger aus Kurpfalz. Dass jedoch eine echte Person hinter diesem Lied steckt, wissen wohl die wenigsten.","breadcrumb":{"@id":"https:\/\/www.naturparkmagazin.de\/vdn\/friedrich-wilhelm-utsch-der-jaeger-aus-kurpfalz\/#breadcrumb"},"inLanguage":"de","potentialAction":[{"@type":"ReadAction","target":["https:\/\/www.naturparkmagazin.de\/vdn\/friedrich-wilhelm-utsch-der-jaeger-aus-kurpfalz\/"]}]},{"@type":"BreadcrumbList","@id":"https:\/\/www.naturparkmagazin.de\/vdn\/friedrich-wilhelm-utsch-der-jaeger-aus-kurpfalz\/#breadcrumb","itemListElement":[{"@type":"ListItem","position":1,"name":"Home","item":"https:\/\/www.naturparkmagazin.de\/vdn\/"},{"@type":"ListItem","position":2,"name":"Friedrich Wilhelm Utsch, der J\u00e4ger aus Kurpfalz"}]},{"@type":"WebSite","@id":"https:\/\/www.naturparkmagazin.de\/vdn\/#website","url":"https:\/\/www.naturparkmagazin.de\/vdn\/","name":"Verband Deutscher Naturparke","description":"Eine weitere Naturparkmagazin.de Netzwerk Seite","potentialAction":[{"@type":"SearchAction","target":{"@type":"EntryPoint","urlTemplate":"https:\/\/www.naturparkmagazin.de\/vdn\/?s={search_term_string}"},"query-input":"required name=search_term_string"}],"inLanguage":"de"},{"@type":"Person","@id":"https:\/\/www.naturparkmagazin.de\/vdn\/#\/schema\/person\/e28d931df83318a48d52ae72b08d2bfb","name":"vdnnational","url":"https:\/\/www.naturparkmagazin.de\/vdn\/author\/vdnnational\/"}]}},"_links":{"self":[{"href":"https:\/\/www.naturparkmagazin.de\/vdn\/wp-json\/wp\/v2\/posts\/4251"}],"collection":[{"href":"https:\/\/www.naturparkmagazin.de\/vdn\/wp-json\/wp\/v2\/posts"}],"about":[{"href":"https:\/\/www.naturparkmagazin.de\/vdn\/wp-json\/wp\/v2\/types\/post"}],"author":[{"embeddable":true,"href":"https:\/\/www.naturparkmagazin.de\/vdn\/wp-json\/wp\/v2\/users\/14"}],"replies":[{"embeddable":true,"href":"https:\/\/www.naturparkmagazin.de\/vdn\/wp-json\/wp\/v2\/comments?post=4251"}],"version-history":[{"count":5,"href":"https:\/\/www.naturparkmagazin.de\/vdn\/wp-json\/wp\/v2\/posts\/4251\/revisions"}],"predecessor-version":[{"id":4348,"href":"https:\/\/www.naturparkmagazin.de\/vdn\/wp-json\/wp\/v2\/posts\/4251\/revisions\/4348"}],"wp:featuredmedia":[{"embeddable":true,"href":"https:\/\/www.naturparkmagazin.de\/vdn\/wp-json\/wp\/v2\/media\/4253"}],"wp:attachment":[{"href":"https:\/\/www.naturparkmagazin.de\/vdn\/wp-json\/wp\/v2\/media?parent=4251"}],"wp:term":[{"taxonomy":"category","embeddable":true,"href":"https:\/\/www.naturparkmagazin.de\/vdn\/wp-json\/wp\/v2\/categories?post=4251"},{"taxonomy":"post_tag","embeddable":true,"href":"https:\/\/www.naturparkmagazin.de\/vdn\/wp-json\/wp\/v2\/tags?post=4251"}],"curies":[{"name":"wp","href":"https:\/\/api.w.org\/{rel}","templated":true}]}}