{"id":4313,"date":"2014-08-19T15:00:21","date_gmt":"2014-08-19T13:00:21","guid":{"rendered":"http:\/\/www.naturparkmagazin.de\/vdn\/?p=4313"},"modified":"2014-08-22T16:19:28","modified_gmt":"2014-08-22T14:19:28","slug":"gute-initiative-europaeische-vordenker-werkstatt-in-leipzig","status":"publish","type":"post","link":"https:\/\/www.naturparkmagazin.de\/vdn\/gute-initiative-europaeische-vordenker-werkstatt-in-leipzig\/","title":{"rendered":"&#8222;Gute Initiative&#8220; &#8211; Europ\u00e4ische Vordenker-Werkstatt in Leipzig"},"content":{"rendered":"<div id=\"attachment_4316\" style=\"width: 510px\" class=\"wp-caption aligncenter\"><a href=\"https:\/\/www.naturparkmagazin.de\/vdn\/wp-content\/uploads\/sites\/3\/pr_euregia_0681_beitrag.jpg\"><img aria-describedby=\"caption-attachment-4316\" decoding=\"async\" loading=\"lazy\" class=\"size-full wp-image-4316\" title=\"Copyright: Euregia\" alt=\"Copyright: Euregia\" src=\"https:\/\/www.naturparkmagazin.de\/vdn\/wp-content\/uploads\/sites\/3\/pr_euregia_0681_beitrag.jpg\" width=\"500\" height=\"300\" srcset=\"https:\/\/www.naturparkmagazin.de\/vdn\/wp-content\/uploads\/sites\/3\/pr_euregia_0681_beitrag.jpg 500w, https:\/\/www.naturparkmagazin.de\/vdn\/wp-content\/uploads\/sites\/3\/pr_euregia_0681_beitrag-300x180.jpg 300w, https:\/\/www.naturparkmagazin.de\/vdn\/wp-content\/uploads\/sites\/3\/pr_euregia_0681_beitrag-200x120.jpg 200w\" sizes=\"(max-width: 500px) 100vw, 500px\" \/><\/a><p id=\"caption-attachment-4316\" class=\"wp-caption-text\">Copyright: Euregia<\/p><\/div>\n<p>Vom 27. bis 29. Oktober avanciert das Congress Center Leipzig (CCL) erneut zur europ\u00e4ischen Vordenkerwerkstatt in Sachen grenz\u00fcberschreitende und umweltbewusste Kooperation in Europa. Das traditionelle Podium f\u00fcr Regionalentwickler, Verkehrsplaner, Klimaexperten und Tourismuslenker liefert hierzu die \u201eeuregia\u201c, Kongress und Fachmesse f\u00fcr Kommunal- und Regionalentwicklung. Zum zweiten Mal l\u00e4dt parallel auch die \u201enew mobility\u201c ein \u2013 Ausstellung und Kongress zu zukunftsweisenden, multimodalen Mobilit\u00e4tsl\u00f6sungen.<\/p>\n<p>Erstmals befasst sich die euregia mit den so genannten Wutb\u00fcrgern, die etwa gegen neue Stra\u00dfen oder Schweinemastanlagen in oder am Rande von Naturparken mobil machen. \u201eMitreden, Mitmachen, Mittragen\u201c lautet denn gleich am ersten Tag ein Forum, auf dem es um die aktive B\u00fcrgergesellschaft geht.<\/p>\n<p>Tags darauf erlauben mehrere \u201eSchaufenster der Elektromobilit\u00e4t\u201c Einblicke in ihr Innenleben. Hinter diesem von der Bundesregierung initiierten Projekt verbergen sich regionale Demonstrations- und Pilotvorhaben rund um eine praxisnahe Umsetzung von Elektromobilit\u00e4t in Deutschland. Eins davon betreibt den Aufbau eines nur von Elektroautos getragenen kommerziellen Lieferverkehrs im Allg\u00e4u \u2013 eine Region, die gleich von zwei Naturparken tangiert wird: Nagelfluhkette und Augsburg-Westliche W\u00e4lder.<\/p>\n<p>Ebenfalls am 28. Oktober stehen ganzt\u00e4tig Fragen rund um die F\u00f6rderung neuer \u201eINTERREG VB\u201c-Vorhaben bis 2020 in Mitteleuropa auf dem Programm.<\/p>\n<p>&nbsp;<\/p>\n<p><strong><em>Tipp!<\/em> \u00a0<\/strong>\nLeser dieses Newsletters erhalten erm\u00e4\u00dfigten Eintritt: Die Dauerkarte kostet nur 90 \u20ac statt 150 \u20ac, die Tageskarte 40 \u20ac statt 65 \u20ac. \u00dcber den Ticketshop unter <a href=\"http:\/\/www.euregia-leipzig.de\/ticket\">www.euregia-leipzig.de\/ticket<\/a> und dem Passwort <i>multi_eug<\/i> gelangen Sie zu Ihrem erm\u00e4\u00dfigten Ticket.<\/p>\n<p>&nbsp;<\/p>\n","protected":false},"excerpt":{"rendered":"<p>Vom 27. bis 29. Oktober avanciert das Congress Center Leipzig erneut zur europ\u00e4ischen Vordenkerwerkstatt in Sachen grenz\u00fcberschreitende und umweltbewusste Kooperation in Europa. <\/p>\n","protected":false},"author":51,"featured_media":4317,"comment_status":"open","ping_status":"open","sticky":false,"template":"","format":"standard","meta":{"_links_to":"","_links_to_target":""},"categories":[7],"tags":[],"yoast_head":"<!-- This site is optimized with the Yoast SEO plugin v19.10 - https:\/\/yoast.com\/wordpress\/plugins\/seo\/ -->\n<title>&quot;Gute Initiative&quot; - Europ\u00e4ische Vordenker-Werkstatt in Leipzig<\/title>\n<meta name=\"description\" content=\"Vom 27. bis 29. Oktober avanciert das Congress Center Leipzig erneut zur europ\u00e4ischen Vordenkerwerkstatt in Sachen grenz\u00fcberschreitende und umweltbewusste Kooperation in Europa.\" \/>\n<meta name=\"robots\" content=\"index, follow, max-snippet:-1, max-image-preview:large, max-video-preview:-1\" \/>\n<link rel=\"canonical\" href=\"https:\/\/www.naturparkmagazin.de\/vdn\/gute-initiative-europaeische-vordenker-werkstatt-in-leipzig\/\" \/>\n<meta property=\"og:locale\" content=\"de_DE\" \/>\n<meta property=\"og:type\" content=\"article\" \/>\n<meta property=\"og:title\" content=\"&quot;Gute Initiative&quot; - Europ\u00e4ische Vordenker-Werkstatt in Leipzig\" \/>\n<meta property=\"og:description\" content=\"Vom 27. bis 29. Oktober avanciert das Congress Center Leipzig erneut zur europ\u00e4ischen Vordenkerwerkstatt in Sachen grenz\u00fcberschreitende und umweltbewusste Kooperation in Europa.\" \/>\n<meta property=\"og:url\" content=\"https:\/\/www.naturparkmagazin.de\/vdn\/gute-initiative-europaeische-vordenker-werkstatt-in-leipzig\/\" \/>\n<meta property=\"og:site_name\" content=\"Verband Deutscher Naturparke\" \/>\n<meta property=\"article:published_time\" content=\"2014-08-19T13:00:21+00:00\" \/>\n<meta property=\"article:modified_time\" content=\"2014-08-22T14:19:28+00:00\" \/>\n<meta property=\"og:image\" content=\"https:\/\/www.naturparkmagazin.de\/vdn\/wp-content\/uploads\/sites\/3\/pr_euregia_0681_beitragsbild.jpg\" \/>\n\t<meta property=\"og:image:width\" content=\"180\" \/>\n\t<meta property=\"og:image:height\" content=\"135\" \/>\n\t<meta property=\"og:image:type\" content=\"image\/jpeg\" \/>\n<meta name=\"author\" content=\"beatrixlosem\" \/>\n<meta name=\"twitter:label1\" content=\"Verfasst von\" \/>\n\t<meta name=\"twitter:data1\" content=\"beatrixlosem\" \/>\n\t<meta name=\"twitter:label2\" content=\"Gesch\u00e4tzte Lesezeit\" \/>\n\t<meta name=\"twitter:data2\" content=\"1\u00a0Minute\" \/>\n<script type=\"application\/ld+json\" class=\"yoast-schema-graph\">{\"@context\":\"https:\/\/schema.org\",\"@graph\":[{\"@type\":\"WebPage\",\"@id\":\"https:\/\/www.naturparkmagazin.de\/vdn\/gute-initiative-europaeische-vordenker-werkstatt-in-leipzig\/\",\"url\":\"https:\/\/www.naturparkmagazin.de\/vdn\/gute-initiative-europaeische-vordenker-werkstatt-in-leipzig\/\",\"name\":\"\\\"Gute Initiative\\\" - Europ\u00e4ische Vordenker-Werkstatt in Leipzig\",\"isPartOf\":{\"@id\":\"https:\/\/www.naturparkmagazin.de\/vdn\/#website\"},\"datePublished\":\"2014-08-19T13:00:21+00:00\",\"dateModified\":\"2014-08-22T14:19:28+00:00\",\"author\":{\"@id\":\"https:\/\/www.naturparkmagazin.de\/vdn\/#\/schema\/person\/d71357578c318b6db03be60b1f60396b\"},\"description\":\"Vom 27. bis 29. Oktober avanciert das Congress Center Leipzig erneut zur europ\u00e4ischen Vordenkerwerkstatt in Sachen grenz\u00fcberschreitende und umweltbewusste Kooperation in Europa.\",\"breadcrumb\":{\"@id\":\"https:\/\/www.naturparkmagazin.de\/vdn\/gute-initiative-europaeische-vordenker-werkstatt-in-leipzig\/#breadcrumb\"},\"inLanguage\":\"de\",\"potentialAction\":[{\"@type\":\"ReadAction\",\"target\":[\"https:\/\/www.naturparkmagazin.de\/vdn\/gute-initiative-europaeische-vordenker-werkstatt-in-leipzig\/\"]}]},{\"@type\":\"BreadcrumbList\",\"@id\":\"https:\/\/www.naturparkmagazin.de\/vdn\/gute-initiative-europaeische-vordenker-werkstatt-in-leipzig\/#breadcrumb\",\"itemListElement\":[{\"@type\":\"ListItem\",\"position\":1,\"name\":\"Home\",\"item\":\"https:\/\/www.naturparkmagazin.de\/vdn\/\"},{\"@type\":\"ListItem\",\"position\":2,\"name\":\"&#8222;Gute Initiative&#8220; &#8211; Europ\u00e4ische Vordenker-Werkstatt in Leipzig\"}]},{\"@type\":\"WebSite\",\"@id\":\"https:\/\/www.naturparkmagazin.de\/vdn\/#website\",\"url\":\"https:\/\/www.naturparkmagazin.de\/vdn\/\",\"name\":\"Verband Deutscher Naturparke\",\"description\":\"Eine weitere Naturparkmagazin.de Netzwerk Seite\",\"potentialAction\":[{\"@type\":\"SearchAction\",\"target\":{\"@type\":\"EntryPoint\",\"urlTemplate\":\"https:\/\/www.naturparkmagazin.de\/vdn\/?s={search_term_string}\"},\"query-input\":\"required name=search_term_string\"}],\"inLanguage\":\"de\"},{\"@type\":\"Person\",\"@id\":\"https:\/\/www.naturparkmagazin.de\/vdn\/#\/schema\/person\/d71357578c318b6db03be60b1f60396b\",\"name\":\"beatrixlosem\",\"url\":\"https:\/\/www.naturparkmagazin.de\/vdn\/author\/beatrixlosem\/\"}]}<\/script>\n<!-- \/ Yoast SEO plugin. -->","yoast_head_json":{"title":"\"Gute Initiative\" - Europ\u00e4ische Vordenker-Werkstatt in Leipzig","description":"Vom 27. bis 29. Oktober avanciert das Congress Center Leipzig erneut zur europ\u00e4ischen Vordenkerwerkstatt in Sachen grenz\u00fcberschreitende und umweltbewusste Kooperation in Europa.","robots":{"index":"index","follow":"follow","max-snippet":"max-snippet:-1","max-image-preview":"max-image-preview:large","max-video-preview":"max-video-preview:-1"},"canonical":"https:\/\/www.naturparkmagazin.de\/vdn\/gute-initiative-europaeische-vordenker-werkstatt-in-leipzig\/","og_locale":"de_DE","og_type":"article","og_title":"\"Gute Initiative\" - Europ\u00e4ische Vordenker-Werkstatt in Leipzig","og_description":"Vom 27. bis 29. Oktober avanciert das Congress Center Leipzig erneut zur europ\u00e4ischen Vordenkerwerkstatt in Sachen grenz\u00fcberschreitende und umweltbewusste Kooperation in Europa.","og_url":"https:\/\/www.naturparkmagazin.de\/vdn\/gute-initiative-europaeische-vordenker-werkstatt-in-leipzig\/","og_site_name":"Verband Deutscher Naturparke","article_published_time":"2014-08-19T13:00:21+00:00","article_modified_time":"2014-08-22T14:19:28+00:00","og_image":[{"width":180,"height":135,"url":"https:\/\/www.naturparkmagazin.de\/vdn\/wp-content\/uploads\/sites\/3\/pr_euregia_0681_beitragsbild.jpg","type":"image\/jpeg"}],"author":"beatrixlosem","twitter_misc":{"Verfasst von":"beatrixlosem","Gesch\u00e4tzte Lesezeit":"1\u00a0Minute"},"schema":{"@context":"https:\/\/schema.org","@graph":[{"@type":"WebPage","@id":"https:\/\/www.naturparkmagazin.de\/vdn\/gute-initiative-europaeische-vordenker-werkstatt-in-leipzig\/","url":"https:\/\/www.naturparkmagazin.de\/vdn\/gute-initiative-europaeische-vordenker-werkstatt-in-leipzig\/","name":"\"Gute Initiative\" - Europ\u00e4ische Vordenker-Werkstatt in Leipzig","isPartOf":{"@id":"https:\/\/www.naturparkmagazin.de\/vdn\/#website"},"datePublished":"2014-08-19T13:00:21+00:00","dateModified":"2014-08-22T14:19:28+00:00","author":{"@id":"https:\/\/www.naturparkmagazin.de\/vdn\/#\/schema\/person\/d71357578c318b6db03be60b1f60396b"},"description":"Vom 27. bis 29. Oktober avanciert das Congress Center Leipzig erneut zur europ\u00e4ischen Vordenkerwerkstatt in Sachen grenz\u00fcberschreitende und umweltbewusste Kooperation in Europa.","breadcrumb":{"@id":"https:\/\/www.naturparkmagazin.de\/vdn\/gute-initiative-europaeische-vordenker-werkstatt-in-leipzig\/#breadcrumb"},"inLanguage":"de","potentialAction":[{"@type":"ReadAction","target":["https:\/\/www.naturparkmagazin.de\/vdn\/gute-initiative-europaeische-vordenker-werkstatt-in-leipzig\/"]}]},{"@type":"BreadcrumbList","@id":"https:\/\/www.naturparkmagazin.de\/vdn\/gute-initiative-europaeische-vordenker-werkstatt-in-leipzig\/#breadcrumb","itemListElement":[{"@type":"ListItem","position":1,"name":"Home","item":"https:\/\/www.naturparkmagazin.de\/vdn\/"},{"@type":"ListItem","position":2,"name":"&#8222;Gute Initiative&#8220; &#8211; Europ\u00e4ische Vordenker-Werkstatt in Leipzig"}]},{"@type":"WebSite","@id":"https:\/\/www.naturparkmagazin.de\/vdn\/#website","url":"https:\/\/www.naturparkmagazin.de\/vdn\/","name":"Verband Deutscher Naturparke","description":"Eine weitere Naturparkmagazin.de Netzwerk Seite","potentialAction":[{"@type":"SearchAction","target":{"@type":"EntryPoint","urlTemplate":"https:\/\/www.naturparkmagazin.de\/vdn\/?s={search_term_string}"},"query-input":"required name=search_term_string"}],"inLanguage":"de"},{"@type":"Person","@id":"https:\/\/www.naturparkmagazin.de\/vdn\/#\/schema\/person\/d71357578c318b6db03be60b1f60396b","name":"beatrixlosem","url":"https:\/\/www.naturparkmagazin.de\/vdn\/author\/beatrixlosem\/"}]}},"_links":{"self":[{"href":"https:\/\/www.naturparkmagazin.de\/vdn\/wp-json\/wp\/v2\/posts\/4313"}],"collection":[{"href":"https:\/\/www.naturparkmagazin.de\/vdn\/wp-json\/wp\/v2\/posts"}],"about":[{"href":"https:\/\/www.naturparkmagazin.de\/vdn\/wp-json\/wp\/v2\/types\/post"}],"author":[{"embeddable":true,"href":"https:\/\/www.naturparkmagazin.de\/vdn\/wp-json\/wp\/v2\/users\/51"}],"replies":[{"embeddable":true,"href":"https:\/\/www.naturparkmagazin.de\/vdn\/wp-json\/wp\/v2\/comments?post=4313"}],"version-history":[{"count":3,"href":"https:\/\/www.naturparkmagazin.de\/vdn\/wp-json\/wp\/v2\/posts\/4313\/revisions"}],"predecessor-version":[{"id":4318,"href":"https:\/\/www.naturparkmagazin.de\/vdn\/wp-json\/wp\/v2\/posts\/4313\/revisions\/4318"}],"wp:featuredmedia":[{"embeddable":true,"href":"https:\/\/www.naturparkmagazin.de\/vdn\/wp-json\/wp\/v2\/media\/4317"}],"wp:attachment":[{"href":"https:\/\/www.naturparkmagazin.de\/vdn\/wp-json\/wp\/v2\/media?parent=4313"}],"wp:term":[{"taxonomy":"category","embeddable":true,"href":"https:\/\/www.naturparkmagazin.de\/vdn\/wp-json\/wp\/v2\/categories?post=4313"},{"taxonomy":"post_tag","embeddable":true,"href":"https:\/\/www.naturparkmagazin.de\/vdn\/wp-json\/wp\/v2\/tags?post=4313"}],"curies":[{"name":"wp","href":"https:\/\/api.w.org\/{rel}","templated":true}]}}