{"id":4380,"date":"2014-09-18T09:48:23","date_gmt":"2014-09-18T07:48:23","guid":{"rendered":"http:\/\/www.naturparkmagazin.de\/vdn\/?p=4380"},"modified":"2014-09-24T12:42:09","modified_gmt":"2014-09-24T10:42:09","slug":"damwildbraten-aus-dem-naturpark-spessart","status":"publish","type":"post","link":"https:\/\/www.naturparkmagazin.de\/vdn\/damwildbraten-aus-dem-naturpark-spessart\/","title":{"rendered":"Damwildbraten aus dem Naturpark Spessart"},"content":{"rendered":"<div id=\"attachment_4381\" style=\"width: 510px\" class=\"wp-caption aligncenter\"><a href=\"https:\/\/www.naturparkmagazin.de\/vdn\/wp-content\/uploads\/sites\/3\/\u00a9-K.-U.-H\u00e4\u00dfler-Fotolia.com-Beitrag.jpg\"><img aria-describedby=\"caption-attachment-4381\" decoding=\"async\" loading=\"lazy\" class=\"size-full wp-image-4381\" alt=\"Copyright: K. U. H\u00e4\u00dfler - Fotolia.com\" src=\"https:\/\/www.naturparkmagazin.de\/vdn\/wp-content\/uploads\/sites\/3\/\u00a9-K.-U.-H\u00e4\u00dfler-Fotolia.com-Beitrag.jpg\" width=\"500\" height=\"300\" srcset=\"https:\/\/www.naturparkmagazin.de\/vdn\/wp-content\/uploads\/sites\/3\/\u00a9-K.-U.-H\u00e4\u00dfler-Fotolia.com-Beitrag.jpg 500w, https:\/\/www.naturparkmagazin.de\/vdn\/wp-content\/uploads\/sites\/3\/\u00a9-K.-U.-H\u00e4\u00dfler-Fotolia.com-Beitrag-300x180.jpg 300w, https:\/\/www.naturparkmagazin.de\/vdn\/wp-content\/uploads\/sites\/3\/\u00a9-K.-U.-H\u00e4\u00dfler-Fotolia.com-Beitrag-200x120.jpg 200w\" sizes=\"(max-width: 500px) 100vw, 500px\" \/><\/a><p id=\"caption-attachment-4381\" class=\"wp-caption-text\">Copyright: K. U. H\u00e4\u00dfler &#8211; Fotolia.com<\/p><\/div>\n<h1>Damwildbraten<\/h1>\n<p><span style=\"color: #008000\"><em><strong>Zutaten:<\/strong><\/em><\/span><\/p>\n<p><span style=\"color: #008000\"><em>2 kg Damwild<\/em><\/span><\/p>\n<div>\n<p><span style=\"color: #008000\"><em>Wildknochen gehackt, Schweine- oder G\u00e4nseschmalz zum Anbraten<\/em><\/span><\/p>\n<p><span style=\"color: #008000\"><em>3 Zwiebeln<\/em><\/span><\/p>\n<p><span style=\"color: #008000\"><em>1 Karotte<\/em><\/span><\/p>\n<p><span style=\"color: #008000\"><em>etwas Sellerie<\/em><\/span><\/p>\n<p><span style=\"color: #008000\"><em>1 Knoblauchzehe<\/em><\/span><\/p>\n<p><span style=\"color: #008000\"><em>3 El Tomatenmark oder einige frische Tomaten aus dem Garten<\/em><\/span><\/p>\n<p><span style=\"color: #008000\"><em>0,5 l Rotwein<\/em><\/span><\/p>\n<p><span style=\"color: #008000\"><em>1 \u2013 1,5 l Br\u00fche zum Auff\u00fcllen und Abl\u00f6schen<\/em><\/span><\/p>\n<p><span style=\"color: #008000\"><em>Wildgew\u00fcrz gemahlen, Salz und Pfeffer<\/em><\/span><\/p>\n<p><span style=\"color: #008000\"><em>1 EL Preiselbeeren<\/em><\/span><\/p>\n<p><span style=\"color: #008000\"><em>Speisest\u00e4rke<\/em><\/span><\/p>\n<p>&nbsp;<\/p>\n<p><em><strong><span style=\"color: #008000\">Gew\u00fcrze f\u00fcr die So\u00dfe (im M\u00f6rser zersto\u00dfen):<\/span><\/strong><\/em><\/p>\n<p><em><span style=\"color: #008000\">1 El Wacholderbeeren<\/span><\/em><\/p>\n<p><em><span style=\"color: #008000\">1 Lorbeerblatt<\/span><\/em><\/p>\n<p><em><span style=\"color: #008000\">3 Pimentk\u00f6rner<\/span><\/em><\/p>\n<p><em><span style=\"color: #008000\">1 E. Pfefferk\u00f6rner<\/span><\/em><\/p>\n<p><em><span style=\"color: #008000\">1 Nelke<\/span><\/em><\/p>\n<p><em><span style=\"color: #008000\">2 Scheiben ger\u00e4ucherter Schweinespeck<\/span><\/em><\/p>\n<p>&nbsp;<\/p>\n<p>Damwild mit Salz und Pfeffer w\u00fcrzen und \u00fcber Nacht kaltstellen.<\/p>\n<p>Schmalz im Br\u00e4ter erhitzen und Fleisch darin anbraten. Gleichzeitig die Knochen darin mitr\u00f6sten. Fleisch herausnehmen und beiseite legen. Knochen mit Zwiebeln und Karotten weiter r\u00f6sten bis sie rundherum sch\u00f6n braun sind. Tomatenmark zugeben und kurz mit anschwitzen, Gew\u00fcrze zugeben. Mit der H\u00e4lfte des Rotweins abl\u00f6schen und dabei gut durchr\u00fchren, Fond reduzieren lassen. Das Abl\u00f6schen mit dem Rest des Rotweines und noch zwei- bis dreimal mit etwas Br\u00fche wiederholen. Restliche Br\u00fche aufgie\u00dfen.<\/p>\n<p>Fleisch einlegen und die Oberseite mit gemahlenem Wildgew\u00fcrz einreiben. Mit dem Speck belegen und ins vorgeheizte Rohr schieben. Die Hitze sollte nur so hoch sein, dass der Bratenfond nur leicht k\u00f6chelt (ca. 120-130 \u00b0 C). W\u00e4hren des Bratvorganges das Fleisch ab und zu wenden, evtl. etwas Fl\u00fcssigkeit zugeben. Nach etwa 2,5 bis 3 Std. den Braten herausnehmen und warmstellen. Den Bratenfond durch ein Sieb abseihen. St\u00e4rke in etwas kaltem Wasser einr\u00fchren. Langsam zum Fond unterr\u00fchren und die So\u00dfe abschmecken.<\/p>\n<p>Als Beilagen eignen sich Kartoffelkl\u00f6\u00dfe und Blaukraut, Wei\u00dfweinbirne und Preiselbeeren.<\/p>\n<p>&nbsp;<\/p>\n<p>Guten Appetit w\u00fcnscht Ihnen<\/p>\n<p><a href=\"https:\/\/www.naturparkmagazin.de\/vdn\/wp-content\/uploads\/sites\/3\/Wirth.jpg\"><img decoding=\"async\" loading=\"lazy\" class=\"size-full wp-image-4461 alignleft\" alt=\"Copyright: Horst Wirth\" src=\"https:\/\/www.naturparkmagazin.de\/vdn\/wp-content\/uploads\/sites\/3\/Wirth.jpg\" width=\"139\" height=\"113\" srcset=\"https:\/\/www.naturparkmagazin.de\/vdn\/wp-content\/uploads\/sites\/3\/Wirth.jpg 220w, https:\/\/www.naturparkmagazin.de\/vdn\/wp-content\/uploads\/sites\/3\/Wirth-200x164.jpg 200w\" sizes=\"(max-width: 139px) 100vw, 139px\" \/><\/a><\/p>\n<p>Horst Wirth\nK\u00fcchenchef des Gasthauses &#8222;Zum Hirschen&#8220; in Rieneck im Naturpark Spessart<\/p>\n<p>&nbsp;<\/p>\n<p>&nbsp;<\/p>\n<p>&nbsp;<\/p>\n<p>&nbsp;<\/p>\n<p>&nbsp;<\/p>\n<p>&nbsp;<\/p>\n<p><strong>Die &#8222;Frische aus Main-Spessart&#8220;<\/strong><\/p>\n<p><em>In der Initiative &#8222;Frische aus Main-Spessart&#8220; haben sich vor 12 Jahren 10 Gastronomen sowie 40 Erzeuger und Selbstvermarktern aus dem Landkreis Main-Spessart zusammengeschlossen. Die Mitgliedsbetriebe legen sehr viel Wert auf regionale Produkte und arbeiten bei der Vermarktung eng zusammen. Die Gastronomen beziehen daher Obst und Gem\u00fcse, Fleisch, Fisch sowie das Getreide f\u00fcr hausgemachte Teigwaren und Brote direkt von ihren Partnerbetrieben im Landkreis. Auch\u00a0 Weine, Br\u00e4nde und Lik\u00f6re werden \u00fcberweigend von regionalen Winzern und Brennern bezogen, und das Wild stammt nat\u00fcrlich aus den W\u00e4ldern des Spessarts.<\/em><\/p>\n<p><em>Die idyllisch gelegenen Landgasth\u00f6fe der Initiative bieten auf ihren Speisekarten neben der typisch fr\u00e4nkischen Hausmannskost auch raffinierte Gerichte aus aller Welt und konmbinieren dabei Exotisches mit dem fr\u00e4nkisch Vertrauten. Bereits seit mehrern Jahren wird regelm\u00e4\u00dfg eine &#8222;<a href=\"http:\/\/www.frische-aus-msp.de\/kulinarische-reise.html\">Kulinarische Reise<\/a>&#8220; angeboten, bei der die Gastwirte ihre Besucher mit heimischen, aber auch mit nationalen und internationalen Gerichten verw\u00f6hnen. Dieses Jahr steht eine kulinarische Deutschlandreise auf dem Progamm, die bei Einheimischen wie Besuchern gleicherma\u00dfen gut ankommt. Die besten Rezepte wurden \u00fcbrigens in einem <a title=\"Kochbuch\" href=\"http:\/\/www.frische-aus-msp.de\/aktuelles.28\/items\/zum-10-jaehrigen-jubilaeum-ein-kochbuch.html\" target=\"_blank\">Kochbuch<\/a> zusammengestellt, welches beim Verlag <a title=\"Limosa Verlag\" href=\"http:\/\/www.limosa.de\" target=\"_blank\">Limosa<\/a> erh\u00e4ltlich ist.<\/em><\/p>\n<p><em>Wenn auch Sie sich in einem dieser Landgasth\u00f6fe kulinarisch verzaubern lassen wollen oder frische Produkte aus der Region direkt beim Erzeuger kaufen m\u00f6chten, dann finden Sie auf der <a href=\"http:\/\/www.frische-aus-msp.de\" target=\"_blank\">Webseite <\/a>der &#8222;Frische aus Main-Spessart&#8220; Adressen und Termine.<\/em><\/p>\n<p>&nbsp;<\/p>\n<p>&nbsp;<\/p>\n<\/div>\n","protected":false},"excerpt":{"rendered":"<p>Im Oktober stellen wir Ihnen zu Beginn der Wildsaison ein Rezept von Horst Wirth, K\u00fcchenchef des Gasthauses &#8222;Zum Hirschen&#8220; in Rieneck im Naturpark Spessart, vor. Wirth ist Mitbegr\u00fcnder der Initiative &#8222;Frische aus Main-Spessart&#8220;, in der sich Gastronomen sowie Erzeuger und Selbstvermarkter zusammengeschlossen haben. In den angeschlossenen Gastronomiebetrieben werden nur Produkte aus der Region und Wild aus den W\u00e4ldern des Spessarts verarbeitet.<\/p>\n","protected":false},"author":14,"featured_media":4382,"comment_status":"open","ping_status":"open","sticky":false,"template":"","format":"standard","meta":{"_links_to":"","_links_to_target":""},"categories":[14],"tags":[186,81,3154,83,41],"yoast_head":"<!-- This site is optimized with the Yoast SEO plugin v19.10 - https:\/\/yoast.com\/wordpress\/plugins\/seo\/ -->\n<title>Damwildbraten aus dem Naturpark Spessart<\/title>\n<meta name=\"description\" content=\"Im Oktober stellen wir Ihnen zu Beginn der Wildsaison ein Rezept von Horst Wirth, K\u00fcchenchef des Gasthauses &quot;Zum Hirschen&quot; in Rieneck im Naturpark Spessart, vor. Wirth ist Mitbegr\u00fcnder der Initiative &quot;Frische aus Main-Spessart&quot;, in der sich Gastronomen sowie Erzeuger und Selbstvermarkter zusammengeschlossen haben. In den angeschlossenen Gastronomiebetrieben werden nur Produkte aus der Region und Wild aus den W\u00e4ldern des Spessarts verarbeitet.\" \/>\n<meta name=\"robots\" content=\"index, follow, max-snippet:-1, max-image-preview:large, max-video-preview:-1\" \/>\n<link rel=\"canonical\" href=\"https:\/\/www.naturparkmagazin.de\/vdn\/damwildbraten-aus-dem-naturpark-spessart\/\" \/>\n<meta property=\"og:locale\" content=\"de_DE\" \/>\n<meta property=\"og:type\" content=\"article\" \/>\n<meta property=\"og:title\" content=\"Damwildbraten aus dem Naturpark Spessart\" \/>\n<meta property=\"og:description\" content=\"Im Oktober stellen wir Ihnen zu Beginn der Wildsaison ein Rezept von Horst Wirth, K\u00fcchenchef des Gasthauses &quot;Zum Hirschen&quot; in Rieneck im Naturpark Spessart, vor. Wirth ist Mitbegr\u00fcnder der Initiative &quot;Frische aus Main-Spessart&quot;, in der sich Gastronomen sowie Erzeuger und Selbstvermarkter zusammengeschlossen haben. In den angeschlossenen Gastronomiebetrieben werden nur Produkte aus der Region und Wild aus den W\u00e4ldern des Spessarts verarbeitet.\" \/>\n<meta property=\"og:url\" content=\"https:\/\/www.naturparkmagazin.de\/vdn\/damwildbraten-aus-dem-naturpark-spessart\/\" \/>\n<meta property=\"og:site_name\" content=\"Verband Deutscher Naturparke\" \/>\n<meta property=\"article:published_time\" content=\"2014-09-18T07:48:23+00:00\" \/>\n<meta property=\"article:modified_time\" content=\"2014-09-24T10:42:09+00:00\" \/>\n<meta property=\"og:image\" content=\"https:\/\/www.naturparkmagazin.de\/vdn\/wp-content\/uploads\/sites\/3\/\u00a9-K.-U.-H\u00e4\u00dfler-Fotolia.com-Beitragsbild.jpg\" \/>\n\t<meta property=\"og:image:width\" content=\"180\" \/>\n\t<meta property=\"og:image:height\" content=\"135\" \/>\n\t<meta property=\"og:image:type\" content=\"image\/jpeg\" \/>\n<meta name=\"author\" content=\"vdnnational\" \/>\n<meta name=\"twitter:label1\" content=\"Verfasst von\" \/>\n\t<meta name=\"twitter:data1\" content=\"vdnnational\" \/>\n\t<meta name=\"twitter:label2\" content=\"Gesch\u00e4tzte Lesezeit\" \/>\n\t<meta name=\"twitter:data2\" content=\"3\u00a0Minuten\" \/>\n<script type=\"application\/ld+json\" class=\"yoast-schema-graph\">{\"@context\":\"https:\/\/schema.org\",\"@graph\":[{\"@type\":\"WebPage\",\"@id\":\"https:\/\/www.naturparkmagazin.de\/vdn\/damwildbraten-aus-dem-naturpark-spessart\/\",\"url\":\"https:\/\/www.naturparkmagazin.de\/vdn\/damwildbraten-aus-dem-naturpark-spessart\/\",\"name\":\"Damwildbraten aus dem Naturpark Spessart\",\"isPartOf\":{\"@id\":\"https:\/\/www.naturparkmagazin.de\/vdn\/#website\"},\"datePublished\":\"2014-09-18T07:48:23+00:00\",\"dateModified\":\"2014-09-24T10:42:09+00:00\",\"author\":{\"@id\":\"https:\/\/www.naturparkmagazin.de\/vdn\/#\/schema\/person\/e28d931df83318a48d52ae72b08d2bfb\"},\"description\":\"Im Oktober stellen wir Ihnen zu Beginn der Wildsaison ein Rezept von Horst Wirth, K\u00fcchenchef des Gasthauses \\\"Zum Hirschen\\\" in Rieneck im Naturpark Spessart, vor. Wirth ist Mitbegr\u00fcnder der Initiative \\\"Frische aus Main-Spessart\\\", in der sich Gastronomen sowie Erzeuger und Selbstvermarkter zusammengeschlossen haben. In den angeschlossenen Gastronomiebetrieben werden nur Produkte aus der Region und Wild aus den W\u00e4ldern des Spessarts verarbeitet.\",\"breadcrumb\":{\"@id\":\"https:\/\/www.naturparkmagazin.de\/vdn\/damwildbraten-aus-dem-naturpark-spessart\/#breadcrumb\"},\"inLanguage\":\"de\",\"potentialAction\":[{\"@type\":\"ReadAction\",\"target\":[\"https:\/\/www.naturparkmagazin.de\/vdn\/damwildbraten-aus-dem-naturpark-spessart\/\"]}]},{\"@type\":\"BreadcrumbList\",\"@id\":\"https:\/\/www.naturparkmagazin.de\/vdn\/damwildbraten-aus-dem-naturpark-spessart\/#breadcrumb\",\"itemListElement\":[{\"@type\":\"ListItem\",\"position\":1,\"name\":\"Home\",\"item\":\"https:\/\/www.naturparkmagazin.de\/vdn\/\"},{\"@type\":\"ListItem\",\"position\":2,\"name\":\"Damwildbraten aus dem Naturpark Spessart\"}]},{\"@type\":\"WebSite\",\"@id\":\"https:\/\/www.naturparkmagazin.de\/vdn\/#website\",\"url\":\"https:\/\/www.naturparkmagazin.de\/vdn\/\",\"name\":\"Verband Deutscher Naturparke\",\"description\":\"Eine weitere Naturparkmagazin.de Netzwerk Seite\",\"potentialAction\":[{\"@type\":\"SearchAction\",\"target\":{\"@type\":\"EntryPoint\",\"urlTemplate\":\"https:\/\/www.naturparkmagazin.de\/vdn\/?s={search_term_string}\"},\"query-input\":\"required name=search_term_string\"}],\"inLanguage\":\"de\"},{\"@type\":\"Person\",\"@id\":\"https:\/\/www.naturparkmagazin.de\/vdn\/#\/schema\/person\/e28d931df83318a48d52ae72b08d2bfb\",\"name\":\"vdnnational\",\"url\":\"https:\/\/www.naturparkmagazin.de\/vdn\/author\/vdnnational\/\"}]}<\/script>\n<!-- \/ Yoast SEO plugin. -->","yoast_head_json":{"title":"Damwildbraten aus dem Naturpark Spessart","description":"Im Oktober stellen wir Ihnen zu Beginn der Wildsaison ein Rezept von Horst Wirth, K\u00fcchenchef des Gasthauses \"Zum Hirschen\" in Rieneck im Naturpark Spessart, vor. Wirth ist Mitbegr\u00fcnder der Initiative \"Frische aus Main-Spessart\", in der sich Gastronomen sowie Erzeuger und Selbstvermarkter zusammengeschlossen haben. In den angeschlossenen Gastronomiebetrieben werden nur Produkte aus der Region und Wild aus den W\u00e4ldern des Spessarts verarbeitet.","robots":{"index":"index","follow":"follow","max-snippet":"max-snippet:-1","max-image-preview":"max-image-preview:large","max-video-preview":"max-video-preview:-1"},"canonical":"https:\/\/www.naturparkmagazin.de\/vdn\/damwildbraten-aus-dem-naturpark-spessart\/","og_locale":"de_DE","og_type":"article","og_title":"Damwildbraten aus dem Naturpark Spessart","og_description":"Im Oktober stellen wir Ihnen zu Beginn der Wildsaison ein Rezept von Horst Wirth, K\u00fcchenchef des Gasthauses \"Zum Hirschen\" in Rieneck im Naturpark Spessart, vor. Wirth ist Mitbegr\u00fcnder der Initiative \"Frische aus Main-Spessart\", in der sich Gastronomen sowie Erzeuger und Selbstvermarkter zusammengeschlossen haben. In den angeschlossenen Gastronomiebetrieben werden nur Produkte aus der Region und Wild aus den W\u00e4ldern des Spessarts verarbeitet.","og_url":"https:\/\/www.naturparkmagazin.de\/vdn\/damwildbraten-aus-dem-naturpark-spessart\/","og_site_name":"Verband Deutscher Naturparke","article_published_time":"2014-09-18T07:48:23+00:00","article_modified_time":"2014-09-24T10:42:09+00:00","og_image":[{"width":180,"height":135,"url":"https:\/\/www.naturparkmagazin.de\/vdn\/wp-content\/uploads\/sites\/3\/\u00a9-K.-U.-H\u00e4\u00dfler-Fotolia.com-Beitragsbild.jpg","type":"image\/jpeg"}],"author":"vdnnational","twitter_misc":{"Verfasst von":"vdnnational","Gesch\u00e4tzte Lesezeit":"3\u00a0Minuten"},"schema":{"@context":"https:\/\/schema.org","@graph":[{"@type":"WebPage","@id":"https:\/\/www.naturparkmagazin.de\/vdn\/damwildbraten-aus-dem-naturpark-spessart\/","url":"https:\/\/www.naturparkmagazin.de\/vdn\/damwildbraten-aus-dem-naturpark-spessart\/","name":"Damwildbraten aus dem Naturpark Spessart","isPartOf":{"@id":"https:\/\/www.naturparkmagazin.de\/vdn\/#website"},"datePublished":"2014-09-18T07:48:23+00:00","dateModified":"2014-09-24T10:42:09+00:00","author":{"@id":"https:\/\/www.naturparkmagazin.de\/vdn\/#\/schema\/person\/e28d931df83318a48d52ae72b08d2bfb"},"description":"Im Oktober stellen wir Ihnen zu Beginn der Wildsaison ein Rezept von Horst Wirth, K\u00fcchenchef des Gasthauses \"Zum Hirschen\" in Rieneck im Naturpark Spessart, vor. Wirth ist Mitbegr\u00fcnder der Initiative \"Frische aus Main-Spessart\", in der sich Gastronomen sowie Erzeuger und Selbstvermarkter zusammengeschlossen haben. In den angeschlossenen Gastronomiebetrieben werden nur Produkte aus der Region und Wild aus den W\u00e4ldern des Spessarts verarbeitet.","breadcrumb":{"@id":"https:\/\/www.naturparkmagazin.de\/vdn\/damwildbraten-aus-dem-naturpark-spessart\/#breadcrumb"},"inLanguage":"de","potentialAction":[{"@type":"ReadAction","target":["https:\/\/www.naturparkmagazin.de\/vdn\/damwildbraten-aus-dem-naturpark-spessart\/"]}]},{"@type":"BreadcrumbList","@id":"https:\/\/www.naturparkmagazin.de\/vdn\/damwildbraten-aus-dem-naturpark-spessart\/#breadcrumb","itemListElement":[{"@type":"ListItem","position":1,"name":"Home","item":"https:\/\/www.naturparkmagazin.de\/vdn\/"},{"@type":"ListItem","position":2,"name":"Damwildbraten aus dem Naturpark Spessart"}]},{"@type":"WebSite","@id":"https:\/\/www.naturparkmagazin.de\/vdn\/#website","url":"https:\/\/www.naturparkmagazin.de\/vdn\/","name":"Verband Deutscher Naturparke","description":"Eine weitere Naturparkmagazin.de Netzwerk Seite","potentialAction":[{"@type":"SearchAction","target":{"@type":"EntryPoint","urlTemplate":"https:\/\/www.naturparkmagazin.de\/vdn\/?s={search_term_string}"},"query-input":"required name=search_term_string"}],"inLanguage":"de"},{"@type":"Person","@id":"https:\/\/www.naturparkmagazin.de\/vdn\/#\/schema\/person\/e28d931df83318a48d52ae72b08d2bfb","name":"vdnnational","url":"https:\/\/www.naturparkmagazin.de\/vdn\/author\/vdnnational\/"}]}},"_links":{"self":[{"href":"https:\/\/www.naturparkmagazin.de\/vdn\/wp-json\/wp\/v2\/posts\/4380"}],"collection":[{"href":"https:\/\/www.naturparkmagazin.de\/vdn\/wp-json\/wp\/v2\/posts"}],"about":[{"href":"https:\/\/www.naturparkmagazin.de\/vdn\/wp-json\/wp\/v2\/types\/post"}],"author":[{"embeddable":true,"href":"https:\/\/www.naturparkmagazin.de\/vdn\/wp-json\/wp\/v2\/users\/14"}],"replies":[{"embeddable":true,"href":"https:\/\/www.naturparkmagazin.de\/vdn\/wp-json\/wp\/v2\/comments?post=4380"}],"version-history":[{"count":12,"href":"https:\/\/www.naturparkmagazin.de\/vdn\/wp-json\/wp\/v2\/posts\/4380\/revisions"}],"predecessor-version":[{"id":4385,"href":"https:\/\/www.naturparkmagazin.de\/vdn\/wp-json\/wp\/v2\/posts\/4380\/revisions\/4385"}],"wp:featuredmedia":[{"embeddable":true,"href":"https:\/\/www.naturparkmagazin.de\/vdn\/wp-json\/wp\/v2\/media\/4382"}],"wp:attachment":[{"href":"https:\/\/www.naturparkmagazin.de\/vdn\/wp-json\/wp\/v2\/media?parent=4380"}],"wp:term":[{"taxonomy":"category","embeddable":true,"href":"https:\/\/www.naturparkmagazin.de\/vdn\/wp-json\/wp\/v2\/categories?post=4380"},{"taxonomy":"post_tag","embeddable":true,"href":"https:\/\/www.naturparkmagazin.de\/vdn\/wp-json\/wp\/v2\/tags?post=4380"}],"curies":[{"name":"wp","href":"https:\/\/api.w.org\/{rel}","templated":true}]}}