{"id":4389,"date":"2014-09-18T08:06:52","date_gmt":"2014-09-18T06:06:52","guid":{"rendered":"http:\/\/www.naturparkmagazin.de\/vdn\/?p=4389"},"modified":"2014-09-30T11:40:22","modified_gmt":"2014-09-30T09:40:22","slug":"blanc-de-noir-vom-weingut-pflueger-aus-dem-naturpark-pfaelzerwald","status":"publish","type":"post","link":"https:\/\/www.naturparkmagazin.de\/vdn\/blanc-de-noir-vom-weingut-pflueger-aus-dem-naturpark-pfaelzerwald\/","title":{"rendered":"Blanc de Noir vom Weingut Pfl\u00fcger aus dem Naturpark Pf\u00e4lzerwald"},"content":{"rendered":"<div id=\"attachment_4390\" style=\"width: 510px\" class=\"wp-caption aligncenter\"><a href=\"https:\/\/www.naturparkmagazin.de\/vdn\/wp-content\/uploads\/sites\/3\/Blanc-de-Noir-Monatsaktion-11-2014-500x300.jpg\"><img aria-describedby=\"caption-attachment-4390\" decoding=\"async\" loading=\"lazy\" class=\"size-full wp-image-4390 \" title=\"Blanc de Noir, Copyright: Naturgenuss GmbH\" alt=\"Blanc de Noir, Copyright: Naturgenuss GmbH\" src=\"https:\/\/www.naturparkmagazin.de\/vdn\/wp-content\/uploads\/sites\/3\/Blanc-de-Noir-Monatsaktion-11-2014-500x300.jpg\" width=\"500\" height=\"300\" srcset=\"https:\/\/www.naturparkmagazin.de\/vdn\/wp-content\/uploads\/sites\/3\/Blanc-de-Noir-Monatsaktion-11-2014-500x300.jpg 500w, https:\/\/www.naturparkmagazin.de\/vdn\/wp-content\/uploads\/sites\/3\/Blanc-de-Noir-Monatsaktion-11-2014-500x300-300x180.jpg 300w, https:\/\/www.naturparkmagazin.de\/vdn\/wp-content\/uploads\/sites\/3\/Blanc-de-Noir-Monatsaktion-11-2014-500x300-200x120.jpg 200w\" sizes=\"(max-width: 500px) 100vw, 500px\" \/><\/a><p id=\"caption-attachment-4390\" class=\"wp-caption-text\">Blanc de Noir, Copyright: Naturgenuss GmbH<\/p><\/div>\n<p>Das Produkt des Monats im Oktober\u00a0 ist der Wein Blanc de Noir vom Weingut Pfl\u00fcger\u00a0 aus dem Naturpark Pf\u00e4lzerwald.<\/p>\n<p>Ein wei\u00dfgekelterter \u00a0Klassiker vom Sp\u00e4tburgunder und Schwarzriesling. Er zeichnet sich aus durch \u00a0feinduftige Ankl\u00e4nge von Pfirsich- und Quittenaromen, untermalt von einer herrlich frischen Fruchtigkeit. Der Blanc de Noir passt gut zu knackigen Salaten und leckeren\u00a0 Antipasti-Speisen.<\/p>\n<p><strong>Das Weingut Pfl\u00fcger<\/strong><b>\u00a0 <\/b>hat es sich zur Aufgabe gemacht, die Weine<b> <\/b>mit der Natur zu erzeugen und nicht gegen sie. Bei der Produktion wird auf Sch\u00f6nungen, Enzyme, Aromahefen und dergleichen verzichtet.<\/p>\n<p>Der Wein aus dem Naturpark Pf\u00e4lzerwald, sowie viele weitere Spezialit\u00e4ten aus Naturparken k\u00f6nnen Sie im <a href=\"http:\/\/www.naturpark-spezialitaeten.de\/\" target=\"_blank\">Naturpark-Spezialit\u00e4ten-Shop <\/a>bestellen.<\/p>\n<p>&nbsp;<\/p>\n<p>&nbsp;<\/p>\n","protected":false},"excerpt":{"rendered":"<p>Passent zur Weinlese pr\u00e4sentieren wir Ihnen im Oktober einen wei\u00dfgekelterten  Klassiker vom Sp\u00e4tburgunder und Schwarzriesling aus dem Naturpark Pf\u00e4lzerwald.<\/p>\n","protected":false},"author":14,"featured_media":4391,"comment_status":"open","ping_status":"open","sticky":false,"template":"","format":"standard","meta":{"_links_to":"","_links_to_target":""},"categories":[13],"tags":[186,81,209,41],"yoast_head":"<!-- This site is optimized with the Yoast SEO plugin v19.10 - https:\/\/yoast.com\/wordpress\/plugins\/seo\/ -->\n<title>Blanc de Noir vom Weingut Pfl\u00fcger aus dem Naturpark Pf\u00e4lzerwald<\/title>\n<meta name=\"description\" content=\"Passent zur Weinlese pr\u00e4sentieren wir Ihnen im Oktober einen wei\u00dfgekelterten Klassiker vom Sp\u00e4tburgunder und Schwarzriesling aus dem Naturpark Pf\u00e4lzerwald.\" \/>\n<meta name=\"robots\" content=\"index, follow, max-snippet:-1, max-image-preview:large, max-video-preview:-1\" \/>\n<link rel=\"canonical\" href=\"https:\/\/www.naturparkmagazin.de\/vdn\/blanc-de-noir-vom-weingut-pflueger-aus-dem-naturpark-pfaelzerwald\/\" \/>\n<meta property=\"og:locale\" content=\"de_DE\" \/>\n<meta property=\"og:type\" content=\"article\" \/>\n<meta property=\"og:title\" content=\"Blanc de Noir vom Weingut Pfl\u00fcger aus dem Naturpark Pf\u00e4lzerwald\" \/>\n<meta property=\"og:description\" content=\"Passent zur Weinlese pr\u00e4sentieren wir Ihnen im Oktober einen wei\u00dfgekelterten Klassiker vom Sp\u00e4tburgunder und Schwarzriesling aus dem Naturpark Pf\u00e4lzerwald.\" \/>\n<meta property=\"og:url\" content=\"https:\/\/www.naturparkmagazin.de\/vdn\/blanc-de-noir-vom-weingut-pflueger-aus-dem-naturpark-pfaelzerwald\/\" \/>\n<meta property=\"og:site_name\" content=\"Verband Deutscher Naturparke\" \/>\n<meta property=\"article:published_time\" content=\"2014-09-18T06:06:52+00:00\" \/>\n<meta property=\"article:modified_time\" content=\"2014-09-30T09:40:22+00:00\" \/>\n<meta property=\"og:image\" content=\"https:\/\/www.naturparkmagazin.de\/vdn\/wp-content\/uploads\/sites\/3\/Blanc-de-Noir-Monatsaktion-11-2014-180x135.jpg\" \/>\n\t<meta property=\"og:image:width\" content=\"180\" \/>\n\t<meta property=\"og:image:height\" content=\"135\" \/>\n\t<meta property=\"og:image:type\" content=\"image\/jpeg\" \/>\n<meta name=\"author\" content=\"vdnnational\" \/>\n<meta name=\"twitter:label1\" content=\"Verfasst von\" \/>\n\t<meta name=\"twitter:data1\" content=\"vdnnational\" \/>\n\t<meta name=\"twitter:label2\" content=\"Gesch\u00e4tzte Lesezeit\" \/>\n\t<meta name=\"twitter:data2\" content=\"1\u00a0Minute\" \/>\n<script type=\"application\/ld+json\" class=\"yoast-schema-graph\">{\"@context\":\"https:\/\/schema.org\",\"@graph\":[{\"@type\":\"WebPage\",\"@id\":\"https:\/\/www.naturparkmagazin.de\/vdn\/blanc-de-noir-vom-weingut-pflueger-aus-dem-naturpark-pfaelzerwald\/\",\"url\":\"https:\/\/www.naturparkmagazin.de\/vdn\/blanc-de-noir-vom-weingut-pflueger-aus-dem-naturpark-pfaelzerwald\/\",\"name\":\"Blanc de Noir vom Weingut Pfl\u00fcger aus dem Naturpark Pf\u00e4lzerwald\",\"isPartOf\":{\"@id\":\"https:\/\/www.naturparkmagazin.de\/vdn\/#website\"},\"datePublished\":\"2014-09-18T06:06:52+00:00\",\"dateModified\":\"2014-09-30T09:40:22+00:00\",\"author\":{\"@id\":\"https:\/\/www.naturparkmagazin.de\/vdn\/#\/schema\/person\/e28d931df83318a48d52ae72b08d2bfb\"},\"description\":\"Passent zur Weinlese pr\u00e4sentieren wir Ihnen im Oktober einen wei\u00dfgekelterten Klassiker vom Sp\u00e4tburgunder und Schwarzriesling aus dem Naturpark Pf\u00e4lzerwald.\",\"breadcrumb\":{\"@id\":\"https:\/\/www.naturparkmagazin.de\/vdn\/blanc-de-noir-vom-weingut-pflueger-aus-dem-naturpark-pfaelzerwald\/#breadcrumb\"},\"inLanguage\":\"de\",\"potentialAction\":[{\"@type\":\"ReadAction\",\"target\":[\"https:\/\/www.naturparkmagazin.de\/vdn\/blanc-de-noir-vom-weingut-pflueger-aus-dem-naturpark-pfaelzerwald\/\"]}]},{\"@type\":\"BreadcrumbList\",\"@id\":\"https:\/\/www.naturparkmagazin.de\/vdn\/blanc-de-noir-vom-weingut-pflueger-aus-dem-naturpark-pfaelzerwald\/#breadcrumb\",\"itemListElement\":[{\"@type\":\"ListItem\",\"position\":1,\"name\":\"Home\",\"item\":\"https:\/\/www.naturparkmagazin.de\/vdn\/\"},{\"@type\":\"ListItem\",\"position\":2,\"name\":\"Blanc de Noir vom Weingut Pfl\u00fcger aus dem Naturpark Pf\u00e4lzerwald\"}]},{\"@type\":\"WebSite\",\"@id\":\"https:\/\/www.naturparkmagazin.de\/vdn\/#website\",\"url\":\"https:\/\/www.naturparkmagazin.de\/vdn\/\",\"name\":\"Verband Deutscher Naturparke\",\"description\":\"Eine weitere Naturparkmagazin.de Netzwerk Seite\",\"potentialAction\":[{\"@type\":\"SearchAction\",\"target\":{\"@type\":\"EntryPoint\",\"urlTemplate\":\"https:\/\/www.naturparkmagazin.de\/vdn\/?s={search_term_string}\"},\"query-input\":\"required name=search_term_string\"}],\"inLanguage\":\"de\"},{\"@type\":\"Person\",\"@id\":\"https:\/\/www.naturparkmagazin.de\/vdn\/#\/schema\/person\/e28d931df83318a48d52ae72b08d2bfb\",\"name\":\"vdnnational\",\"url\":\"https:\/\/www.naturparkmagazin.de\/vdn\/author\/vdnnational\/\"}]}<\/script>\n<!-- \/ Yoast SEO plugin. -->","yoast_head_json":{"title":"Blanc de Noir vom Weingut Pfl\u00fcger aus dem Naturpark Pf\u00e4lzerwald","description":"Passent zur Weinlese pr\u00e4sentieren wir Ihnen im Oktober einen wei\u00dfgekelterten Klassiker vom Sp\u00e4tburgunder und Schwarzriesling aus dem Naturpark Pf\u00e4lzerwald.","robots":{"index":"index","follow":"follow","max-snippet":"max-snippet:-1","max-image-preview":"max-image-preview:large","max-video-preview":"max-video-preview:-1"},"canonical":"https:\/\/www.naturparkmagazin.de\/vdn\/blanc-de-noir-vom-weingut-pflueger-aus-dem-naturpark-pfaelzerwald\/","og_locale":"de_DE","og_type":"article","og_title":"Blanc de Noir vom Weingut Pfl\u00fcger aus dem Naturpark Pf\u00e4lzerwald","og_description":"Passent zur Weinlese pr\u00e4sentieren wir Ihnen im Oktober einen wei\u00dfgekelterten Klassiker vom Sp\u00e4tburgunder und Schwarzriesling aus dem Naturpark Pf\u00e4lzerwald.","og_url":"https:\/\/www.naturparkmagazin.de\/vdn\/blanc-de-noir-vom-weingut-pflueger-aus-dem-naturpark-pfaelzerwald\/","og_site_name":"Verband Deutscher Naturparke","article_published_time":"2014-09-18T06:06:52+00:00","article_modified_time":"2014-09-30T09:40:22+00:00","og_image":[{"width":180,"height":135,"url":"https:\/\/www.naturparkmagazin.de\/vdn\/wp-content\/uploads\/sites\/3\/Blanc-de-Noir-Monatsaktion-11-2014-180x135.jpg","type":"image\/jpeg"}],"author":"vdnnational","twitter_misc":{"Verfasst von":"vdnnational","Gesch\u00e4tzte Lesezeit":"1\u00a0Minute"},"schema":{"@context":"https:\/\/schema.org","@graph":[{"@type":"WebPage","@id":"https:\/\/www.naturparkmagazin.de\/vdn\/blanc-de-noir-vom-weingut-pflueger-aus-dem-naturpark-pfaelzerwald\/","url":"https:\/\/www.naturparkmagazin.de\/vdn\/blanc-de-noir-vom-weingut-pflueger-aus-dem-naturpark-pfaelzerwald\/","name":"Blanc de Noir vom Weingut Pfl\u00fcger aus dem Naturpark Pf\u00e4lzerwald","isPartOf":{"@id":"https:\/\/www.naturparkmagazin.de\/vdn\/#website"},"datePublished":"2014-09-18T06:06:52+00:00","dateModified":"2014-09-30T09:40:22+00:00","author":{"@id":"https:\/\/www.naturparkmagazin.de\/vdn\/#\/schema\/person\/e28d931df83318a48d52ae72b08d2bfb"},"description":"Passent zur Weinlese pr\u00e4sentieren wir Ihnen im Oktober einen wei\u00dfgekelterten Klassiker vom Sp\u00e4tburgunder und Schwarzriesling aus dem Naturpark Pf\u00e4lzerwald.","breadcrumb":{"@id":"https:\/\/www.naturparkmagazin.de\/vdn\/blanc-de-noir-vom-weingut-pflueger-aus-dem-naturpark-pfaelzerwald\/#breadcrumb"},"inLanguage":"de","potentialAction":[{"@type":"ReadAction","target":["https:\/\/www.naturparkmagazin.de\/vdn\/blanc-de-noir-vom-weingut-pflueger-aus-dem-naturpark-pfaelzerwald\/"]}]},{"@type":"BreadcrumbList","@id":"https:\/\/www.naturparkmagazin.de\/vdn\/blanc-de-noir-vom-weingut-pflueger-aus-dem-naturpark-pfaelzerwald\/#breadcrumb","itemListElement":[{"@type":"ListItem","position":1,"name":"Home","item":"https:\/\/www.naturparkmagazin.de\/vdn\/"},{"@type":"ListItem","position":2,"name":"Blanc de Noir vom Weingut Pfl\u00fcger aus dem Naturpark Pf\u00e4lzerwald"}]},{"@type":"WebSite","@id":"https:\/\/www.naturparkmagazin.de\/vdn\/#website","url":"https:\/\/www.naturparkmagazin.de\/vdn\/","name":"Verband Deutscher Naturparke","description":"Eine weitere Naturparkmagazin.de Netzwerk Seite","potentialAction":[{"@type":"SearchAction","target":{"@type":"EntryPoint","urlTemplate":"https:\/\/www.naturparkmagazin.de\/vdn\/?s={search_term_string}"},"query-input":"required name=search_term_string"}],"inLanguage":"de"},{"@type":"Person","@id":"https:\/\/www.naturparkmagazin.de\/vdn\/#\/schema\/person\/e28d931df83318a48d52ae72b08d2bfb","name":"vdnnational","url":"https:\/\/www.naturparkmagazin.de\/vdn\/author\/vdnnational\/"}]}},"_links":{"self":[{"href":"https:\/\/www.naturparkmagazin.de\/vdn\/wp-json\/wp\/v2\/posts\/4389"}],"collection":[{"href":"https:\/\/www.naturparkmagazin.de\/vdn\/wp-json\/wp\/v2\/posts"}],"about":[{"href":"https:\/\/www.naturparkmagazin.de\/vdn\/wp-json\/wp\/v2\/types\/post"}],"author":[{"embeddable":true,"href":"https:\/\/www.naturparkmagazin.de\/vdn\/wp-json\/wp\/v2\/users\/14"}],"replies":[{"embeddable":true,"href":"https:\/\/www.naturparkmagazin.de\/vdn\/wp-json\/wp\/v2\/comments?post=4389"}],"version-history":[{"count":9,"href":"https:\/\/www.naturparkmagazin.de\/vdn\/wp-json\/wp\/v2\/posts\/4389\/revisions"}],"predecessor-version":[{"id":4502,"href":"https:\/\/www.naturparkmagazin.de\/vdn\/wp-json\/wp\/v2\/posts\/4389\/revisions\/4502"}],"wp:featuredmedia":[{"embeddable":true,"href":"https:\/\/www.naturparkmagazin.de\/vdn\/wp-json\/wp\/v2\/media\/4391"}],"wp:attachment":[{"href":"https:\/\/www.naturparkmagazin.de\/vdn\/wp-json\/wp\/v2\/media?parent=4389"}],"wp:term":[{"taxonomy":"category","embeddable":true,"href":"https:\/\/www.naturparkmagazin.de\/vdn\/wp-json\/wp\/v2\/categories?post=4389"},{"taxonomy":"post_tag","embeddable":true,"href":"https:\/\/www.naturparkmagazin.de\/vdn\/wp-json\/wp\/v2\/tags?post=4389"}],"curies":[{"name":"wp","href":"https:\/\/api.w.org\/{rel}","templated":true}]}}