{"id":4397,"date":"2014-09-18T10:21:40","date_gmt":"2014-09-18T08:21:40","guid":{"rendered":"http:\/\/www.naturparkmagazin.de\/vdn\/?p=4397"},"modified":"2014-09-22T12:11:29","modified_gmt":"2014-09-22T10:11:29","slug":"naturparkbotschafter-achim-greser","status":"publish","type":"post","link":"https:\/\/www.naturparkmagazin.de\/vdn\/naturparkbotschafter-achim-greser\/","title":{"rendered":"Naturpark-Botschafter Achim Greser"},"content":{"rendered":"<div id=\"attachment_4398\" style=\"width: 510px\" class=\"wp-caption aligncenter\"><a href=\"https:\/\/www.naturparkmagazin.de\/vdn\/wp-content\/uploads\/sites\/3\/achim_greser-Beitrag.jpg\"><img aria-describedby=\"caption-attachment-4398\" decoding=\"async\" loading=\"lazy\" class=\"size-full wp-image-4398\" title=\"Copyright: AchimGreser\" alt=\"Copyright: AchimGreser\" src=\"https:\/\/www.naturparkmagazin.de\/vdn\/wp-content\/uploads\/sites\/3\/achim_greser-Beitrag.jpg\" width=\"500\" height=\"301\" srcset=\"https:\/\/www.naturparkmagazin.de\/vdn\/wp-content\/uploads\/sites\/3\/achim_greser-Beitrag.jpg 500w, https:\/\/www.naturparkmagazin.de\/vdn\/wp-content\/uploads\/sites\/3\/achim_greser-Beitrag-300x181.jpg 300w, https:\/\/www.naturparkmagazin.de\/vdn\/wp-content\/uploads\/sites\/3\/achim_greser-Beitrag-200x120.jpg 200w\" sizes=\"(max-width: 500px) 100vw, 500px\" \/><\/a><p id=\"caption-attachment-4398\" class=\"wp-caption-text\">Copyright: AchimGreser<\/p><\/div>\n<p>Bekannt ist Achim Greser als eine H\u00e4lfte des Karikaturistenduos Greser und Lenz. Gemeinsam mit Heribert Lenz zeichnet er unter anderem f\u00fcr FAZ, Focus und Titanic. Ihr Motto dabei lautet: \u201cJeder Krieg hat seine Opfer, das gleiche gilt f\u00fcr den guten Witz.\u201d<\/p>\n<p>Achim Greser stammt aus Lohr am Main und ist seit 2011 Naturpark-Botschafter im Naturpark Spessart. Seine Verbundenheit mit der Region formuliert er folgenderma\u00dfen:\n\u201cDer Spessart birgt Menschen, die trunk- und streits\u00fcchtig sind, moralisch und geistig verwahrlost, aber von einer unverbr\u00fcchlichen Menschlichkeit, Herzlichkeit und Solidarit\u00e4t. Wohltuende Gegenst\u00fccke zu den weit verbreiteten zeitgen\u00f6ssischen, korrekten Klonen. Ich bin einer von ihnen und gebe mir M\u00fche, dieses Erbe zu bewahren.\u201d<\/p>\n<p>Weitere Informationen und Cartoons von Greser &amp; Lenz finden Sie auf deren Internetauftritt (Verlinkung zu <a href=\"http:\/\/www.greser-lenz.de\">www.<b>greser-lenz<\/b>.de<\/a>).<\/p>\n<p>&nbsp;<\/p>\n","protected":false},"excerpt":{"rendered":"<p>stammt aus Lohr am Main und ist seit 2011 Naturpark-Botschafter im Naturpark Spessart. Warum er seinen Naturpark unterst\u00fctzt, verr\u00e4t er Ihnen gerne.<\/p>\n","protected":false},"author":14,"featured_media":4482,"comment_status":"open","ping_status":"open","sticky":false,"template":"","format":"standard","meta":{"_links_to":"","_links_to_target":""},"categories":[8],"tags":[186,41],"yoast_head":"<!-- This site is optimized with the Yoast SEO plugin v19.10 - https:\/\/yoast.com\/wordpress\/plugins\/seo\/ -->\n<title>Naturpark-Botschafter Achim Greser<\/title>\n<meta name=\"description\" content=\"stammt aus Lohr am Main und ist seit 2011 Naturpark-Botschafter im Naturpark Spessart. Warum er seinen Naturpark unterst\u00fctzt, verr\u00e4t er Ihnen gerne.\" \/>\n<meta name=\"robots\" content=\"index, follow, max-snippet:-1, max-image-preview:large, max-video-preview:-1\" \/>\n<link rel=\"canonical\" href=\"https:\/\/www.naturparkmagazin.de\/vdn\/naturparkbotschafter-achim-greser\/\" \/>\n<meta property=\"og:locale\" content=\"de_DE\" \/>\n<meta property=\"og:type\" content=\"article\" \/>\n<meta property=\"og:title\" content=\"Naturpark-Botschafter Achim Greser\" \/>\n<meta property=\"og:description\" content=\"stammt aus Lohr am Main und ist seit 2011 Naturpark-Botschafter im Naturpark Spessart. Warum er seinen Naturpark unterst\u00fctzt, verr\u00e4t er Ihnen gerne.\" \/>\n<meta property=\"og:url\" content=\"https:\/\/www.naturparkmagazin.de\/vdn\/naturparkbotschafter-achim-greser\/\" \/>\n<meta property=\"og:site_name\" content=\"Verband Deutscher Naturparke\" \/>\n<meta property=\"article:published_time\" content=\"2014-09-18T08:21:40+00:00\" \/>\n<meta property=\"article:modified_time\" content=\"2014-09-22T10:11:29+00:00\" \/>\n<meta property=\"og:image\" content=\"https:\/\/www.naturparkmagazin.de\/vdn\/wp-content\/uploads\/sites\/3\/achim_greser-beitragsbild2.jpg\" \/>\n\t<meta property=\"og:image:width\" content=\"180\" \/>\n\t<meta property=\"og:image:height\" content=\"135\" \/>\n\t<meta property=\"og:image:type\" content=\"image\/jpeg\" \/>\n<meta name=\"author\" content=\"vdnnational\" \/>\n<meta name=\"twitter:label1\" content=\"Verfasst von\" \/>\n\t<meta name=\"twitter:data1\" content=\"vdnnational\" \/>\n\t<meta name=\"twitter:label2\" content=\"Gesch\u00e4tzte Lesezeit\" \/>\n\t<meta name=\"twitter:data2\" content=\"1\u00a0Minute\" \/>\n<script type=\"application\/ld+json\" class=\"yoast-schema-graph\">{\"@context\":\"https:\/\/schema.org\",\"@graph\":[{\"@type\":\"WebPage\",\"@id\":\"https:\/\/www.naturparkmagazin.de\/vdn\/naturparkbotschafter-achim-greser\/\",\"url\":\"https:\/\/www.naturparkmagazin.de\/vdn\/naturparkbotschafter-achim-greser\/\",\"name\":\"Naturpark-Botschafter Achim Greser\",\"isPartOf\":{\"@id\":\"https:\/\/www.naturparkmagazin.de\/vdn\/#website\"},\"datePublished\":\"2014-09-18T08:21:40+00:00\",\"dateModified\":\"2014-09-22T10:11:29+00:00\",\"author\":{\"@id\":\"https:\/\/www.naturparkmagazin.de\/vdn\/#\/schema\/person\/e28d931df83318a48d52ae72b08d2bfb\"},\"description\":\"stammt aus Lohr am Main und ist seit 2011 Naturpark-Botschafter im Naturpark Spessart. Warum er seinen Naturpark unterst\u00fctzt, verr\u00e4t er Ihnen gerne.\",\"breadcrumb\":{\"@id\":\"https:\/\/www.naturparkmagazin.de\/vdn\/naturparkbotschafter-achim-greser\/#breadcrumb\"},\"inLanguage\":\"de\",\"potentialAction\":[{\"@type\":\"ReadAction\",\"target\":[\"https:\/\/www.naturparkmagazin.de\/vdn\/naturparkbotschafter-achim-greser\/\"]}]},{\"@type\":\"BreadcrumbList\",\"@id\":\"https:\/\/www.naturparkmagazin.de\/vdn\/naturparkbotschafter-achim-greser\/#breadcrumb\",\"itemListElement\":[{\"@type\":\"ListItem\",\"position\":1,\"name\":\"Home\",\"item\":\"https:\/\/www.naturparkmagazin.de\/vdn\/\"},{\"@type\":\"ListItem\",\"position\":2,\"name\":\"Naturpark-Botschafter Achim Greser\"}]},{\"@type\":\"WebSite\",\"@id\":\"https:\/\/www.naturparkmagazin.de\/vdn\/#website\",\"url\":\"https:\/\/www.naturparkmagazin.de\/vdn\/\",\"name\":\"Verband Deutscher Naturparke\",\"description\":\"Eine weitere Naturparkmagazin.de Netzwerk Seite\",\"potentialAction\":[{\"@type\":\"SearchAction\",\"target\":{\"@type\":\"EntryPoint\",\"urlTemplate\":\"https:\/\/www.naturparkmagazin.de\/vdn\/?s={search_term_string}\"},\"query-input\":\"required name=search_term_string\"}],\"inLanguage\":\"de\"},{\"@type\":\"Person\",\"@id\":\"https:\/\/www.naturparkmagazin.de\/vdn\/#\/schema\/person\/e28d931df83318a48d52ae72b08d2bfb\",\"name\":\"vdnnational\",\"url\":\"https:\/\/www.naturparkmagazin.de\/vdn\/author\/vdnnational\/\"}]}<\/script>\n<!-- \/ Yoast SEO plugin. -->","yoast_head_json":{"title":"Naturpark-Botschafter Achim Greser","description":"stammt aus Lohr am Main und ist seit 2011 Naturpark-Botschafter im Naturpark Spessart. Warum er seinen Naturpark unterst\u00fctzt, verr\u00e4t er Ihnen gerne.","robots":{"index":"index","follow":"follow","max-snippet":"max-snippet:-1","max-image-preview":"max-image-preview:large","max-video-preview":"max-video-preview:-1"},"canonical":"https:\/\/www.naturparkmagazin.de\/vdn\/naturparkbotschafter-achim-greser\/","og_locale":"de_DE","og_type":"article","og_title":"Naturpark-Botschafter Achim Greser","og_description":"stammt aus Lohr am Main und ist seit 2011 Naturpark-Botschafter im Naturpark Spessart. Warum er seinen Naturpark unterst\u00fctzt, verr\u00e4t er Ihnen gerne.","og_url":"https:\/\/www.naturparkmagazin.de\/vdn\/naturparkbotschafter-achim-greser\/","og_site_name":"Verband Deutscher Naturparke","article_published_time":"2014-09-18T08:21:40+00:00","article_modified_time":"2014-09-22T10:11:29+00:00","og_image":[{"width":180,"height":135,"url":"https:\/\/www.naturparkmagazin.de\/vdn\/wp-content\/uploads\/sites\/3\/achim_greser-beitragsbild2.jpg","type":"image\/jpeg"}],"author":"vdnnational","twitter_misc":{"Verfasst von":"vdnnational","Gesch\u00e4tzte Lesezeit":"1\u00a0Minute"},"schema":{"@context":"https:\/\/schema.org","@graph":[{"@type":"WebPage","@id":"https:\/\/www.naturparkmagazin.de\/vdn\/naturparkbotschafter-achim-greser\/","url":"https:\/\/www.naturparkmagazin.de\/vdn\/naturparkbotschafter-achim-greser\/","name":"Naturpark-Botschafter Achim Greser","isPartOf":{"@id":"https:\/\/www.naturparkmagazin.de\/vdn\/#website"},"datePublished":"2014-09-18T08:21:40+00:00","dateModified":"2014-09-22T10:11:29+00:00","author":{"@id":"https:\/\/www.naturparkmagazin.de\/vdn\/#\/schema\/person\/e28d931df83318a48d52ae72b08d2bfb"},"description":"stammt aus Lohr am Main und ist seit 2011 Naturpark-Botschafter im Naturpark Spessart. Warum er seinen Naturpark unterst\u00fctzt, verr\u00e4t er Ihnen gerne.","breadcrumb":{"@id":"https:\/\/www.naturparkmagazin.de\/vdn\/naturparkbotschafter-achim-greser\/#breadcrumb"},"inLanguage":"de","potentialAction":[{"@type":"ReadAction","target":["https:\/\/www.naturparkmagazin.de\/vdn\/naturparkbotschafter-achim-greser\/"]}]},{"@type":"BreadcrumbList","@id":"https:\/\/www.naturparkmagazin.de\/vdn\/naturparkbotschafter-achim-greser\/#breadcrumb","itemListElement":[{"@type":"ListItem","position":1,"name":"Home","item":"https:\/\/www.naturparkmagazin.de\/vdn\/"},{"@type":"ListItem","position":2,"name":"Naturpark-Botschafter Achim Greser"}]},{"@type":"WebSite","@id":"https:\/\/www.naturparkmagazin.de\/vdn\/#website","url":"https:\/\/www.naturparkmagazin.de\/vdn\/","name":"Verband Deutscher Naturparke","description":"Eine weitere Naturparkmagazin.de Netzwerk Seite","potentialAction":[{"@type":"SearchAction","target":{"@type":"EntryPoint","urlTemplate":"https:\/\/www.naturparkmagazin.de\/vdn\/?s={search_term_string}"},"query-input":"required name=search_term_string"}],"inLanguage":"de"},{"@type":"Person","@id":"https:\/\/www.naturparkmagazin.de\/vdn\/#\/schema\/person\/e28d931df83318a48d52ae72b08d2bfb","name":"vdnnational","url":"https:\/\/www.naturparkmagazin.de\/vdn\/author\/vdnnational\/"}]}},"_links":{"self":[{"href":"https:\/\/www.naturparkmagazin.de\/vdn\/wp-json\/wp\/v2\/posts\/4397"}],"collection":[{"href":"https:\/\/www.naturparkmagazin.de\/vdn\/wp-json\/wp\/v2\/posts"}],"about":[{"href":"https:\/\/www.naturparkmagazin.de\/vdn\/wp-json\/wp\/v2\/types\/post"}],"author":[{"embeddable":true,"href":"https:\/\/www.naturparkmagazin.de\/vdn\/wp-json\/wp\/v2\/users\/14"}],"replies":[{"embeddable":true,"href":"https:\/\/www.naturparkmagazin.de\/vdn\/wp-json\/wp\/v2\/comments?post=4397"}],"version-history":[{"count":4,"href":"https:\/\/www.naturparkmagazin.de\/vdn\/wp-json\/wp\/v2\/posts\/4397\/revisions"}],"predecessor-version":[{"id":4401,"href":"https:\/\/www.naturparkmagazin.de\/vdn\/wp-json\/wp\/v2\/posts\/4397\/revisions\/4401"}],"wp:featuredmedia":[{"embeddable":true,"href":"https:\/\/www.naturparkmagazin.de\/vdn\/wp-json\/wp\/v2\/media\/4482"}],"wp:attachment":[{"href":"https:\/\/www.naturparkmagazin.de\/vdn\/wp-json\/wp\/v2\/media?parent=4397"}],"wp:term":[{"taxonomy":"category","embeddable":true,"href":"https:\/\/www.naturparkmagazin.de\/vdn\/wp-json\/wp\/v2\/categories?post=4397"},{"taxonomy":"post_tag","embeddable":true,"href":"https:\/\/www.naturparkmagazin.de\/vdn\/wp-json\/wp\/v2\/tags?post=4397"}],"curies":[{"name":"wp","href":"https:\/\/api.w.org\/{rel}","templated":true}]}}