{"id":4411,"date":"2014-09-18T09:00:24","date_gmt":"2014-09-18T07:00:24","guid":{"rendered":"http:\/\/www.naturparkmagazin.de\/vdn\/?p=4411"},"modified":"2014-09-29T10:55:53","modified_gmt":"2014-09-29T08:55:53","slug":"gute-verbindungen-deutscher-naturpark-tag-2014","status":"publish","type":"post","link":"https:\/\/www.naturparkmagazin.de\/vdn\/gute-verbindungen-deutscher-naturpark-tag-2014\/","title":{"rendered":"\u201eGute Ergebnisse\u201c- Deutscher Naturpark-Tag 2014"},"content":{"rendered":"<p>&nbsp;<\/p>\n<div id=\"attachment_4486\" style=\"width: 510px\" class=\"wp-caption aligncenter\"><a href=\"https:\/\/www.naturparkmagazin.de\/vdn\/wp-content\/uploads\/sites\/3\/VDN_Vorstand_2014_Beitrag.jpg\"><img aria-describedby=\"caption-attachment-4486\" decoding=\"async\" loading=\"lazy\" class=\"size-full wp-image-4486\" title=\"VDN-Vorstand 2014 - Copyright: VDN\" alt=\"VDN-Vorstand 2014 - Copyright: VDN\" src=\"https:\/\/www.naturparkmagazin.de\/vdn\/wp-content\/uploads\/sites\/3\/VDN_Vorstand_2014_Beitrag.jpg\" width=\"500\" height=\"300\" srcset=\"https:\/\/www.naturparkmagazin.de\/vdn\/wp-content\/uploads\/sites\/3\/VDN_Vorstand_2014_Beitrag.jpg 500w, https:\/\/www.naturparkmagazin.de\/vdn\/wp-content\/uploads\/sites\/3\/VDN_Vorstand_2014_Beitrag-300x180.jpg 300w, https:\/\/www.naturparkmagazin.de\/vdn\/wp-content\/uploads\/sites\/3\/VDN_Vorstand_2014_Beitrag-200x120.jpg 200w\" sizes=\"(max-width: 500px) 100vw, 500px\" \/><\/a><p id=\"caption-attachment-4486\" class=\"wp-caption-text\">VDN-Vorstand 2014 &#8211; Copyright: VDN<\/p><\/div>\n<p>Im Rahmen des Deutschen Naturpark-Tages haben die deutschen Naturparke auf der Mitgliederversammlung des Verbandes Deutscher Naturparke am 26. September 2014 einen neuen Vorstand f\u00fcr ihren Dachverband gew\u00e4hlt. Zum Pr\u00e4sidenten des VDN w\u00e4hlten die Naturparke einstimmig in dritter Amtszeit den Regionspr\u00e4sidenten a.D. Dr. Michael Arndt, Hannover. Ihm stehen als Vizepr\u00e4sidenten weiterhin die Landr\u00e4te Oswald Marr, Vorsitzender Naturpark Frankenwald und Friedel Heuwinkel, Vorsitzender Naturpark Teutoburger\u00a0\u00a0 Wald\/Eggegebirge zur Seite. Als Beisitzer wurden gew\u00e4hlt: Landrat \u00a0\u00a0Thomas F\u00fcgmann,\u00a0\u00a0 Vorstand F\u00f6rderverein Naturpark Th\u00fcringer\u00a0 Schiefergebirge\/Obere Saale, Dr. Klaus George, Gesch\u00e4ftsstellenleiter Regionalverband Harz,\u00a0 Gudrun Rau,\u00a0 Gesch\u00e4ftsf\u00fchrerin Naturpark Saar-Hunsr\u00fcck,\u00a0 Landrat a.D.\u00a0 Harri Reiche, \u00a0Vorsitzender Naturpark Saale-Unstrut-Triasland,\u00a0 Roland Sch\u00f6ttle,\u00a0 Gesch\u00e4ftsf\u00fchrer Naturpark S\u00fcdschwarzwald, Dr. Mario Schrumpf,\u00a0 Leiter Naturpark Stechlin-Ruppiner Land und \u00a0Landrat\u00a0\u00a0 Matthias Wilkes, Vorsitzender Geo-Naturpark Bergstra\u00dfe-Odenwald.<\/p>\n<p>Die Naturpark-Vertreter haben auf der VDN-Mitgliederversammlung Empfehlungen zu den Rahmenbedingungen f\u00fcr moderne und leistungsf\u00e4hige Naturparke beschlossen. Aus der jahrzehntelangen Naturparkarbeit in Deutschland und in anderen europ\u00e4ischen Staaten wurde die Erfahrung gewonnen, dass die gro\u00dfen Potenziale eines Naturparks f\u00fcr Mensch und Natur nur dann genutzt und die gesetzlichen Aufgaben nur dann angemessen erf\u00fcllt werden k\u00f6nnen, wenn eine hohe Qualit\u00e4t und nachhaltige Entwicklung eines jeden Naturparks gew\u00e4hrleistet ist. Damit dies erfolgreich gelingt, m\u00fcssen bestimmte Rahmenbedingungen f\u00fcr die Entwicklung von modernen und leistungsf\u00e4higen Naturparken erf\u00fcllt sein, zu denen insbesondere das Vorhandensein einer Gesch\u00e4ftsstelle oder Verwaltung mit hauptamtlicher Gesch\u00e4ftsf\u00fchrung oder Leitung und einer ausreichenden Anzahl qualifizierter Fachkr\u00e4fte entsprechend den Aufgaben und der Gr\u00f6\u00dfe eines Naturparks z\u00e4hlt. Inklusive der Gesch\u00e4ftsf\u00fchrung oder Leitung muss zur Bew\u00e4ltigung der Aufgaben Personal im Stundenumfang von mindestens vier Vollzeitstellen in Management und Verwaltung vorhanden sein. Mehrere Bundesl\u00e4nder haben sehr gute Erfahrungen mit der erg\u00e4nzenden Einrichtung einer hauptamtlichen Naturwacht (Ranger) gemacht. Dar\u00fcber hinaus sind die die Einhaltung der gesetzlichen Rahmenbedingungen in Bezug auf den geforderten \u00fcberwiegenden Anteil an Natur- und Landschaftsschutzgebieten, eine ausreichende und verl\u00e4ssliche Mittelausstattung, eine breite Zustimmung f\u00fcr den Naturpark in der Region, ein qualifizierter Naturparkplan sowie eine regelm\u00e4\u00dfig Teilnahme an der \u201eQualit\u00e4tsoffensive Naturparke\u201c erforderlich.<\/p>\n<p><a href=\"http:\/\/www.naturparke.de\/system\/articledownloads\/404\/original\/PM_MV_2014_Vorstandswahl_Final.pdf?1411731106\" target=\"_blank\">&gt;&gt; Hier k\u00f6nnen Sie die Pressemitteilung einsehen<\/a><\/p>\n<p>&nbsp;<\/p>\n<p>&nbsp;<\/p>\n<p>&nbsp;<\/p>\n","protected":false},"excerpt":{"rendered":"<p>Neben einem neuen Vorstand f\u00fcr ihren Dachverband haben die Naturpark-Vertreter auf dem Deutschen Naturpark-Tag 2014 Empfehlungen zu den Rahmenbedingungen f\u00fcr moderne und leistungsf\u00e4hige Naturparke beschlossen. <\/p>\n","protected":false},"author":14,"featured_media":4488,"comment_status":"open","ping_status":"open","sticky":false,"template":"","format":"standard","meta":{"_links_to":"","_links_to_target":""},"categories":[7],"tags":[],"yoast_head":"<!-- This site is optimized with the Yoast SEO plugin v19.10 - https:\/\/yoast.com\/wordpress\/plugins\/seo\/ -->\n<title>\u201eGute Ergebnisse\u201c- Deutscher Naturpark-Tag 2014<\/title>\n<meta name=\"description\" content=\"Neben einem neuen Vorstand f\u00fcr ihren Dachverband haben die Naturpark-Vertreter auf dem Deutschen Naturpark-Tag 2014 Empfehlungen zu den Rahmenbedingungen f\u00fcr moderne und leistungsf\u00e4hige Naturparke beschlossen.\" \/>\n<meta name=\"robots\" content=\"index, follow, max-snippet:-1, max-image-preview:large, max-video-preview:-1\" \/>\n<link rel=\"canonical\" href=\"https:\/\/www.naturparkmagazin.de\/vdn\/gute-verbindungen-deutscher-naturpark-tag-2014\/\" \/>\n<meta property=\"og:locale\" content=\"de_DE\" \/>\n<meta property=\"og:type\" content=\"article\" \/>\n<meta property=\"og:title\" content=\"\u201eGute Ergebnisse\u201c- Deutscher Naturpark-Tag 2014\" \/>\n<meta property=\"og:description\" content=\"Neben einem neuen Vorstand f\u00fcr ihren Dachverband haben die Naturpark-Vertreter auf dem Deutschen Naturpark-Tag 2014 Empfehlungen zu den Rahmenbedingungen f\u00fcr moderne und leistungsf\u00e4hige Naturparke beschlossen.\" \/>\n<meta property=\"og:url\" content=\"https:\/\/www.naturparkmagazin.de\/vdn\/gute-verbindungen-deutscher-naturpark-tag-2014\/\" \/>\n<meta property=\"og:site_name\" content=\"Verband Deutscher Naturparke\" \/>\n<meta property=\"article:published_time\" content=\"2014-09-18T07:00:24+00:00\" \/>\n<meta property=\"article:modified_time\" content=\"2014-09-29T08:55:53+00:00\" \/>\n<meta property=\"og:image\" content=\"https:\/\/www.naturparkmagazin.de\/vdn\/wp-content\/uploads\/sites\/3\/VDN_Vorstand_2014_Beitragsbild.jpg\" \/>\n\t<meta property=\"og:image:width\" content=\"180\" \/>\n\t<meta property=\"og:image:height\" content=\"135\" \/>\n\t<meta property=\"og:image:type\" content=\"image\/jpeg\" \/>\n<meta name=\"author\" content=\"vdnnational\" \/>\n<meta name=\"twitter:label1\" content=\"Verfasst von\" \/>\n\t<meta name=\"twitter:data1\" content=\"vdnnational\" \/>\n\t<meta name=\"twitter:label2\" content=\"Gesch\u00e4tzte Lesezeit\" \/>\n\t<meta name=\"twitter:data2\" content=\"2\u00a0Minuten\" \/>\n<script type=\"application\/ld+json\" class=\"yoast-schema-graph\">{\"@context\":\"https:\/\/schema.org\",\"@graph\":[{\"@type\":\"WebPage\",\"@id\":\"https:\/\/www.naturparkmagazin.de\/vdn\/gute-verbindungen-deutscher-naturpark-tag-2014\/\",\"url\":\"https:\/\/www.naturparkmagazin.de\/vdn\/gute-verbindungen-deutscher-naturpark-tag-2014\/\",\"name\":\"\u201eGute Ergebnisse\u201c- Deutscher Naturpark-Tag 2014\",\"isPartOf\":{\"@id\":\"https:\/\/www.naturparkmagazin.de\/vdn\/#website\"},\"datePublished\":\"2014-09-18T07:00:24+00:00\",\"dateModified\":\"2014-09-29T08:55:53+00:00\",\"author\":{\"@id\":\"https:\/\/www.naturparkmagazin.de\/vdn\/#\/schema\/person\/e28d931df83318a48d52ae72b08d2bfb\"},\"description\":\"Neben einem neuen Vorstand f\u00fcr ihren Dachverband haben die Naturpark-Vertreter auf dem Deutschen Naturpark-Tag 2014 Empfehlungen zu den Rahmenbedingungen f\u00fcr moderne und leistungsf\u00e4hige Naturparke beschlossen.\",\"breadcrumb\":{\"@id\":\"https:\/\/www.naturparkmagazin.de\/vdn\/gute-verbindungen-deutscher-naturpark-tag-2014\/#breadcrumb\"},\"inLanguage\":\"de\",\"potentialAction\":[{\"@type\":\"ReadAction\",\"target\":[\"https:\/\/www.naturparkmagazin.de\/vdn\/gute-verbindungen-deutscher-naturpark-tag-2014\/\"]}]},{\"@type\":\"BreadcrumbList\",\"@id\":\"https:\/\/www.naturparkmagazin.de\/vdn\/gute-verbindungen-deutscher-naturpark-tag-2014\/#breadcrumb\",\"itemListElement\":[{\"@type\":\"ListItem\",\"position\":1,\"name\":\"Home\",\"item\":\"https:\/\/www.naturparkmagazin.de\/vdn\/\"},{\"@type\":\"ListItem\",\"position\":2,\"name\":\"\u201eGute Ergebnisse\u201c- Deutscher Naturpark-Tag 2014\"}]},{\"@type\":\"WebSite\",\"@id\":\"https:\/\/www.naturparkmagazin.de\/vdn\/#website\",\"url\":\"https:\/\/www.naturparkmagazin.de\/vdn\/\",\"name\":\"Verband Deutscher Naturparke\",\"description\":\"Eine weitere Naturparkmagazin.de Netzwerk Seite\",\"potentialAction\":[{\"@type\":\"SearchAction\",\"target\":{\"@type\":\"EntryPoint\",\"urlTemplate\":\"https:\/\/www.naturparkmagazin.de\/vdn\/?s={search_term_string}\"},\"query-input\":\"required name=search_term_string\"}],\"inLanguage\":\"de\"},{\"@type\":\"Person\",\"@id\":\"https:\/\/www.naturparkmagazin.de\/vdn\/#\/schema\/person\/e28d931df83318a48d52ae72b08d2bfb\",\"name\":\"vdnnational\",\"url\":\"https:\/\/www.naturparkmagazin.de\/vdn\/author\/vdnnational\/\"}]}<\/script>\n<!-- \/ Yoast SEO plugin. -->","yoast_head_json":{"title":"\u201eGute Ergebnisse\u201c- Deutscher Naturpark-Tag 2014","description":"Neben einem neuen Vorstand f\u00fcr ihren Dachverband haben die Naturpark-Vertreter auf dem Deutschen Naturpark-Tag 2014 Empfehlungen zu den Rahmenbedingungen f\u00fcr moderne und leistungsf\u00e4hige Naturparke beschlossen.","robots":{"index":"index","follow":"follow","max-snippet":"max-snippet:-1","max-image-preview":"max-image-preview:large","max-video-preview":"max-video-preview:-1"},"canonical":"https:\/\/www.naturparkmagazin.de\/vdn\/gute-verbindungen-deutscher-naturpark-tag-2014\/","og_locale":"de_DE","og_type":"article","og_title":"\u201eGute Ergebnisse\u201c- Deutscher Naturpark-Tag 2014","og_description":"Neben einem neuen Vorstand f\u00fcr ihren Dachverband haben die Naturpark-Vertreter auf dem Deutschen Naturpark-Tag 2014 Empfehlungen zu den Rahmenbedingungen f\u00fcr moderne und leistungsf\u00e4hige Naturparke beschlossen.","og_url":"https:\/\/www.naturparkmagazin.de\/vdn\/gute-verbindungen-deutscher-naturpark-tag-2014\/","og_site_name":"Verband Deutscher Naturparke","article_published_time":"2014-09-18T07:00:24+00:00","article_modified_time":"2014-09-29T08:55:53+00:00","og_image":[{"width":180,"height":135,"url":"https:\/\/www.naturparkmagazin.de\/vdn\/wp-content\/uploads\/sites\/3\/VDN_Vorstand_2014_Beitragsbild.jpg","type":"image\/jpeg"}],"author":"vdnnational","twitter_misc":{"Verfasst von":"vdnnational","Gesch\u00e4tzte Lesezeit":"2\u00a0Minuten"},"schema":{"@context":"https:\/\/schema.org","@graph":[{"@type":"WebPage","@id":"https:\/\/www.naturparkmagazin.de\/vdn\/gute-verbindungen-deutscher-naturpark-tag-2014\/","url":"https:\/\/www.naturparkmagazin.de\/vdn\/gute-verbindungen-deutscher-naturpark-tag-2014\/","name":"\u201eGute Ergebnisse\u201c- Deutscher Naturpark-Tag 2014","isPartOf":{"@id":"https:\/\/www.naturparkmagazin.de\/vdn\/#website"},"datePublished":"2014-09-18T07:00:24+00:00","dateModified":"2014-09-29T08:55:53+00:00","author":{"@id":"https:\/\/www.naturparkmagazin.de\/vdn\/#\/schema\/person\/e28d931df83318a48d52ae72b08d2bfb"},"description":"Neben einem neuen Vorstand f\u00fcr ihren Dachverband haben die Naturpark-Vertreter auf dem Deutschen Naturpark-Tag 2014 Empfehlungen zu den Rahmenbedingungen f\u00fcr moderne und leistungsf\u00e4hige Naturparke beschlossen.","breadcrumb":{"@id":"https:\/\/www.naturparkmagazin.de\/vdn\/gute-verbindungen-deutscher-naturpark-tag-2014\/#breadcrumb"},"inLanguage":"de","potentialAction":[{"@type":"ReadAction","target":["https:\/\/www.naturparkmagazin.de\/vdn\/gute-verbindungen-deutscher-naturpark-tag-2014\/"]}]},{"@type":"BreadcrumbList","@id":"https:\/\/www.naturparkmagazin.de\/vdn\/gute-verbindungen-deutscher-naturpark-tag-2014\/#breadcrumb","itemListElement":[{"@type":"ListItem","position":1,"name":"Home","item":"https:\/\/www.naturparkmagazin.de\/vdn\/"},{"@type":"ListItem","position":2,"name":"\u201eGute Ergebnisse\u201c- Deutscher Naturpark-Tag 2014"}]},{"@type":"WebSite","@id":"https:\/\/www.naturparkmagazin.de\/vdn\/#website","url":"https:\/\/www.naturparkmagazin.de\/vdn\/","name":"Verband Deutscher Naturparke","description":"Eine weitere Naturparkmagazin.de Netzwerk Seite","potentialAction":[{"@type":"SearchAction","target":{"@type":"EntryPoint","urlTemplate":"https:\/\/www.naturparkmagazin.de\/vdn\/?s={search_term_string}"},"query-input":"required name=search_term_string"}],"inLanguage":"de"},{"@type":"Person","@id":"https:\/\/www.naturparkmagazin.de\/vdn\/#\/schema\/person\/e28d931df83318a48d52ae72b08d2bfb","name":"vdnnational","url":"https:\/\/www.naturparkmagazin.de\/vdn\/author\/vdnnational\/"}]}},"_links":{"self":[{"href":"https:\/\/www.naturparkmagazin.de\/vdn\/wp-json\/wp\/v2\/posts\/4411"}],"collection":[{"href":"https:\/\/www.naturparkmagazin.de\/vdn\/wp-json\/wp\/v2\/posts"}],"about":[{"href":"https:\/\/www.naturparkmagazin.de\/vdn\/wp-json\/wp\/v2\/types\/post"}],"author":[{"embeddable":true,"href":"https:\/\/www.naturparkmagazin.de\/vdn\/wp-json\/wp\/v2\/users\/14"}],"replies":[{"embeddable":true,"href":"https:\/\/www.naturparkmagazin.de\/vdn\/wp-json\/wp\/v2\/comments?post=4411"}],"version-history":[{"count":8,"href":"https:\/\/www.naturparkmagazin.de\/vdn\/wp-json\/wp\/v2\/posts\/4411\/revisions"}],"predecessor-version":[{"id":4489,"href":"https:\/\/www.naturparkmagazin.de\/vdn\/wp-json\/wp\/v2\/posts\/4411\/revisions\/4489"}],"wp:featuredmedia":[{"embeddable":true,"href":"https:\/\/www.naturparkmagazin.de\/vdn\/wp-json\/wp\/v2\/media\/4488"}],"wp:attachment":[{"href":"https:\/\/www.naturparkmagazin.de\/vdn\/wp-json\/wp\/v2\/media?parent=4411"}],"wp:term":[{"taxonomy":"category","embeddable":true,"href":"https:\/\/www.naturparkmagazin.de\/vdn\/wp-json\/wp\/v2\/categories?post=4411"},{"taxonomy":"post_tag","embeddable":true,"href":"https:\/\/www.naturparkmagazin.de\/vdn\/wp-json\/wp\/v2\/tags?post=4411"}],"curies":[{"name":"wp","href":"https:\/\/api.w.org\/{rel}","templated":true}]}}