{"id":4417,"date":"2014-09-18T08:53:34","date_gmt":"2014-09-18T06:53:34","guid":{"rendered":"http:\/\/www.naturparkmagazin.de\/vdn\/?p=4417"},"modified":"2014-09-29T10:57:38","modified_gmt":"2014-09-29T08:57:38","slug":"gute-qualitaet-sechs-naturparke-wurden-ausgezeichnet","status":"publish","type":"post","link":"https:\/\/www.naturparkmagazin.de\/vdn\/gute-qualitaet-sechs-naturparke-wurden-ausgezeichnet\/","title":{"rendered":"\u201eGute Qualit\u00e4t!\u201c \u2013 Sechs Naturparke wurden ausgezeichnet"},"content":{"rendered":"<div id=\"attachment_4491\" style=\"width: 510px\" class=\"wp-caption aligncenter\"><a href=\"https:\/\/www.naturparkmagazin.de\/vdn\/wp-content\/uploads\/sites\/3\/Pressefoto_Auszeichnung_Qualit\u00e4tsoffensive_Naturparke_2014_Beitrag.jpg\"><img aria-describedby=\"caption-attachment-4491\" decoding=\"async\" loading=\"lazy\" class=\"size-full wp-image-4491\" title=\"Auszeichnung &quot;Qualit\u00e4tsoffensive Naturparke 2014&quot; - Copyright: VDN\" alt=\"Auszeichnung &quot;Qualit\u00e4tsoffensive Naturparke 2014&quot; - Copyright: VDN\" src=\"https:\/\/www.naturparkmagazin.de\/vdn\/wp-content\/uploads\/sites\/3\/Pressefoto_Auszeichnung_Qualit\u00e4tsoffensive_Naturparke_2014_Beitrag.jpg\" width=\"500\" height=\"300\" srcset=\"https:\/\/www.naturparkmagazin.de\/vdn\/wp-content\/uploads\/sites\/3\/Pressefoto_Auszeichnung_Qualit\u00e4tsoffensive_Naturparke_2014_Beitrag.jpg 500w, https:\/\/www.naturparkmagazin.de\/vdn\/wp-content\/uploads\/sites\/3\/Pressefoto_Auszeichnung_Qualit\u00e4tsoffensive_Naturparke_2014_Beitrag-300x180.jpg 300w, https:\/\/www.naturparkmagazin.de\/vdn\/wp-content\/uploads\/sites\/3\/Pressefoto_Auszeichnung_Qualit\u00e4tsoffensive_Naturparke_2014_Beitrag-200x120.jpg 200w\" sizes=\"(max-width: 500px) 100vw, 500px\" \/><\/a><p id=\"caption-attachment-4491\" class=\"wp-caption-text\">Auszeichnung &#8222;Qualit\u00e4tsoffensive Naturparke 2014&#8220; &#8211; Copyright: VDN<\/p><\/div>\n<p>Vom 25.- 27. September 2014 fand der diesj\u00e4hrige Deutsche Naturpark-Tag aus Anlass des 50j\u00e4hrigen Bestehens des Naturparks Spessart in Lohr am Main statt. Ehreng\u00e4ste am Er\u00f6ffnungsabend am 25.9.2014 waren die Pr\u00e4sidentin des Bundesamtes f\u00fcr Naturschutz (BfN), Frau Professor Dr. Beate Jessel und der Regierungspr\u00e4sident von Unterfranken, Dr. Paul Beinhofer. Begr\u00fc\u00dft wurden die rund 90 Vertreter\/innen aus 40 Naturparken von Landrat Thomas Schiebel, Vorsitzender des Naturpark Spessart und VDN- Pr\u00e4sident Dr. Michael Arndt. Moderiert wurde der Abend von der TV Journalistin Anja Kohl, die den Naturpark Spessart als Naturpark-Botschafterin unterst\u00fctzt.<\/p>\n<p>F\u00fcnf weitere Naturparke wurden von VDN-Pr\u00e4sident Dr. Michael Arndt \u00a0gemeinsam mit der Pr\u00e4sidentin des Bundesamtes f\u00fcr Naturschutz, Frau Prof. Beate Jessel, im Rahmen der \u201eQualit\u00e4tsoffensive Naturparke\u201c als \u201eQualit\u00e4ts-Naturpark\u201c ausgezeichnet. Ausgezeichnet wurden die Naturparke Barnim, Dahme-Heideseen, Fr\u00e4nkische Schweiz &#8211; Veldensteiner Forst, Solling-Vogler und Vulkaneifel. Der erst im Jahr 2011 gegr\u00fcndete Naturpark S\u00fcdharz\u00a0 erhielt die Auszeichnung \u201ePartner Qualit\u00e4tsoffensive Naturparke\u201c.<\/p>\n<p>Die \u201eQualit\u00e4tsoffensive Naturparke\u201c ist f\u00fcr die Naturparke ein Instrument zur Selbsteinsch\u00e4tzung und kontinuierlichen Verbesserung der Qualit\u00e4t ihrer Arbeit und ihrer Angebote. Sie macht die Leistungen der Naturparke f\u00fcr Naturschutz, nachhaltigen Tourismus und Erholung, Umweltbildung und nachhaltige Regionalentwicklung deutlich. Die Teilnahme an der Qualit\u00e4tsoffensive ist freiwillig.<\/p>\n<p>\u201eQualit\u00e4ts-Naturparke\u201c m\u00fcssen mindestens 250 von insgesamt 500 m\u00f6glichen Punkten erreichen. Ein Qualit\u00e4ts-Scout bereist jeden teilnehmenden Naturpark und \u00fcberpr\u00fcft und ber\u00e4t ihn im Rahmen dieser Bereisung. Insgesamt tragen jetzt 73 der 104 Naturparke in Deutschland das Siegel \u201eQualit\u00e4ts-Naturpark\u201c, zwei Naturparke sind als \u201ePartner Qualit\u00e4tsoffensive Naturparke\u201c ausgezeichnet.<\/p>\n<p>Weitere Informationen zur Qualit\u00e4tsoffensive Naturparke finden Sie im Internet unter <a href=\"http:\/\/www.naturparke.de\/parks\/quality\">www.naturparke.de\/parks\/quality<\/a>.<\/p>\n<p style=\"text-align: left\"><a href=\"http:\/\/www.naturparke.de\/system\/articledownloads\/403\/original\/PM_MV_2014_Auszeichnung_Qualit%C3%A4tsoffensive_Final.pdf?1411675066\" target=\"_blank\">&gt;&gt; Hier k\u00f6nnen Sie die Pressemitteilung einsehen<\/a><\/p>\n<p>&nbsp;<\/p>\n","protected":false},"excerpt":{"rendered":"<p>Sechs weitere Naturparke wurden von VDN-Pr\u00e4sident Dr. Michael Arndt  gemeinsam mit der Pr\u00e4sidentin des Bundesamtes f\u00fcr Naturschutz, Frau Prof. Dr. Beate Jessel, im Rahmen der \u201eQualit\u00e4tsoffensive Naturparke\u201c ausgezeichnet. <\/p>\n","protected":false},"author":14,"featured_media":4492,"comment_status":"open","ping_status":"open","sticky":false,"template":"","format":"standard","meta":{"_links_to":"","_links_to_target":""},"categories":[7],"tags":[],"yoast_head":"<!-- This site is optimized with the Yoast SEO plugin v19.10 - https:\/\/yoast.com\/wordpress\/plugins\/seo\/ -->\n<title>\u201eGute Qualit\u00e4t!\u201c \u2013 Sechs Naturparke wurden ausgezeichnet<\/title>\n<meta name=\"description\" content=\"Sechs weitere Naturparke wurden von VDN-Pr\u00e4sident Dr. Michael Arndt gemeinsam mit der Pr\u00e4sidentin des Bundesamtes f\u00fcr Naturschutz, Frau Prof. Dr. Beate Jessel, im Rahmen der \u201eQualit\u00e4tsoffensive Naturparke\u201c ausgezeichnet.\" \/>\n<meta name=\"robots\" content=\"index, follow, max-snippet:-1, max-image-preview:large, max-video-preview:-1\" \/>\n<link rel=\"canonical\" href=\"https:\/\/www.naturparkmagazin.de\/vdn\/gute-qualitaet-sechs-naturparke-wurden-ausgezeichnet\/\" \/>\n<meta property=\"og:locale\" content=\"de_DE\" \/>\n<meta property=\"og:type\" content=\"article\" \/>\n<meta property=\"og:title\" content=\"\u201eGute Qualit\u00e4t!\u201c \u2013 Sechs Naturparke wurden ausgezeichnet\" \/>\n<meta property=\"og:description\" content=\"Sechs weitere Naturparke wurden von VDN-Pr\u00e4sident Dr. Michael Arndt gemeinsam mit der Pr\u00e4sidentin des Bundesamtes f\u00fcr Naturschutz, Frau Prof. Dr. Beate Jessel, im Rahmen der \u201eQualit\u00e4tsoffensive Naturparke\u201c ausgezeichnet.\" \/>\n<meta property=\"og:url\" content=\"https:\/\/www.naturparkmagazin.de\/vdn\/gute-qualitaet-sechs-naturparke-wurden-ausgezeichnet\/\" \/>\n<meta property=\"og:site_name\" content=\"Verband Deutscher Naturparke\" \/>\n<meta property=\"article:published_time\" content=\"2014-09-18T06:53:34+00:00\" \/>\n<meta property=\"article:modified_time\" content=\"2014-09-29T08:57:38+00:00\" \/>\n<meta property=\"og:image\" content=\"https:\/\/www.naturparkmagazin.de\/vdn\/wp-content\/uploads\/sites\/3\/Pressefoto_Auszeichnung_Qualit\u00e4tsoffensive_Naturparke_2014_Beitragsbild.jpg\" \/>\n\t<meta property=\"og:image:width\" content=\"180\" \/>\n\t<meta property=\"og:image:height\" content=\"135\" \/>\n\t<meta property=\"og:image:type\" content=\"image\/jpeg\" \/>\n<meta name=\"author\" content=\"vdnnational\" \/>\n<meta name=\"twitter:label1\" content=\"Verfasst von\" \/>\n\t<meta name=\"twitter:data1\" content=\"vdnnational\" \/>\n\t<meta name=\"twitter:label2\" content=\"Gesch\u00e4tzte Lesezeit\" \/>\n\t<meta name=\"twitter:data2\" content=\"2\u00a0Minuten\" \/>\n<script type=\"application\/ld+json\" class=\"yoast-schema-graph\">{\"@context\":\"https:\/\/schema.org\",\"@graph\":[{\"@type\":\"WebPage\",\"@id\":\"https:\/\/www.naturparkmagazin.de\/vdn\/gute-qualitaet-sechs-naturparke-wurden-ausgezeichnet\/\",\"url\":\"https:\/\/www.naturparkmagazin.de\/vdn\/gute-qualitaet-sechs-naturparke-wurden-ausgezeichnet\/\",\"name\":\"\u201eGute Qualit\u00e4t!\u201c \u2013 Sechs Naturparke wurden ausgezeichnet\",\"isPartOf\":{\"@id\":\"https:\/\/www.naturparkmagazin.de\/vdn\/#website\"},\"datePublished\":\"2014-09-18T06:53:34+00:00\",\"dateModified\":\"2014-09-29T08:57:38+00:00\",\"author\":{\"@id\":\"https:\/\/www.naturparkmagazin.de\/vdn\/#\/schema\/person\/e28d931df83318a48d52ae72b08d2bfb\"},\"description\":\"Sechs weitere Naturparke wurden von VDN-Pr\u00e4sident Dr. Michael Arndt gemeinsam mit der Pr\u00e4sidentin des Bundesamtes f\u00fcr Naturschutz, Frau Prof. Dr. Beate Jessel, im Rahmen der \u201eQualit\u00e4tsoffensive Naturparke\u201c ausgezeichnet.\",\"breadcrumb\":{\"@id\":\"https:\/\/www.naturparkmagazin.de\/vdn\/gute-qualitaet-sechs-naturparke-wurden-ausgezeichnet\/#breadcrumb\"},\"inLanguage\":\"de\",\"potentialAction\":[{\"@type\":\"ReadAction\",\"target\":[\"https:\/\/www.naturparkmagazin.de\/vdn\/gute-qualitaet-sechs-naturparke-wurden-ausgezeichnet\/\"]}]},{\"@type\":\"BreadcrumbList\",\"@id\":\"https:\/\/www.naturparkmagazin.de\/vdn\/gute-qualitaet-sechs-naturparke-wurden-ausgezeichnet\/#breadcrumb\",\"itemListElement\":[{\"@type\":\"ListItem\",\"position\":1,\"name\":\"Home\",\"item\":\"https:\/\/www.naturparkmagazin.de\/vdn\/\"},{\"@type\":\"ListItem\",\"position\":2,\"name\":\"\u201eGute Qualit\u00e4t!\u201c \u2013 Sechs Naturparke wurden ausgezeichnet\"}]},{\"@type\":\"WebSite\",\"@id\":\"https:\/\/www.naturparkmagazin.de\/vdn\/#website\",\"url\":\"https:\/\/www.naturparkmagazin.de\/vdn\/\",\"name\":\"Verband Deutscher Naturparke\",\"description\":\"Eine weitere Naturparkmagazin.de Netzwerk Seite\",\"potentialAction\":[{\"@type\":\"SearchAction\",\"target\":{\"@type\":\"EntryPoint\",\"urlTemplate\":\"https:\/\/www.naturparkmagazin.de\/vdn\/?s={search_term_string}\"},\"query-input\":\"required name=search_term_string\"}],\"inLanguage\":\"de\"},{\"@type\":\"Person\",\"@id\":\"https:\/\/www.naturparkmagazin.de\/vdn\/#\/schema\/person\/e28d931df83318a48d52ae72b08d2bfb\",\"name\":\"vdnnational\",\"url\":\"https:\/\/www.naturparkmagazin.de\/vdn\/author\/vdnnational\/\"}]}<\/script>\n<!-- \/ Yoast SEO plugin. -->","yoast_head_json":{"title":"\u201eGute Qualit\u00e4t!\u201c \u2013 Sechs Naturparke wurden ausgezeichnet","description":"Sechs weitere Naturparke wurden von VDN-Pr\u00e4sident Dr. Michael Arndt gemeinsam mit der Pr\u00e4sidentin des Bundesamtes f\u00fcr Naturschutz, Frau Prof. Dr. Beate Jessel, im Rahmen der \u201eQualit\u00e4tsoffensive Naturparke\u201c ausgezeichnet.","robots":{"index":"index","follow":"follow","max-snippet":"max-snippet:-1","max-image-preview":"max-image-preview:large","max-video-preview":"max-video-preview:-1"},"canonical":"https:\/\/www.naturparkmagazin.de\/vdn\/gute-qualitaet-sechs-naturparke-wurden-ausgezeichnet\/","og_locale":"de_DE","og_type":"article","og_title":"\u201eGute Qualit\u00e4t!\u201c \u2013 Sechs Naturparke wurden ausgezeichnet","og_description":"Sechs weitere Naturparke wurden von VDN-Pr\u00e4sident Dr. Michael Arndt gemeinsam mit der Pr\u00e4sidentin des Bundesamtes f\u00fcr Naturschutz, Frau Prof. Dr. Beate Jessel, im Rahmen der \u201eQualit\u00e4tsoffensive Naturparke\u201c ausgezeichnet.","og_url":"https:\/\/www.naturparkmagazin.de\/vdn\/gute-qualitaet-sechs-naturparke-wurden-ausgezeichnet\/","og_site_name":"Verband Deutscher Naturparke","article_published_time":"2014-09-18T06:53:34+00:00","article_modified_time":"2014-09-29T08:57:38+00:00","og_image":[{"width":180,"height":135,"url":"https:\/\/www.naturparkmagazin.de\/vdn\/wp-content\/uploads\/sites\/3\/Pressefoto_Auszeichnung_Qualit\u00e4tsoffensive_Naturparke_2014_Beitragsbild.jpg","type":"image\/jpeg"}],"author":"vdnnational","twitter_misc":{"Verfasst von":"vdnnational","Gesch\u00e4tzte Lesezeit":"2\u00a0Minuten"},"schema":{"@context":"https:\/\/schema.org","@graph":[{"@type":"WebPage","@id":"https:\/\/www.naturparkmagazin.de\/vdn\/gute-qualitaet-sechs-naturparke-wurden-ausgezeichnet\/","url":"https:\/\/www.naturparkmagazin.de\/vdn\/gute-qualitaet-sechs-naturparke-wurden-ausgezeichnet\/","name":"\u201eGute Qualit\u00e4t!\u201c \u2013 Sechs Naturparke wurden ausgezeichnet","isPartOf":{"@id":"https:\/\/www.naturparkmagazin.de\/vdn\/#website"},"datePublished":"2014-09-18T06:53:34+00:00","dateModified":"2014-09-29T08:57:38+00:00","author":{"@id":"https:\/\/www.naturparkmagazin.de\/vdn\/#\/schema\/person\/e28d931df83318a48d52ae72b08d2bfb"},"description":"Sechs weitere Naturparke wurden von VDN-Pr\u00e4sident Dr. Michael Arndt gemeinsam mit der Pr\u00e4sidentin des Bundesamtes f\u00fcr Naturschutz, Frau Prof. Dr. Beate Jessel, im Rahmen der \u201eQualit\u00e4tsoffensive Naturparke\u201c ausgezeichnet.","breadcrumb":{"@id":"https:\/\/www.naturparkmagazin.de\/vdn\/gute-qualitaet-sechs-naturparke-wurden-ausgezeichnet\/#breadcrumb"},"inLanguage":"de","potentialAction":[{"@type":"ReadAction","target":["https:\/\/www.naturparkmagazin.de\/vdn\/gute-qualitaet-sechs-naturparke-wurden-ausgezeichnet\/"]}]},{"@type":"BreadcrumbList","@id":"https:\/\/www.naturparkmagazin.de\/vdn\/gute-qualitaet-sechs-naturparke-wurden-ausgezeichnet\/#breadcrumb","itemListElement":[{"@type":"ListItem","position":1,"name":"Home","item":"https:\/\/www.naturparkmagazin.de\/vdn\/"},{"@type":"ListItem","position":2,"name":"\u201eGute Qualit\u00e4t!\u201c \u2013 Sechs Naturparke wurden ausgezeichnet"}]},{"@type":"WebSite","@id":"https:\/\/www.naturparkmagazin.de\/vdn\/#website","url":"https:\/\/www.naturparkmagazin.de\/vdn\/","name":"Verband Deutscher Naturparke","description":"Eine weitere Naturparkmagazin.de Netzwerk Seite","potentialAction":[{"@type":"SearchAction","target":{"@type":"EntryPoint","urlTemplate":"https:\/\/www.naturparkmagazin.de\/vdn\/?s={search_term_string}"},"query-input":"required name=search_term_string"}],"inLanguage":"de"},{"@type":"Person","@id":"https:\/\/www.naturparkmagazin.de\/vdn\/#\/schema\/person\/e28d931df83318a48d52ae72b08d2bfb","name":"vdnnational","url":"https:\/\/www.naturparkmagazin.de\/vdn\/author\/vdnnational\/"}]}},"_links":{"self":[{"href":"https:\/\/www.naturparkmagazin.de\/vdn\/wp-json\/wp\/v2\/posts\/4417"}],"collection":[{"href":"https:\/\/www.naturparkmagazin.de\/vdn\/wp-json\/wp\/v2\/posts"}],"about":[{"href":"https:\/\/www.naturparkmagazin.de\/vdn\/wp-json\/wp\/v2\/types\/post"}],"author":[{"embeddable":true,"href":"https:\/\/www.naturparkmagazin.de\/vdn\/wp-json\/wp\/v2\/users\/14"}],"replies":[{"embeddable":true,"href":"https:\/\/www.naturparkmagazin.de\/vdn\/wp-json\/wp\/v2\/comments?post=4417"}],"version-history":[{"count":9,"href":"https:\/\/www.naturparkmagazin.de\/vdn\/wp-json\/wp\/v2\/posts\/4417\/revisions"}],"predecessor-version":[{"id":4495,"href":"https:\/\/www.naturparkmagazin.de\/vdn\/wp-json\/wp\/v2\/posts\/4417\/revisions\/4495"}],"wp:featuredmedia":[{"embeddable":true,"href":"https:\/\/www.naturparkmagazin.de\/vdn\/wp-json\/wp\/v2\/media\/4492"}],"wp:attachment":[{"href":"https:\/\/www.naturparkmagazin.de\/vdn\/wp-json\/wp\/v2\/media?parent=4417"}],"wp:term":[{"taxonomy":"category","embeddable":true,"href":"https:\/\/www.naturparkmagazin.de\/vdn\/wp-json\/wp\/v2\/categories?post=4417"},{"taxonomy":"post_tag","embeddable":true,"href":"https:\/\/www.naturparkmagazin.de\/vdn\/wp-json\/wp\/v2\/tags?post=4417"}],"curies":[{"name":"wp","href":"https:\/\/api.w.org\/{rel}","templated":true}]}}