{"id":445,"date":"2013-05-08T10:00:00","date_gmt":"2013-05-08T08:00:00","guid":{"rendered":"http:\/\/www.naturparkmagazin.de\/vdn\/?p=445"},"modified":"2013-05-08T17:34:14","modified_gmt":"2013-05-08T15:34:14","slug":"naturpark-entdecker-westen-2","status":"publish","type":"post","link":"https:\/\/www.naturparkmagazin.de\/vdn\/naturpark-entdecker-westen-2\/","title":{"rendered":"Naturpark-Entdecker-Westen"},"content":{"rendered":"<p>&nbsp;<\/p>\n<p><a href=\"https:\/\/www.naturparkmagazin.de\/vdn\/wp-content\/uploads\/sites\/3\/DSC_0239_web.jpg\"><img decoding=\"async\" loading=\"lazy\" class=\"size-full wp-image-419\" title=\"\u00a9 VDN, Entdecker-Westen-Exkursion\" alt=\"\" src=\"https:\/\/www.naturparkmagazin.de\/vdn\/wp-content\/uploads\/sites\/3\/DSC_0239_web.jpg\" width=\"500\" height=\"335\" srcset=\"https:\/\/www.naturparkmagazin.de\/vdn\/wp-content\/uploads\/sites\/3\/DSC_0239_web.jpg 500w, https:\/\/www.naturparkmagazin.de\/vdn\/wp-content\/uploads\/sites\/3\/DSC_0239_web-300x201.jpg 300w, https:\/\/www.naturparkmagazin.de\/vdn\/wp-content\/uploads\/sites\/3\/DSC_0239_web-200x134.jpg 200w\" sizes=\"(max-width: 500px) 100vw, 500px\" \/><\/a>Ausgestattet mit allen wichtigen Exkursionsmaterialien auf eigene Faust die Natur vor der Klassent\u00fcr entdecken und sich dabei f\u00fchlen wie ein echter Abenteurer &#8211; das ist die Idee der &#8222;Naturpark-Entdecker-Westen&#8220;.<\/p>\n<p>Das Besondere an dieser Weste ist, dass sich zahlreiche Exkursionsmaterialien (Becherlupe, Bestimmungshilfen, Kompass etc.) in den vielen Taschen der Weste befinden. Bereits durch das Anziehen der Weste wird jeder Teilnehmer zu einem Naturpark-Entdecker. Bestens ausgestattet durch die Weste kann er eigenst\u00e4ndig oder angeleitet auf Entdeckungsreise gehen. Dadurch, dass jeder Teilnehmer einen eigenen Satz Exkursionsmaterialien zur Hand hat, kann Jeder sein individuelles Tempo und Thema finden. So steht nicht der Exkursionsleiter im Mittelpunkt, sondern der Teilnehmer kann selbst geleitet die Natur entdecken.<\/p>\n<p>Gef\u00f6rdert von der Deutschen Bundesstiftung Umwelt (DBU) und wissenschaftlich begleitet durch den Lehrstuhl f\u00fcr Biologiedidaktik (Prof. Dr. Hans-Peter Ziemek) der Universit\u00e4t Gie\u00dfen, sind die Westen mittlerweile in <a href=\"http:\/\/www.naturparke.de\/downloads\/environmentaleducation\/entdecker_karte.pdf\" target=\"_blank\">\u00fcber 40 Naturparken<\/a> in ganz Deutschland im Einsatz.<\/p>\n<p>Die Angebote zu den Entdecker-Westen sowie weitere Umweltbildungsangebote der Naturparke finden Sie <a href=\"http:\/\/www.naturparke.de\/environmentaleducation\/offers?cat=schools\">hier<\/a>.<\/p>\n<p>Einen kurzen Film \u00fcber die Naturpark-Entdecker-Westen k\u00f6nnen Sie sich <a href=\"http:\/\/www.youtube.com\/watch?v=3_e59QdevtI&amp;lr=1\">hier<\/a> anschauen.<\/p>\n","protected":false},"excerpt":{"rendered":"<p>Ausgestattet mit allen wichtigen Exkursionsmaterialien auf eigene Faust die Natur vor der Klassent\u00fcr entdecken und &#8230;<\/p>\n","protected":false},"author":14,"featured_media":419,"comment_status":"open","ping_status":"open","sticky":false,"template":"","format":"standard","meta":{"_links_to":"","_links_to_target":""},"categories":[617],"tags":[81,9,3154],"yoast_head":"<!-- This site is optimized with the Yoast SEO plugin v19.10 - https:\/\/yoast.com\/wordpress\/plugins\/seo\/ -->\n<title>Naturpark-Entdecker-Westen<\/title>\n<meta name=\"description\" content=\"Ausgestattet mit allen wichtigen Exkursionsmaterialien auf eigene Faust die Natur vor der Klassent\u00fcr entdecken und ...\" \/>\n<meta name=\"robots\" content=\"index, follow, max-snippet:-1, max-image-preview:large, max-video-preview:-1\" \/>\n<link rel=\"canonical\" href=\"https:\/\/www.naturparkmagazin.de\/vdn\/naturpark-entdecker-westen-2\/\" \/>\n<meta property=\"og:locale\" content=\"de_DE\" \/>\n<meta property=\"og:type\" content=\"article\" \/>\n<meta property=\"og:title\" content=\"Naturpark-Entdecker-Westen\" \/>\n<meta property=\"og:description\" content=\"Ausgestattet mit allen wichtigen Exkursionsmaterialien auf eigene Faust die Natur vor der Klassent\u00fcr entdecken und ...\" \/>\n<meta property=\"og:url\" content=\"https:\/\/www.naturparkmagazin.de\/vdn\/naturpark-entdecker-westen-2\/\" \/>\n<meta property=\"og:site_name\" content=\"Verband Deutscher Naturparke\" \/>\n<meta property=\"article:published_time\" content=\"2013-05-08T08:00:00+00:00\" \/>\n<meta property=\"article:modified_time\" content=\"2013-05-08T15:34:14+00:00\" \/>\n<meta property=\"og:image\" content=\"https:\/\/www.naturparkmagazin.de\/vdn\/wp-content\/uploads\/sites\/3\/DSC_0239_web.jpg\" \/>\n\t<meta property=\"og:image:width\" content=\"500\" \/>\n\t<meta property=\"og:image:height\" content=\"335\" \/>\n\t<meta property=\"og:image:type\" content=\"image\/jpeg\" \/>\n<meta name=\"author\" content=\"vdnnational\" \/>\n<meta name=\"twitter:label1\" content=\"Verfasst von\" \/>\n\t<meta name=\"twitter:data1\" content=\"vdnnational\" \/>\n\t<meta name=\"twitter:label2\" content=\"Gesch\u00e4tzte Lesezeit\" \/>\n\t<meta name=\"twitter:data2\" content=\"1\u00a0Minute\" \/>\n<script type=\"application\/ld+json\" class=\"yoast-schema-graph\">{\"@context\":\"https:\/\/schema.org\",\"@graph\":[{\"@type\":\"WebPage\",\"@id\":\"https:\/\/www.naturparkmagazin.de\/vdn\/naturpark-entdecker-westen-2\/\",\"url\":\"https:\/\/www.naturparkmagazin.de\/vdn\/naturpark-entdecker-westen-2\/\",\"name\":\"Naturpark-Entdecker-Westen\",\"isPartOf\":{\"@id\":\"https:\/\/www.naturparkmagazin.de\/vdn\/#website\"},\"datePublished\":\"2013-05-08T08:00:00+00:00\",\"dateModified\":\"2013-05-08T15:34:14+00:00\",\"author\":{\"@id\":\"https:\/\/www.naturparkmagazin.de\/vdn\/#\/schema\/person\/e28d931df83318a48d52ae72b08d2bfb\"},\"description\":\"Ausgestattet mit allen wichtigen Exkursionsmaterialien auf eigene Faust die Natur vor der Klassent\u00fcr entdecken und ...\",\"breadcrumb\":{\"@id\":\"https:\/\/www.naturparkmagazin.de\/vdn\/naturpark-entdecker-westen-2\/#breadcrumb\"},\"inLanguage\":\"de\",\"potentialAction\":[{\"@type\":\"ReadAction\",\"target\":[\"https:\/\/www.naturparkmagazin.de\/vdn\/naturpark-entdecker-westen-2\/\"]}]},{\"@type\":\"BreadcrumbList\",\"@id\":\"https:\/\/www.naturparkmagazin.de\/vdn\/naturpark-entdecker-westen-2\/#breadcrumb\",\"itemListElement\":[{\"@type\":\"ListItem\",\"position\":1,\"name\":\"Home\",\"item\":\"https:\/\/www.naturparkmagazin.de\/vdn\/\"},{\"@type\":\"ListItem\",\"position\":2,\"name\":\"Naturpark-Entdecker-Westen\"}]},{\"@type\":\"WebSite\",\"@id\":\"https:\/\/www.naturparkmagazin.de\/vdn\/#website\",\"url\":\"https:\/\/www.naturparkmagazin.de\/vdn\/\",\"name\":\"Verband Deutscher Naturparke\",\"description\":\"Eine weitere Naturparkmagazin.de Netzwerk Seite\",\"potentialAction\":[{\"@type\":\"SearchAction\",\"target\":{\"@type\":\"EntryPoint\",\"urlTemplate\":\"https:\/\/www.naturparkmagazin.de\/vdn\/?s={search_term_string}\"},\"query-input\":\"required name=search_term_string\"}],\"inLanguage\":\"de\"},{\"@type\":\"Person\",\"@id\":\"https:\/\/www.naturparkmagazin.de\/vdn\/#\/schema\/person\/e28d931df83318a48d52ae72b08d2bfb\",\"name\":\"vdnnational\",\"url\":\"https:\/\/www.naturparkmagazin.de\/vdn\/author\/vdnnational\/\"}]}<\/script>\n<!-- \/ Yoast SEO plugin. -->","yoast_head_json":{"title":"Naturpark-Entdecker-Westen","description":"Ausgestattet mit allen wichtigen Exkursionsmaterialien auf eigene Faust die Natur vor der Klassent\u00fcr entdecken und ...","robots":{"index":"index","follow":"follow","max-snippet":"max-snippet:-1","max-image-preview":"max-image-preview:large","max-video-preview":"max-video-preview:-1"},"canonical":"https:\/\/www.naturparkmagazin.de\/vdn\/naturpark-entdecker-westen-2\/","og_locale":"de_DE","og_type":"article","og_title":"Naturpark-Entdecker-Westen","og_description":"Ausgestattet mit allen wichtigen Exkursionsmaterialien auf eigene Faust die Natur vor der Klassent\u00fcr entdecken und ...","og_url":"https:\/\/www.naturparkmagazin.de\/vdn\/naturpark-entdecker-westen-2\/","og_site_name":"Verband Deutscher Naturparke","article_published_time":"2013-05-08T08:00:00+00:00","article_modified_time":"2013-05-08T15:34:14+00:00","og_image":[{"width":500,"height":335,"url":"https:\/\/www.naturparkmagazin.de\/vdn\/wp-content\/uploads\/sites\/3\/DSC_0239_web.jpg","type":"image\/jpeg"}],"author":"vdnnational","twitter_misc":{"Verfasst von":"vdnnational","Gesch\u00e4tzte Lesezeit":"1\u00a0Minute"},"schema":{"@context":"https:\/\/schema.org","@graph":[{"@type":"WebPage","@id":"https:\/\/www.naturparkmagazin.de\/vdn\/naturpark-entdecker-westen-2\/","url":"https:\/\/www.naturparkmagazin.de\/vdn\/naturpark-entdecker-westen-2\/","name":"Naturpark-Entdecker-Westen","isPartOf":{"@id":"https:\/\/www.naturparkmagazin.de\/vdn\/#website"},"datePublished":"2013-05-08T08:00:00+00:00","dateModified":"2013-05-08T15:34:14+00:00","author":{"@id":"https:\/\/www.naturparkmagazin.de\/vdn\/#\/schema\/person\/e28d931df83318a48d52ae72b08d2bfb"},"description":"Ausgestattet mit allen wichtigen Exkursionsmaterialien auf eigene Faust die Natur vor der Klassent\u00fcr entdecken und ...","breadcrumb":{"@id":"https:\/\/www.naturparkmagazin.de\/vdn\/naturpark-entdecker-westen-2\/#breadcrumb"},"inLanguage":"de","potentialAction":[{"@type":"ReadAction","target":["https:\/\/www.naturparkmagazin.de\/vdn\/naturpark-entdecker-westen-2\/"]}]},{"@type":"BreadcrumbList","@id":"https:\/\/www.naturparkmagazin.de\/vdn\/naturpark-entdecker-westen-2\/#breadcrumb","itemListElement":[{"@type":"ListItem","position":1,"name":"Home","item":"https:\/\/www.naturparkmagazin.de\/vdn\/"},{"@type":"ListItem","position":2,"name":"Naturpark-Entdecker-Westen"}]},{"@type":"WebSite","@id":"https:\/\/www.naturparkmagazin.de\/vdn\/#website","url":"https:\/\/www.naturparkmagazin.de\/vdn\/","name":"Verband Deutscher Naturparke","description":"Eine weitere Naturparkmagazin.de Netzwerk Seite","potentialAction":[{"@type":"SearchAction","target":{"@type":"EntryPoint","urlTemplate":"https:\/\/www.naturparkmagazin.de\/vdn\/?s={search_term_string}"},"query-input":"required name=search_term_string"}],"inLanguage":"de"},{"@type":"Person","@id":"https:\/\/www.naturparkmagazin.de\/vdn\/#\/schema\/person\/e28d931df83318a48d52ae72b08d2bfb","name":"vdnnational","url":"https:\/\/www.naturparkmagazin.de\/vdn\/author\/vdnnational\/"}]}},"_links":{"self":[{"href":"https:\/\/www.naturparkmagazin.de\/vdn\/wp-json\/wp\/v2\/posts\/445"}],"collection":[{"href":"https:\/\/www.naturparkmagazin.de\/vdn\/wp-json\/wp\/v2\/posts"}],"about":[{"href":"https:\/\/www.naturparkmagazin.de\/vdn\/wp-json\/wp\/v2\/types\/post"}],"author":[{"embeddable":true,"href":"https:\/\/www.naturparkmagazin.de\/vdn\/wp-json\/wp\/v2\/users\/14"}],"replies":[{"embeddable":true,"href":"https:\/\/www.naturparkmagazin.de\/vdn\/wp-json\/wp\/v2\/comments?post=445"}],"version-history":[{"count":13,"href":"https:\/\/www.naturparkmagazin.de\/vdn\/wp-json\/wp\/v2\/posts\/445\/revisions"}],"predecessor-version":[{"id":1076,"href":"https:\/\/www.naturparkmagazin.de\/vdn\/wp-json\/wp\/v2\/posts\/445\/revisions\/1076"}],"wp:featuredmedia":[{"embeddable":true,"href":"https:\/\/www.naturparkmagazin.de\/vdn\/wp-json\/wp\/v2\/media\/419"}],"wp:attachment":[{"href":"https:\/\/www.naturparkmagazin.de\/vdn\/wp-json\/wp\/v2\/media?parent=445"}],"wp:term":[{"taxonomy":"category","embeddable":true,"href":"https:\/\/www.naturparkmagazin.de\/vdn\/wp-json\/wp\/v2\/categories?post=445"},{"taxonomy":"post_tag","embeddable":true,"href":"https:\/\/www.naturparkmagazin.de\/vdn\/wp-json\/wp\/v2\/tags?post=445"}],"curies":[{"name":"wp","href":"https:\/\/api.w.org\/{rel}","templated":true}]}}