{"id":4511,"date":"2014-10-22T08:28:43","date_gmt":"2014-10-22T06:28:43","guid":{"rendered":"http:\/\/www.naturparkmagazin.de\/vdn\/?p=4511"},"modified":"2014-10-21T13:36:51","modified_gmt":"2014-10-21T11:36:51","slug":"foto-des-monats-kuerbisspinne","status":"publish","type":"post","link":"https:\/\/www.naturparkmagazin.de\/vdn\/foto-des-monats-kuerbisspinne\/","title":{"rendered":"Foto des Monats: &#8222;K\u00fcrbisspinne&#8220;"},"content":{"rendered":"<div id=\"attachment_4512\" style=\"width: 310px\" class=\"wp-caption aligncenter\"><a href=\"https:\/\/www.naturparkmagazin.de\/vdn\/wp-content\/uploads\/sites\/3\/mg-3673_beitrag.jpg\"><img aria-describedby=\"caption-attachment-4512\" decoding=\"async\" loading=\"lazy\" class=\"size-full wp-image-4512\" title=\"Copyright: VDN\/Thomas Hinsche\" alt=\"Copyright: VDN\/Thomas Hinsche\" src=\"https:\/\/www.naturparkmagazin.de\/vdn\/wp-content\/uploads\/sites\/3\/mg-3673_beitrag.jpg\" width=\"300\" height=\"500\" srcset=\"https:\/\/www.naturparkmagazin.de\/vdn\/wp-content\/uploads\/sites\/3\/mg-3673_beitrag.jpg 300w, https:\/\/www.naturparkmagazin.de\/vdn\/wp-content\/uploads\/sites\/3\/mg-3673_beitrag-200x333.jpg 200w\" sizes=\"(max-width: 300px) 100vw, 300px\" \/><\/a><p id=\"caption-attachment-4512\" class=\"wp-caption-text\">Copyright: VDN\/Thomas Hinsche<\/p><\/div>\n<p>Zum Gruselfest Halloween passt unser Foto des Monats ganz hervorragend, denn die K\u00fcrbisspinne ist nicht nur nach dem Gem\u00fcse benannt, das hierbei eine gro\u00dfe Rolle spielt, sondern besticht auch durch ihr buntes \u201eMake-Up\u201c in plakativen Neont\u00f6nen.<\/p>\n<p>Fotograf Thomas Hinsche gew\u00e4hrt uns mit seiner Aufnahme aus dem Naturpark D\u00fcbener Heide einen atemberaubenden Detailblick auf die K\u00fcrbisspinne. Dem Fotografen gelingt es laut Jury \u201edurch den Fokus auf das Allerkleinste, Strukturen offen zu legen, die den Betrachter zum Staunen bringen\u201c &#8211; und hoffentlich nicht nur die Jury findet Spinnen jetzt etwas weniger gruselig\u2026<\/p>\n","protected":false},"excerpt":{"rendered":"<p>Zum Gruselfest Halloween passt unser Foto des Monats ganz hervorragend, denn die K\u00fcrbisspinne ist nicht nur nach dem Gem\u00fcse benannt, das hierbei eine gro\u00dfe Rolle spielt, sondern besticht auch durch ihr buntes \u201eMake-Up\u201c in plakativen Neont\u00f6nen.<\/p>\n","protected":false},"author":14,"featured_media":4513,"comment_status":"open","ping_status":"open","sticky":false,"template":"","format":"standard","meta":{"_links_to":"","_links_to_target":""},"categories":[10],"tags":[],"yoast_head":"<!-- This site is optimized with the Yoast SEO plugin v19.10 - https:\/\/yoast.com\/wordpress\/plugins\/seo\/ -->\n<title>Foto des Monats: &quot;K\u00fcrbisspinne&quot;<\/title>\n<meta name=\"description\" content=\"Zum Gruselfest Halloween passt unser Foto des Monats ganz hervorragend, denn die K\u00fcrbisspinne ist nicht nur nach dem Gem\u00fcse benannt, das hierbei eine gro\u00dfe Rolle spielt, sondern besticht auch durch ihr buntes \u201eMake-Up\u201c in plakativen Neont\u00f6nen.\" \/>\n<meta name=\"robots\" content=\"index, follow, max-snippet:-1, max-image-preview:large, max-video-preview:-1\" \/>\n<link rel=\"canonical\" href=\"https:\/\/www.naturparkmagazin.de\/vdn\/foto-des-monats-kuerbisspinne\/\" \/>\n<meta property=\"og:locale\" content=\"de_DE\" \/>\n<meta property=\"og:type\" content=\"article\" \/>\n<meta property=\"og:title\" content=\"Foto des Monats: &quot;K\u00fcrbisspinne&quot;\" \/>\n<meta property=\"og:description\" content=\"Zum Gruselfest Halloween passt unser Foto des Monats ganz hervorragend, denn die K\u00fcrbisspinne ist nicht nur nach dem Gem\u00fcse benannt, das hierbei eine gro\u00dfe Rolle spielt, sondern besticht auch durch ihr buntes \u201eMake-Up\u201c in plakativen Neont\u00f6nen.\" \/>\n<meta property=\"og:url\" content=\"https:\/\/www.naturparkmagazin.de\/vdn\/foto-des-monats-kuerbisspinne\/\" \/>\n<meta property=\"og:site_name\" content=\"Verband Deutscher Naturparke\" \/>\n<meta property=\"article:published_time\" content=\"2014-10-22T06:28:43+00:00\" \/>\n<meta property=\"article:modified_time\" content=\"2014-10-21T11:36:51+00:00\" \/>\n<meta property=\"og:image\" content=\"https:\/\/www.naturparkmagazin.de\/vdn\/wp-content\/uploads\/sites\/3\/mg-3673_beitragsbild.jpg\" \/>\n\t<meta property=\"og:image:width\" content=\"180\" \/>\n\t<meta property=\"og:image:height\" content=\"135\" \/>\n\t<meta property=\"og:image:type\" content=\"image\/jpeg\" \/>\n<meta name=\"author\" content=\"vdnnational\" \/>\n<meta name=\"twitter:label1\" content=\"Verfasst von\" \/>\n\t<meta name=\"twitter:data1\" content=\"vdnnational\" \/>\n\t<meta name=\"twitter:label2\" content=\"Gesch\u00e4tzte Lesezeit\" \/>\n\t<meta name=\"twitter:data2\" content=\"1\u00a0Minute\" \/>\n<script type=\"application\/ld+json\" class=\"yoast-schema-graph\">{\"@context\":\"https:\/\/schema.org\",\"@graph\":[{\"@type\":\"WebPage\",\"@id\":\"https:\/\/www.naturparkmagazin.de\/vdn\/foto-des-monats-kuerbisspinne\/\",\"url\":\"https:\/\/www.naturparkmagazin.de\/vdn\/foto-des-monats-kuerbisspinne\/\",\"name\":\"Foto des Monats: \\\"K\u00fcrbisspinne\\\"\",\"isPartOf\":{\"@id\":\"https:\/\/www.naturparkmagazin.de\/vdn\/#website\"},\"datePublished\":\"2014-10-22T06:28:43+00:00\",\"dateModified\":\"2014-10-21T11:36:51+00:00\",\"author\":{\"@id\":\"https:\/\/www.naturparkmagazin.de\/vdn\/#\/schema\/person\/e28d931df83318a48d52ae72b08d2bfb\"},\"description\":\"Zum Gruselfest Halloween passt unser Foto des Monats ganz hervorragend, denn die K\u00fcrbisspinne ist nicht nur nach dem Gem\u00fcse benannt, das hierbei eine gro\u00dfe Rolle spielt, sondern besticht auch durch ihr buntes \u201eMake-Up\u201c in plakativen Neont\u00f6nen.\",\"breadcrumb\":{\"@id\":\"https:\/\/www.naturparkmagazin.de\/vdn\/foto-des-monats-kuerbisspinne\/#breadcrumb\"},\"inLanguage\":\"de\",\"potentialAction\":[{\"@type\":\"ReadAction\",\"target\":[\"https:\/\/www.naturparkmagazin.de\/vdn\/foto-des-monats-kuerbisspinne\/\"]}]},{\"@type\":\"BreadcrumbList\",\"@id\":\"https:\/\/www.naturparkmagazin.de\/vdn\/foto-des-monats-kuerbisspinne\/#breadcrumb\",\"itemListElement\":[{\"@type\":\"ListItem\",\"position\":1,\"name\":\"Home\",\"item\":\"https:\/\/www.naturparkmagazin.de\/vdn\/\"},{\"@type\":\"ListItem\",\"position\":2,\"name\":\"Foto des Monats: &#8222;K\u00fcrbisspinne&#8220;\"}]},{\"@type\":\"WebSite\",\"@id\":\"https:\/\/www.naturparkmagazin.de\/vdn\/#website\",\"url\":\"https:\/\/www.naturparkmagazin.de\/vdn\/\",\"name\":\"Verband Deutscher Naturparke\",\"description\":\"Eine weitere Naturparkmagazin.de Netzwerk Seite\",\"potentialAction\":[{\"@type\":\"SearchAction\",\"target\":{\"@type\":\"EntryPoint\",\"urlTemplate\":\"https:\/\/www.naturparkmagazin.de\/vdn\/?s={search_term_string}\"},\"query-input\":\"required name=search_term_string\"}],\"inLanguage\":\"de\"},{\"@type\":\"Person\",\"@id\":\"https:\/\/www.naturparkmagazin.de\/vdn\/#\/schema\/person\/e28d931df83318a48d52ae72b08d2bfb\",\"name\":\"vdnnational\",\"url\":\"https:\/\/www.naturparkmagazin.de\/vdn\/author\/vdnnational\/\"}]}<\/script>\n<!-- \/ Yoast SEO plugin. -->","yoast_head_json":{"title":"Foto des Monats: \"K\u00fcrbisspinne\"","description":"Zum Gruselfest Halloween passt unser Foto des Monats ganz hervorragend, denn die K\u00fcrbisspinne ist nicht nur nach dem Gem\u00fcse benannt, das hierbei eine gro\u00dfe Rolle spielt, sondern besticht auch durch ihr buntes \u201eMake-Up\u201c in plakativen Neont\u00f6nen.","robots":{"index":"index","follow":"follow","max-snippet":"max-snippet:-1","max-image-preview":"max-image-preview:large","max-video-preview":"max-video-preview:-1"},"canonical":"https:\/\/www.naturparkmagazin.de\/vdn\/foto-des-monats-kuerbisspinne\/","og_locale":"de_DE","og_type":"article","og_title":"Foto des Monats: \"K\u00fcrbisspinne\"","og_description":"Zum Gruselfest Halloween passt unser Foto des Monats ganz hervorragend, denn die K\u00fcrbisspinne ist nicht nur nach dem Gem\u00fcse benannt, das hierbei eine gro\u00dfe Rolle spielt, sondern besticht auch durch ihr buntes \u201eMake-Up\u201c in plakativen Neont\u00f6nen.","og_url":"https:\/\/www.naturparkmagazin.de\/vdn\/foto-des-monats-kuerbisspinne\/","og_site_name":"Verband Deutscher Naturparke","article_published_time":"2014-10-22T06:28:43+00:00","article_modified_time":"2014-10-21T11:36:51+00:00","og_image":[{"width":180,"height":135,"url":"https:\/\/www.naturparkmagazin.de\/vdn\/wp-content\/uploads\/sites\/3\/mg-3673_beitragsbild.jpg","type":"image\/jpeg"}],"author":"vdnnational","twitter_misc":{"Verfasst von":"vdnnational","Gesch\u00e4tzte Lesezeit":"1\u00a0Minute"},"schema":{"@context":"https:\/\/schema.org","@graph":[{"@type":"WebPage","@id":"https:\/\/www.naturparkmagazin.de\/vdn\/foto-des-monats-kuerbisspinne\/","url":"https:\/\/www.naturparkmagazin.de\/vdn\/foto-des-monats-kuerbisspinne\/","name":"Foto des Monats: \"K\u00fcrbisspinne\"","isPartOf":{"@id":"https:\/\/www.naturparkmagazin.de\/vdn\/#website"},"datePublished":"2014-10-22T06:28:43+00:00","dateModified":"2014-10-21T11:36:51+00:00","author":{"@id":"https:\/\/www.naturparkmagazin.de\/vdn\/#\/schema\/person\/e28d931df83318a48d52ae72b08d2bfb"},"description":"Zum Gruselfest Halloween passt unser Foto des Monats ganz hervorragend, denn die K\u00fcrbisspinne ist nicht nur nach dem Gem\u00fcse benannt, das hierbei eine gro\u00dfe Rolle spielt, sondern besticht auch durch ihr buntes \u201eMake-Up\u201c in plakativen Neont\u00f6nen.","breadcrumb":{"@id":"https:\/\/www.naturparkmagazin.de\/vdn\/foto-des-monats-kuerbisspinne\/#breadcrumb"},"inLanguage":"de","potentialAction":[{"@type":"ReadAction","target":["https:\/\/www.naturparkmagazin.de\/vdn\/foto-des-monats-kuerbisspinne\/"]}]},{"@type":"BreadcrumbList","@id":"https:\/\/www.naturparkmagazin.de\/vdn\/foto-des-monats-kuerbisspinne\/#breadcrumb","itemListElement":[{"@type":"ListItem","position":1,"name":"Home","item":"https:\/\/www.naturparkmagazin.de\/vdn\/"},{"@type":"ListItem","position":2,"name":"Foto des Monats: &#8222;K\u00fcrbisspinne&#8220;"}]},{"@type":"WebSite","@id":"https:\/\/www.naturparkmagazin.de\/vdn\/#website","url":"https:\/\/www.naturparkmagazin.de\/vdn\/","name":"Verband Deutscher Naturparke","description":"Eine weitere Naturparkmagazin.de Netzwerk Seite","potentialAction":[{"@type":"SearchAction","target":{"@type":"EntryPoint","urlTemplate":"https:\/\/www.naturparkmagazin.de\/vdn\/?s={search_term_string}"},"query-input":"required name=search_term_string"}],"inLanguage":"de"},{"@type":"Person","@id":"https:\/\/www.naturparkmagazin.de\/vdn\/#\/schema\/person\/e28d931df83318a48d52ae72b08d2bfb","name":"vdnnational","url":"https:\/\/www.naturparkmagazin.de\/vdn\/author\/vdnnational\/"}]}},"_links":{"self":[{"href":"https:\/\/www.naturparkmagazin.de\/vdn\/wp-json\/wp\/v2\/posts\/4511"}],"collection":[{"href":"https:\/\/www.naturparkmagazin.de\/vdn\/wp-json\/wp\/v2\/posts"}],"about":[{"href":"https:\/\/www.naturparkmagazin.de\/vdn\/wp-json\/wp\/v2\/types\/post"}],"author":[{"embeddable":true,"href":"https:\/\/www.naturparkmagazin.de\/vdn\/wp-json\/wp\/v2\/users\/14"}],"replies":[{"embeddable":true,"href":"https:\/\/www.naturparkmagazin.de\/vdn\/wp-json\/wp\/v2\/comments?post=4511"}],"version-history":[{"count":2,"href":"https:\/\/www.naturparkmagazin.de\/vdn\/wp-json\/wp\/v2\/posts\/4511\/revisions"}],"predecessor-version":[{"id":4515,"href":"https:\/\/www.naturparkmagazin.de\/vdn\/wp-json\/wp\/v2\/posts\/4511\/revisions\/4515"}],"wp:featuredmedia":[{"embeddable":true,"href":"https:\/\/www.naturparkmagazin.de\/vdn\/wp-json\/wp\/v2\/media\/4513"}],"wp:attachment":[{"href":"https:\/\/www.naturparkmagazin.de\/vdn\/wp-json\/wp\/v2\/media?parent=4511"}],"wp:term":[{"taxonomy":"category","embeddable":true,"href":"https:\/\/www.naturparkmagazin.de\/vdn\/wp-json\/wp\/v2\/categories?post=4511"},{"taxonomy":"post_tag","embeddable":true,"href":"https:\/\/www.naturparkmagazin.de\/vdn\/wp-json\/wp\/v2\/tags?post=4511"}],"curies":[{"name":"wp","href":"https:\/\/api.w.org\/{rel}","templated":true}]}}