{"id":452,"date":"2013-05-08T10:00:00","date_gmt":"2013-05-08T08:00:00","guid":{"rendered":"http:\/\/www.naturparkmagazin.de\/vdn\/?p=452"},"modified":"2014-04-09T13:35:34","modified_gmt":"2014-04-09T11:35:34","slug":"wandertag-biologische-vielfalt-2013-2","status":"publish","type":"post","link":"https:\/\/www.naturparkmagazin.de\/vdn\/wandertag-biologische-vielfalt-2013-2\/","title":{"rendered":"Wandertag Biologische Vielfalt 2013"},"content":{"rendered":"<div id=\"attachment_837\" style=\"width: 416px\" class=\"wp-caption alignnone\"><a href=\"https:\/\/www.naturparkmagazin.de\/vdn\/wp-content\/uploads\/sites\/3\/buchenwald-2012-ps-passig-gemacht.jpg\"><img aria-describedby=\"caption-attachment-837\" decoding=\"async\" loading=\"lazy\" class=\"size-medium wp-image-837\" title=\"(c) VDN\/Ulrike Sobick, Naturpark Siebengebirge\" alt=\"\" src=\"https:\/\/www.naturparkmagazin.de\/vdn\/wp-content\/uploads\/sites\/3\/buchenwald-2012-ps-passig-gemacht-620x453.jpg\" width=\"406\" height=\"296\" \/><\/a><p id=\"caption-attachment-837\" class=\"wp-caption-text\">Freizeit ist Naturzeit &#8211; Aktiv im Naturpark<\/p><\/div>\n<p><strong>Gemeinsam wandern &#8211; Deutschlands Vielfalt erleben!<\/strong><\/p>\n<p>Der bundesweite \u201eWandertag biologische Vielfalt\u201c ist ein Gemeinschaftsprojekt des Bundesamtes f\u00fcr Naturschutz (BfN) und des Bundesumweltministeriums (BMU) aus Anlass der Internationalen Dekade der biologischen Vielfalt (2011 &#8211; 2020). Der Verband Deutscher Naturparke un ddie Naturparke sind Partner dieser Aktion.<\/p>\n<p>Der Aktionszeitraum rund um den Internationalen Tag der biologischen Vielfalt (22. Mai) dauert vom 11. Mai bis zum 21. Juli 2013. Ziel des Wandertages ist es, Menschen \u00fcber das gemeinsame Wandern mit dem Thema biologische Vielfalt vertraut zu machen. Auf gef\u00fchrten Wanderungen oder ausgezeichneten Wegen kann jeder die Vielfalt und Sch\u00f6nheit der Arten, Lebensr\u00e4ume und Landschaften genie\u00dfen und nebenbei von fachkundigen F\u00fchrern lernen, warum ein sorgsamer Umgang mit der Natur f\u00fcr unser Wohlergehen so wichtig ist und wie wertvoll deren vielf\u00e4ltige Leistungen wie z.B. die Bereitstellung von Nahrung und Wasser, die Regulierung des Klimas aber auch die Freizeit- und Erholungsm\u00f6glichkeiten f\u00fcr uns Menschen und unsere Gesundheit sind. Neben der Informationsvermittlung kommen Spa\u00df und Naturgenuss sicher nicht zu kurz.<\/p>\n<p>Jeder Wanderer erh\u00e4lt als Teilnehmerkarte den &#8222;Wanderpass &#8211; Biologische Vielfalt&#8220;. Er wird ben\u00f6tigt, um an einem Gewinnspiel teilzunehmen. Es winken attraktive Preise wie z.B. Wochenendreisen in deutsche Natur- und Nationalparke.<\/p>\n<p>Neben der Zentralveranstaltung im Saarland, an deren Organisation und Durchf\u00fchrung der Naturpark Saar-Hunsr\u00fcck beteiligt ist, finden Sie im <a href=\"http:\/\/www.wandertag.biologischevielfalt.de\/veranstaltungskalender.html\" target=\"_blank\">Veranstaltungskalender<\/a> weitere Angebote in den Naturparken.<\/p>\n<p><strong>Seien Sie dabei und wandern Sie mit!<\/strong><\/p>\n<p>Den Infoflyer zum Wandertag erhalten Sie <a href=\"http:\/\/www.wandertag.biologischevielfalt.de\/fileadmin\/BIODIV_WANDERTAG\/documents\/Faltflyer_Wandertag2013.pdf\" target=\"_blank\">hier<\/a> als Download.<\/p>\n","protected":false},"excerpt":{"rendered":"<p>Gemeinsam wandern &#8211; Deutschlands Vielfalt erleben! Der bundesweite \u201eWandertag biologische Vielfalt\u201c ist ein Gemeinschaftsprojekt des Bundesamtes f\u00fcr Naturschutz (BfN) und des Bundesumweltministeriums (BMU) aus Anlass der Internationalen Dekade der biologischen Vielfalt (2011 &#8211; 2020). Der Verband Deutscher Naturparke un ddie Naturparke sind Partner dieser Aktion. Der Aktionszeitraum rund um den Internationalen Tag der biologischen Vielfalt<\/p>\n","protected":false},"author":14,"featured_media":837,"comment_status":"open","ping_status":"open","sticky":false,"template":"","format":"standard","meta":{"_links_to":"","_links_to_target":""},"categories":[11],"tags":[87,86,81,3154,95],"yoast_head":"<!-- This site is optimized with the Yoast SEO plugin v19.10 - https:\/\/yoast.com\/wordpress\/plugins\/seo\/ -->\n<title>Wandertag Biologische Vielfalt 2013<\/title>\n<meta name=\"description\" content=\"Gemeinsam wandern - Deutschlands Vielfalt erleben! Der bundesweite \u201eWandertag biologische Vielfalt\u201c ist ein Gemeinschaftsprojekt des Bundesamtes f\u00fcr\" \/>\n<meta name=\"robots\" content=\"index, follow, max-snippet:-1, max-image-preview:large, max-video-preview:-1\" \/>\n<link rel=\"canonical\" href=\"https:\/\/www.naturparkmagazin.de\/vdn\/wandertag-biologische-vielfalt-2013-2\/\" \/>\n<meta property=\"og:locale\" content=\"de_DE\" \/>\n<meta property=\"og:type\" content=\"article\" \/>\n<meta property=\"og:title\" content=\"Wandertag Biologische Vielfalt 2013\" \/>\n<meta property=\"og:description\" content=\"Gemeinsam wandern - Deutschlands Vielfalt erleben! Der bundesweite \u201eWandertag biologische Vielfalt\u201c ist ein Gemeinschaftsprojekt des Bundesamtes f\u00fcr\" \/>\n<meta property=\"og:url\" content=\"https:\/\/www.naturparkmagazin.de\/vdn\/wandertag-biologische-vielfalt-2013-2\/\" \/>\n<meta property=\"og:site_name\" content=\"Verband Deutscher Naturparke\" \/>\n<meta property=\"article:published_time\" content=\"2013-05-08T08:00:00+00:00\" \/>\n<meta property=\"article:modified_time\" content=\"2014-04-09T11:35:34+00:00\" \/>\n<meta property=\"og:image\" content=\"https:\/\/www.naturparkmagazin.de\/vdn\/wp-content\/uploads\/sites\/3\/buchenwald-2012-ps-passig-gemacht.jpg\" \/>\n\t<meta property=\"og:image:width\" content=\"900\" \/>\n\t<meta property=\"og:image:height\" content=\"659\" \/>\n\t<meta property=\"og:image:type\" content=\"image\/jpeg\" \/>\n<meta name=\"author\" content=\"vdnnational\" \/>\n<meta name=\"twitter:label1\" content=\"Verfasst von\" \/>\n\t<meta name=\"twitter:data1\" content=\"vdnnational\" \/>\n\t<meta name=\"twitter:label2\" content=\"Gesch\u00e4tzte Lesezeit\" \/>\n\t<meta name=\"twitter:data2\" content=\"1\u00a0Minute\" \/>\n<script type=\"application\/ld+json\" class=\"yoast-schema-graph\">{\"@context\":\"https:\/\/schema.org\",\"@graph\":[{\"@type\":\"WebPage\",\"@id\":\"https:\/\/www.naturparkmagazin.de\/vdn\/wandertag-biologische-vielfalt-2013-2\/\",\"url\":\"https:\/\/www.naturparkmagazin.de\/vdn\/wandertag-biologische-vielfalt-2013-2\/\",\"name\":\"Wandertag Biologische Vielfalt 2013\",\"isPartOf\":{\"@id\":\"https:\/\/www.naturparkmagazin.de\/vdn\/#website\"},\"datePublished\":\"2013-05-08T08:00:00+00:00\",\"dateModified\":\"2014-04-09T11:35:34+00:00\",\"author\":{\"@id\":\"https:\/\/www.naturparkmagazin.de\/vdn\/#\/schema\/person\/e28d931df83318a48d52ae72b08d2bfb\"},\"description\":\"Gemeinsam wandern - Deutschlands Vielfalt erleben! Der bundesweite \u201eWandertag biologische Vielfalt\u201c ist ein Gemeinschaftsprojekt des Bundesamtes f\u00fcr\",\"breadcrumb\":{\"@id\":\"https:\/\/www.naturparkmagazin.de\/vdn\/wandertag-biologische-vielfalt-2013-2\/#breadcrumb\"},\"inLanguage\":\"de\",\"potentialAction\":[{\"@type\":\"ReadAction\",\"target\":[\"https:\/\/www.naturparkmagazin.de\/vdn\/wandertag-biologische-vielfalt-2013-2\/\"]}]},{\"@type\":\"BreadcrumbList\",\"@id\":\"https:\/\/www.naturparkmagazin.de\/vdn\/wandertag-biologische-vielfalt-2013-2\/#breadcrumb\",\"itemListElement\":[{\"@type\":\"ListItem\",\"position\":1,\"name\":\"Home\",\"item\":\"https:\/\/www.naturparkmagazin.de\/vdn\/\"},{\"@type\":\"ListItem\",\"position\":2,\"name\":\"Wandertag Biologische Vielfalt 2013\"}]},{\"@type\":\"WebSite\",\"@id\":\"https:\/\/www.naturparkmagazin.de\/vdn\/#website\",\"url\":\"https:\/\/www.naturparkmagazin.de\/vdn\/\",\"name\":\"Verband Deutscher Naturparke\",\"description\":\"Eine weitere Naturparkmagazin.de Netzwerk Seite\",\"potentialAction\":[{\"@type\":\"SearchAction\",\"target\":{\"@type\":\"EntryPoint\",\"urlTemplate\":\"https:\/\/www.naturparkmagazin.de\/vdn\/?s={search_term_string}\"},\"query-input\":\"required name=search_term_string\"}],\"inLanguage\":\"de\"},{\"@type\":\"Person\",\"@id\":\"https:\/\/www.naturparkmagazin.de\/vdn\/#\/schema\/person\/e28d931df83318a48d52ae72b08d2bfb\",\"name\":\"vdnnational\",\"url\":\"https:\/\/www.naturparkmagazin.de\/vdn\/author\/vdnnational\/\"}]}<\/script>\n<!-- \/ Yoast SEO plugin. -->","yoast_head_json":{"title":"Wandertag Biologische Vielfalt 2013","description":"Gemeinsam wandern - Deutschlands Vielfalt erleben! Der bundesweite \u201eWandertag biologische Vielfalt\u201c ist ein Gemeinschaftsprojekt des Bundesamtes f\u00fcr","robots":{"index":"index","follow":"follow","max-snippet":"max-snippet:-1","max-image-preview":"max-image-preview:large","max-video-preview":"max-video-preview:-1"},"canonical":"https:\/\/www.naturparkmagazin.de\/vdn\/wandertag-biologische-vielfalt-2013-2\/","og_locale":"de_DE","og_type":"article","og_title":"Wandertag Biologische Vielfalt 2013","og_description":"Gemeinsam wandern - Deutschlands Vielfalt erleben! Der bundesweite \u201eWandertag biologische Vielfalt\u201c ist ein Gemeinschaftsprojekt des Bundesamtes f\u00fcr","og_url":"https:\/\/www.naturparkmagazin.de\/vdn\/wandertag-biologische-vielfalt-2013-2\/","og_site_name":"Verband Deutscher Naturparke","article_published_time":"2013-05-08T08:00:00+00:00","article_modified_time":"2014-04-09T11:35:34+00:00","og_image":[{"width":900,"height":659,"url":"https:\/\/www.naturparkmagazin.de\/vdn\/wp-content\/uploads\/sites\/3\/buchenwald-2012-ps-passig-gemacht.jpg","type":"image\/jpeg"}],"author":"vdnnational","twitter_misc":{"Verfasst von":"vdnnational","Gesch\u00e4tzte Lesezeit":"1\u00a0Minute"},"schema":{"@context":"https:\/\/schema.org","@graph":[{"@type":"WebPage","@id":"https:\/\/www.naturparkmagazin.de\/vdn\/wandertag-biologische-vielfalt-2013-2\/","url":"https:\/\/www.naturparkmagazin.de\/vdn\/wandertag-biologische-vielfalt-2013-2\/","name":"Wandertag Biologische Vielfalt 2013","isPartOf":{"@id":"https:\/\/www.naturparkmagazin.de\/vdn\/#website"},"datePublished":"2013-05-08T08:00:00+00:00","dateModified":"2014-04-09T11:35:34+00:00","author":{"@id":"https:\/\/www.naturparkmagazin.de\/vdn\/#\/schema\/person\/e28d931df83318a48d52ae72b08d2bfb"},"description":"Gemeinsam wandern - Deutschlands Vielfalt erleben! Der bundesweite \u201eWandertag biologische Vielfalt\u201c ist ein Gemeinschaftsprojekt des Bundesamtes f\u00fcr","breadcrumb":{"@id":"https:\/\/www.naturparkmagazin.de\/vdn\/wandertag-biologische-vielfalt-2013-2\/#breadcrumb"},"inLanguage":"de","potentialAction":[{"@type":"ReadAction","target":["https:\/\/www.naturparkmagazin.de\/vdn\/wandertag-biologische-vielfalt-2013-2\/"]}]},{"@type":"BreadcrumbList","@id":"https:\/\/www.naturparkmagazin.de\/vdn\/wandertag-biologische-vielfalt-2013-2\/#breadcrumb","itemListElement":[{"@type":"ListItem","position":1,"name":"Home","item":"https:\/\/www.naturparkmagazin.de\/vdn\/"},{"@type":"ListItem","position":2,"name":"Wandertag Biologische Vielfalt 2013"}]},{"@type":"WebSite","@id":"https:\/\/www.naturparkmagazin.de\/vdn\/#website","url":"https:\/\/www.naturparkmagazin.de\/vdn\/","name":"Verband Deutscher Naturparke","description":"Eine weitere Naturparkmagazin.de Netzwerk Seite","potentialAction":[{"@type":"SearchAction","target":{"@type":"EntryPoint","urlTemplate":"https:\/\/www.naturparkmagazin.de\/vdn\/?s={search_term_string}"},"query-input":"required name=search_term_string"}],"inLanguage":"de"},{"@type":"Person","@id":"https:\/\/www.naturparkmagazin.de\/vdn\/#\/schema\/person\/e28d931df83318a48d52ae72b08d2bfb","name":"vdnnational","url":"https:\/\/www.naturparkmagazin.de\/vdn\/author\/vdnnational\/"}]}},"_links":{"self":[{"href":"https:\/\/www.naturparkmagazin.de\/vdn\/wp-json\/wp\/v2\/posts\/452"}],"collection":[{"href":"https:\/\/www.naturparkmagazin.de\/vdn\/wp-json\/wp\/v2\/posts"}],"about":[{"href":"https:\/\/www.naturparkmagazin.de\/vdn\/wp-json\/wp\/v2\/types\/post"}],"author":[{"embeddable":true,"href":"https:\/\/www.naturparkmagazin.de\/vdn\/wp-json\/wp\/v2\/users\/14"}],"replies":[{"embeddable":true,"href":"https:\/\/www.naturparkmagazin.de\/vdn\/wp-json\/wp\/v2\/comments?post=452"}],"version-history":[{"count":13,"href":"https:\/\/www.naturparkmagazin.de\/vdn\/wp-json\/wp\/v2\/posts\/452\/revisions"}],"predecessor-version":[{"id":773,"href":"https:\/\/www.naturparkmagazin.de\/vdn\/wp-json\/wp\/v2\/posts\/452\/revisions\/773"}],"wp:featuredmedia":[{"embeddable":true,"href":"https:\/\/www.naturparkmagazin.de\/vdn\/wp-json\/wp\/v2\/media\/837"}],"wp:attachment":[{"href":"https:\/\/www.naturparkmagazin.de\/vdn\/wp-json\/wp\/v2\/media?parent=452"}],"wp:term":[{"taxonomy":"category","embeddable":true,"href":"https:\/\/www.naturparkmagazin.de\/vdn\/wp-json\/wp\/v2\/categories?post=452"},{"taxonomy":"post_tag","embeddable":true,"href":"https:\/\/www.naturparkmagazin.de\/vdn\/wp-json\/wp\/v2\/tags?post=452"}],"curies":[{"name":"wp","href":"https:\/\/api.w.org\/{rel}","templated":true}]}}