{"id":4540,"date":"2014-10-22T08:54:07","date_gmt":"2014-10-22T06:54:07","guid":{"rendered":"http:\/\/www.naturparkmagazin.de\/vdn\/?p=4540"},"modified":"2014-10-22T11:52:18","modified_gmt":"2014-10-22T09:52:18","slug":"hartmut-koschyk-mdb","status":"publish","type":"post","link":"https:\/\/www.naturparkmagazin.de\/vdn\/hartmut-koschyk-mdb\/","title":{"rendered":"Hartmut Koschyk, MdB"},"content":{"rendered":"<div id=\"attachment_4541\" style=\"width: 510px\" class=\"wp-caption aligncenter\"><a href=\"https:\/\/www.naturparkmagazin.de\/vdn\/wp-content\/uploads\/sites\/3\/Koschyk-Beitrag.jpg\"><img aria-describedby=\"caption-attachment-4541\" decoding=\"async\" loading=\"lazy\" class=\"size-full wp-image-4541\" title=\"Copyright: Hartmut Koschyk\" alt=\"Copyright: Hartmut Koschyk\" src=\"https:\/\/www.naturparkmagazin.de\/vdn\/wp-content\/uploads\/sites\/3\/Koschyk-Beitrag.jpg\" width=\"500\" height=\"300\" srcset=\"https:\/\/www.naturparkmagazin.de\/vdn\/wp-content\/uploads\/sites\/3\/Koschyk-Beitrag.jpg 500w, https:\/\/www.naturparkmagazin.de\/vdn\/wp-content\/uploads\/sites\/3\/Koschyk-Beitrag-300x180.jpg 300w, https:\/\/www.naturparkmagazin.de\/vdn\/wp-content\/uploads\/sites\/3\/Koschyk-Beitrag-200x120.jpg 200w\" sizes=\"(max-width: 500px) 100vw, 500px\" \/><\/a><p id=\"caption-attachment-4541\" class=\"wp-caption-text\">Copyright: Hartmut Koschyk<\/p><\/div>\n<p>ist Naturpark-Botschafter f\u00fcr den Naturpark Fichtelgebirge. Die Naturparkarbeit in der Region sch\u00e4tzt und unterst\u00fctzt er \u201aaus vollem Herzen\u2018.<\/p>\n<p>Das Fichtelgebirge mit seinen ausgedehnten Wald- und Weidegebieten l\u00e4dt schon seit 200 Jahren Menschen zur Erholung ein. Der Naturpark Fichtelgebirge e.V. setzt sich nun seit 40 Jahren daf\u00fcr ein, diese Naturg\u00fcter zu schonen und eine nachhaltige Entwicklung zu sichern. Deshalb unterst\u00fctze ich diese Arbeit aus vollem Herzen!\u201c<\/p>\n<p>&nbsp;<\/p>\n<p><b>Mein Lieblingsort im Naturpark: <strong>Die Erlebnisregion Ochsenkopf<\/strong><\/b><\/p>\n<div id=\"attachment_4543\" style=\"width: 510px\" class=\"wp-caption aligncenter\"><a href=\"https:\/\/www.naturparkmagazin.de\/vdn\/wp-content\/uploads\/sites\/3\/P1090486.jpg\"><img aria-describedby=\"caption-attachment-4543\" decoding=\"async\" loading=\"lazy\" class=\"size-full wp-image-4543\" title=\"Copyright: VDN\/Dietmar Herrmann\" alt=\"Copyright: VDN\/Dietmar Herrmann\" src=\"https:\/\/www.naturparkmagazin.de\/vdn\/wp-content\/uploads\/sites\/3\/P1090486.jpg\" width=\"500\" height=\"300\" srcset=\"https:\/\/www.naturparkmagazin.de\/vdn\/wp-content\/uploads\/sites\/3\/P1090486.jpg 500w, https:\/\/www.naturparkmagazin.de\/vdn\/wp-content\/uploads\/sites\/3\/P1090486-300x180.jpg 300w, https:\/\/www.naturparkmagazin.de\/vdn\/wp-content\/uploads\/sites\/3\/P1090486-200x120.jpg 200w\" sizes=\"(max-width: 500px) 100vw, 500px\" \/><\/a><p id=\"caption-attachment-4543\" class=\"wp-caption-text\">Copyright: VDN\/Dietmar Herrmann<\/p><\/div>\n<p>Als zweith\u00f6chster Berg in Franken hat der Ochsenkopf das ganze Jahr \u00fcber etwas zu bieten. Hier verbringe ich nicht nur sch\u00f6ne Wintertage beim Umrunden des 1024 Meter hohen Berges auf der Ringloipe oder bei der Abfahrt der beiden Pisten. Auch im Sommer zieht es mich zusammen mit meinem Hund Nora immer wieder hierher, um auf ausgedehnten Spazierg\u00e4ngen die abwechslungsreiche Naturlandschaft zu genie\u00dfen.\u201c\u00a0 <em>Hartmut Koschyk, MdB und Beauftragter der Bundesregierung f\u00fcr Aussiedlerfragen und nationale Minderheiten<\/em><\/p>\n","protected":false},"excerpt":{"rendered":"<p>ist Naturpark-Botschafter f\u00fcr den Naturpark Fichtelgebirge. Die Naturparkarbeit in der Region sch\u00e4tzt und unterst\u00fctzt er \u201aaus vollem Herzen\u2018.<\/p>\n","protected":false},"author":14,"featured_media":4542,"comment_status":"open","ping_status":"open","sticky":false,"template":"","format":"standard","meta":{"_links_to":"","_links_to_target":""},"categories":[8],"tags":[],"yoast_head":"<!-- This site is optimized with the Yoast SEO plugin v19.10 - https:\/\/yoast.com\/wordpress\/plugins\/seo\/ -->\n<title>Hartmut Koschyk, MdB<\/title>\n<meta name=\"description\" content=\"ist Naturpark-Botschafter f\u00fcr den Naturpark Fichtelgebirge. Die Naturparkarbeit in der Region sch\u00e4tzt und unterst\u00fctzt er \u201aaus vollem Herzen\u2018.\" \/>\n<meta name=\"robots\" content=\"index, follow, max-snippet:-1, max-image-preview:large, max-video-preview:-1\" \/>\n<link rel=\"canonical\" href=\"https:\/\/www.naturparkmagazin.de\/vdn\/hartmut-koschyk-mdb\/\" \/>\n<meta property=\"og:locale\" content=\"de_DE\" \/>\n<meta property=\"og:type\" content=\"article\" \/>\n<meta property=\"og:title\" content=\"Hartmut Koschyk, MdB\" \/>\n<meta property=\"og:description\" content=\"ist Naturpark-Botschafter f\u00fcr den Naturpark Fichtelgebirge. Die Naturparkarbeit in der Region sch\u00e4tzt und unterst\u00fctzt er \u201aaus vollem Herzen\u2018.\" \/>\n<meta property=\"og:url\" content=\"https:\/\/www.naturparkmagazin.de\/vdn\/hartmut-koschyk-mdb\/\" \/>\n<meta property=\"og:site_name\" content=\"Verband Deutscher Naturparke\" \/>\n<meta property=\"article:published_time\" content=\"2014-10-22T06:54:07+00:00\" \/>\n<meta property=\"article:modified_time\" content=\"2014-10-22T09:52:18+00:00\" \/>\n<meta property=\"og:image\" content=\"https:\/\/www.naturparkmagazin.de\/vdn\/wp-content\/uploads\/sites\/3\/KOSCHYK-Beitragsbild.jpg\" \/>\n\t<meta property=\"og:image:width\" content=\"180\" \/>\n\t<meta property=\"og:image:height\" content=\"135\" \/>\n\t<meta property=\"og:image:type\" content=\"image\/jpeg\" \/>\n<meta name=\"author\" content=\"vdnnational\" \/>\n<meta name=\"twitter:label1\" content=\"Verfasst von\" \/>\n\t<meta name=\"twitter:data1\" content=\"vdnnational\" \/>\n\t<meta name=\"twitter:label2\" content=\"Gesch\u00e4tzte Lesezeit\" \/>\n\t<meta name=\"twitter:data2\" content=\"1\u00a0Minute\" \/>\n<script type=\"application\/ld+json\" class=\"yoast-schema-graph\">{\"@context\":\"https:\/\/schema.org\",\"@graph\":[{\"@type\":\"WebPage\",\"@id\":\"https:\/\/www.naturparkmagazin.de\/vdn\/hartmut-koschyk-mdb\/\",\"url\":\"https:\/\/www.naturparkmagazin.de\/vdn\/hartmut-koschyk-mdb\/\",\"name\":\"Hartmut Koschyk, MdB\",\"isPartOf\":{\"@id\":\"https:\/\/www.naturparkmagazin.de\/vdn\/#website\"},\"datePublished\":\"2014-10-22T06:54:07+00:00\",\"dateModified\":\"2014-10-22T09:52:18+00:00\",\"author\":{\"@id\":\"https:\/\/www.naturparkmagazin.de\/vdn\/#\/schema\/person\/e28d931df83318a48d52ae72b08d2bfb\"},\"description\":\"ist Naturpark-Botschafter f\u00fcr den Naturpark Fichtelgebirge. Die Naturparkarbeit in der Region sch\u00e4tzt und unterst\u00fctzt er \u201aaus vollem Herzen\u2018.\",\"breadcrumb\":{\"@id\":\"https:\/\/www.naturparkmagazin.de\/vdn\/hartmut-koschyk-mdb\/#breadcrumb\"},\"inLanguage\":\"de\",\"potentialAction\":[{\"@type\":\"ReadAction\",\"target\":[\"https:\/\/www.naturparkmagazin.de\/vdn\/hartmut-koschyk-mdb\/\"]}]},{\"@type\":\"BreadcrumbList\",\"@id\":\"https:\/\/www.naturparkmagazin.de\/vdn\/hartmut-koschyk-mdb\/#breadcrumb\",\"itemListElement\":[{\"@type\":\"ListItem\",\"position\":1,\"name\":\"Home\",\"item\":\"https:\/\/www.naturparkmagazin.de\/vdn\/\"},{\"@type\":\"ListItem\",\"position\":2,\"name\":\"Hartmut Koschyk, MdB\"}]},{\"@type\":\"WebSite\",\"@id\":\"https:\/\/www.naturparkmagazin.de\/vdn\/#website\",\"url\":\"https:\/\/www.naturparkmagazin.de\/vdn\/\",\"name\":\"Verband Deutscher Naturparke\",\"description\":\"Eine weitere Naturparkmagazin.de Netzwerk Seite\",\"potentialAction\":[{\"@type\":\"SearchAction\",\"target\":{\"@type\":\"EntryPoint\",\"urlTemplate\":\"https:\/\/www.naturparkmagazin.de\/vdn\/?s={search_term_string}\"},\"query-input\":\"required name=search_term_string\"}],\"inLanguage\":\"de\"},{\"@type\":\"Person\",\"@id\":\"https:\/\/www.naturparkmagazin.de\/vdn\/#\/schema\/person\/e28d931df83318a48d52ae72b08d2bfb\",\"name\":\"vdnnational\",\"url\":\"https:\/\/www.naturparkmagazin.de\/vdn\/author\/vdnnational\/\"}]}<\/script>\n<!-- \/ Yoast SEO plugin. -->","yoast_head_json":{"title":"Hartmut Koschyk, MdB","description":"ist Naturpark-Botschafter f\u00fcr den Naturpark Fichtelgebirge. Die Naturparkarbeit in der Region sch\u00e4tzt und unterst\u00fctzt er \u201aaus vollem Herzen\u2018.","robots":{"index":"index","follow":"follow","max-snippet":"max-snippet:-1","max-image-preview":"max-image-preview:large","max-video-preview":"max-video-preview:-1"},"canonical":"https:\/\/www.naturparkmagazin.de\/vdn\/hartmut-koschyk-mdb\/","og_locale":"de_DE","og_type":"article","og_title":"Hartmut Koschyk, MdB","og_description":"ist Naturpark-Botschafter f\u00fcr den Naturpark Fichtelgebirge. Die Naturparkarbeit in der Region sch\u00e4tzt und unterst\u00fctzt er \u201aaus vollem Herzen\u2018.","og_url":"https:\/\/www.naturparkmagazin.de\/vdn\/hartmut-koschyk-mdb\/","og_site_name":"Verband Deutscher Naturparke","article_published_time":"2014-10-22T06:54:07+00:00","article_modified_time":"2014-10-22T09:52:18+00:00","og_image":[{"width":180,"height":135,"url":"https:\/\/www.naturparkmagazin.de\/vdn\/wp-content\/uploads\/sites\/3\/KOSCHYK-Beitragsbild.jpg","type":"image\/jpeg"}],"author":"vdnnational","twitter_misc":{"Verfasst von":"vdnnational","Gesch\u00e4tzte Lesezeit":"1\u00a0Minute"},"schema":{"@context":"https:\/\/schema.org","@graph":[{"@type":"WebPage","@id":"https:\/\/www.naturparkmagazin.de\/vdn\/hartmut-koschyk-mdb\/","url":"https:\/\/www.naturparkmagazin.de\/vdn\/hartmut-koschyk-mdb\/","name":"Hartmut Koschyk, MdB","isPartOf":{"@id":"https:\/\/www.naturparkmagazin.de\/vdn\/#website"},"datePublished":"2014-10-22T06:54:07+00:00","dateModified":"2014-10-22T09:52:18+00:00","author":{"@id":"https:\/\/www.naturparkmagazin.de\/vdn\/#\/schema\/person\/e28d931df83318a48d52ae72b08d2bfb"},"description":"ist Naturpark-Botschafter f\u00fcr den Naturpark Fichtelgebirge. Die Naturparkarbeit in der Region sch\u00e4tzt und unterst\u00fctzt er \u201aaus vollem Herzen\u2018.","breadcrumb":{"@id":"https:\/\/www.naturparkmagazin.de\/vdn\/hartmut-koschyk-mdb\/#breadcrumb"},"inLanguage":"de","potentialAction":[{"@type":"ReadAction","target":["https:\/\/www.naturparkmagazin.de\/vdn\/hartmut-koschyk-mdb\/"]}]},{"@type":"BreadcrumbList","@id":"https:\/\/www.naturparkmagazin.de\/vdn\/hartmut-koschyk-mdb\/#breadcrumb","itemListElement":[{"@type":"ListItem","position":1,"name":"Home","item":"https:\/\/www.naturparkmagazin.de\/vdn\/"},{"@type":"ListItem","position":2,"name":"Hartmut Koschyk, MdB"}]},{"@type":"WebSite","@id":"https:\/\/www.naturparkmagazin.de\/vdn\/#website","url":"https:\/\/www.naturparkmagazin.de\/vdn\/","name":"Verband Deutscher Naturparke","description":"Eine weitere Naturparkmagazin.de Netzwerk Seite","potentialAction":[{"@type":"SearchAction","target":{"@type":"EntryPoint","urlTemplate":"https:\/\/www.naturparkmagazin.de\/vdn\/?s={search_term_string}"},"query-input":"required name=search_term_string"}],"inLanguage":"de"},{"@type":"Person","@id":"https:\/\/www.naturparkmagazin.de\/vdn\/#\/schema\/person\/e28d931df83318a48d52ae72b08d2bfb","name":"vdnnational","url":"https:\/\/www.naturparkmagazin.de\/vdn\/author\/vdnnational\/"}]}},"_links":{"self":[{"href":"https:\/\/www.naturparkmagazin.de\/vdn\/wp-json\/wp\/v2\/posts\/4540"}],"collection":[{"href":"https:\/\/www.naturparkmagazin.de\/vdn\/wp-json\/wp\/v2\/posts"}],"about":[{"href":"https:\/\/www.naturparkmagazin.de\/vdn\/wp-json\/wp\/v2\/types\/post"}],"author":[{"embeddable":true,"href":"https:\/\/www.naturparkmagazin.de\/vdn\/wp-json\/wp\/v2\/users\/14"}],"replies":[{"embeddable":true,"href":"https:\/\/www.naturparkmagazin.de\/vdn\/wp-json\/wp\/v2\/comments?post=4540"}],"version-history":[{"count":3,"href":"https:\/\/www.naturparkmagazin.de\/vdn\/wp-json\/wp\/v2\/posts\/4540\/revisions"}],"predecessor-version":[{"id":4555,"href":"https:\/\/www.naturparkmagazin.de\/vdn\/wp-json\/wp\/v2\/posts\/4540\/revisions\/4555"}],"wp:featuredmedia":[{"embeddable":true,"href":"https:\/\/www.naturparkmagazin.de\/vdn\/wp-json\/wp\/v2\/media\/4542"}],"wp:attachment":[{"href":"https:\/\/www.naturparkmagazin.de\/vdn\/wp-json\/wp\/v2\/media?parent=4540"}],"wp:term":[{"taxonomy":"category","embeddable":true,"href":"https:\/\/www.naturparkmagazin.de\/vdn\/wp-json\/wp\/v2\/categories?post=4540"},{"taxonomy":"post_tag","embeddable":true,"href":"https:\/\/www.naturparkmagazin.de\/vdn\/wp-json\/wp\/v2\/tags?post=4540"}],"curies":[{"name":"wp","href":"https:\/\/api.w.org\/{rel}","templated":true}]}}