{"id":4557,"date":"2014-10-22T08:32:05","date_gmt":"2014-10-22T06:32:05","guid":{"rendered":"http:\/\/www.naturparkmagazin.de\/vdn\/?p=4557"},"modified":"2014-10-27T12:56:42","modified_gmt":"2014-10-27T11:56:42","slug":"naturparke-in-europa-neues-foerderprojekt-des-vdn","status":"publish","type":"post","link":"https:\/\/www.naturparkmagazin.de\/vdn\/naturparke-in-europa-neues-foerderprojekt-des-vdn\/","title":{"rendered":"&#8222;Naturparke in Europa&#8220; &#8211; Neues F\u00f6rderprojekt des VDN"},"content":{"rendered":"<p><a href=\"https:\/\/www.naturparkmagazin.de\/vdn\/wp-content\/uploads\/sites\/3\/DSC_0026_beitrag.jpg\"><img decoding=\"async\" loading=\"lazy\" class=\"aligncenter size-full wp-image-4425\" alt=\"Copyright: VDN\/Gernot Blum\" src=\"https:\/\/www.naturparkmagazin.de\/vdn\/wp-content\/uploads\/sites\/3\/DSC_0026_beitrag.jpg\" width=\"500\" height=\"300\" srcset=\"https:\/\/www.naturparkmagazin.de\/vdn\/wp-content\/uploads\/sites\/3\/DSC_0026_beitrag.jpg 500w, https:\/\/www.naturparkmagazin.de\/vdn\/wp-content\/uploads\/sites\/3\/DSC_0026_beitrag-300x180.jpg 300w, https:\/\/www.naturparkmagazin.de\/vdn\/wp-content\/uploads\/sites\/3\/DSC_0026_beitrag-200x120.jpg 200w\" sizes=\"(max-width: 500px) 100vw, 500px\" \/><\/a><\/p>\n<p>Den Aufgaben und Zielen der Naturparke in Deutschland sind keine Grenzen gesetzt \u2013 und das im wahrsten Sinne des Wortes. Mit einem internationalen Projekt m\u00f6chte sich der VDN in den n\u00e4chsten drei Jahren verst\u00e4rkt mit den europ\u00e4ischen Partnern austauschen und Wissen zur Arbeit der Naturparke in den europ\u00e4ischen Staaten zusammenzutragen. Kooperationspartner ist der europ\u00e4ische Dachverband EUROPARC Federation. Gef\u00f6rdert wird das Projekt vom Bundesamt f\u00fcr Naturschutz (BfN) mit Mitteln des Bundesministeriums f\u00fcr Umwelt, Naturschutz, Bau und Reaktorsicherheit.<\/p>\n<p>Dabei sollen u.a. Fragen zu Tr\u00e4gerstrukturen, Finanzierung, Qualit\u00e4tssicherung, Aufgaben, Beitrag und Projekte zur Sicherung Biologischer Vielfalt, Umweltbildung oder nachhaltiger Tourismus- und Regionalentwicklung im Fokus stehen. Daraus sollen dann Vorschl\u00e4ge abgeleitet werden, welche Erfahrungen und Best-Practice-Beispiele aus den anderen europ\u00e4ischen Staaten auf die Arbeit der deutschen Naturparke sinnvoll \u00fcbertragen werden k\u00f6nnen.<\/p>\n<p>Au\u00dferdem sollen die Zusammenarbeit zwischen den Naturpark-Dachverb\u00e4nden in den europ\u00e4ischen Staaten verbessert und Empfehlungen f\u00fcr gemeinsame Aktivit\u00e4ten der Naturparke in den europ\u00e4ischen Staaten erarbeitet und die \u00dcbertragbarkeit der \u201eQualit\u00e4tsoffensive Naturparke\u201c auf andere europ\u00e4ische Staaten gepr\u00fcft werden. Als Ergebnis des Projektes soll eine umfangreiche Studie \u00fcber die Naturparke in Europa ver\u00f6ffentlicht werden.<\/p>\n","protected":false},"excerpt":{"rendered":"<p>In einem neuen Projekt  wird sich der VDN verst\u00e4rkt mit den europ\u00e4ischen Partnern austauschen und Wissen \u00fcber die Naturparkarbeit in den europ\u00e4ischen Staaten zusammentragen.<\/p>\n","protected":false},"author":14,"featured_media":4425,"comment_status":"open","ping_status":"open","sticky":false,"template":"","format":"standard","meta":{"_links_to":"","_links_to_target":""},"categories":[7],"tags":[],"yoast_head":"<!-- This site is optimized with the Yoast SEO plugin v19.10 - https:\/\/yoast.com\/wordpress\/plugins\/seo\/ -->\n<title>&quot;Naturparke in Europa&quot; - Neues F\u00f6rderprojekt des VDN<\/title>\n<meta name=\"description\" content=\"In einem neuen Projekt wird sich der VDN verst\u00e4rkt mit den europ\u00e4ischen Partnern austauschen und Wissen \u00fcber die Naturparkarbeit in den europ\u00e4ischen Staaten zusammentragen.\" \/>\n<meta name=\"robots\" content=\"index, follow, max-snippet:-1, max-image-preview:large, max-video-preview:-1\" \/>\n<link rel=\"canonical\" href=\"https:\/\/www.naturparkmagazin.de\/vdn\/naturparke-in-europa-neues-foerderprojekt-des-vdn\/\" \/>\n<meta property=\"og:locale\" content=\"de_DE\" \/>\n<meta property=\"og:type\" content=\"article\" \/>\n<meta property=\"og:title\" content=\"&quot;Naturparke in Europa&quot; - Neues F\u00f6rderprojekt des VDN\" \/>\n<meta property=\"og:description\" content=\"In einem neuen Projekt wird sich der VDN verst\u00e4rkt mit den europ\u00e4ischen Partnern austauschen und Wissen \u00fcber die Naturparkarbeit in den europ\u00e4ischen Staaten zusammentragen.\" \/>\n<meta property=\"og:url\" content=\"https:\/\/www.naturparkmagazin.de\/vdn\/naturparke-in-europa-neues-foerderprojekt-des-vdn\/\" \/>\n<meta property=\"og:site_name\" content=\"Verband Deutscher Naturparke\" \/>\n<meta property=\"article:published_time\" content=\"2014-10-22T06:32:05+00:00\" \/>\n<meta property=\"article:modified_time\" content=\"2014-10-27T11:56:42+00:00\" \/>\n<meta property=\"og:image\" content=\"https:\/\/www.naturparkmagazin.de\/vdn\/wp-content\/uploads\/sites\/3\/DSC_0026_beitrag.jpg\" \/>\n\t<meta property=\"og:image:width\" content=\"500\" \/>\n\t<meta property=\"og:image:height\" content=\"300\" \/>\n\t<meta property=\"og:image:type\" content=\"image\/jpeg\" \/>\n<meta name=\"author\" content=\"vdnnational\" \/>\n<meta name=\"twitter:label1\" content=\"Verfasst von\" \/>\n\t<meta name=\"twitter:data1\" content=\"vdnnational\" \/>\n\t<meta name=\"twitter:label2\" content=\"Gesch\u00e4tzte Lesezeit\" \/>\n\t<meta name=\"twitter:data2\" content=\"1\u00a0Minute\" \/>\n<script type=\"application\/ld+json\" class=\"yoast-schema-graph\">{\"@context\":\"https:\/\/schema.org\",\"@graph\":[{\"@type\":\"WebPage\",\"@id\":\"https:\/\/www.naturparkmagazin.de\/vdn\/naturparke-in-europa-neues-foerderprojekt-des-vdn\/\",\"url\":\"https:\/\/www.naturparkmagazin.de\/vdn\/naturparke-in-europa-neues-foerderprojekt-des-vdn\/\",\"name\":\"\\\"Naturparke in Europa\\\" - Neues F\u00f6rderprojekt des VDN\",\"isPartOf\":{\"@id\":\"https:\/\/www.naturparkmagazin.de\/vdn\/#website\"},\"datePublished\":\"2014-10-22T06:32:05+00:00\",\"dateModified\":\"2014-10-27T11:56:42+00:00\",\"author\":{\"@id\":\"https:\/\/www.naturparkmagazin.de\/vdn\/#\/schema\/person\/e28d931df83318a48d52ae72b08d2bfb\"},\"description\":\"In einem neuen Projekt wird sich der VDN verst\u00e4rkt mit den europ\u00e4ischen Partnern austauschen und Wissen \u00fcber die Naturparkarbeit in den europ\u00e4ischen Staaten zusammentragen.\",\"breadcrumb\":{\"@id\":\"https:\/\/www.naturparkmagazin.de\/vdn\/naturparke-in-europa-neues-foerderprojekt-des-vdn\/#breadcrumb\"},\"inLanguage\":\"de\",\"potentialAction\":[{\"@type\":\"ReadAction\",\"target\":[\"https:\/\/www.naturparkmagazin.de\/vdn\/naturparke-in-europa-neues-foerderprojekt-des-vdn\/\"]}]},{\"@type\":\"BreadcrumbList\",\"@id\":\"https:\/\/www.naturparkmagazin.de\/vdn\/naturparke-in-europa-neues-foerderprojekt-des-vdn\/#breadcrumb\",\"itemListElement\":[{\"@type\":\"ListItem\",\"position\":1,\"name\":\"Home\",\"item\":\"https:\/\/www.naturparkmagazin.de\/vdn\/\"},{\"@type\":\"ListItem\",\"position\":2,\"name\":\"&#8222;Naturparke in Europa&#8220; &#8211; Neues F\u00f6rderprojekt des VDN\"}]},{\"@type\":\"WebSite\",\"@id\":\"https:\/\/www.naturparkmagazin.de\/vdn\/#website\",\"url\":\"https:\/\/www.naturparkmagazin.de\/vdn\/\",\"name\":\"Verband Deutscher Naturparke\",\"description\":\"Eine weitere Naturparkmagazin.de Netzwerk Seite\",\"potentialAction\":[{\"@type\":\"SearchAction\",\"target\":{\"@type\":\"EntryPoint\",\"urlTemplate\":\"https:\/\/www.naturparkmagazin.de\/vdn\/?s={search_term_string}\"},\"query-input\":\"required name=search_term_string\"}],\"inLanguage\":\"de\"},{\"@type\":\"Person\",\"@id\":\"https:\/\/www.naturparkmagazin.de\/vdn\/#\/schema\/person\/e28d931df83318a48d52ae72b08d2bfb\",\"name\":\"vdnnational\",\"url\":\"https:\/\/www.naturparkmagazin.de\/vdn\/author\/vdnnational\/\"}]}<\/script>\n<!-- \/ Yoast SEO plugin. -->","yoast_head_json":{"title":"\"Naturparke in Europa\" - Neues F\u00f6rderprojekt des VDN","description":"In einem neuen Projekt wird sich der VDN verst\u00e4rkt mit den europ\u00e4ischen Partnern austauschen und Wissen \u00fcber die Naturparkarbeit in den europ\u00e4ischen Staaten zusammentragen.","robots":{"index":"index","follow":"follow","max-snippet":"max-snippet:-1","max-image-preview":"max-image-preview:large","max-video-preview":"max-video-preview:-1"},"canonical":"https:\/\/www.naturparkmagazin.de\/vdn\/naturparke-in-europa-neues-foerderprojekt-des-vdn\/","og_locale":"de_DE","og_type":"article","og_title":"\"Naturparke in Europa\" - Neues F\u00f6rderprojekt des VDN","og_description":"In einem neuen Projekt wird sich der VDN verst\u00e4rkt mit den europ\u00e4ischen Partnern austauschen und Wissen \u00fcber die Naturparkarbeit in den europ\u00e4ischen Staaten zusammentragen.","og_url":"https:\/\/www.naturparkmagazin.de\/vdn\/naturparke-in-europa-neues-foerderprojekt-des-vdn\/","og_site_name":"Verband Deutscher Naturparke","article_published_time":"2014-10-22T06:32:05+00:00","article_modified_time":"2014-10-27T11:56:42+00:00","og_image":[{"width":500,"height":300,"url":"https:\/\/www.naturparkmagazin.de\/vdn\/wp-content\/uploads\/sites\/3\/DSC_0026_beitrag.jpg","type":"image\/jpeg"}],"author":"vdnnational","twitter_misc":{"Verfasst von":"vdnnational","Gesch\u00e4tzte Lesezeit":"1\u00a0Minute"},"schema":{"@context":"https:\/\/schema.org","@graph":[{"@type":"WebPage","@id":"https:\/\/www.naturparkmagazin.de\/vdn\/naturparke-in-europa-neues-foerderprojekt-des-vdn\/","url":"https:\/\/www.naturparkmagazin.de\/vdn\/naturparke-in-europa-neues-foerderprojekt-des-vdn\/","name":"\"Naturparke in Europa\" - Neues F\u00f6rderprojekt des VDN","isPartOf":{"@id":"https:\/\/www.naturparkmagazin.de\/vdn\/#website"},"datePublished":"2014-10-22T06:32:05+00:00","dateModified":"2014-10-27T11:56:42+00:00","author":{"@id":"https:\/\/www.naturparkmagazin.de\/vdn\/#\/schema\/person\/e28d931df83318a48d52ae72b08d2bfb"},"description":"In einem neuen Projekt wird sich der VDN verst\u00e4rkt mit den europ\u00e4ischen Partnern austauschen und Wissen \u00fcber die Naturparkarbeit in den europ\u00e4ischen Staaten zusammentragen.","breadcrumb":{"@id":"https:\/\/www.naturparkmagazin.de\/vdn\/naturparke-in-europa-neues-foerderprojekt-des-vdn\/#breadcrumb"},"inLanguage":"de","potentialAction":[{"@type":"ReadAction","target":["https:\/\/www.naturparkmagazin.de\/vdn\/naturparke-in-europa-neues-foerderprojekt-des-vdn\/"]}]},{"@type":"BreadcrumbList","@id":"https:\/\/www.naturparkmagazin.de\/vdn\/naturparke-in-europa-neues-foerderprojekt-des-vdn\/#breadcrumb","itemListElement":[{"@type":"ListItem","position":1,"name":"Home","item":"https:\/\/www.naturparkmagazin.de\/vdn\/"},{"@type":"ListItem","position":2,"name":"&#8222;Naturparke in Europa&#8220; &#8211; Neues F\u00f6rderprojekt des VDN"}]},{"@type":"WebSite","@id":"https:\/\/www.naturparkmagazin.de\/vdn\/#website","url":"https:\/\/www.naturparkmagazin.de\/vdn\/","name":"Verband Deutscher Naturparke","description":"Eine weitere Naturparkmagazin.de Netzwerk Seite","potentialAction":[{"@type":"SearchAction","target":{"@type":"EntryPoint","urlTemplate":"https:\/\/www.naturparkmagazin.de\/vdn\/?s={search_term_string}"},"query-input":"required name=search_term_string"}],"inLanguage":"de"},{"@type":"Person","@id":"https:\/\/www.naturparkmagazin.de\/vdn\/#\/schema\/person\/e28d931df83318a48d52ae72b08d2bfb","name":"vdnnational","url":"https:\/\/www.naturparkmagazin.de\/vdn\/author\/vdnnational\/"}]}},"_links":{"self":[{"href":"https:\/\/www.naturparkmagazin.de\/vdn\/wp-json\/wp\/v2\/posts\/4557"}],"collection":[{"href":"https:\/\/www.naturparkmagazin.de\/vdn\/wp-json\/wp\/v2\/posts"}],"about":[{"href":"https:\/\/www.naturparkmagazin.de\/vdn\/wp-json\/wp\/v2\/types\/post"}],"author":[{"embeddable":true,"href":"https:\/\/www.naturparkmagazin.de\/vdn\/wp-json\/wp\/v2\/users\/14"}],"replies":[{"embeddable":true,"href":"https:\/\/www.naturparkmagazin.de\/vdn\/wp-json\/wp\/v2\/comments?post=4557"}],"version-history":[{"count":4,"href":"https:\/\/www.naturparkmagazin.de\/vdn\/wp-json\/wp\/v2\/posts\/4557\/revisions"}],"predecessor-version":[{"id":4602,"href":"https:\/\/www.naturparkmagazin.de\/vdn\/wp-json\/wp\/v2\/posts\/4557\/revisions\/4602"}],"wp:featuredmedia":[{"embeddable":true,"href":"https:\/\/www.naturparkmagazin.de\/vdn\/wp-json\/wp\/v2\/media\/4425"}],"wp:attachment":[{"href":"https:\/\/www.naturparkmagazin.de\/vdn\/wp-json\/wp\/v2\/media?parent=4557"}],"wp:term":[{"taxonomy":"category","embeddable":true,"href":"https:\/\/www.naturparkmagazin.de\/vdn\/wp-json\/wp\/v2\/categories?post=4557"},{"taxonomy":"post_tag","embeddable":true,"href":"https:\/\/www.naturparkmagazin.de\/vdn\/wp-json\/wp\/v2\/tags?post=4557"}],"curies":[{"name":"wp","href":"https:\/\/api.w.org\/{rel}","templated":true}]}}