{"id":4591,"date":"2014-10-22T08:45:27","date_gmt":"2014-10-22T06:45:27","guid":{"rendered":"http:\/\/www.naturparkmagazin.de\/vdn\/?p=4591"},"modified":"2014-10-23T10:57:41","modified_gmt":"2014-10-23T08:57:41","slug":"naturparke-und-tourismus-anhoerung-im-deutschen-bundestag","status":"publish","type":"post","link":"https:\/\/www.naturparkmagazin.de\/vdn\/naturparke-und-tourismus-anhoerung-im-deutschen-bundestag\/","title":{"rendered":"\u201eNaturparke und Tourismus\u201c \u2013 Anh\u00f6rung im Deutschen Bundestag"},"content":{"rendered":"<div id=\"attachment_4592\" style=\"width: 510px\" class=\"wp-caption aligncenter\"><a href=\"https:\/\/www.naturparkmagazin.de\/vdn\/wp-content\/uploads\/sites\/3\/2534419_Deutscher-Bundestag_Katrin-Neuhauser_beitrga.jpg\"><img aria-describedby=\"caption-attachment-4592\" decoding=\"async\" loading=\"lazy\" class=\"size-full wp-image-4592\" title=\"Copyright: Deutscher Bundestag\/Katrin Neuhauser\" alt=\"Copyright: Deutscher Bundestag\/Katrin Neuhauser\" src=\"https:\/\/www.naturparkmagazin.de\/vdn\/wp-content\/uploads\/sites\/3\/2534419_Deutscher-Bundestag_Katrin-Neuhauser_beitrga.jpg\" width=\"500\" height=\"300\" srcset=\"https:\/\/www.naturparkmagazin.de\/vdn\/wp-content\/uploads\/sites\/3\/2534419_Deutscher-Bundestag_Katrin-Neuhauser_beitrga.jpg 500w, https:\/\/www.naturparkmagazin.de\/vdn\/wp-content\/uploads\/sites\/3\/2534419_Deutscher-Bundestag_Katrin-Neuhauser_beitrga-300x180.jpg 300w, https:\/\/www.naturparkmagazin.de\/vdn\/wp-content\/uploads\/sites\/3\/2534419_Deutscher-Bundestag_Katrin-Neuhauser_beitrga-200x120.jpg 200w\" sizes=\"(max-width: 500px) 100vw, 500px\" \/><\/a><p id=\"caption-attachment-4592\" class=\"wp-caption-text\">Copyright: Deutscher Bundestag\/Katrin Neuhauser<\/p><\/div>\n<p>Gro\u00dfschutzgebiete haben in den letzten Jahren als Destination f\u00fcr den Naturtourismus stark an Bedeutung gewonnen. Eine intakte Natur ist dabei das wichtigste Kapital f\u00fcr eine erfolgreiche wirtschaftliche Entwicklung des Tourismus. Dies ist ein wichtiges Fazit einer Anh\u00f6rung des Ausschuss f\u00fcr Tourismus des Deutschen Bundestages vom 15. Oktober 2014. Thema der Anh\u00f6rung war die Wertsch\u00f6pfung durch den Tourismus in Gro\u00dfschutzgebieten, zu denen die Naturparke, Nationalparke und Biosph\u00e4renreservate z\u00e4hlen.<\/p>\n<p>Die Sachverst\u00e4ndigen waren sich darin einig, dass die Natur erhalten bleiben muss, schlie\u00dflich kommen die Menschen haupts\u00e4chlich, um sich in intakter Natur und Landschaft zu erholen. Darin liegt gro\u00dfes wirtschaftliches Potential gerade f\u00fcr den l\u00e4ndlichen und strukturschwachen Raum. Sie w\u00fcnschten sich eine dauerhafte staatliche Unterst\u00fctzung, bessere finanzielle und personelle Ausstattung und vor allem eine koordinierte, bundesweite Vermarktung der Schutzgebiete. Begr\u00fc\u00dft wurden die Pl\u00e4ne der Deutschen Zentrale f\u00fcr Tourismus (DZT), 2016 f\u00fcr das Auslandsmarketing die Themenkampagne \u201eFaszination Natururlaub in Deutschland\u201c zu veranstalten, das die Naturerlebnisangebote in den Gro\u00dfschutzgebieten im Fokus hat.<\/p>\n<p>Dr. Mario Schrumpf, Leiter des Naturparks Stechlin-Ruppiner Land und VDN-Vorstandsmitglied betonte als Sachverst\u00e4ndiger, die Politik m\u00fcsse sich der Gro\u00dfschutzgebiete in ihrer Gesamtheit annehmen und Natur und Landschaft langfristig sichern. Ulrich K\u00f6ster, Gesch\u00e4ftsf\u00fchrer des VDN stellte heraus, dass jeder von der \u00f6ffentlichen Hand f\u00fcr die Naturparke ausgegebene Euro eine \u201ekluge Investition\u201c sei und sich mehrfach auszahle. Bei der personellen Ausstattungen der Naturparkverwaltungen pl\u00e4dierte er f\u00fcr eine Mindestanzahl von vier Vollzeitstellen im Management, das ist momentan nicht \u00fcberall gegeben. Ebenfalls als Sachverst\u00e4ndige an der Anh\u00f6rung teilgenommen haben Dr. Elke Baranek, Gesch\u00e4ftsf\u00fchrerin Europarc Deutschland, Franz Leibl, Leiter Nationalpark Bayrischer Wald, Dr. Martin Flade, Leiter Biosph\u00e4renreservat Schorfheide-Chorin und Eugen Nowak, Leiter Biosph\u00e4renreservat Spreewald. Im Gespr\u00e4ch mit den Mitgliedern des Tourismusausschuss unter Vorsitz von Frau Heike Brehmer, MdB, wurde deutlich, dass die im Tourismusausschuss vertretenen Bundestagsabgeordneten der Arbeit der Gro\u00dfschutzgebiete sowie ihrer Rolle f\u00fcr einen nachhaltigen Tourismus in Deutschland gro\u00dfe Anerkennung entgegenbringen.<\/p>\n<p>&nbsp;<\/p>\n","protected":false},"excerpt":{"rendered":"<p>Eine intakte Natur ist das Kapital f\u00fcr eine erfolgreiche wirtschaftliche Entwicklung des Tourismus in Gro\u00dfschutzgebieten. Dies ist Fazit einer Anh\u00f6rung des Ausschuss f\u00fcr Tourismus des Deutschen Bundestages.<\/p>\n","protected":false},"author":51,"featured_media":4595,"comment_status":"open","ping_status":"open","sticky":false,"template":"","format":"standard","meta":{"_links_to":"","_links_to_target":""},"categories":[7],"tags":[],"yoast_head":"<!-- This site is optimized with the Yoast SEO plugin v19.10 - https:\/\/yoast.com\/wordpress\/plugins\/seo\/ -->\n<title>\u201eNaturparke und Tourismus\u201c \u2013 Anh\u00f6rung im Deutschen Bundestag<\/title>\n<meta name=\"description\" content=\"Eine intakte Natur ist das Kapital f\u00fcr eine erfolgreiche wirtschaftliche Entwicklung des Tourismus in Gro\u00dfschutzgebieten. Dies ist Fazit einer Anh\u00f6rung des Ausschuss f\u00fcr Tourismus des Deutschen Bundestages.\" \/>\n<meta name=\"robots\" content=\"index, follow, max-snippet:-1, max-image-preview:large, max-video-preview:-1\" \/>\n<link rel=\"canonical\" href=\"https:\/\/www.naturparkmagazin.de\/vdn\/naturparke-und-tourismus-anhoerung-im-deutschen-bundestag\/\" \/>\n<meta property=\"og:locale\" content=\"de_DE\" \/>\n<meta property=\"og:type\" content=\"article\" \/>\n<meta property=\"og:title\" content=\"\u201eNaturparke und Tourismus\u201c \u2013 Anh\u00f6rung im Deutschen Bundestag\" \/>\n<meta property=\"og:description\" content=\"Eine intakte Natur ist das Kapital f\u00fcr eine erfolgreiche wirtschaftliche Entwicklung des Tourismus in Gro\u00dfschutzgebieten. Dies ist Fazit einer Anh\u00f6rung des Ausschuss f\u00fcr Tourismus des Deutschen Bundestages.\" \/>\n<meta property=\"og:url\" content=\"https:\/\/www.naturparkmagazin.de\/vdn\/naturparke-und-tourismus-anhoerung-im-deutschen-bundestag\/\" \/>\n<meta property=\"og:site_name\" content=\"Verband Deutscher Naturparke\" \/>\n<meta property=\"article:published_time\" content=\"2014-10-22T06:45:27+00:00\" \/>\n<meta property=\"article:modified_time\" content=\"2014-10-23T08:57:41+00:00\" \/>\n<meta property=\"og:image\" content=\"https:\/\/www.naturparkmagazin.de\/vdn\/wp-content\/uploads\/sites\/3\/Deutscher-Bundestag_Katrin-Neuhauser-2.jpg\" \/>\n\t<meta property=\"og:image:width\" content=\"180\" \/>\n\t<meta property=\"og:image:height\" content=\"135\" \/>\n\t<meta property=\"og:image:type\" content=\"image\/jpeg\" \/>\n<meta name=\"author\" content=\"beatrixlosem\" \/>\n<meta name=\"twitter:label1\" content=\"Verfasst von\" \/>\n\t<meta name=\"twitter:data1\" content=\"beatrixlosem\" \/>\n\t<meta name=\"twitter:label2\" content=\"Gesch\u00e4tzte Lesezeit\" \/>\n\t<meta name=\"twitter:data2\" content=\"2\u00a0Minuten\" \/>\n<script type=\"application\/ld+json\" class=\"yoast-schema-graph\">{\"@context\":\"https:\/\/schema.org\",\"@graph\":[{\"@type\":\"WebPage\",\"@id\":\"https:\/\/www.naturparkmagazin.de\/vdn\/naturparke-und-tourismus-anhoerung-im-deutschen-bundestag\/\",\"url\":\"https:\/\/www.naturparkmagazin.de\/vdn\/naturparke-und-tourismus-anhoerung-im-deutschen-bundestag\/\",\"name\":\"\u201eNaturparke und Tourismus\u201c \u2013 Anh\u00f6rung im Deutschen Bundestag\",\"isPartOf\":{\"@id\":\"https:\/\/www.naturparkmagazin.de\/vdn\/#website\"},\"datePublished\":\"2014-10-22T06:45:27+00:00\",\"dateModified\":\"2014-10-23T08:57:41+00:00\",\"author\":{\"@id\":\"https:\/\/www.naturparkmagazin.de\/vdn\/#\/schema\/person\/d71357578c318b6db03be60b1f60396b\"},\"description\":\"Eine intakte Natur ist das Kapital f\u00fcr eine erfolgreiche wirtschaftliche Entwicklung des Tourismus in Gro\u00dfschutzgebieten. Dies ist Fazit einer Anh\u00f6rung des Ausschuss f\u00fcr Tourismus des Deutschen Bundestages.\",\"breadcrumb\":{\"@id\":\"https:\/\/www.naturparkmagazin.de\/vdn\/naturparke-und-tourismus-anhoerung-im-deutschen-bundestag\/#breadcrumb\"},\"inLanguage\":\"de\",\"potentialAction\":[{\"@type\":\"ReadAction\",\"target\":[\"https:\/\/www.naturparkmagazin.de\/vdn\/naturparke-und-tourismus-anhoerung-im-deutschen-bundestag\/\"]}]},{\"@type\":\"BreadcrumbList\",\"@id\":\"https:\/\/www.naturparkmagazin.de\/vdn\/naturparke-und-tourismus-anhoerung-im-deutschen-bundestag\/#breadcrumb\",\"itemListElement\":[{\"@type\":\"ListItem\",\"position\":1,\"name\":\"Home\",\"item\":\"https:\/\/www.naturparkmagazin.de\/vdn\/\"},{\"@type\":\"ListItem\",\"position\":2,\"name\":\"\u201eNaturparke und Tourismus\u201c \u2013 Anh\u00f6rung im Deutschen Bundestag\"}]},{\"@type\":\"WebSite\",\"@id\":\"https:\/\/www.naturparkmagazin.de\/vdn\/#website\",\"url\":\"https:\/\/www.naturparkmagazin.de\/vdn\/\",\"name\":\"Verband Deutscher Naturparke\",\"description\":\"Eine weitere Naturparkmagazin.de Netzwerk Seite\",\"potentialAction\":[{\"@type\":\"SearchAction\",\"target\":{\"@type\":\"EntryPoint\",\"urlTemplate\":\"https:\/\/www.naturparkmagazin.de\/vdn\/?s={search_term_string}\"},\"query-input\":\"required name=search_term_string\"}],\"inLanguage\":\"de\"},{\"@type\":\"Person\",\"@id\":\"https:\/\/www.naturparkmagazin.de\/vdn\/#\/schema\/person\/d71357578c318b6db03be60b1f60396b\",\"name\":\"beatrixlosem\",\"url\":\"https:\/\/www.naturparkmagazin.de\/vdn\/author\/beatrixlosem\/\"}]}<\/script>\n<!-- \/ Yoast SEO plugin. -->","yoast_head_json":{"title":"\u201eNaturparke und Tourismus\u201c \u2013 Anh\u00f6rung im Deutschen Bundestag","description":"Eine intakte Natur ist das Kapital f\u00fcr eine erfolgreiche wirtschaftliche Entwicklung des Tourismus in Gro\u00dfschutzgebieten. Dies ist Fazit einer Anh\u00f6rung des Ausschuss f\u00fcr Tourismus des Deutschen Bundestages.","robots":{"index":"index","follow":"follow","max-snippet":"max-snippet:-1","max-image-preview":"max-image-preview:large","max-video-preview":"max-video-preview:-1"},"canonical":"https:\/\/www.naturparkmagazin.de\/vdn\/naturparke-und-tourismus-anhoerung-im-deutschen-bundestag\/","og_locale":"de_DE","og_type":"article","og_title":"\u201eNaturparke und Tourismus\u201c \u2013 Anh\u00f6rung im Deutschen Bundestag","og_description":"Eine intakte Natur ist das Kapital f\u00fcr eine erfolgreiche wirtschaftliche Entwicklung des Tourismus in Gro\u00dfschutzgebieten. Dies ist Fazit einer Anh\u00f6rung des Ausschuss f\u00fcr Tourismus des Deutschen Bundestages.","og_url":"https:\/\/www.naturparkmagazin.de\/vdn\/naturparke-und-tourismus-anhoerung-im-deutschen-bundestag\/","og_site_name":"Verband Deutscher Naturparke","article_published_time":"2014-10-22T06:45:27+00:00","article_modified_time":"2014-10-23T08:57:41+00:00","og_image":[{"width":180,"height":135,"url":"https:\/\/www.naturparkmagazin.de\/vdn\/wp-content\/uploads\/sites\/3\/Deutscher-Bundestag_Katrin-Neuhauser-2.jpg","type":"image\/jpeg"}],"author":"beatrixlosem","twitter_misc":{"Verfasst von":"beatrixlosem","Gesch\u00e4tzte Lesezeit":"2\u00a0Minuten"},"schema":{"@context":"https:\/\/schema.org","@graph":[{"@type":"WebPage","@id":"https:\/\/www.naturparkmagazin.de\/vdn\/naturparke-und-tourismus-anhoerung-im-deutschen-bundestag\/","url":"https:\/\/www.naturparkmagazin.de\/vdn\/naturparke-und-tourismus-anhoerung-im-deutschen-bundestag\/","name":"\u201eNaturparke und Tourismus\u201c \u2013 Anh\u00f6rung im Deutschen Bundestag","isPartOf":{"@id":"https:\/\/www.naturparkmagazin.de\/vdn\/#website"},"datePublished":"2014-10-22T06:45:27+00:00","dateModified":"2014-10-23T08:57:41+00:00","author":{"@id":"https:\/\/www.naturparkmagazin.de\/vdn\/#\/schema\/person\/d71357578c318b6db03be60b1f60396b"},"description":"Eine intakte Natur ist das Kapital f\u00fcr eine erfolgreiche wirtschaftliche Entwicklung des Tourismus in Gro\u00dfschutzgebieten. Dies ist Fazit einer Anh\u00f6rung des Ausschuss f\u00fcr Tourismus des Deutschen Bundestages.","breadcrumb":{"@id":"https:\/\/www.naturparkmagazin.de\/vdn\/naturparke-und-tourismus-anhoerung-im-deutschen-bundestag\/#breadcrumb"},"inLanguage":"de","potentialAction":[{"@type":"ReadAction","target":["https:\/\/www.naturparkmagazin.de\/vdn\/naturparke-und-tourismus-anhoerung-im-deutschen-bundestag\/"]}]},{"@type":"BreadcrumbList","@id":"https:\/\/www.naturparkmagazin.de\/vdn\/naturparke-und-tourismus-anhoerung-im-deutschen-bundestag\/#breadcrumb","itemListElement":[{"@type":"ListItem","position":1,"name":"Home","item":"https:\/\/www.naturparkmagazin.de\/vdn\/"},{"@type":"ListItem","position":2,"name":"\u201eNaturparke und Tourismus\u201c \u2013 Anh\u00f6rung im Deutschen Bundestag"}]},{"@type":"WebSite","@id":"https:\/\/www.naturparkmagazin.de\/vdn\/#website","url":"https:\/\/www.naturparkmagazin.de\/vdn\/","name":"Verband Deutscher Naturparke","description":"Eine weitere Naturparkmagazin.de Netzwerk Seite","potentialAction":[{"@type":"SearchAction","target":{"@type":"EntryPoint","urlTemplate":"https:\/\/www.naturparkmagazin.de\/vdn\/?s={search_term_string}"},"query-input":"required name=search_term_string"}],"inLanguage":"de"},{"@type":"Person","@id":"https:\/\/www.naturparkmagazin.de\/vdn\/#\/schema\/person\/d71357578c318b6db03be60b1f60396b","name":"beatrixlosem","url":"https:\/\/www.naturparkmagazin.de\/vdn\/author\/beatrixlosem\/"}]}},"_links":{"self":[{"href":"https:\/\/www.naturparkmagazin.de\/vdn\/wp-json\/wp\/v2\/posts\/4591"}],"collection":[{"href":"https:\/\/www.naturparkmagazin.de\/vdn\/wp-json\/wp\/v2\/posts"}],"about":[{"href":"https:\/\/www.naturparkmagazin.de\/vdn\/wp-json\/wp\/v2\/types\/post"}],"author":[{"embeddable":true,"href":"https:\/\/www.naturparkmagazin.de\/vdn\/wp-json\/wp\/v2\/users\/51"}],"replies":[{"embeddable":true,"href":"https:\/\/www.naturparkmagazin.de\/vdn\/wp-json\/wp\/v2\/comments?post=4591"}],"version-history":[{"count":3,"href":"https:\/\/www.naturparkmagazin.de\/vdn\/wp-json\/wp\/v2\/posts\/4591\/revisions"}],"predecessor-version":[{"id":4597,"href":"https:\/\/www.naturparkmagazin.de\/vdn\/wp-json\/wp\/v2\/posts\/4591\/revisions\/4597"}],"wp:featuredmedia":[{"embeddable":true,"href":"https:\/\/www.naturparkmagazin.de\/vdn\/wp-json\/wp\/v2\/media\/4595"}],"wp:attachment":[{"href":"https:\/\/www.naturparkmagazin.de\/vdn\/wp-json\/wp\/v2\/media?parent=4591"}],"wp:term":[{"taxonomy":"category","embeddable":true,"href":"https:\/\/www.naturparkmagazin.de\/vdn\/wp-json\/wp\/v2\/categories?post=4591"},{"taxonomy":"post_tag","embeddable":true,"href":"https:\/\/www.naturparkmagazin.de\/vdn\/wp-json\/wp\/v2\/tags?post=4591"}],"curies":[{"name":"wp","href":"https:\/\/api.w.org\/{rel}","templated":true}]}}