{"id":4610,"date":"2014-11-18T05:44:23","date_gmt":"2014-11-18T04:44:23","guid":{"rendered":"http:\/\/www.naturparkmagazin.de\/vdn\/?p=4610"},"modified":"2014-11-18T14:55:49","modified_gmt":"2014-11-18T13:55:49","slug":"foto-des-monats-fischer","status":"publish","type":"post","link":"https:\/\/www.naturparkmagazin.de\/vdn\/foto-des-monats-fischer\/","title":{"rendered":"Foto des Monats: &#8222;Fischer&#8220;"},"content":{"rendered":"<div id=\"attachment_4611\" style=\"width: 510px\" class=\"wp-caption aligncenter\"><a href=\"https:\/\/www.naturparkmagazin.de\/vdn\/wp-content\/uploads\/sites\/3\/Fischer-Beitrag.jpg\"><img aria-describedby=\"caption-attachment-4611\" decoding=\"async\" loading=\"lazy\" class=\"size-full wp-image-4611\" alt=\"Fischer - Copyright VDN\/ Thomas Kaiser\" src=\"https:\/\/www.naturparkmagazin.de\/vdn\/wp-content\/uploads\/sites\/3\/Fischer-Beitrag.jpg\" width=\"500\" height=\"300\" srcset=\"https:\/\/www.naturparkmagazin.de\/vdn\/wp-content\/uploads\/sites\/3\/Fischer-Beitrag.jpg 500w, https:\/\/www.naturparkmagazin.de\/vdn\/wp-content\/uploads\/sites\/3\/Fischer-Beitrag-300x180.jpg 300w, https:\/\/www.naturparkmagazin.de\/vdn\/wp-content\/uploads\/sites\/3\/Fischer-Beitrag-200x120.jpg 200w\" sizes=\"(max-width: 500px) 100vw, 500px\" \/><\/a><p id=\"caption-attachment-4611\" class=\"wp-caption-text\">Fischer &#8211; Copyright VDN\/ Thomas Kaiser<\/p><\/div>\n<p>Unser Bild des Monats zeigt einen Fischer in seinem Boot, den die ersten Strahlen der aufgehenden Sonne durch morgendlichen Nebel hindurch bei seiner Arbeit einrahmen. Laut Jury ist bei dieser Aufnahme des Fotografen Thomas Kaiser &#8211; aufgenommen im Naturpark Schwarzwald Mitte\/Nord &#8211;\u00a0 \u201eabgesehen von der wunderbaren Lichtstimmung der dargestellten Szenerie auch die Komposition des Bildes bemerkenswert. Das Motiv ist links von der Bildmitte angeordnet, im helleren Teil der Aufnahme. Die rechte Bildh\u00e4lfte bleibt &#8222;leer&#8220;. Dieser leere Raum ist es aber, der die Stimmung der Aufnahme entscheidend pr\u00e4gt, eine Stimmung der Ruhe, der Zeitlosigkeit und der Weite. Eine der sch\u00f6nsten Aufnahmen von &#8222;Menschen in Naturparken&#8220;, die wir bislang gesehen haben.\u201c Mit diesem Foto wurde Thomas Kaiser Monatssieger im Oktober im Fotowettbewerb &#8222;Augenblick Natur!&#8220;.<\/p>\n<p>Weitere Informationen zum Wettbewerb \u201cAugenblick Natur!\u201d und die Bilder der diesj\u00e4hrigen Monatssieger finden Sie unter <a href=\"http:\/\/www.naturparkfotos.de\" target=\"_blank\">www.naturparkfotos.de<\/a>.<\/p>\n<p>&nbsp;<\/p>\n","protected":false},"excerpt":{"rendered":"<p>Eine wunderbare Lichtstimmung hat der Naturfotograf Thomas Kaiser in unserem Bild des Monats eingefangen. Eine der sch\u00f6nsten Aufnahmen von &#8222;Menschen in Naturparken&#8220;, die wir Ihnen bisher im Fotoportal pr\u00e4sentieren konnten.<\/p>\n","protected":false},"author":51,"featured_media":4613,"comment_status":"open","ping_status":"open","sticky":false,"template":"","format":"standard","meta":{"_links_to":"","_links_to_target":""},"categories":[10],"tags":[186,104,3150,41],"yoast_head":"<!-- This site is optimized with the Yoast SEO plugin v19.10 - https:\/\/yoast.com\/wordpress\/plugins\/seo\/ -->\n<title>Foto des Monats: &quot;Fischer&quot;<\/title>\n<meta name=\"description\" content=\"Eine wunderbare Lichtstimmung hat der Naturfotograf Thomas Kaiser in unserem Bild des Monats eingefangen. Eine der sch\u00f6nsten Aufnahmen von &quot;Menschen in Naturparken&quot;, die wir Ihnen bisher im Fotoportal pr\u00e4sentieren konnten.\" \/>\n<meta name=\"robots\" content=\"index, follow, max-snippet:-1, max-image-preview:large, max-video-preview:-1\" \/>\n<link rel=\"canonical\" href=\"https:\/\/www.naturparkmagazin.de\/vdn\/foto-des-monats-fischer\/\" \/>\n<meta property=\"og:locale\" content=\"de_DE\" \/>\n<meta property=\"og:type\" content=\"article\" \/>\n<meta property=\"og:title\" content=\"Foto des Monats: &quot;Fischer&quot;\" \/>\n<meta property=\"og:description\" content=\"Eine wunderbare Lichtstimmung hat der Naturfotograf Thomas Kaiser in unserem Bild des Monats eingefangen. Eine der sch\u00f6nsten Aufnahmen von &quot;Menschen in Naturparken&quot;, die wir Ihnen bisher im Fotoportal pr\u00e4sentieren konnten.\" \/>\n<meta property=\"og:url\" content=\"https:\/\/www.naturparkmagazin.de\/vdn\/foto-des-monats-fischer\/\" \/>\n<meta property=\"og:site_name\" content=\"Verband Deutscher Naturparke\" \/>\n<meta property=\"article:published_time\" content=\"2014-11-18T04:44:23+00:00\" \/>\n<meta property=\"article:modified_time\" content=\"2014-11-18T13:55:49+00:00\" \/>\n<meta property=\"og:image\" content=\"https:\/\/www.naturparkmagazin.de\/vdn\/wp-content\/uploads\/sites\/3\/Fischer-Beitragsfoto.jpg\" \/>\n\t<meta property=\"og:image:width\" content=\"180\" \/>\n\t<meta property=\"og:image:height\" content=\"135\" \/>\n\t<meta property=\"og:image:type\" content=\"image\/jpeg\" \/>\n<meta name=\"author\" content=\"beatrixlosem\" \/>\n<meta name=\"twitter:label1\" content=\"Verfasst von\" \/>\n\t<meta name=\"twitter:data1\" content=\"beatrixlosem\" \/>\n\t<meta name=\"twitter:label2\" content=\"Gesch\u00e4tzte Lesezeit\" \/>\n\t<meta name=\"twitter:data2\" content=\"1\u00a0Minute\" \/>\n<script type=\"application\/ld+json\" class=\"yoast-schema-graph\">{\"@context\":\"https:\/\/schema.org\",\"@graph\":[{\"@type\":\"WebPage\",\"@id\":\"https:\/\/www.naturparkmagazin.de\/vdn\/foto-des-monats-fischer\/\",\"url\":\"https:\/\/www.naturparkmagazin.de\/vdn\/foto-des-monats-fischer\/\",\"name\":\"Foto des Monats: \\\"Fischer\\\"\",\"isPartOf\":{\"@id\":\"https:\/\/www.naturparkmagazin.de\/vdn\/#website\"},\"datePublished\":\"2014-11-18T04:44:23+00:00\",\"dateModified\":\"2014-11-18T13:55:49+00:00\",\"author\":{\"@id\":\"https:\/\/www.naturparkmagazin.de\/vdn\/#\/schema\/person\/d71357578c318b6db03be60b1f60396b\"},\"description\":\"Eine wunderbare Lichtstimmung hat der Naturfotograf Thomas Kaiser in unserem Bild des Monats eingefangen. Eine der sch\u00f6nsten Aufnahmen von \\\"Menschen in Naturparken\\\", die wir Ihnen bisher im Fotoportal pr\u00e4sentieren konnten.\",\"breadcrumb\":{\"@id\":\"https:\/\/www.naturparkmagazin.de\/vdn\/foto-des-monats-fischer\/#breadcrumb\"},\"inLanguage\":\"de\",\"potentialAction\":[{\"@type\":\"ReadAction\",\"target\":[\"https:\/\/www.naturparkmagazin.de\/vdn\/foto-des-monats-fischer\/\"]}]},{\"@type\":\"BreadcrumbList\",\"@id\":\"https:\/\/www.naturparkmagazin.de\/vdn\/foto-des-monats-fischer\/#breadcrumb\",\"itemListElement\":[{\"@type\":\"ListItem\",\"position\":1,\"name\":\"Home\",\"item\":\"https:\/\/www.naturparkmagazin.de\/vdn\/\"},{\"@type\":\"ListItem\",\"position\":2,\"name\":\"Foto des Monats: &#8222;Fischer&#8220;\"}]},{\"@type\":\"WebSite\",\"@id\":\"https:\/\/www.naturparkmagazin.de\/vdn\/#website\",\"url\":\"https:\/\/www.naturparkmagazin.de\/vdn\/\",\"name\":\"Verband Deutscher Naturparke\",\"description\":\"Eine weitere Naturparkmagazin.de Netzwerk Seite\",\"potentialAction\":[{\"@type\":\"SearchAction\",\"target\":{\"@type\":\"EntryPoint\",\"urlTemplate\":\"https:\/\/www.naturparkmagazin.de\/vdn\/?s={search_term_string}\"},\"query-input\":\"required name=search_term_string\"}],\"inLanguage\":\"de\"},{\"@type\":\"Person\",\"@id\":\"https:\/\/www.naturparkmagazin.de\/vdn\/#\/schema\/person\/d71357578c318b6db03be60b1f60396b\",\"name\":\"beatrixlosem\",\"url\":\"https:\/\/www.naturparkmagazin.de\/vdn\/author\/beatrixlosem\/\"}]}<\/script>\n<!-- \/ Yoast SEO plugin. -->","yoast_head_json":{"title":"Foto des Monats: \"Fischer\"","description":"Eine wunderbare Lichtstimmung hat der Naturfotograf Thomas Kaiser in unserem Bild des Monats eingefangen. Eine der sch\u00f6nsten Aufnahmen von \"Menschen in Naturparken\", die wir Ihnen bisher im Fotoportal pr\u00e4sentieren konnten.","robots":{"index":"index","follow":"follow","max-snippet":"max-snippet:-1","max-image-preview":"max-image-preview:large","max-video-preview":"max-video-preview:-1"},"canonical":"https:\/\/www.naturparkmagazin.de\/vdn\/foto-des-monats-fischer\/","og_locale":"de_DE","og_type":"article","og_title":"Foto des Monats: \"Fischer\"","og_description":"Eine wunderbare Lichtstimmung hat der Naturfotograf Thomas Kaiser in unserem Bild des Monats eingefangen. Eine der sch\u00f6nsten Aufnahmen von \"Menschen in Naturparken\", die wir Ihnen bisher im Fotoportal pr\u00e4sentieren konnten.","og_url":"https:\/\/www.naturparkmagazin.de\/vdn\/foto-des-monats-fischer\/","og_site_name":"Verband Deutscher Naturparke","article_published_time":"2014-11-18T04:44:23+00:00","article_modified_time":"2014-11-18T13:55:49+00:00","og_image":[{"width":180,"height":135,"url":"https:\/\/www.naturparkmagazin.de\/vdn\/wp-content\/uploads\/sites\/3\/Fischer-Beitragsfoto.jpg","type":"image\/jpeg"}],"author":"beatrixlosem","twitter_misc":{"Verfasst von":"beatrixlosem","Gesch\u00e4tzte Lesezeit":"1\u00a0Minute"},"schema":{"@context":"https:\/\/schema.org","@graph":[{"@type":"WebPage","@id":"https:\/\/www.naturparkmagazin.de\/vdn\/foto-des-monats-fischer\/","url":"https:\/\/www.naturparkmagazin.de\/vdn\/foto-des-monats-fischer\/","name":"Foto des Monats: \"Fischer\"","isPartOf":{"@id":"https:\/\/www.naturparkmagazin.de\/vdn\/#website"},"datePublished":"2014-11-18T04:44:23+00:00","dateModified":"2014-11-18T13:55:49+00:00","author":{"@id":"https:\/\/www.naturparkmagazin.de\/vdn\/#\/schema\/person\/d71357578c318b6db03be60b1f60396b"},"description":"Eine wunderbare Lichtstimmung hat der Naturfotograf Thomas Kaiser in unserem Bild des Monats eingefangen. Eine der sch\u00f6nsten Aufnahmen von \"Menschen in Naturparken\", die wir Ihnen bisher im Fotoportal pr\u00e4sentieren konnten.","breadcrumb":{"@id":"https:\/\/www.naturparkmagazin.de\/vdn\/foto-des-monats-fischer\/#breadcrumb"},"inLanguage":"de","potentialAction":[{"@type":"ReadAction","target":["https:\/\/www.naturparkmagazin.de\/vdn\/foto-des-monats-fischer\/"]}]},{"@type":"BreadcrumbList","@id":"https:\/\/www.naturparkmagazin.de\/vdn\/foto-des-monats-fischer\/#breadcrumb","itemListElement":[{"@type":"ListItem","position":1,"name":"Home","item":"https:\/\/www.naturparkmagazin.de\/vdn\/"},{"@type":"ListItem","position":2,"name":"Foto des Monats: &#8222;Fischer&#8220;"}]},{"@type":"WebSite","@id":"https:\/\/www.naturparkmagazin.de\/vdn\/#website","url":"https:\/\/www.naturparkmagazin.de\/vdn\/","name":"Verband Deutscher Naturparke","description":"Eine weitere Naturparkmagazin.de Netzwerk Seite","potentialAction":[{"@type":"SearchAction","target":{"@type":"EntryPoint","urlTemplate":"https:\/\/www.naturparkmagazin.de\/vdn\/?s={search_term_string}"},"query-input":"required name=search_term_string"}],"inLanguage":"de"},{"@type":"Person","@id":"https:\/\/www.naturparkmagazin.de\/vdn\/#\/schema\/person\/d71357578c318b6db03be60b1f60396b","name":"beatrixlosem","url":"https:\/\/www.naturparkmagazin.de\/vdn\/author\/beatrixlosem\/"}]}},"_links":{"self":[{"href":"https:\/\/www.naturparkmagazin.de\/vdn\/wp-json\/wp\/v2\/posts\/4610"}],"collection":[{"href":"https:\/\/www.naturparkmagazin.de\/vdn\/wp-json\/wp\/v2\/posts"}],"about":[{"href":"https:\/\/www.naturparkmagazin.de\/vdn\/wp-json\/wp\/v2\/types\/post"}],"author":[{"embeddable":true,"href":"https:\/\/www.naturparkmagazin.de\/vdn\/wp-json\/wp\/v2\/users\/51"}],"replies":[{"embeddable":true,"href":"https:\/\/www.naturparkmagazin.de\/vdn\/wp-json\/wp\/v2\/comments?post=4610"}],"version-history":[{"count":9,"href":"https:\/\/www.naturparkmagazin.de\/vdn\/wp-json\/wp\/v2\/posts\/4610\/revisions"}],"predecessor-version":[{"id":4687,"href":"https:\/\/www.naturparkmagazin.de\/vdn\/wp-json\/wp\/v2\/posts\/4610\/revisions\/4687"}],"wp:featuredmedia":[{"embeddable":true,"href":"https:\/\/www.naturparkmagazin.de\/vdn\/wp-json\/wp\/v2\/media\/4613"}],"wp:attachment":[{"href":"https:\/\/www.naturparkmagazin.de\/vdn\/wp-json\/wp\/v2\/media?parent=4610"}],"wp:term":[{"taxonomy":"category","embeddable":true,"href":"https:\/\/www.naturparkmagazin.de\/vdn\/wp-json\/wp\/v2\/categories?post=4610"},{"taxonomy":"post_tag","embeddable":true,"href":"https:\/\/www.naturparkmagazin.de\/vdn\/wp-json\/wp\/v2\/tags?post=4610"}],"curies":[{"name":"wp","href":"https:\/\/api.w.org\/{rel}","templated":true}]}}