{"id":4619,"date":"2014-11-18T06:00:59","date_gmt":"2014-11-18T05:00:59","guid":{"rendered":"http:\/\/www.naturparkmagazin.de\/vdn\/?p=4619"},"modified":"2014-11-19T11:55:31","modified_gmt":"2014-11-19T10:55:31","slug":"da-blueht-uns-was","status":"publish","type":"post","link":"https:\/\/www.naturparkmagazin.de\/vdn\/da-blueht-uns-was\/","title":{"rendered":"Da bl\u00fcht uns was!"},"content":{"rendered":"<div id=\"attachment_4620\" style=\"width: 510px\" class=\"wp-caption aligncenter\"><a href=\"https:\/\/www.naturparkmagazin.de\/vdn\/wp-content\/uploads\/sites\/3\/kirschblte-Beitrag.jpg\"><img aria-describedby=\"caption-attachment-4620\" decoding=\"async\" loading=\"lazy\" class=\"size-full wp-image-4620 \" title=\"'Kirschbl\u00fcte' Copyright: VDN \/  Peter Brezina\" alt=\"'Kirschbl\u00fcte' Copyright: VDN \/  Peter Brezina\" src=\"https:\/\/www.naturparkmagazin.de\/vdn\/wp-content\/uploads\/sites\/3\/kirschblte-Beitrag.jpg\" width=\"500\" height=\"300\" srcset=\"https:\/\/www.naturparkmagazin.de\/vdn\/wp-content\/uploads\/sites\/3\/kirschblte-Beitrag.jpg 500w, https:\/\/www.naturparkmagazin.de\/vdn\/wp-content\/uploads\/sites\/3\/kirschblte-Beitrag-300x180.jpg 300w, https:\/\/www.naturparkmagazin.de\/vdn\/wp-content\/uploads\/sites\/3\/kirschblte-Beitrag-200x120.jpg 200w\" sizes=\"(max-width: 500px) 100vw, 500px\" \/><\/a><p id=\"caption-attachment-4620\" class=\"wp-caption-text\">&#8218;Kirschbl\u00fcte&#8216; Copyright: VDN \/ Peter Brezina<\/p><\/div>\n<p>Wer zu Weihnachten ein Bl\u00fctenwunder erleben m\u00f6chte, sollte zum 4. Dezember, dem Gedenktag der heiligen Barbara (Barbaratag), Zweige schneiden und in frisches Wasser stellen. Als Barbarazweige eignen sich Zweige von Obstb\u00e4umen wie Kirsche, Apfel, Pflaume aber auch Birken-, Haselnuss-, Rosskastanien-, Holunder-, Rotdorn- oder Forsythienzweige. Die Bl\u00fctenknospen \u00f6ffnen sich dann genau am Weihnachtsmorgen. Nach dem Volksglauben bringt das Aufbl\u00fchen der Barbarazweige Gl\u00fcck im kommenden Jahr.<\/p>\n<p>Die heilige Barbara lebte um 300 nach Christus wahrscheinlich in Nikomedia, dem heutigen Izmet in der T\u00fcrkei. Als sie zum damals verbotenen Christentum \u00fcbertrat, lie\u00df ihr Vater sie einsperren. Auf dem Weg in das Gef\u00e4ngnis verfing sich ein Kirschenzweig in ihrem Kleid. Sie stellte den abgebrochenen Zweig in ein Gef\u00e4\u00df mit Wasser und am Tage ihrer Hinrichtung \u00f6ffneten sich die Bl\u00fcten, so die \u00dcberlieferung.<\/p>\n<p><strong><em>Tipp:<\/em><\/strong>\nDie Barbarazweige sollten nach dem Schnitt zun\u00e4chst einmal \u00fcber Nacht in lauwarmes Wasser gelegt und dann in frisches Wasser gestellt werden. Vorsicht:\u00a0 Zu dicht an der Heizung vertrocknen die hitzeempfindlichen Zweige schnell!<\/p>\n<div id=\"attachment_4621\" style=\"width: 510px\" class=\"wp-caption aligncenter\"><a href=\"https:\/\/www.naturparkmagazin.de\/vdn\/wp-content\/uploads\/sites\/3\/apfelbl\u00fcte-Beitrag.jpg\"><img aria-describedby=\"caption-attachment-4621\" decoding=\"async\" loading=\"lazy\" class=\"size-full wp-image-4621 \" title=\"'Apfelbl\u00fcte' - Copyright: VDN\/G\u00fcnter M\u00fcller\" alt=\"'Apfelbl\u00fcte' -  Copyright: VDN\/G\u00fcnter M\u00fcller\" src=\"https:\/\/www.naturparkmagazin.de\/vdn\/wp-content\/uploads\/sites\/3\/apfelbl\u00fcte-Beitrag.jpg\" width=\"500\" height=\"300\" srcset=\"https:\/\/www.naturparkmagazin.de\/vdn\/wp-content\/uploads\/sites\/3\/apfelbl\u00fcte-Beitrag.jpg 500w, https:\/\/www.naturparkmagazin.de\/vdn\/wp-content\/uploads\/sites\/3\/apfelbl\u00fcte-Beitrag-300x180.jpg 300w, https:\/\/www.naturparkmagazin.de\/vdn\/wp-content\/uploads\/sites\/3\/apfelbl\u00fcte-Beitrag-200x120.jpg 200w\" sizes=\"(max-width: 500px) 100vw, 500px\" \/><\/a><p id=\"caption-attachment-4621\" class=\"wp-caption-text\">&#8218;Apfelbl\u00fcte&#8216; &#8211; Copyright: VDN\/G\u00fcnter M\u00fcller<\/p><\/div>\n<p>&nbsp;<\/p>\n","protected":false},"excerpt":{"rendered":"<p>Wer zu Weihnachten ein Bl\u00fctenwunder erleben m\u00f6chte, sollte am 4. Dezember, dem Gedenktag der heiligen Barbara (Barbaratag), Zweige von Obstb\u00e4umen u.\u00e4. schneiden und in frisches Wasser stellen. <\/p>\n","protected":false},"author":51,"featured_media":4622,"comment_status":"open","ping_status":"open","sticky":false,"template":"","format":"standard","meta":{"_links_to":"","_links_to_target":""},"categories":[617],"tags":[186,9,41],"yoast_head":"<!-- This site is optimized with the Yoast SEO plugin v19.10 - https:\/\/yoast.com\/wordpress\/plugins\/seo\/ -->\n<title>Da bl\u00fcht uns was!<\/title>\n<meta name=\"description\" content=\"Wer zu Weihnachten ein Bl\u00fctenwunder erleben m\u00f6chte, sollte am 4. Dezember, dem Gedenktag der heiligen Barbara (Barbaratag), Zweige von Obstb\u00e4umen u.\u00e4. schneiden und in frisches Wasser stellen.\" \/>\n<meta name=\"robots\" content=\"index, follow, max-snippet:-1, max-image-preview:large, max-video-preview:-1\" \/>\n<link rel=\"canonical\" href=\"https:\/\/www.naturparkmagazin.de\/vdn\/da-blueht-uns-was\/\" \/>\n<meta property=\"og:locale\" content=\"de_DE\" \/>\n<meta property=\"og:type\" content=\"article\" \/>\n<meta property=\"og:title\" content=\"Da bl\u00fcht uns was!\" \/>\n<meta property=\"og:description\" content=\"Wer zu Weihnachten ein Bl\u00fctenwunder erleben m\u00f6chte, sollte am 4. Dezember, dem Gedenktag der heiligen Barbara (Barbaratag), Zweige von Obstb\u00e4umen u.\u00e4. schneiden und in frisches Wasser stellen.\" \/>\n<meta property=\"og:url\" content=\"https:\/\/www.naturparkmagazin.de\/vdn\/da-blueht-uns-was\/\" \/>\n<meta property=\"og:site_name\" content=\"Verband Deutscher Naturparke\" \/>\n<meta property=\"article:published_time\" content=\"2014-11-18T05:00:59+00:00\" \/>\n<meta property=\"article:modified_time\" content=\"2014-11-19T10:55:31+00:00\" \/>\n<meta property=\"og:image\" content=\"https:\/\/www.naturparkmagazin.de\/vdn\/wp-content\/uploads\/sites\/3\/kirschblte-Beitragsfoto.jpg\" \/>\n\t<meta property=\"og:image:width\" content=\"180\" \/>\n\t<meta property=\"og:image:height\" content=\"135\" \/>\n\t<meta property=\"og:image:type\" content=\"image\/jpeg\" \/>\n<meta name=\"author\" content=\"beatrixlosem\" \/>\n<meta name=\"twitter:label1\" content=\"Verfasst von\" \/>\n\t<meta name=\"twitter:data1\" content=\"beatrixlosem\" \/>\n\t<meta name=\"twitter:label2\" content=\"Gesch\u00e4tzte Lesezeit\" \/>\n\t<meta name=\"twitter:data2\" content=\"1\u00a0Minute\" \/>\n<script type=\"application\/ld+json\" class=\"yoast-schema-graph\">{\"@context\":\"https:\/\/schema.org\",\"@graph\":[{\"@type\":\"WebPage\",\"@id\":\"https:\/\/www.naturparkmagazin.de\/vdn\/da-blueht-uns-was\/\",\"url\":\"https:\/\/www.naturparkmagazin.de\/vdn\/da-blueht-uns-was\/\",\"name\":\"Da bl\u00fcht uns was!\",\"isPartOf\":{\"@id\":\"https:\/\/www.naturparkmagazin.de\/vdn\/#website\"},\"datePublished\":\"2014-11-18T05:00:59+00:00\",\"dateModified\":\"2014-11-19T10:55:31+00:00\",\"author\":{\"@id\":\"https:\/\/www.naturparkmagazin.de\/vdn\/#\/schema\/person\/d71357578c318b6db03be60b1f60396b\"},\"description\":\"Wer zu Weihnachten ein Bl\u00fctenwunder erleben m\u00f6chte, sollte am 4. Dezember, dem Gedenktag der heiligen Barbara (Barbaratag), Zweige von Obstb\u00e4umen u.\u00e4. schneiden und in frisches Wasser stellen.\",\"breadcrumb\":{\"@id\":\"https:\/\/www.naturparkmagazin.de\/vdn\/da-blueht-uns-was\/#breadcrumb\"},\"inLanguage\":\"de\",\"potentialAction\":[{\"@type\":\"ReadAction\",\"target\":[\"https:\/\/www.naturparkmagazin.de\/vdn\/da-blueht-uns-was\/\"]}]},{\"@type\":\"BreadcrumbList\",\"@id\":\"https:\/\/www.naturparkmagazin.de\/vdn\/da-blueht-uns-was\/#breadcrumb\",\"itemListElement\":[{\"@type\":\"ListItem\",\"position\":1,\"name\":\"Home\",\"item\":\"https:\/\/www.naturparkmagazin.de\/vdn\/\"},{\"@type\":\"ListItem\",\"position\":2,\"name\":\"Da bl\u00fcht uns was!\"}]},{\"@type\":\"WebSite\",\"@id\":\"https:\/\/www.naturparkmagazin.de\/vdn\/#website\",\"url\":\"https:\/\/www.naturparkmagazin.de\/vdn\/\",\"name\":\"Verband Deutscher Naturparke\",\"description\":\"Eine weitere Naturparkmagazin.de Netzwerk Seite\",\"potentialAction\":[{\"@type\":\"SearchAction\",\"target\":{\"@type\":\"EntryPoint\",\"urlTemplate\":\"https:\/\/www.naturparkmagazin.de\/vdn\/?s={search_term_string}\"},\"query-input\":\"required name=search_term_string\"}],\"inLanguage\":\"de\"},{\"@type\":\"Person\",\"@id\":\"https:\/\/www.naturparkmagazin.de\/vdn\/#\/schema\/person\/d71357578c318b6db03be60b1f60396b\",\"name\":\"beatrixlosem\",\"url\":\"https:\/\/www.naturparkmagazin.de\/vdn\/author\/beatrixlosem\/\"}]}<\/script>\n<!-- \/ Yoast SEO plugin. -->","yoast_head_json":{"title":"Da bl\u00fcht uns was!","description":"Wer zu Weihnachten ein Bl\u00fctenwunder erleben m\u00f6chte, sollte am 4. Dezember, dem Gedenktag der heiligen Barbara (Barbaratag), Zweige von Obstb\u00e4umen u.\u00e4. schneiden und in frisches Wasser stellen.","robots":{"index":"index","follow":"follow","max-snippet":"max-snippet:-1","max-image-preview":"max-image-preview:large","max-video-preview":"max-video-preview:-1"},"canonical":"https:\/\/www.naturparkmagazin.de\/vdn\/da-blueht-uns-was\/","og_locale":"de_DE","og_type":"article","og_title":"Da bl\u00fcht uns was!","og_description":"Wer zu Weihnachten ein Bl\u00fctenwunder erleben m\u00f6chte, sollte am 4. Dezember, dem Gedenktag der heiligen Barbara (Barbaratag), Zweige von Obstb\u00e4umen u.\u00e4. schneiden und in frisches Wasser stellen.","og_url":"https:\/\/www.naturparkmagazin.de\/vdn\/da-blueht-uns-was\/","og_site_name":"Verband Deutscher Naturparke","article_published_time":"2014-11-18T05:00:59+00:00","article_modified_time":"2014-11-19T10:55:31+00:00","og_image":[{"width":180,"height":135,"url":"https:\/\/www.naturparkmagazin.de\/vdn\/wp-content\/uploads\/sites\/3\/kirschblte-Beitragsfoto.jpg","type":"image\/jpeg"}],"author":"beatrixlosem","twitter_misc":{"Verfasst von":"beatrixlosem","Gesch\u00e4tzte Lesezeit":"1\u00a0Minute"},"schema":{"@context":"https:\/\/schema.org","@graph":[{"@type":"WebPage","@id":"https:\/\/www.naturparkmagazin.de\/vdn\/da-blueht-uns-was\/","url":"https:\/\/www.naturparkmagazin.de\/vdn\/da-blueht-uns-was\/","name":"Da bl\u00fcht uns was!","isPartOf":{"@id":"https:\/\/www.naturparkmagazin.de\/vdn\/#website"},"datePublished":"2014-11-18T05:00:59+00:00","dateModified":"2014-11-19T10:55:31+00:00","author":{"@id":"https:\/\/www.naturparkmagazin.de\/vdn\/#\/schema\/person\/d71357578c318b6db03be60b1f60396b"},"description":"Wer zu Weihnachten ein Bl\u00fctenwunder erleben m\u00f6chte, sollte am 4. Dezember, dem Gedenktag der heiligen Barbara (Barbaratag), Zweige von Obstb\u00e4umen u.\u00e4. schneiden und in frisches Wasser stellen.","breadcrumb":{"@id":"https:\/\/www.naturparkmagazin.de\/vdn\/da-blueht-uns-was\/#breadcrumb"},"inLanguage":"de","potentialAction":[{"@type":"ReadAction","target":["https:\/\/www.naturparkmagazin.de\/vdn\/da-blueht-uns-was\/"]}]},{"@type":"BreadcrumbList","@id":"https:\/\/www.naturparkmagazin.de\/vdn\/da-blueht-uns-was\/#breadcrumb","itemListElement":[{"@type":"ListItem","position":1,"name":"Home","item":"https:\/\/www.naturparkmagazin.de\/vdn\/"},{"@type":"ListItem","position":2,"name":"Da bl\u00fcht uns was!"}]},{"@type":"WebSite","@id":"https:\/\/www.naturparkmagazin.de\/vdn\/#website","url":"https:\/\/www.naturparkmagazin.de\/vdn\/","name":"Verband Deutscher Naturparke","description":"Eine weitere Naturparkmagazin.de Netzwerk Seite","potentialAction":[{"@type":"SearchAction","target":{"@type":"EntryPoint","urlTemplate":"https:\/\/www.naturparkmagazin.de\/vdn\/?s={search_term_string}"},"query-input":"required name=search_term_string"}],"inLanguage":"de"},{"@type":"Person","@id":"https:\/\/www.naturparkmagazin.de\/vdn\/#\/schema\/person\/d71357578c318b6db03be60b1f60396b","name":"beatrixlosem","url":"https:\/\/www.naturparkmagazin.de\/vdn\/author\/beatrixlosem\/"}]}},"_links":{"self":[{"href":"https:\/\/www.naturparkmagazin.de\/vdn\/wp-json\/wp\/v2\/posts\/4619"}],"collection":[{"href":"https:\/\/www.naturparkmagazin.de\/vdn\/wp-json\/wp\/v2\/posts"}],"about":[{"href":"https:\/\/www.naturparkmagazin.de\/vdn\/wp-json\/wp\/v2\/types\/post"}],"author":[{"embeddable":true,"href":"https:\/\/www.naturparkmagazin.de\/vdn\/wp-json\/wp\/v2\/users\/51"}],"replies":[{"embeddable":true,"href":"https:\/\/www.naturparkmagazin.de\/vdn\/wp-json\/wp\/v2\/comments?post=4619"}],"version-history":[{"count":7,"href":"https:\/\/www.naturparkmagazin.de\/vdn\/wp-json\/wp\/v2\/posts\/4619\/revisions"}],"predecessor-version":[{"id":4707,"href":"https:\/\/www.naturparkmagazin.de\/vdn\/wp-json\/wp\/v2\/posts\/4619\/revisions\/4707"}],"wp:featuredmedia":[{"embeddable":true,"href":"https:\/\/www.naturparkmagazin.de\/vdn\/wp-json\/wp\/v2\/media\/4622"}],"wp:attachment":[{"href":"https:\/\/www.naturparkmagazin.de\/vdn\/wp-json\/wp\/v2\/media?parent=4619"}],"wp:term":[{"taxonomy":"category","embeddable":true,"href":"https:\/\/www.naturparkmagazin.de\/vdn\/wp-json\/wp\/v2\/categories?post=4619"},{"taxonomy":"post_tag","embeddable":true,"href":"https:\/\/www.naturparkmagazin.de\/vdn\/wp-json\/wp\/v2\/tags?post=4619"}],"curies":[{"name":"wp","href":"https:\/\/api.w.org\/{rel}","templated":true}]}}