{"id":4634,"date":"2014-11-18T07:25:16","date_gmt":"2014-11-18T06:25:16","guid":{"rendered":"http:\/\/www.naturparkmagazin.de\/vdn\/?p=4634"},"modified":"2014-11-27T16:14:53","modified_gmt":"2014-11-27T15:14:53","slug":"grosse-freude-weihnachtsbaum-fuer-den-deutschen-bundestag","status":"publish","type":"post","link":"https:\/\/www.naturparkmagazin.de\/vdn\/grosse-freude-weihnachtsbaum-fuer-den-deutschen-bundestag\/","title":{"rendered":"&#8222;Gro\u00dfe Freude&#8220; &#8211; Weihnachtsbaum f\u00fcr den Deutschen Bundestag"},"content":{"rendered":"<div id=\"attachment_4735\" style=\"width: 510px\" class=\"wp-caption aligncenter\"><a href=\"https:\/\/www.naturparkmagazin.de\/vdn\/wp-content\/uploads\/sites\/3\/Pressebild_beitrag.jpg\"><img aria-describedby=\"caption-attachment-4735\" decoding=\"async\" loading=\"lazy\" class=\"size-full wp-image-4735\" title=\"Copyright: Naturpark Hessische Rh\u00f6n\" alt=\"Copyright: Naturpark Hessische Rh\u00f6n\" src=\"https:\/\/www.naturparkmagazin.de\/vdn\/wp-content\/uploads\/sites\/3\/Pressebild_beitrag.jpg\" width=\"500\" height=\"300\" srcset=\"https:\/\/www.naturparkmagazin.de\/vdn\/wp-content\/uploads\/sites\/3\/Pressebild_beitrag.jpg 500w, https:\/\/www.naturparkmagazin.de\/vdn\/wp-content\/uploads\/sites\/3\/Pressebild_beitrag-300x180.jpg 300w, https:\/\/www.naturparkmagazin.de\/vdn\/wp-content\/uploads\/sites\/3\/Pressebild_beitrag-200x120.jpg 200w\" sizes=\"(max-width: 500px) 100vw, 500px\" \/><\/a><p id=\"caption-attachment-4735\" class=\"wp-caption-text\">Copyright: Naturpark Hessische Rh\u00f6n<\/p><\/div>\n<p style=\"text-align: center\">\n<p>Einen ganz besonderen Weihnachtsgru\u00df \u00fcberbrachte heute Mittag der Naturpark Hessische Rh\u00f6n dem Deutschen Bundestag: einen Rh\u00f6ner Weihnachtsbaum. Die fast 5 Meter hohe Tanne wurde vom Vizepr\u00e4sidenten des Deutschen Bundestages, Johannes Singhammer, MdB in Empfang genommen. Singhammer dankte \u201eden Menschen in der Rh\u00f6n f\u00fcr dieses sch\u00f6ne Geschenk, das uns gerade in der Weihnachtszeit die Bedeutung und die Sch\u00f6nheit unserer Natur und unserer Sch\u00f6pfung vor Augen f\u00fchrt\u201c.<\/p>\n<p>Der Fuldaer Wahlkreisabgeordnete Michael Brand, dessen Unterst\u00fctzung den \u201eRh\u00f6ner Weihnachtsbaum in Berlin\u201c mit erm\u00f6glicht hat, betonte die \u201ewunderbare Symbolik, dass im 25. Jahr nach dem Fall des Eisernen Vorhangs in der Rh\u00f6n und der Mauer in Berlin dieser besondere Weihnachtsbaum nun hier im Bundestag strahlen kann\u201c.<\/p>\n<div id=\"attachment_4731\" style=\"width: 510px\" class=\"wp-caption aligncenter\"><a href=\"https:\/\/www.naturparkmagazin.de\/vdn\/wp-content\/uploads\/sites\/3\/P1030099.jpg\"><img aria-describedby=\"caption-attachment-4731\" decoding=\"async\" loading=\"lazy\" class=\"size-full wp-image-4731\" title=\"Copyright: Naturpark Hessische Rh\u00f6n\" alt=\"Copyright: Naturpark Hessische Rh\u00f6n\" src=\"https:\/\/www.naturparkmagazin.de\/vdn\/wp-content\/uploads\/sites\/3\/P1030099.jpg\" width=\"500\" height=\"300\" srcset=\"https:\/\/www.naturparkmagazin.de\/vdn\/wp-content\/uploads\/sites\/3\/P1030099.jpg 500w, https:\/\/www.naturparkmagazin.de\/vdn\/wp-content\/uploads\/sites\/3\/P1030099-300x180.jpg 300w, https:\/\/www.naturparkmagazin.de\/vdn\/wp-content\/uploads\/sites\/3\/P1030099-200x120.jpg 200w\" sizes=\"(max-width: 500px) 100vw, 500px\" \/><\/a><p id=\"caption-attachment-4731\" class=\"wp-caption-text\">Copyright: Naturpark Hessische Rh\u00f6n<\/p><\/div>\n<p style=\"text-align: center\">\n<p>Der Gesch\u00e4ftsf\u00fchrer des Naturparks Hessische Rh\u00f6n, Torsten Raab, war gemeinsam mit dem Vorstandsmitglied des Verbandes Deutscher Naturparke e. V., Dr. Mario Schrumpf und Sch\u00fclerinnen und Sch\u00fclern der Jahnschule H\u00fcnfeld im Landkreis Fulda nach Berlin angereist. Begleitet wurden sie von Lehrern der Schule und Mitarbeitern des Naturparks Hessische Rh\u00f6n vom Landkreis Fulda.<\/p>\n<div id=\"attachment_4734\" style=\"width: 510px\" class=\"wp-caption aligncenter\"><a href=\"https:\/\/www.naturparkmagazin.de\/vdn\/wp-content\/uploads\/sites\/3\/P1030105.jpg\"><img aria-describedby=\"caption-attachment-4734\" decoding=\"async\" loading=\"lazy\" class=\"size-full wp-image-4734\" title=\"Copyright: Naturpark Hessische Rh\u00f6n\" alt=\"Copyright: Naturpark Hessische Rh\u00f6n\" src=\"https:\/\/www.naturparkmagazin.de\/vdn\/wp-content\/uploads\/sites\/3\/P1030105.jpg\" width=\"500\" height=\"300\" srcset=\"https:\/\/www.naturparkmagazin.de\/vdn\/wp-content\/uploads\/sites\/3\/P1030105.jpg 500w, https:\/\/www.naturparkmagazin.de\/vdn\/wp-content\/uploads\/sites\/3\/P1030105-300x180.jpg 300w, https:\/\/www.naturparkmagazin.de\/vdn\/wp-content\/uploads\/sites\/3\/P1030105-200x120.jpg 200w\" sizes=\"(max-width: 500px) 100vw, 500px\" \/><\/a><p id=\"caption-attachment-4734\" class=\"wp-caption-text\">Copyright: Naturpark Hessische Rh\u00f6n<\/p><\/div>\n<p style=\"text-align: center\">\n<p>M\u00e4dchen und Jungen der Jahnschule (Haupt-und Realschule) haben in vielen Stunden den Baumschmuck aus regional spezifischen Rh\u00f6nschafen, Sternen aus dem Sternenpark Rh\u00f6n und Rh\u00f6ner \u00c4pfeln f\u00fcr den Weihnachtsbaum im Bundestag gebastelt.<\/p>\n<p>\u201eWir freuen uns ganz besonders, dass wir aus der Rh\u00f6n diejenigen sind, die in diesem Jahr den Baum f\u00fcr den Deutschen Bundestag bereitstellen d\u00fcrfen\u201c, sagte Torsten Raab, der Gesch\u00e4ftsf\u00fchrer des Naturparks Hessische Rh\u00f6n. \u201eDass wir heute in Berlin 25 Jahre nach dem Mauerfall im Bundestag stehen, um kurz vor Weihnachten in einem geeinten Deutschland diesen Baum an den Deutschen Bundestag zu \u00fcberreichen, erf\u00fcllt mich mit Freude und Dankbarkeit. Ich w\u00fcnsche uns allen, dass dieser Baum auch ein Zeichen des Friedens und der Einheit sein m\u00f6ge\u201c, so Raab.<\/p>\n<div id=\"attachment_4737\" style=\"width: 510px\" class=\"wp-caption aligncenter\"><a href=\"https:\/\/www.naturparkmagazin.de\/vdn\/wp-content\/uploads\/sites\/3\/P1030075.jpg\"><img aria-describedby=\"caption-attachment-4737\" decoding=\"async\" loading=\"lazy\" class=\"size-full wp-image-4737\" title=\"Copyright: Naturpark Hessische Rh\u00f6n\" alt=\"Copyright: Naturpark Hessische Rh\u00f6n\" src=\"https:\/\/www.naturparkmagazin.de\/vdn\/wp-content\/uploads\/sites\/3\/P1030075.jpg\" width=\"500\" height=\"300\" srcset=\"https:\/\/www.naturparkmagazin.de\/vdn\/wp-content\/uploads\/sites\/3\/P1030075.jpg 500w, https:\/\/www.naturparkmagazin.de\/vdn\/wp-content\/uploads\/sites\/3\/P1030075-300x180.jpg 300w, https:\/\/www.naturparkmagazin.de\/vdn\/wp-content\/uploads\/sites\/3\/P1030075-200x120.jpg 200w\" sizes=\"(max-width: 500px) 100vw, 500px\" \/><\/a><p id=\"caption-attachment-4737\" class=\"wp-caption-text\">Copyright: Naturpark Hessische Rh\u00f6n<\/p><\/div>\n<p style=\"text-align: center\">\n<p>F\u00fcr die \u00dcbergabe des Weihnachtsbaumes an Bundestagsvizepr\u00e4sident Singhammer hatten die Sch\u00fclerinnen und Sch\u00fcler eigens ein musikalisches Weihnachts-Programm einstudiert, das f\u00fcr musikalische Untermalung der \u00dcbergabe sorgte und gro\u00dfe Begeisterung wie Anerkennung ausl\u00f6ste.<\/p>\n<p>Danach wurden die Sch\u00fclerinnen und Sch\u00fcler zu einem exklusiven Blick hinter die Kulissen der deutschen Politik eingeladen. Bundestagsabgeordneter Michael Brand f\u00fchrte die Gruppe, die er aus seiner Heimat eingeladen hatte, pers\u00f6nlich durch den Reichstag.<\/p>\n<div id=\"attachment_4736\" style=\"width: 510px\" class=\"wp-caption aligncenter\"><a href=\"https:\/\/www.naturparkmagazin.de\/vdn\/wp-content\/uploads\/sites\/3\/P1030062.jpg\"><img aria-describedby=\"caption-attachment-4736\" decoding=\"async\" loading=\"lazy\" class=\"size-full wp-image-4736\" title=\"Copyright: Naturpark Hessische Rh\u00f6n\" alt=\"Copyright: Naturpark Hessische Rh\u00f6n\" src=\"https:\/\/www.naturparkmagazin.de\/vdn\/wp-content\/uploads\/sites\/3\/P1030062.jpg\" width=\"500\" height=\"300\" srcset=\"https:\/\/www.naturparkmagazin.de\/vdn\/wp-content\/uploads\/sites\/3\/P1030062.jpg 500w, https:\/\/www.naturparkmagazin.de\/vdn\/wp-content\/uploads\/sites\/3\/P1030062-300x180.jpg 300w, https:\/\/www.naturparkmagazin.de\/vdn\/wp-content\/uploads\/sites\/3\/P1030062-200x120.jpg 200w\" sizes=\"(max-width: 500px) 100vw, 500px\" \/><\/a><p id=\"caption-attachment-4736\" class=\"wp-caption-text\">Copyright: Naturpark Hessische Rh\u00f6n<\/p><\/div>\n<p style=\"text-align: center\">\n<p>Vorgestellt wurde bei der \u00dcbergabe auch der im Oktober erschienene Bildband \u201eParadiese vor der Haust\u00fcr\u201c \u00fcber die Naturparke in Deutschland. \u201eDie 104 Naturparke st\u00e4rken die l\u00e4ndlichen R\u00e4ume und bieten zahlreiche M\u00f6glichkeiten f\u00fcr ein aktives Naturerleben. Dies wird im Bildband \u201eParadiese vor der Haust\u00fcr\u201c mit vielen wundersch\u00f6nen Fotos dokumentiert\u201c, betonte VDN-Vorstandsmitglied Mario Schrumpf bei der \u00dcbergabe des Weihnachtsbaumes. \u201eMit dem Weihnachtsbaum bringen wir so auch ein Symbol f\u00fcr diese Naturerlebnisse in den Deutschen Bundestag.\u201c<\/p>\n<p>Seit dem Jahr 2002 stellt jedes Jahr zu Weihnachten ein Naturpark gemeinsam mit dem Verband Deutscher Naturparke (VDN) einen Weihnachtsbaum im Bundestag auf. Gestiftet wurde der diesj\u00e4hrige Baum vom Naturpark Hessische Rh\u00f6n aus Anlass des 25-j\u00e4hrigen Jubil\u00e4ums des Mauerfalls. Der Naturpark Hessische Rh\u00f6n befindet sich unmittelbar an der Grenze zu Th\u00fcringen und liegt heute als Teil des l\u00e4nder\u00fcbergreifenden UNESCO-Biosph\u00e4renreservats Rh\u00f6n mitten im Herzen des wiedervereinigten Deutschlands.<\/p>\n<p>&nbsp;<\/p>\n<p>&gt;&gt; <a href=\"http:\/\/www.naturparke.de\/system\/articledownloads\/405\/original\/Pressemitteilung_%C3%9Cbergabe_Weihnachtsbaum_2014.pdf?1417099655\" target=\"_blank\">Hier k\u00f6nnen Sie die Pressemitteilung einsehen<\/a><\/p>\n<p>&gt;&gt; <a href=\"http:\/\/www.landkreis-fulda.de\" target=\"_blank\">Hier k\u00f6nnen Sie sich \u00fcber den Naturpark Hessische Rh\u00f6n informieren<\/a><\/p>\n<p>&nbsp;<\/p>\n","protected":false},"excerpt":{"rendered":"<p>Einen ganz besonderen Weihnachtsgru\u00df \u00fcberbrachte der Naturpark Hessische Rh\u00f6n dem Deutschen Bundestag: einen Rh\u00f6ner Weihnachtsbaum. <\/p>\n","protected":false},"author":14,"featured_media":4730,"comment_status":"open","ping_status":"open","sticky":false,"template":"","format":"standard","meta":{"_links_to":"","_links_to_target":""},"categories":[7],"tags":[],"yoast_head":"<!-- This site is optimized with the Yoast SEO plugin v19.10 - https:\/\/yoast.com\/wordpress\/plugins\/seo\/ -->\n<title>&quot;Gro\u00dfe Freude&quot; - Weihnachtsbaum f\u00fcr den Deutschen Bundestag<\/title>\n<meta name=\"description\" content=\"Einen ganz besonderen Weihnachtsgru\u00df \u00fcberbrachte der Naturpark Hessische Rh\u00f6n dem Deutschen Bundestag: einen Rh\u00f6ner Weihnachtsbaum.\" \/>\n<meta name=\"robots\" content=\"index, follow, max-snippet:-1, max-image-preview:large, max-video-preview:-1\" \/>\n<link rel=\"canonical\" href=\"https:\/\/www.naturparkmagazin.de\/vdn\/grosse-freude-weihnachtsbaum-fuer-den-deutschen-bundestag\/\" \/>\n<meta property=\"og:locale\" content=\"de_DE\" \/>\n<meta property=\"og:type\" content=\"article\" \/>\n<meta property=\"og:title\" content=\"&quot;Gro\u00dfe Freude&quot; - Weihnachtsbaum f\u00fcr den Deutschen Bundestag\" \/>\n<meta property=\"og:description\" content=\"Einen ganz besonderen Weihnachtsgru\u00df \u00fcberbrachte der Naturpark Hessische Rh\u00f6n dem Deutschen Bundestag: einen Rh\u00f6ner Weihnachtsbaum.\" \/>\n<meta property=\"og:url\" content=\"https:\/\/www.naturparkmagazin.de\/vdn\/grosse-freude-weihnachtsbaum-fuer-den-deutschen-bundestag\/\" \/>\n<meta property=\"og:site_name\" content=\"Verband Deutscher Naturparke\" \/>\n<meta property=\"article:published_time\" content=\"2014-11-18T06:25:16+00:00\" \/>\n<meta property=\"article:modified_time\" content=\"2014-11-27T15:14:53+00:00\" \/>\n<meta property=\"og:image\" content=\"https:\/\/www.naturparkmagazin.de\/vdn\/wp-content\/uploads\/sites\/3\/Pressebild.jpg\" \/>\n\t<meta property=\"og:image:width\" content=\"180\" \/>\n\t<meta property=\"og:image:height\" content=\"135\" \/>\n\t<meta property=\"og:image:type\" content=\"image\/jpeg\" \/>\n<meta name=\"author\" content=\"vdnnational\" \/>\n<meta name=\"twitter:label1\" content=\"Verfasst von\" \/>\n\t<meta name=\"twitter:data1\" content=\"vdnnational\" \/>\n\t<meta name=\"twitter:label2\" content=\"Gesch\u00e4tzte Lesezeit\" \/>\n\t<meta name=\"twitter:data2\" content=\"3\u00a0Minuten\" \/>\n<script type=\"application\/ld+json\" class=\"yoast-schema-graph\">{\"@context\":\"https:\/\/schema.org\",\"@graph\":[{\"@type\":\"WebPage\",\"@id\":\"https:\/\/www.naturparkmagazin.de\/vdn\/grosse-freude-weihnachtsbaum-fuer-den-deutschen-bundestag\/\",\"url\":\"https:\/\/www.naturparkmagazin.de\/vdn\/grosse-freude-weihnachtsbaum-fuer-den-deutschen-bundestag\/\",\"name\":\"\\\"Gro\u00dfe Freude\\\" - Weihnachtsbaum f\u00fcr den Deutschen Bundestag\",\"isPartOf\":{\"@id\":\"https:\/\/www.naturparkmagazin.de\/vdn\/#website\"},\"datePublished\":\"2014-11-18T06:25:16+00:00\",\"dateModified\":\"2014-11-27T15:14:53+00:00\",\"author\":{\"@id\":\"https:\/\/www.naturparkmagazin.de\/vdn\/#\/schema\/person\/e28d931df83318a48d52ae72b08d2bfb\"},\"description\":\"Einen ganz besonderen Weihnachtsgru\u00df \u00fcberbrachte der Naturpark Hessische Rh\u00f6n dem Deutschen Bundestag: einen Rh\u00f6ner Weihnachtsbaum.\",\"breadcrumb\":{\"@id\":\"https:\/\/www.naturparkmagazin.de\/vdn\/grosse-freude-weihnachtsbaum-fuer-den-deutschen-bundestag\/#breadcrumb\"},\"inLanguage\":\"de\",\"potentialAction\":[{\"@type\":\"ReadAction\",\"target\":[\"https:\/\/www.naturparkmagazin.de\/vdn\/grosse-freude-weihnachtsbaum-fuer-den-deutschen-bundestag\/\"]}]},{\"@type\":\"BreadcrumbList\",\"@id\":\"https:\/\/www.naturparkmagazin.de\/vdn\/grosse-freude-weihnachtsbaum-fuer-den-deutschen-bundestag\/#breadcrumb\",\"itemListElement\":[{\"@type\":\"ListItem\",\"position\":1,\"name\":\"Home\",\"item\":\"https:\/\/www.naturparkmagazin.de\/vdn\/\"},{\"@type\":\"ListItem\",\"position\":2,\"name\":\"&#8222;Gro\u00dfe Freude&#8220; &#8211; Weihnachtsbaum f\u00fcr den Deutschen Bundestag\"}]},{\"@type\":\"WebSite\",\"@id\":\"https:\/\/www.naturparkmagazin.de\/vdn\/#website\",\"url\":\"https:\/\/www.naturparkmagazin.de\/vdn\/\",\"name\":\"Verband Deutscher Naturparke\",\"description\":\"Eine weitere Naturparkmagazin.de Netzwerk Seite\",\"potentialAction\":[{\"@type\":\"SearchAction\",\"target\":{\"@type\":\"EntryPoint\",\"urlTemplate\":\"https:\/\/www.naturparkmagazin.de\/vdn\/?s={search_term_string}\"},\"query-input\":\"required name=search_term_string\"}],\"inLanguage\":\"de\"},{\"@type\":\"Person\",\"@id\":\"https:\/\/www.naturparkmagazin.de\/vdn\/#\/schema\/person\/e28d931df83318a48d52ae72b08d2bfb\",\"name\":\"vdnnational\",\"url\":\"https:\/\/www.naturparkmagazin.de\/vdn\/author\/vdnnational\/\"}]}<\/script>\n<!-- \/ Yoast SEO plugin. -->","yoast_head_json":{"title":"\"Gro\u00dfe Freude\" - Weihnachtsbaum f\u00fcr den Deutschen Bundestag","description":"Einen ganz besonderen Weihnachtsgru\u00df \u00fcberbrachte der Naturpark Hessische Rh\u00f6n dem Deutschen Bundestag: einen Rh\u00f6ner Weihnachtsbaum.","robots":{"index":"index","follow":"follow","max-snippet":"max-snippet:-1","max-image-preview":"max-image-preview:large","max-video-preview":"max-video-preview:-1"},"canonical":"https:\/\/www.naturparkmagazin.de\/vdn\/grosse-freude-weihnachtsbaum-fuer-den-deutschen-bundestag\/","og_locale":"de_DE","og_type":"article","og_title":"\"Gro\u00dfe Freude\" - Weihnachtsbaum f\u00fcr den Deutschen Bundestag","og_description":"Einen ganz besonderen Weihnachtsgru\u00df \u00fcberbrachte der Naturpark Hessische Rh\u00f6n dem Deutschen Bundestag: einen Rh\u00f6ner Weihnachtsbaum.","og_url":"https:\/\/www.naturparkmagazin.de\/vdn\/grosse-freude-weihnachtsbaum-fuer-den-deutschen-bundestag\/","og_site_name":"Verband Deutscher Naturparke","article_published_time":"2014-11-18T06:25:16+00:00","article_modified_time":"2014-11-27T15:14:53+00:00","og_image":[{"width":180,"height":135,"url":"https:\/\/www.naturparkmagazin.de\/vdn\/wp-content\/uploads\/sites\/3\/Pressebild.jpg","type":"image\/jpeg"}],"author":"vdnnational","twitter_misc":{"Verfasst von":"vdnnational","Gesch\u00e4tzte Lesezeit":"3\u00a0Minuten"},"schema":{"@context":"https:\/\/schema.org","@graph":[{"@type":"WebPage","@id":"https:\/\/www.naturparkmagazin.de\/vdn\/grosse-freude-weihnachtsbaum-fuer-den-deutschen-bundestag\/","url":"https:\/\/www.naturparkmagazin.de\/vdn\/grosse-freude-weihnachtsbaum-fuer-den-deutschen-bundestag\/","name":"\"Gro\u00dfe Freude\" - Weihnachtsbaum f\u00fcr den Deutschen Bundestag","isPartOf":{"@id":"https:\/\/www.naturparkmagazin.de\/vdn\/#website"},"datePublished":"2014-11-18T06:25:16+00:00","dateModified":"2014-11-27T15:14:53+00:00","author":{"@id":"https:\/\/www.naturparkmagazin.de\/vdn\/#\/schema\/person\/e28d931df83318a48d52ae72b08d2bfb"},"description":"Einen ganz besonderen Weihnachtsgru\u00df \u00fcberbrachte der Naturpark Hessische Rh\u00f6n dem Deutschen Bundestag: einen Rh\u00f6ner Weihnachtsbaum.","breadcrumb":{"@id":"https:\/\/www.naturparkmagazin.de\/vdn\/grosse-freude-weihnachtsbaum-fuer-den-deutschen-bundestag\/#breadcrumb"},"inLanguage":"de","potentialAction":[{"@type":"ReadAction","target":["https:\/\/www.naturparkmagazin.de\/vdn\/grosse-freude-weihnachtsbaum-fuer-den-deutschen-bundestag\/"]}]},{"@type":"BreadcrumbList","@id":"https:\/\/www.naturparkmagazin.de\/vdn\/grosse-freude-weihnachtsbaum-fuer-den-deutschen-bundestag\/#breadcrumb","itemListElement":[{"@type":"ListItem","position":1,"name":"Home","item":"https:\/\/www.naturparkmagazin.de\/vdn\/"},{"@type":"ListItem","position":2,"name":"&#8222;Gro\u00dfe Freude&#8220; &#8211; Weihnachtsbaum f\u00fcr den Deutschen Bundestag"}]},{"@type":"WebSite","@id":"https:\/\/www.naturparkmagazin.de\/vdn\/#website","url":"https:\/\/www.naturparkmagazin.de\/vdn\/","name":"Verband Deutscher Naturparke","description":"Eine weitere Naturparkmagazin.de Netzwerk Seite","potentialAction":[{"@type":"SearchAction","target":{"@type":"EntryPoint","urlTemplate":"https:\/\/www.naturparkmagazin.de\/vdn\/?s={search_term_string}"},"query-input":"required name=search_term_string"}],"inLanguage":"de"},{"@type":"Person","@id":"https:\/\/www.naturparkmagazin.de\/vdn\/#\/schema\/person\/e28d931df83318a48d52ae72b08d2bfb","name":"vdnnational","url":"https:\/\/www.naturparkmagazin.de\/vdn\/author\/vdnnational\/"}]}},"_links":{"self":[{"href":"https:\/\/www.naturparkmagazin.de\/vdn\/wp-json\/wp\/v2\/posts\/4634"}],"collection":[{"href":"https:\/\/www.naturparkmagazin.de\/vdn\/wp-json\/wp\/v2\/posts"}],"about":[{"href":"https:\/\/www.naturparkmagazin.de\/vdn\/wp-json\/wp\/v2\/types\/post"}],"author":[{"embeddable":true,"href":"https:\/\/www.naturparkmagazin.de\/vdn\/wp-json\/wp\/v2\/users\/14"}],"replies":[{"embeddable":true,"href":"https:\/\/www.naturparkmagazin.de\/vdn\/wp-json\/wp\/v2\/comments?post=4634"}],"version-history":[{"count":9,"href":"https:\/\/www.naturparkmagazin.de\/vdn\/wp-json\/wp\/v2\/posts\/4634\/revisions"}],"predecessor-version":[{"id":4732,"href":"https:\/\/www.naturparkmagazin.de\/vdn\/wp-json\/wp\/v2\/posts\/4634\/revisions\/4732"}],"wp:featuredmedia":[{"embeddable":true,"href":"https:\/\/www.naturparkmagazin.de\/vdn\/wp-json\/wp\/v2\/media\/4730"}],"wp:attachment":[{"href":"https:\/\/www.naturparkmagazin.de\/vdn\/wp-json\/wp\/v2\/media?parent=4634"}],"wp:term":[{"taxonomy":"category","embeddable":true,"href":"https:\/\/www.naturparkmagazin.de\/vdn\/wp-json\/wp\/v2\/categories?post=4634"},{"taxonomy":"post_tag","embeddable":true,"href":"https:\/\/www.naturparkmagazin.de\/vdn\/wp-json\/wp\/v2\/tags?post=4634"}],"curies":[{"name":"wp","href":"https:\/\/api.w.org\/{rel}","templated":true}]}}