{"id":4644,"date":"2014-11-18T06:02:32","date_gmt":"2014-11-18T05:02:32","guid":{"rendered":"http:\/\/www.naturparkmagazin.de\/vdn\/?p=4644"},"modified":"2014-11-19T12:40:10","modified_gmt":"2014-11-19T11:40:10","slug":"naturparkgeschichten-weihnachtliches-aus-naturparken","status":"publish","type":"post","link":"https:\/\/www.naturparkmagazin.de\/vdn\/naturparkgeschichten-weihnachtliches-aus-naturparken\/","title":{"rendered":"\u201eNaturparkgeschichten\u201c &#8211; Weihnachtliches aus Naturparken"},"content":{"rendered":"<div id=\"attachment_4670\" style=\"width: 510px\" class=\"wp-caption aligncenter\"><a href=\"https:\/\/www.naturparkmagazin.de\/vdn\/wp-content\/uploads\/sites\/3\/Fotolia_55126257_S-Beitrag.jpg\"><img aria-describedby=\"caption-attachment-4670\" decoding=\"async\" loading=\"lazy\" class=\"size-full wp-image-4670  \" title=\"Copyright:  Alina G - Fotolia.com\" alt=\"Copyright:  Alina G - Fotolia.com\" src=\"https:\/\/www.naturparkmagazin.de\/vdn\/wp-content\/uploads\/sites\/3\/Fotolia_55126257_S-Beitrag.jpg\" width=\"500\" height=\"300\" srcset=\"https:\/\/www.naturparkmagazin.de\/vdn\/wp-content\/uploads\/sites\/3\/Fotolia_55126257_S-Beitrag.jpg 500w, https:\/\/www.naturparkmagazin.de\/vdn\/wp-content\/uploads\/sites\/3\/Fotolia_55126257_S-Beitrag-300x180.jpg 300w, https:\/\/www.naturparkmagazin.de\/vdn\/wp-content\/uploads\/sites\/3\/Fotolia_55126257_S-Beitrag-200x120.jpg 200w\" sizes=\"(max-width: 500px) 100vw, 500px\" \/><\/a><p id=\"caption-attachment-4670\" class=\"wp-caption-text\">Copyright: Alina G &#8211; Fotolia.com<\/p><\/div>\n<p>Advent in den Naturparken, das ist noch ein wenig Zauber der Vorweihnachtszeit,\u00a0 Ruhe zum Erleben und Mu\u00dfe f\u00fcr Kreatives, auch ein St\u00fcck Kultur und Miteinander von Mensch und Natur. Die Palette der Angebote zum Advent in den Naturparken ist riesig. Da kann man im Naturpark Hoher Vogelsberg auf einer Familienwanderung tats\u00e4chlich dem Nikolaus begegnen; im Naturpark Fichtelgebirge feiern Deutsche und Tschechen die Vorweihnachtszeit mit einer gemeinsamen Andacht bei besinnlicher Musik und einem Adventsfeuer. Im Naturpark Neckartal-Odenwald wandert man mit der ganzen Familie auf den Breitenstein zum Winterfeuer mit Adventlesung, Punsch und Geb\u00e4ck.<\/p>\n<p>Vielerorts ist der Wald Schauplatz von vorweihnachtlichem Treiben. Bei einer kleinen Wanderung durch den winterlichen Wald erfahren die Besucher im Naturpark Rhein-Westerwald, wie die Tiere im Wald die Winterzeit verbringen und vielleicht war ja auch der Nikolaus im Wald unterwegs?<\/p>\n<div id=\"attachment_4673\" style=\"width: 510px\" class=\"wp-caption aligncenter\"><a href=\"https:\/\/www.naturparkmagazin.de\/vdn\/wp-content\/uploads\/sites\/3\/dpp-00632-beitrag.jpg\"><img aria-describedby=\"caption-attachment-4673\" decoding=\"async\" loading=\"lazy\" class=\"size-full wp-image-4673\" alt=\"'Im Schneetreiben' -  Copyright: VDN\/wilhil\" src=\"https:\/\/www.naturparkmagazin.de\/vdn\/wp-content\/uploads\/sites\/3\/dpp-00632-beitrag.jpg\" width=\"500\" height=\"300\" srcset=\"https:\/\/www.naturparkmagazin.de\/vdn\/wp-content\/uploads\/sites\/3\/dpp-00632-beitrag.jpg 500w, https:\/\/www.naturparkmagazin.de\/vdn\/wp-content\/uploads\/sites\/3\/dpp-00632-beitrag-300x180.jpg 300w, https:\/\/www.naturparkmagazin.de\/vdn\/wp-content\/uploads\/sites\/3\/dpp-00632-beitrag-200x120.jpg 200w\" sizes=\"(max-width: 500px) 100vw, 500px\" \/><\/a><p id=\"caption-attachment-4673\" class=\"wp-caption-text\">&#8218;Im Schneetreiben&#8216; &#8211; Copyright: VDN\/wilhil<\/p><\/div>\n<p>Aber auch in der warmen Stube tut sich in den Naturparken in der Adventzeit so Vielerlei. Da werden mit Zweigen, Zapfen, Fr\u00fcchten und Moos Weihnachtskarten, Kr\u00e4nze und Weihnachtsschmuck oder auch kleine Weihnachtskrippen gebastelt oder in gem\u00fctlicher Runde gesungen oder Geschichten zur Weihnachtszeit erz\u00e4hlt. Die Mei\u00dfner-Geschichten am Bollerofen im Naturpark Mei\u00dfner &#8211; Kaufunger Wald sind in jedem Jahr ganz schnell ausgebucht.<\/p>\n<p>Gerade wenn es auf Weihnachten zugeht, sind die traditionellen Weihnachtsm\u00e4rkte die perfekte Einstimmung auf die Festtage. Weihnachtliche Leckereien f\u00fcr Kinder, Bummeln und Schauen f\u00fcr die Erwachsenen, weihnachtliche Speisen und Getr\u00e4nke, Produkte aus der Region und altes Handwerk, f\u00fcr jeden findet sich etwas Passendes.<\/p>\n<div id=\"attachment_4676\" style=\"width: 510px\" class=\"wp-caption aligncenter\"><a href=\"https:\/\/www.naturparkmagazin.de\/vdn\/wp-content\/uploads\/sites\/3\/132_Adventsmarkt_Moelln-beitrag.jpg\"><img aria-describedby=\"caption-attachment-4676\" decoding=\"async\" loading=\"lazy\" class=\"size-full wp-image-4676 \" title=\"'Adventsmarkt in Moelln' - Copyright: VDN\/Thomas Ebelt\" alt=\"'Adventsmarkt in Moelln' - Copyright: VDN\/Thomas Ebelt\" src=\"https:\/\/www.naturparkmagazin.de\/vdn\/wp-content\/uploads\/sites\/3\/132_Adventsmarkt_Moelln-beitrag.jpg\" width=\"500\" height=\"300\" srcset=\"https:\/\/www.naturparkmagazin.de\/vdn\/wp-content\/uploads\/sites\/3\/132_Adventsmarkt_Moelln-beitrag.jpg 500w, https:\/\/www.naturparkmagazin.de\/vdn\/wp-content\/uploads\/sites\/3\/132_Adventsmarkt_Moelln-beitrag-300x180.jpg 300w, https:\/\/www.naturparkmagazin.de\/vdn\/wp-content\/uploads\/sites\/3\/132_Adventsmarkt_Moelln-beitrag-200x120.jpg 200w\" sizes=\"(max-width: 500px) 100vw, 500px\" \/><\/a><p id=\"caption-attachment-4676\" class=\"wp-caption-text\">&#8218;Adventsmarkt in Moelln&#8216; &#8211; Copyright: VDN\/Thomas Ebelt<\/p><\/div>\n<p>Und f\u00fcr alle, die sich zu dieser Jahreszeit nicht aus dem Haus wagen wollen, gibt es weihnachtliche Leckereien zum selber Genie\u00dfen oder als Weihnachtpaket zum Verschenken im <a href=\"http:\/\/www.naturpark-spezialitaeten.de\" target=\"_blank\">Naturpark-Spezialit\u00e4ten-Shop<\/a>.<\/p>\n<p>Die Veranstaltungsangebote ausgew\u00e4hlter Naturparke finden Sie im <a href=\"https:\/\/www.naturparkmagazin.de\/veranstaltungen\/\" target=\"_blank\">Naturpark-Magazin<\/a> und in der Rubrik \u201eAktuelles\/Termine&#8220; auf <a href=\"http:\/\/www.naturparke.de\/news\/events\" target=\"_blank\">www.naturparke.de.<\/a><\/p>\n","protected":false},"excerpt":{"rendered":"<p>Advent in den Naturparken, das ist noch ein wenig Zauber der Vorweihnachtszeit, Ruhe zum Erleben und Mu\u00dfe f\u00fcr Kreatives. Es ist aber auch ein St\u00fcck Kultur und Miteinander von Mensch und Natur.<\/p>\n","protected":false},"author":51,"featured_media":4672,"comment_status":"open","ping_status":"open","sticky":false,"template":"","format":"standard","meta":{"_links_to":"","_links_to_target":""},"categories":[51],"tags":[186,41],"yoast_head":"<!-- This site is optimized with the Yoast SEO plugin v19.10 - https:\/\/yoast.com\/wordpress\/plugins\/seo\/ -->\n<title>\u201eNaturparkgeschichten\u201c - Weihnachtliches aus Naturparken<\/title>\n<meta name=\"description\" content=\"Advent in den Naturparken, das ist noch ein wenig Zauber der Vorweihnachtszeit, Ruhe zum Erleben und Mu\u00dfe f\u00fcr Kreatives. Es ist aber auch ein St\u00fcck Kultur und Miteinander von Mensch und Natur.\" \/>\n<meta name=\"robots\" content=\"index, follow, max-snippet:-1, max-image-preview:large, max-video-preview:-1\" \/>\n<link rel=\"canonical\" href=\"https:\/\/www.naturparkmagazin.de\/vdn\/naturparkgeschichten-weihnachtliches-aus-naturparken\/\" \/>\n<meta property=\"og:locale\" content=\"de_DE\" \/>\n<meta property=\"og:type\" content=\"article\" \/>\n<meta property=\"og:title\" content=\"\u201eNaturparkgeschichten\u201c - Weihnachtliches aus Naturparken\" \/>\n<meta property=\"og:description\" content=\"Advent in den Naturparken, das ist noch ein wenig Zauber der Vorweihnachtszeit, Ruhe zum Erleben und Mu\u00dfe f\u00fcr Kreatives. Es ist aber auch ein St\u00fcck Kultur und Miteinander von Mensch und Natur.\" \/>\n<meta property=\"og:url\" content=\"https:\/\/www.naturparkmagazin.de\/vdn\/naturparkgeschichten-weihnachtliches-aus-naturparken\/\" \/>\n<meta property=\"og:site_name\" content=\"Verband Deutscher Naturparke\" \/>\n<meta property=\"article:published_time\" content=\"2014-11-18T05:02:32+00:00\" \/>\n<meta property=\"article:modified_time\" content=\"2014-11-19T11:40:10+00:00\" \/>\n<meta property=\"og:image\" content=\"https:\/\/www.naturparkmagazin.de\/vdn\/wp-content\/uploads\/sites\/3\/Fotolia_55126257_S-Beitragsbild.jpg\" \/>\n\t<meta property=\"og:image:width\" content=\"180\" \/>\n\t<meta property=\"og:image:height\" content=\"135\" \/>\n\t<meta property=\"og:image:type\" content=\"image\/jpeg\" \/>\n<meta name=\"author\" content=\"beatrixlosem\" \/>\n<meta name=\"twitter:label1\" content=\"Verfasst von\" \/>\n\t<meta name=\"twitter:data1\" content=\"beatrixlosem\" \/>\n\t<meta name=\"twitter:label2\" content=\"Gesch\u00e4tzte Lesezeit\" \/>\n\t<meta name=\"twitter:data2\" content=\"2\u00a0Minuten\" \/>\n<script type=\"application\/ld+json\" class=\"yoast-schema-graph\">{\"@context\":\"https:\/\/schema.org\",\"@graph\":[{\"@type\":\"WebPage\",\"@id\":\"https:\/\/www.naturparkmagazin.de\/vdn\/naturparkgeschichten-weihnachtliches-aus-naturparken\/\",\"url\":\"https:\/\/www.naturparkmagazin.de\/vdn\/naturparkgeschichten-weihnachtliches-aus-naturparken\/\",\"name\":\"\u201eNaturparkgeschichten\u201c - Weihnachtliches aus Naturparken\",\"isPartOf\":{\"@id\":\"https:\/\/www.naturparkmagazin.de\/vdn\/#website\"},\"datePublished\":\"2014-11-18T05:02:32+00:00\",\"dateModified\":\"2014-11-19T11:40:10+00:00\",\"author\":{\"@id\":\"https:\/\/www.naturparkmagazin.de\/vdn\/#\/schema\/person\/d71357578c318b6db03be60b1f60396b\"},\"description\":\"Advent in den Naturparken, das ist noch ein wenig Zauber der Vorweihnachtszeit, Ruhe zum Erleben und Mu\u00dfe f\u00fcr Kreatives. Es ist aber auch ein St\u00fcck Kultur und Miteinander von Mensch und Natur.\",\"breadcrumb\":{\"@id\":\"https:\/\/www.naturparkmagazin.de\/vdn\/naturparkgeschichten-weihnachtliches-aus-naturparken\/#breadcrumb\"},\"inLanguage\":\"de\",\"potentialAction\":[{\"@type\":\"ReadAction\",\"target\":[\"https:\/\/www.naturparkmagazin.de\/vdn\/naturparkgeschichten-weihnachtliches-aus-naturparken\/\"]}]},{\"@type\":\"BreadcrumbList\",\"@id\":\"https:\/\/www.naturparkmagazin.de\/vdn\/naturparkgeschichten-weihnachtliches-aus-naturparken\/#breadcrumb\",\"itemListElement\":[{\"@type\":\"ListItem\",\"position\":1,\"name\":\"Home\",\"item\":\"https:\/\/www.naturparkmagazin.de\/vdn\/\"},{\"@type\":\"ListItem\",\"position\":2,\"name\":\"\u201eNaturparkgeschichten\u201c &#8211; Weihnachtliches aus Naturparken\"}]},{\"@type\":\"WebSite\",\"@id\":\"https:\/\/www.naturparkmagazin.de\/vdn\/#website\",\"url\":\"https:\/\/www.naturparkmagazin.de\/vdn\/\",\"name\":\"Verband Deutscher Naturparke\",\"description\":\"Eine weitere Naturparkmagazin.de Netzwerk Seite\",\"potentialAction\":[{\"@type\":\"SearchAction\",\"target\":{\"@type\":\"EntryPoint\",\"urlTemplate\":\"https:\/\/www.naturparkmagazin.de\/vdn\/?s={search_term_string}\"},\"query-input\":\"required name=search_term_string\"}],\"inLanguage\":\"de\"},{\"@type\":\"Person\",\"@id\":\"https:\/\/www.naturparkmagazin.de\/vdn\/#\/schema\/person\/d71357578c318b6db03be60b1f60396b\",\"name\":\"beatrixlosem\",\"url\":\"https:\/\/www.naturparkmagazin.de\/vdn\/author\/beatrixlosem\/\"}]}<\/script>\n<!-- \/ Yoast SEO plugin. -->","yoast_head_json":{"title":"\u201eNaturparkgeschichten\u201c - Weihnachtliches aus Naturparken","description":"Advent in den Naturparken, das ist noch ein wenig Zauber der Vorweihnachtszeit, Ruhe zum Erleben und Mu\u00dfe f\u00fcr Kreatives. Es ist aber auch ein St\u00fcck Kultur und Miteinander von Mensch und Natur.","robots":{"index":"index","follow":"follow","max-snippet":"max-snippet:-1","max-image-preview":"max-image-preview:large","max-video-preview":"max-video-preview:-1"},"canonical":"https:\/\/www.naturparkmagazin.de\/vdn\/naturparkgeschichten-weihnachtliches-aus-naturparken\/","og_locale":"de_DE","og_type":"article","og_title":"\u201eNaturparkgeschichten\u201c - Weihnachtliches aus Naturparken","og_description":"Advent in den Naturparken, das ist noch ein wenig Zauber der Vorweihnachtszeit, Ruhe zum Erleben und Mu\u00dfe f\u00fcr Kreatives. Es ist aber auch ein St\u00fcck Kultur und Miteinander von Mensch und Natur.","og_url":"https:\/\/www.naturparkmagazin.de\/vdn\/naturparkgeschichten-weihnachtliches-aus-naturparken\/","og_site_name":"Verband Deutscher Naturparke","article_published_time":"2014-11-18T05:02:32+00:00","article_modified_time":"2014-11-19T11:40:10+00:00","og_image":[{"width":180,"height":135,"url":"https:\/\/www.naturparkmagazin.de\/vdn\/wp-content\/uploads\/sites\/3\/Fotolia_55126257_S-Beitragsbild.jpg","type":"image\/jpeg"}],"author":"beatrixlosem","twitter_misc":{"Verfasst von":"beatrixlosem","Gesch\u00e4tzte Lesezeit":"2\u00a0Minuten"},"schema":{"@context":"https:\/\/schema.org","@graph":[{"@type":"WebPage","@id":"https:\/\/www.naturparkmagazin.de\/vdn\/naturparkgeschichten-weihnachtliches-aus-naturparken\/","url":"https:\/\/www.naturparkmagazin.de\/vdn\/naturparkgeschichten-weihnachtliches-aus-naturparken\/","name":"\u201eNaturparkgeschichten\u201c - Weihnachtliches aus Naturparken","isPartOf":{"@id":"https:\/\/www.naturparkmagazin.de\/vdn\/#website"},"datePublished":"2014-11-18T05:02:32+00:00","dateModified":"2014-11-19T11:40:10+00:00","author":{"@id":"https:\/\/www.naturparkmagazin.de\/vdn\/#\/schema\/person\/d71357578c318b6db03be60b1f60396b"},"description":"Advent in den Naturparken, das ist noch ein wenig Zauber der Vorweihnachtszeit, Ruhe zum Erleben und Mu\u00dfe f\u00fcr Kreatives. Es ist aber auch ein St\u00fcck Kultur und Miteinander von Mensch und Natur.","breadcrumb":{"@id":"https:\/\/www.naturparkmagazin.de\/vdn\/naturparkgeschichten-weihnachtliches-aus-naturparken\/#breadcrumb"},"inLanguage":"de","potentialAction":[{"@type":"ReadAction","target":["https:\/\/www.naturparkmagazin.de\/vdn\/naturparkgeschichten-weihnachtliches-aus-naturparken\/"]}]},{"@type":"BreadcrumbList","@id":"https:\/\/www.naturparkmagazin.de\/vdn\/naturparkgeschichten-weihnachtliches-aus-naturparken\/#breadcrumb","itemListElement":[{"@type":"ListItem","position":1,"name":"Home","item":"https:\/\/www.naturparkmagazin.de\/vdn\/"},{"@type":"ListItem","position":2,"name":"\u201eNaturparkgeschichten\u201c &#8211; Weihnachtliches aus Naturparken"}]},{"@type":"WebSite","@id":"https:\/\/www.naturparkmagazin.de\/vdn\/#website","url":"https:\/\/www.naturparkmagazin.de\/vdn\/","name":"Verband Deutscher Naturparke","description":"Eine weitere Naturparkmagazin.de Netzwerk Seite","potentialAction":[{"@type":"SearchAction","target":{"@type":"EntryPoint","urlTemplate":"https:\/\/www.naturparkmagazin.de\/vdn\/?s={search_term_string}"},"query-input":"required name=search_term_string"}],"inLanguage":"de"},{"@type":"Person","@id":"https:\/\/www.naturparkmagazin.de\/vdn\/#\/schema\/person\/d71357578c318b6db03be60b1f60396b","name":"beatrixlosem","url":"https:\/\/www.naturparkmagazin.de\/vdn\/author\/beatrixlosem\/"}]}},"_links":{"self":[{"href":"https:\/\/www.naturparkmagazin.de\/vdn\/wp-json\/wp\/v2\/posts\/4644"}],"collection":[{"href":"https:\/\/www.naturparkmagazin.de\/vdn\/wp-json\/wp\/v2\/posts"}],"about":[{"href":"https:\/\/www.naturparkmagazin.de\/vdn\/wp-json\/wp\/v2\/types\/post"}],"author":[{"embeddable":true,"href":"https:\/\/www.naturparkmagazin.de\/vdn\/wp-json\/wp\/v2\/users\/51"}],"replies":[{"embeddable":true,"href":"https:\/\/www.naturparkmagazin.de\/vdn\/wp-json\/wp\/v2\/comments?post=4644"}],"version-history":[{"count":13,"href":"https:\/\/www.naturparkmagazin.de\/vdn\/wp-json\/wp\/v2\/posts\/4644\/revisions"}],"predecessor-version":[{"id":4716,"href":"https:\/\/www.naturparkmagazin.de\/vdn\/wp-json\/wp\/v2\/posts\/4644\/revisions\/4716"}],"wp:featuredmedia":[{"embeddable":true,"href":"https:\/\/www.naturparkmagazin.de\/vdn\/wp-json\/wp\/v2\/media\/4672"}],"wp:attachment":[{"href":"https:\/\/www.naturparkmagazin.de\/vdn\/wp-json\/wp\/v2\/media?parent=4644"}],"wp:term":[{"taxonomy":"category","embeddable":true,"href":"https:\/\/www.naturparkmagazin.de\/vdn\/wp-json\/wp\/v2\/categories?post=4644"},{"taxonomy":"post_tag","embeddable":true,"href":"https:\/\/www.naturparkmagazin.de\/vdn\/wp-json\/wp\/v2\/tags?post=4644"}],"curies":[{"name":"wp","href":"https:\/\/api.w.org\/{rel}","templated":true}]}}