{"id":4647,"date":"2014-11-18T07:20:42","date_gmt":"2014-11-18T06:20:42","guid":{"rendered":"http:\/\/www.naturparkmagazin.de\/vdn\/?p=4647"},"modified":"2014-11-17T14:43:26","modified_gmt":"2014-11-17T13:43:26","slug":"grosser-verlust-dirk-watermann-verstorben","status":"publish","type":"post","link":"https:\/\/www.naturparkmagazin.de\/vdn\/grosser-verlust-dirk-watermann-verstorben\/","title":{"rendered":"&#8222;Gro\u00dfer Verlust&#8220; &#8211; Dirk Watermann verstorben"},"content":{"rendered":"<div id=\"attachment_4648\" style=\"width: 410px\" class=\"wp-caption aligncenter\"><a href=\"https:\/\/www.naturparkmagazin.de\/vdn\/wp-content\/uploads\/sites\/3\/Dirk_Beitrag.jpg\"><img aria-describedby=\"caption-attachment-4648\" decoding=\"async\" loading=\"lazy\" class=\"size-full wp-image-4648\" title=\"Dirk Watermann (21.6.1966 - 28.10.2014)\" alt=\"Dirk Watermann (21.6.1966 - 28.10.2014)\" src=\"https:\/\/www.naturparkmagazin.de\/vdn\/wp-content\/uploads\/sites\/3\/Dirk_Beitrag.jpg\" width=\"400\" height=\"500\" srcset=\"https:\/\/www.naturparkmagazin.de\/vdn\/wp-content\/uploads\/sites\/3\/Dirk_Beitrag.jpg 400w, https:\/\/www.naturparkmagazin.de\/vdn\/wp-content\/uploads\/sites\/3\/Dirk_Beitrag-300x375.jpg 300w, https:\/\/www.naturparkmagazin.de\/vdn\/wp-content\/uploads\/sites\/3\/Dirk_Beitrag-200x250.jpg 200w\" sizes=\"(max-width: 400px) 100vw, 400px\" \/><\/a><p id=\"caption-attachment-4648\" class=\"wp-caption-text\">Dirk Watermann (21.6.1966 &#8211; 28.10.2014)<\/p><\/div>\n<p>Mit gro\u00dfer Best\u00fcrzung und tiefer Trauer nehmen VDN und die Naturparke in Deutschland Abschied vom Gesch\u00e4ftsf\u00fchrers des Naturparks Teutoburger Wald \/ Eggegebirge, <b>Herrn Dirk Watermann, <\/b>der am 27. Oktober 2014 im Alter von 48 Jahren verstorben ist.<\/p>\n<p>Dirk Watermann verstand Naturparkarbeit stets als Netzwerkarbeit. Dank seiner pers\u00f6nlichen Ausstrahlung, seiner kommunikativen Kompetenz und seines diplomatischen Geschicks hat er viele wichtige Akteure f\u00fcr die Aufgaben des Naturparks begeistern k\u00f6nnen. Gerade seine menschenverbindende Pers\u00f6nlichkeit hat dazu beigetragen, die Zusammenarbeit in der Naturparkregion zu f\u00f6rdern.<\/p>\n<p>Mit hohem pers\u00f6nlichen Einsatz hat Dirk Watermann sich in seiner sechsj\u00e4hrigen Gesch\u00e4ftsf\u00fchrert\u00e4tigkeit f\u00fcr den Naturpark engagiert und viel erreicht. So konnte eine Vielzahl an neuen und innovativen Naturerlebnis-Projekten unter seiner Leitung initiiert und in der Naturparkregion realisiert werden.<\/p>\n<p>Durch seine intensive Arbeit in der Arbeitsgemeinschaft nordrhein-westf\u00e4lischer Naturparke und beim Verband Deutscher Naturparke hat sich Dirk Watermann weit \u00fcber die Grenzen des Naturparks Teutoburger Wald \/ Eggegebirge hinweg eine besondere Wertsch\u00e4tzung erarbeitet. Wenn es um die Belange \u201eseines\u201c Naturparks ging, sprudelte er vor Ideen und Begeisterung. Wie gerne h\u00e4tten VDN und die Naturparke mit ihm das 50-j\u00e4hriges Bestehen des Naturparks Teutoburger Wald \/ Eggegebirge im kommenden Jahr gefeiert, zu dem er die der Leiter und Gesch\u00e4ftsf\u00fchrer der deutschen Naturparke zur Fr\u00fchjahrstagung vom 4.-6. Mai 2015 eingeladen hat.<\/p>\n<p>Wir werden ihn mit seiner aufgeschlossenen Art und seiner positiven Lebenseinstellung vermissen. Unser tief empfundenes Mitgef\u00fchl geh\u00f6rt seinen Angeh\u00f6rigen.<\/p>\n<p>&nbsp;<\/p>\n<p>&nbsp;<\/p>\n","protected":false},"excerpt":{"rendered":"<p>Der VDN und die Naturparke in Deutschland trauern um den Gesch\u00e4ftsf\u00fchrer des Naturparks Teutoburger Wald \/ Eggegebirge, der im Alter von 48 Jahren verstorben ist. <\/p>\n","protected":false},"author":14,"featured_media":4650,"comment_status":"open","ping_status":"open","sticky":false,"template":"","format":"standard","meta":{"_links_to":"","_links_to_target":""},"categories":[7],"tags":[],"yoast_head":"<!-- This site is optimized with the Yoast SEO plugin v19.10 - https:\/\/yoast.com\/wordpress\/plugins\/seo\/ -->\n<title>&quot;Gro\u00dfer Verlust&quot; - Dirk Watermann verstorben<\/title>\n<meta name=\"description\" content=\"Der VDN und die Naturparke in Deutschland trauern um den Gesch\u00e4ftsf\u00fchrer des Naturparks Teutoburger Wald \/ Eggegebirge, der im Alter von 48 Jahren verstorben ist.\" \/>\n<meta name=\"robots\" content=\"index, follow, max-snippet:-1, max-image-preview:large, max-video-preview:-1\" \/>\n<link rel=\"canonical\" href=\"https:\/\/www.naturparkmagazin.de\/vdn\/grosser-verlust-dirk-watermann-verstorben\/\" \/>\n<meta property=\"og:locale\" content=\"de_DE\" \/>\n<meta property=\"og:type\" content=\"article\" \/>\n<meta property=\"og:title\" content=\"&quot;Gro\u00dfer Verlust&quot; - Dirk Watermann verstorben\" \/>\n<meta property=\"og:description\" content=\"Der VDN und die Naturparke in Deutschland trauern um den Gesch\u00e4ftsf\u00fchrer des Naturparks Teutoburger Wald \/ Eggegebirge, der im Alter von 48 Jahren verstorben ist.\" \/>\n<meta property=\"og:url\" content=\"https:\/\/www.naturparkmagazin.de\/vdn\/grosser-verlust-dirk-watermann-verstorben\/\" \/>\n<meta property=\"og:site_name\" content=\"Verband Deutscher Naturparke\" \/>\n<meta property=\"article:published_time\" content=\"2014-11-18T06:20:42+00:00\" \/>\n<meta property=\"article:modified_time\" content=\"2014-11-17T13:43:26+00:00\" \/>\n<meta property=\"og:image\" content=\"https:\/\/www.naturparkmagazin.de\/vdn\/wp-content\/uploads\/sites\/3\/Dirk_Beitragsbild.jpg\" \/>\n\t<meta property=\"og:image:width\" content=\"180\" \/>\n\t<meta property=\"og:image:height\" content=\"135\" \/>\n\t<meta property=\"og:image:type\" content=\"image\/jpeg\" \/>\n<meta name=\"author\" content=\"vdnnational\" \/>\n<meta name=\"twitter:label1\" content=\"Verfasst von\" \/>\n\t<meta name=\"twitter:data1\" content=\"vdnnational\" \/>\n\t<meta name=\"twitter:label2\" content=\"Gesch\u00e4tzte Lesezeit\" \/>\n\t<meta name=\"twitter:data2\" content=\"1\u00a0Minute\" \/>\n<script type=\"application\/ld+json\" class=\"yoast-schema-graph\">{\"@context\":\"https:\/\/schema.org\",\"@graph\":[{\"@type\":\"WebPage\",\"@id\":\"https:\/\/www.naturparkmagazin.de\/vdn\/grosser-verlust-dirk-watermann-verstorben\/\",\"url\":\"https:\/\/www.naturparkmagazin.de\/vdn\/grosser-verlust-dirk-watermann-verstorben\/\",\"name\":\"\\\"Gro\u00dfer Verlust\\\" - Dirk Watermann verstorben\",\"isPartOf\":{\"@id\":\"https:\/\/www.naturparkmagazin.de\/vdn\/#website\"},\"datePublished\":\"2014-11-18T06:20:42+00:00\",\"dateModified\":\"2014-11-17T13:43:26+00:00\",\"author\":{\"@id\":\"https:\/\/www.naturparkmagazin.de\/vdn\/#\/schema\/person\/e28d931df83318a48d52ae72b08d2bfb\"},\"description\":\"Der VDN und die Naturparke in Deutschland trauern um den Gesch\u00e4ftsf\u00fchrer des Naturparks Teutoburger Wald \/ Eggegebirge, der im Alter von 48 Jahren verstorben ist.\",\"breadcrumb\":{\"@id\":\"https:\/\/www.naturparkmagazin.de\/vdn\/grosser-verlust-dirk-watermann-verstorben\/#breadcrumb\"},\"inLanguage\":\"de\",\"potentialAction\":[{\"@type\":\"ReadAction\",\"target\":[\"https:\/\/www.naturparkmagazin.de\/vdn\/grosser-verlust-dirk-watermann-verstorben\/\"]}]},{\"@type\":\"BreadcrumbList\",\"@id\":\"https:\/\/www.naturparkmagazin.de\/vdn\/grosser-verlust-dirk-watermann-verstorben\/#breadcrumb\",\"itemListElement\":[{\"@type\":\"ListItem\",\"position\":1,\"name\":\"Home\",\"item\":\"https:\/\/www.naturparkmagazin.de\/vdn\/\"},{\"@type\":\"ListItem\",\"position\":2,\"name\":\"&#8222;Gro\u00dfer Verlust&#8220; &#8211; Dirk Watermann verstorben\"}]},{\"@type\":\"WebSite\",\"@id\":\"https:\/\/www.naturparkmagazin.de\/vdn\/#website\",\"url\":\"https:\/\/www.naturparkmagazin.de\/vdn\/\",\"name\":\"Verband Deutscher Naturparke\",\"description\":\"Eine weitere Naturparkmagazin.de Netzwerk Seite\",\"potentialAction\":[{\"@type\":\"SearchAction\",\"target\":{\"@type\":\"EntryPoint\",\"urlTemplate\":\"https:\/\/www.naturparkmagazin.de\/vdn\/?s={search_term_string}\"},\"query-input\":\"required name=search_term_string\"}],\"inLanguage\":\"de\"},{\"@type\":\"Person\",\"@id\":\"https:\/\/www.naturparkmagazin.de\/vdn\/#\/schema\/person\/e28d931df83318a48d52ae72b08d2bfb\",\"name\":\"vdnnational\",\"url\":\"https:\/\/www.naturparkmagazin.de\/vdn\/author\/vdnnational\/\"}]}<\/script>\n<!-- \/ Yoast SEO plugin. -->","yoast_head_json":{"title":"\"Gro\u00dfer Verlust\" - Dirk Watermann verstorben","description":"Der VDN und die Naturparke in Deutschland trauern um den Gesch\u00e4ftsf\u00fchrer des Naturparks Teutoburger Wald \/ Eggegebirge, der im Alter von 48 Jahren verstorben ist.","robots":{"index":"index","follow":"follow","max-snippet":"max-snippet:-1","max-image-preview":"max-image-preview:large","max-video-preview":"max-video-preview:-1"},"canonical":"https:\/\/www.naturparkmagazin.de\/vdn\/grosser-verlust-dirk-watermann-verstorben\/","og_locale":"de_DE","og_type":"article","og_title":"\"Gro\u00dfer Verlust\" - Dirk Watermann verstorben","og_description":"Der VDN und die Naturparke in Deutschland trauern um den Gesch\u00e4ftsf\u00fchrer des Naturparks Teutoburger Wald \/ Eggegebirge, der im Alter von 48 Jahren verstorben ist.","og_url":"https:\/\/www.naturparkmagazin.de\/vdn\/grosser-verlust-dirk-watermann-verstorben\/","og_site_name":"Verband Deutscher Naturparke","article_published_time":"2014-11-18T06:20:42+00:00","article_modified_time":"2014-11-17T13:43:26+00:00","og_image":[{"width":180,"height":135,"url":"https:\/\/www.naturparkmagazin.de\/vdn\/wp-content\/uploads\/sites\/3\/Dirk_Beitragsbild.jpg","type":"image\/jpeg"}],"author":"vdnnational","twitter_misc":{"Verfasst von":"vdnnational","Gesch\u00e4tzte Lesezeit":"1\u00a0Minute"},"schema":{"@context":"https:\/\/schema.org","@graph":[{"@type":"WebPage","@id":"https:\/\/www.naturparkmagazin.de\/vdn\/grosser-verlust-dirk-watermann-verstorben\/","url":"https:\/\/www.naturparkmagazin.de\/vdn\/grosser-verlust-dirk-watermann-verstorben\/","name":"\"Gro\u00dfer Verlust\" - Dirk Watermann verstorben","isPartOf":{"@id":"https:\/\/www.naturparkmagazin.de\/vdn\/#website"},"datePublished":"2014-11-18T06:20:42+00:00","dateModified":"2014-11-17T13:43:26+00:00","author":{"@id":"https:\/\/www.naturparkmagazin.de\/vdn\/#\/schema\/person\/e28d931df83318a48d52ae72b08d2bfb"},"description":"Der VDN und die Naturparke in Deutschland trauern um den Gesch\u00e4ftsf\u00fchrer des Naturparks Teutoburger Wald \/ Eggegebirge, der im Alter von 48 Jahren verstorben ist.","breadcrumb":{"@id":"https:\/\/www.naturparkmagazin.de\/vdn\/grosser-verlust-dirk-watermann-verstorben\/#breadcrumb"},"inLanguage":"de","potentialAction":[{"@type":"ReadAction","target":["https:\/\/www.naturparkmagazin.de\/vdn\/grosser-verlust-dirk-watermann-verstorben\/"]}]},{"@type":"BreadcrumbList","@id":"https:\/\/www.naturparkmagazin.de\/vdn\/grosser-verlust-dirk-watermann-verstorben\/#breadcrumb","itemListElement":[{"@type":"ListItem","position":1,"name":"Home","item":"https:\/\/www.naturparkmagazin.de\/vdn\/"},{"@type":"ListItem","position":2,"name":"&#8222;Gro\u00dfer Verlust&#8220; &#8211; Dirk Watermann verstorben"}]},{"@type":"WebSite","@id":"https:\/\/www.naturparkmagazin.de\/vdn\/#website","url":"https:\/\/www.naturparkmagazin.de\/vdn\/","name":"Verband Deutscher Naturparke","description":"Eine weitere Naturparkmagazin.de Netzwerk Seite","potentialAction":[{"@type":"SearchAction","target":{"@type":"EntryPoint","urlTemplate":"https:\/\/www.naturparkmagazin.de\/vdn\/?s={search_term_string}"},"query-input":"required name=search_term_string"}],"inLanguage":"de"},{"@type":"Person","@id":"https:\/\/www.naturparkmagazin.de\/vdn\/#\/schema\/person\/e28d931df83318a48d52ae72b08d2bfb","name":"vdnnational","url":"https:\/\/www.naturparkmagazin.de\/vdn\/author\/vdnnational\/"}]}},"_links":{"self":[{"href":"https:\/\/www.naturparkmagazin.de\/vdn\/wp-json\/wp\/v2\/posts\/4647"}],"collection":[{"href":"https:\/\/www.naturparkmagazin.de\/vdn\/wp-json\/wp\/v2\/posts"}],"about":[{"href":"https:\/\/www.naturparkmagazin.de\/vdn\/wp-json\/wp\/v2\/types\/post"}],"author":[{"embeddable":true,"href":"https:\/\/www.naturparkmagazin.de\/vdn\/wp-json\/wp\/v2\/users\/14"}],"replies":[{"embeddable":true,"href":"https:\/\/www.naturparkmagazin.de\/vdn\/wp-json\/wp\/v2\/comments?post=4647"}],"version-history":[{"count":5,"href":"https:\/\/www.naturparkmagazin.de\/vdn\/wp-json\/wp\/v2\/posts\/4647\/revisions"}],"predecessor-version":[{"id":4656,"href":"https:\/\/www.naturparkmagazin.de\/vdn\/wp-json\/wp\/v2\/posts\/4647\/revisions\/4656"}],"wp:featuredmedia":[{"embeddable":true,"href":"https:\/\/www.naturparkmagazin.de\/vdn\/wp-json\/wp\/v2\/media\/4650"}],"wp:attachment":[{"href":"https:\/\/www.naturparkmagazin.de\/vdn\/wp-json\/wp\/v2\/media?parent=4647"}],"wp:term":[{"taxonomy":"category","embeddable":true,"href":"https:\/\/www.naturparkmagazin.de\/vdn\/wp-json\/wp\/v2\/categories?post=4647"},{"taxonomy":"post_tag","embeddable":true,"href":"https:\/\/www.naturparkmagazin.de\/vdn\/wp-json\/wp\/v2\/tags?post=4647"}],"curies":[{"name":"wp","href":"https:\/\/api.w.org\/{rel}","templated":true}]}}