{"id":4699,"date":"2014-11-18T08:41:53","date_gmt":"2014-11-18T07:41:53","guid":{"rendered":"http:\/\/www.naturparkmagazin.de\/vdn\/?p=4699"},"modified":"2014-11-19T11:38:53","modified_gmt":"2014-11-19T10:38:53","slug":"jacob-und-wilhelm-grimm","status":"publish","type":"post","link":"https:\/\/www.naturparkmagazin.de\/vdn\/jacob-und-wilhelm-grimm\/","title":{"rendered":"Jacob und Wilhelm Grimm"},"content":{"rendered":"<div id=\"attachment_4700\" style=\"width: 510px\" class=\"wp-caption aligncenter\"><a href=\"https:\/\/www.naturparkmagazin.de\/vdn\/wp-content\/uploads\/sites\/3\/Naturpark-Habichtswald_GrimmHeimat_Br\u00fcderGrimm_beitrag.jpg\"><img aria-describedby=\"caption-attachment-4700\" decoding=\"async\" loading=\"lazy\" class=\"size-full wp-image-4700\" title=\"Copyright: GrimmHeimat NordHessen\" alt=\"Copyright: GrimmHeimat NordHessen\" src=\"https:\/\/www.naturparkmagazin.de\/vdn\/wp-content\/uploads\/sites\/3\/Naturpark-Habichtswald_GrimmHeimat_Br\u00fcderGrimm_beitrag.jpg\" width=\"500\" height=\"300\" srcset=\"https:\/\/www.naturparkmagazin.de\/vdn\/wp-content\/uploads\/sites\/3\/Naturpark-Habichtswald_GrimmHeimat_Br\u00fcderGrimm_beitrag.jpg 500w, https:\/\/www.naturparkmagazin.de\/vdn\/wp-content\/uploads\/sites\/3\/Naturpark-Habichtswald_GrimmHeimat_Br\u00fcderGrimm_beitrag-300x180.jpg 300w, https:\/\/www.naturparkmagazin.de\/vdn\/wp-content\/uploads\/sites\/3\/Naturpark-Habichtswald_GrimmHeimat_Br\u00fcderGrimm_beitrag-200x120.jpg 200w\" sizes=\"(max-width: 500px) 100vw, 500px\" \/><\/a><p id=\"caption-attachment-4700\" class=\"wp-caption-text\">Copyright: GrimmHeimat NordHessen<\/p><\/div>\n<p>Jacob und Wilhelm Grimm haben die meiste Zeit ihres Lebens im Naturpark Habichtswald gelebt, gearbeitet und ihre weltber\u00fchmten M\u00e4rchen gesammelt. Deshalb wird die Region rund um Kassel auch die GrimmHeimat NordHessen \u00a0genannt. Weltweit wachsen Menschen mit den Grimm&#8217;schen M\u00e4rchen auf \u2013 die bekannten M\u00e4rchenfiguren wie Dornr\u00f6schen, Rotk\u00e4ppchen, Schneewittchen, Frau Holle und das tapfere Schneiderlein werden gelesen, geliebt und verehrt. Heute z\u00e4hlen die &#8222;Kinder- und Hausm\u00e4rchen&#8220; zum UNESCO-Dokumentenerbe der Menschheit und feiern zwischen Weihnachten 2012 und Herbst 2014 ihr 200-j\u00e4hriges Jubil\u00e4um.<\/p>\n<p>Dar\u00fcber hinaus finden Besucher der GrimmHeimat NordHessen eine intakte Natur- und Kulturlandschaft, eine hohe Dichte von Museen auf internationalem Niveau, beeindruckende Fachwerkst\u00e4dte, zauberhafte Parks und G\u00e4rten, romantische Burgen und Schl\u00f6sser sowie vieles mehr, was zum Verweilen, Entdecken und Erholen einl\u00e4dt.<\/p>\n<p><i>Quelle: KULTURSOMMER NORDHESSEN gGmbH<\/i><\/p>\n<p><a href=\"http:\/\/www.grimm-veranstaltungen.de\/\" target=\"_blank\">Hier k\u00f6nnen Sie sich \u00fcber das umfangreiche Veranstaltungsprogramm zu Leben und Werk der Gebr\u00fcder Grimm 2015 informieren <\/a><\/p>\n<p><a href=\"http:\/\/www.grimmheimat.de\/de\/maerchenstunde\" target=\"_blank\">Hier k\u00f6nnen Sie die sch\u00f6nsten Grimm&#8217;s M\u00e4rchen online lesen <\/a>\n<ins cite=\"mailto:Martin%20Christina\" datetime=\"2014-11-14T10:12\"><\/ins><\/p>\n<p>&nbsp;<\/p>\n","protected":false},"excerpt":{"rendered":"<p>haben die meiste Zeit ihres Lebens im Naturpark Habichtswald gelebt, gearbeitet und ihre weltber\u00fchmten M\u00e4rchen gesammelt. Deshalb wird die Region rund um Kassel auch die GrimmHeimat NordHessen  genannt.<\/p>\n","protected":false},"author":14,"featured_media":4705,"comment_status":"open","ping_status":"open","sticky":false,"template":"","format":"standard","meta":{"_links_to":"","_links_to_target":""},"categories":[8],"tags":[],"yoast_head":"<!-- This site is optimized with the Yoast SEO plugin v19.10 - https:\/\/yoast.com\/wordpress\/plugins\/seo\/ -->\n<title>Jacob und Wilhelm Grimm<\/title>\n<meta name=\"description\" content=\"haben die meiste Zeit ihres Lebens im Naturpark Habichtswald gelebt, gearbeitet und ihre weltber\u00fchmten M\u00e4rchen gesammelt. Deshalb wird die Region rund um Kassel auch die GrimmHeimat NordHessen genannt.\" \/>\n<meta name=\"robots\" content=\"index, follow, max-snippet:-1, max-image-preview:large, max-video-preview:-1\" \/>\n<link rel=\"canonical\" href=\"https:\/\/www.naturparkmagazin.de\/vdn\/jacob-und-wilhelm-grimm\/\" \/>\n<meta property=\"og:locale\" content=\"de_DE\" \/>\n<meta property=\"og:type\" content=\"article\" \/>\n<meta property=\"og:title\" content=\"Jacob und Wilhelm Grimm\" \/>\n<meta property=\"og:description\" content=\"haben die meiste Zeit ihres Lebens im Naturpark Habichtswald gelebt, gearbeitet und ihre weltber\u00fchmten M\u00e4rchen gesammelt. Deshalb wird die Region rund um Kassel auch die GrimmHeimat NordHessen genannt.\" \/>\n<meta property=\"og:url\" content=\"https:\/\/www.naturparkmagazin.de\/vdn\/jacob-und-wilhelm-grimm\/\" \/>\n<meta property=\"og:site_name\" content=\"Verband Deutscher Naturparke\" \/>\n<meta property=\"article:published_time\" content=\"2014-11-18T07:41:53+00:00\" \/>\n<meta property=\"article:modified_time\" content=\"2014-11-19T10:38:53+00:00\" \/>\n<meta property=\"og:image\" content=\"https:\/\/www.naturparkmagazin.de\/vdn\/wp-content\/uploads\/sites\/3\/Naturpark-Habichtswald_GrimmHeimat_Br\u00fcderGrimm_beitragsbild2.jpg\" \/>\n\t<meta property=\"og:image:width\" content=\"180\" \/>\n\t<meta property=\"og:image:height\" content=\"135\" \/>\n\t<meta property=\"og:image:type\" content=\"image\/jpeg\" \/>\n<meta name=\"author\" content=\"vdnnational\" \/>\n<meta name=\"twitter:label1\" content=\"Verfasst von\" \/>\n\t<meta name=\"twitter:data1\" content=\"vdnnational\" \/>\n\t<meta name=\"twitter:label2\" content=\"Gesch\u00e4tzte Lesezeit\" \/>\n\t<meta name=\"twitter:data2\" content=\"1\u00a0Minute\" \/>\n<script type=\"application\/ld+json\" class=\"yoast-schema-graph\">{\"@context\":\"https:\/\/schema.org\",\"@graph\":[{\"@type\":\"WebPage\",\"@id\":\"https:\/\/www.naturparkmagazin.de\/vdn\/jacob-und-wilhelm-grimm\/\",\"url\":\"https:\/\/www.naturparkmagazin.de\/vdn\/jacob-und-wilhelm-grimm\/\",\"name\":\"Jacob und Wilhelm Grimm\",\"isPartOf\":{\"@id\":\"https:\/\/www.naturparkmagazin.de\/vdn\/#website\"},\"datePublished\":\"2014-11-18T07:41:53+00:00\",\"dateModified\":\"2014-11-19T10:38:53+00:00\",\"author\":{\"@id\":\"https:\/\/www.naturparkmagazin.de\/vdn\/#\/schema\/person\/e28d931df83318a48d52ae72b08d2bfb\"},\"description\":\"haben die meiste Zeit ihres Lebens im Naturpark Habichtswald gelebt, gearbeitet und ihre weltber\u00fchmten M\u00e4rchen gesammelt. Deshalb wird die Region rund um Kassel auch die GrimmHeimat NordHessen genannt.\",\"breadcrumb\":{\"@id\":\"https:\/\/www.naturparkmagazin.de\/vdn\/jacob-und-wilhelm-grimm\/#breadcrumb\"},\"inLanguage\":\"de\",\"potentialAction\":[{\"@type\":\"ReadAction\",\"target\":[\"https:\/\/www.naturparkmagazin.de\/vdn\/jacob-und-wilhelm-grimm\/\"]}]},{\"@type\":\"BreadcrumbList\",\"@id\":\"https:\/\/www.naturparkmagazin.de\/vdn\/jacob-und-wilhelm-grimm\/#breadcrumb\",\"itemListElement\":[{\"@type\":\"ListItem\",\"position\":1,\"name\":\"Home\",\"item\":\"https:\/\/www.naturparkmagazin.de\/vdn\/\"},{\"@type\":\"ListItem\",\"position\":2,\"name\":\"Jacob und Wilhelm Grimm\"}]},{\"@type\":\"WebSite\",\"@id\":\"https:\/\/www.naturparkmagazin.de\/vdn\/#website\",\"url\":\"https:\/\/www.naturparkmagazin.de\/vdn\/\",\"name\":\"Verband Deutscher Naturparke\",\"description\":\"Eine weitere Naturparkmagazin.de Netzwerk Seite\",\"potentialAction\":[{\"@type\":\"SearchAction\",\"target\":{\"@type\":\"EntryPoint\",\"urlTemplate\":\"https:\/\/www.naturparkmagazin.de\/vdn\/?s={search_term_string}\"},\"query-input\":\"required name=search_term_string\"}],\"inLanguage\":\"de\"},{\"@type\":\"Person\",\"@id\":\"https:\/\/www.naturparkmagazin.de\/vdn\/#\/schema\/person\/e28d931df83318a48d52ae72b08d2bfb\",\"name\":\"vdnnational\",\"url\":\"https:\/\/www.naturparkmagazin.de\/vdn\/author\/vdnnational\/\"}]}<\/script>\n<!-- \/ Yoast SEO plugin. -->","yoast_head_json":{"title":"Jacob und Wilhelm Grimm","description":"haben die meiste Zeit ihres Lebens im Naturpark Habichtswald gelebt, gearbeitet und ihre weltber\u00fchmten M\u00e4rchen gesammelt. Deshalb wird die Region rund um Kassel auch die GrimmHeimat NordHessen genannt.","robots":{"index":"index","follow":"follow","max-snippet":"max-snippet:-1","max-image-preview":"max-image-preview:large","max-video-preview":"max-video-preview:-1"},"canonical":"https:\/\/www.naturparkmagazin.de\/vdn\/jacob-und-wilhelm-grimm\/","og_locale":"de_DE","og_type":"article","og_title":"Jacob und Wilhelm Grimm","og_description":"haben die meiste Zeit ihres Lebens im Naturpark Habichtswald gelebt, gearbeitet und ihre weltber\u00fchmten M\u00e4rchen gesammelt. Deshalb wird die Region rund um Kassel auch die GrimmHeimat NordHessen genannt.","og_url":"https:\/\/www.naturparkmagazin.de\/vdn\/jacob-und-wilhelm-grimm\/","og_site_name":"Verband Deutscher Naturparke","article_published_time":"2014-11-18T07:41:53+00:00","article_modified_time":"2014-11-19T10:38:53+00:00","og_image":[{"width":180,"height":135,"url":"https:\/\/www.naturparkmagazin.de\/vdn\/wp-content\/uploads\/sites\/3\/Naturpark-Habichtswald_GrimmHeimat_Br\u00fcderGrimm_beitragsbild2.jpg","type":"image\/jpeg"}],"author":"vdnnational","twitter_misc":{"Verfasst von":"vdnnational","Gesch\u00e4tzte Lesezeit":"1\u00a0Minute"},"schema":{"@context":"https:\/\/schema.org","@graph":[{"@type":"WebPage","@id":"https:\/\/www.naturparkmagazin.de\/vdn\/jacob-und-wilhelm-grimm\/","url":"https:\/\/www.naturparkmagazin.de\/vdn\/jacob-und-wilhelm-grimm\/","name":"Jacob und Wilhelm Grimm","isPartOf":{"@id":"https:\/\/www.naturparkmagazin.de\/vdn\/#website"},"datePublished":"2014-11-18T07:41:53+00:00","dateModified":"2014-11-19T10:38:53+00:00","author":{"@id":"https:\/\/www.naturparkmagazin.de\/vdn\/#\/schema\/person\/e28d931df83318a48d52ae72b08d2bfb"},"description":"haben die meiste Zeit ihres Lebens im Naturpark Habichtswald gelebt, gearbeitet und ihre weltber\u00fchmten M\u00e4rchen gesammelt. Deshalb wird die Region rund um Kassel auch die GrimmHeimat NordHessen genannt.","breadcrumb":{"@id":"https:\/\/www.naturparkmagazin.de\/vdn\/jacob-und-wilhelm-grimm\/#breadcrumb"},"inLanguage":"de","potentialAction":[{"@type":"ReadAction","target":["https:\/\/www.naturparkmagazin.de\/vdn\/jacob-und-wilhelm-grimm\/"]}]},{"@type":"BreadcrumbList","@id":"https:\/\/www.naturparkmagazin.de\/vdn\/jacob-und-wilhelm-grimm\/#breadcrumb","itemListElement":[{"@type":"ListItem","position":1,"name":"Home","item":"https:\/\/www.naturparkmagazin.de\/vdn\/"},{"@type":"ListItem","position":2,"name":"Jacob und Wilhelm Grimm"}]},{"@type":"WebSite","@id":"https:\/\/www.naturparkmagazin.de\/vdn\/#website","url":"https:\/\/www.naturparkmagazin.de\/vdn\/","name":"Verband Deutscher Naturparke","description":"Eine weitere Naturparkmagazin.de Netzwerk Seite","potentialAction":[{"@type":"SearchAction","target":{"@type":"EntryPoint","urlTemplate":"https:\/\/www.naturparkmagazin.de\/vdn\/?s={search_term_string}"},"query-input":"required name=search_term_string"}],"inLanguage":"de"},{"@type":"Person","@id":"https:\/\/www.naturparkmagazin.de\/vdn\/#\/schema\/person\/e28d931df83318a48d52ae72b08d2bfb","name":"vdnnational","url":"https:\/\/www.naturparkmagazin.de\/vdn\/author\/vdnnational\/"}]}},"_links":{"self":[{"href":"https:\/\/www.naturparkmagazin.de\/vdn\/wp-json\/wp\/v2\/posts\/4699"}],"collection":[{"href":"https:\/\/www.naturparkmagazin.de\/vdn\/wp-json\/wp\/v2\/posts"}],"about":[{"href":"https:\/\/www.naturparkmagazin.de\/vdn\/wp-json\/wp\/v2\/types\/post"}],"author":[{"embeddable":true,"href":"https:\/\/www.naturparkmagazin.de\/vdn\/wp-json\/wp\/v2\/users\/14"}],"replies":[{"embeddable":true,"href":"https:\/\/www.naturparkmagazin.de\/vdn\/wp-json\/wp\/v2\/comments?post=4699"}],"version-history":[{"count":3,"href":"https:\/\/www.naturparkmagazin.de\/vdn\/wp-json\/wp\/v2\/posts\/4699\/revisions"}],"predecessor-version":[{"id":4706,"href":"https:\/\/www.naturparkmagazin.de\/vdn\/wp-json\/wp\/v2\/posts\/4699\/revisions\/4706"}],"wp:featuredmedia":[{"embeddable":true,"href":"https:\/\/www.naturparkmagazin.de\/vdn\/wp-json\/wp\/v2\/media\/4705"}],"wp:attachment":[{"href":"https:\/\/www.naturparkmagazin.de\/vdn\/wp-json\/wp\/v2\/media?parent=4699"}],"wp:term":[{"taxonomy":"category","embeddable":true,"href":"https:\/\/www.naturparkmagazin.de\/vdn\/wp-json\/wp\/v2\/categories?post=4699"},{"taxonomy":"post_tag","embeddable":true,"href":"https:\/\/www.naturparkmagazin.de\/vdn\/wp-json\/wp\/v2\/tags?post=4699"}],"curies":[{"name":"wp","href":"https:\/\/api.w.org\/{rel}","templated":true}]}}