{"id":4745,"date":"2014-12-15T08:15:39","date_gmt":"2014-12-15T07:15:39","guid":{"rendered":"http:\/\/www.naturparkmagazin.de\/vdn\/?p=4745"},"modified":"2014-12-18T11:56:18","modified_gmt":"2014-12-18T10:56:18","slug":"foto-des-monats-orgelpfeifen-aus-eis","status":"publish","type":"post","link":"https:\/\/www.naturparkmagazin.de\/vdn\/foto-des-monats-orgelpfeifen-aus-eis\/","title":{"rendered":"Foto des Monats: \u201eOrgelpfeifen aus Eis\u201c"},"content":{"rendered":"<div id=\"attachment_4747\" style=\"width: 510px\" class=\"wp-caption aligncenter\"><a href=\"https:\/\/www.naturparkmagazin.de\/vdn\/wp-content\/uploads\/sites\/3\/eis-red-1-14-184_beitrag.jpg\"><img aria-describedby=\"caption-attachment-4747\" decoding=\"async\" loading=\"lazy\" class=\"size-full wp-image-4747\" title=\"Jahressieger 2014 - Copyright: VDN\/BNVH\" alt=\"Jahressieger 2014 - Copyright: VDN\/BNVH\" src=\"https:\/\/www.naturparkmagazin.de\/vdn\/wp-content\/uploads\/sites\/3\/eis-red-1-14-184_beitrag.jpg\" width=\"500\" height=\"432\" srcset=\"https:\/\/www.naturparkmagazin.de\/vdn\/wp-content\/uploads\/sites\/3\/eis-red-1-14-184_beitrag.jpg 500w, https:\/\/www.naturparkmagazin.de\/vdn\/wp-content\/uploads\/sites\/3\/eis-red-1-14-184_beitrag-300x259.jpg 300w, https:\/\/www.naturparkmagazin.de\/vdn\/wp-content\/uploads\/sites\/3\/eis-red-1-14-184_beitrag-200x173.jpg 200w\" sizes=\"(max-width: 500px) 100vw, 500px\" \/><\/a><p id=\"caption-attachment-4747\" class=\"wp-caption-text\">Jahressieger 2014 &#8211; Copyright: VDN\/BNVH<\/p><\/div>\n<p>Das Bild &#8222;Orgelpfeifen aus Eis&#8220; des Fotografen Bj\u00f6rn Nehrhoff \u00fcberzeugte bereits als Monatssieger des Monats-Wettbewerbs &#8222;V\u00e4terchen Frost im Naturpark&#8220;. Bereits damals war die Jury \u201eerstaunt dar\u00fcber, wie sehr es der Aufnahme gelingt, das Monatsthema \u00fcberzeugend zu illustrieren und dar\u00fcber hinaus eine ganz eigene Geschichte zu erz\u00e4hlen. Die Lichtstimmung der untergehenden Sonne und die monochrome Rotf\u00e4rbung aller Bildelemente erinnert eher an die Szenerie eines Science-Fiction- oder Fantasy-Films der 60er Jahre als an eine Landschaftsaufnahme aus der Holsteinischen Schweiz. Nun wurde die Aufnahme zum Jahressiegerbild im Fotowettbewerb \u201eAugenblick Natur!\u201c 2014 gek\u00fcrt. Die Jury weiter: \u201eDer fotografische Anschnitt der vereisten Zweige am Ufer des Sees l\u00e4sst diese wie fremdartige Lebensformen auf einem anderen Planeten erscheinen, Lebensformen, die sich in einer f\u00fcr Menschen ungeeigneten Atmosph\u00e4re und Umgebung entwickelten. Ein beeindruckendes Bild, dessen fotografische und erz\u00e4hlerische Qualit\u00e4t weit \u00fcber die thematische Vorgabe hinausreicht.\u201c Jury und VDN-Team begl\u00fcckw\u00fcnschen Bj\u00f6rn Nehrhoff ganz herzlich zum verdienten Jahressieg und danken allen Teilnehmern am Wettbewerb 2014. Wir freuen uns bereits auf Ihre \u201eAugenblicke Natur!\u201c 2015!<\/p>\n<p>&nbsp;<\/p>\n<p>&nbsp;<\/p>\n<p>&gt;&gt; Hier k\u00f6nnen Sie die Pressemitteilung zum Jahressiegerbild im Fotowettbewerb \u201eAugenblick Natur!\u201c 2014 einsehen<\/p>\n<p>&gt;&gt;\u00a0<a href=\"http:\/\/www.naturparkfotos.de\/contests\/43?ratingperiod=76&amp;top=100\" target=\"_blank\"> Hier k\u00f6nnen Sie die Gewinnerbilder im Fotowettbewerb \u201eAugenblick Natur!\u201c 2014 anschauen<\/a><\/p>\n","protected":false},"excerpt":{"rendered":"<p>Das Bild &#8222;Orgelpfeifen aus Eis&#8220; des Fotografen Bj\u00f6rn Nehrhoff  wurde zum Jahressiegerbild im Fotowettbewerb \u201eAugenblick Natur!\u201c 2014 gek\u00fcrt.<\/p>\n","protected":false},"author":14,"featured_media":4748,"comment_status":"open","ping_status":"open","sticky":false,"template":"","format":"standard","meta":{"_links_to":"","_links_to_target":""},"categories":[10],"tags":[],"yoast_head":"<!-- This site is optimized with the Yoast SEO plugin v19.10 - https:\/\/yoast.com\/wordpress\/plugins\/seo\/ -->\n<title>Foto des Monats: \u201eOrgelpfeifen aus Eis\u201c<\/title>\n<meta name=\"description\" content=\"Das Bild &quot;Orgelpfeifen aus Eis&quot; des Fotografen Bj\u00f6rn Nehrhoff wurde zum Jahressiegerbild im Fotowettbewerb \u201eAugenblick Natur!\u201c 2014 gek\u00fcrt.\" \/>\n<meta name=\"robots\" content=\"index, follow, max-snippet:-1, max-image-preview:large, max-video-preview:-1\" \/>\n<link rel=\"canonical\" href=\"https:\/\/www.naturparkmagazin.de\/vdn\/foto-des-monats-orgelpfeifen-aus-eis\/\" \/>\n<meta property=\"og:locale\" content=\"de_DE\" \/>\n<meta property=\"og:type\" content=\"article\" \/>\n<meta property=\"og:title\" content=\"Foto des Monats: \u201eOrgelpfeifen aus Eis\u201c\" \/>\n<meta property=\"og:description\" content=\"Das Bild &quot;Orgelpfeifen aus Eis&quot; des Fotografen Bj\u00f6rn Nehrhoff wurde zum Jahressiegerbild im Fotowettbewerb \u201eAugenblick Natur!\u201c 2014 gek\u00fcrt.\" \/>\n<meta property=\"og:url\" content=\"https:\/\/www.naturparkmagazin.de\/vdn\/foto-des-monats-orgelpfeifen-aus-eis\/\" \/>\n<meta property=\"og:site_name\" content=\"Verband Deutscher Naturparke\" \/>\n<meta property=\"article:published_time\" content=\"2014-12-15T07:15:39+00:00\" \/>\n<meta property=\"article:modified_time\" content=\"2014-12-18T10:56:18+00:00\" \/>\n<meta property=\"og:image\" content=\"https:\/\/www.naturparkmagazin.de\/vdn\/wp-content\/uploads\/sites\/3\/eis-red-1-14-184_beitragsbild.jpg\" \/>\n\t<meta property=\"og:image:width\" content=\"180\" \/>\n\t<meta property=\"og:image:height\" content=\"135\" \/>\n\t<meta property=\"og:image:type\" content=\"image\/jpeg\" \/>\n<meta name=\"author\" content=\"vdnnational\" \/>\n<meta name=\"twitter:label1\" content=\"Verfasst von\" \/>\n\t<meta name=\"twitter:data1\" content=\"vdnnational\" \/>\n\t<meta name=\"twitter:label2\" content=\"Gesch\u00e4tzte Lesezeit\" \/>\n\t<meta name=\"twitter:data2\" content=\"1\u00a0Minute\" \/>\n<script type=\"application\/ld+json\" class=\"yoast-schema-graph\">{\"@context\":\"https:\/\/schema.org\",\"@graph\":[{\"@type\":\"WebPage\",\"@id\":\"https:\/\/www.naturparkmagazin.de\/vdn\/foto-des-monats-orgelpfeifen-aus-eis\/\",\"url\":\"https:\/\/www.naturparkmagazin.de\/vdn\/foto-des-monats-orgelpfeifen-aus-eis\/\",\"name\":\"Foto des Monats: \u201eOrgelpfeifen aus Eis\u201c\",\"isPartOf\":{\"@id\":\"https:\/\/www.naturparkmagazin.de\/vdn\/#website\"},\"datePublished\":\"2014-12-15T07:15:39+00:00\",\"dateModified\":\"2014-12-18T10:56:18+00:00\",\"author\":{\"@id\":\"https:\/\/www.naturparkmagazin.de\/vdn\/#\/schema\/person\/e28d931df83318a48d52ae72b08d2bfb\"},\"description\":\"Das Bild \\\"Orgelpfeifen aus Eis\\\" des Fotografen Bj\u00f6rn Nehrhoff wurde zum Jahressiegerbild im Fotowettbewerb \u201eAugenblick Natur!\u201c 2014 gek\u00fcrt.\",\"breadcrumb\":{\"@id\":\"https:\/\/www.naturparkmagazin.de\/vdn\/foto-des-monats-orgelpfeifen-aus-eis\/#breadcrumb\"},\"inLanguage\":\"de\",\"potentialAction\":[{\"@type\":\"ReadAction\",\"target\":[\"https:\/\/www.naturparkmagazin.de\/vdn\/foto-des-monats-orgelpfeifen-aus-eis\/\"]}]},{\"@type\":\"BreadcrumbList\",\"@id\":\"https:\/\/www.naturparkmagazin.de\/vdn\/foto-des-monats-orgelpfeifen-aus-eis\/#breadcrumb\",\"itemListElement\":[{\"@type\":\"ListItem\",\"position\":1,\"name\":\"Home\",\"item\":\"https:\/\/www.naturparkmagazin.de\/vdn\/\"},{\"@type\":\"ListItem\",\"position\":2,\"name\":\"Foto des Monats: \u201eOrgelpfeifen aus Eis\u201c\"}]},{\"@type\":\"WebSite\",\"@id\":\"https:\/\/www.naturparkmagazin.de\/vdn\/#website\",\"url\":\"https:\/\/www.naturparkmagazin.de\/vdn\/\",\"name\":\"Verband Deutscher Naturparke\",\"description\":\"Eine weitere Naturparkmagazin.de Netzwerk Seite\",\"potentialAction\":[{\"@type\":\"SearchAction\",\"target\":{\"@type\":\"EntryPoint\",\"urlTemplate\":\"https:\/\/www.naturparkmagazin.de\/vdn\/?s={search_term_string}\"},\"query-input\":\"required name=search_term_string\"}],\"inLanguage\":\"de\"},{\"@type\":\"Person\",\"@id\":\"https:\/\/www.naturparkmagazin.de\/vdn\/#\/schema\/person\/e28d931df83318a48d52ae72b08d2bfb\",\"name\":\"vdnnational\",\"url\":\"https:\/\/www.naturparkmagazin.de\/vdn\/author\/vdnnational\/\"}]}<\/script>\n<!-- \/ Yoast SEO plugin. -->","yoast_head_json":{"title":"Foto des Monats: \u201eOrgelpfeifen aus Eis\u201c","description":"Das Bild \"Orgelpfeifen aus Eis\" des Fotografen Bj\u00f6rn Nehrhoff wurde zum Jahressiegerbild im Fotowettbewerb \u201eAugenblick Natur!\u201c 2014 gek\u00fcrt.","robots":{"index":"index","follow":"follow","max-snippet":"max-snippet:-1","max-image-preview":"max-image-preview:large","max-video-preview":"max-video-preview:-1"},"canonical":"https:\/\/www.naturparkmagazin.de\/vdn\/foto-des-monats-orgelpfeifen-aus-eis\/","og_locale":"de_DE","og_type":"article","og_title":"Foto des Monats: \u201eOrgelpfeifen aus Eis\u201c","og_description":"Das Bild \"Orgelpfeifen aus Eis\" des Fotografen Bj\u00f6rn Nehrhoff wurde zum Jahressiegerbild im Fotowettbewerb \u201eAugenblick Natur!\u201c 2014 gek\u00fcrt.","og_url":"https:\/\/www.naturparkmagazin.de\/vdn\/foto-des-monats-orgelpfeifen-aus-eis\/","og_site_name":"Verband Deutscher Naturparke","article_published_time":"2014-12-15T07:15:39+00:00","article_modified_time":"2014-12-18T10:56:18+00:00","og_image":[{"width":180,"height":135,"url":"https:\/\/www.naturparkmagazin.de\/vdn\/wp-content\/uploads\/sites\/3\/eis-red-1-14-184_beitragsbild.jpg","type":"image\/jpeg"}],"author":"vdnnational","twitter_misc":{"Verfasst von":"vdnnational","Gesch\u00e4tzte Lesezeit":"1\u00a0Minute"},"schema":{"@context":"https:\/\/schema.org","@graph":[{"@type":"WebPage","@id":"https:\/\/www.naturparkmagazin.de\/vdn\/foto-des-monats-orgelpfeifen-aus-eis\/","url":"https:\/\/www.naturparkmagazin.de\/vdn\/foto-des-monats-orgelpfeifen-aus-eis\/","name":"Foto des Monats: \u201eOrgelpfeifen aus Eis\u201c","isPartOf":{"@id":"https:\/\/www.naturparkmagazin.de\/vdn\/#website"},"datePublished":"2014-12-15T07:15:39+00:00","dateModified":"2014-12-18T10:56:18+00:00","author":{"@id":"https:\/\/www.naturparkmagazin.de\/vdn\/#\/schema\/person\/e28d931df83318a48d52ae72b08d2bfb"},"description":"Das Bild \"Orgelpfeifen aus Eis\" des Fotografen Bj\u00f6rn Nehrhoff wurde zum Jahressiegerbild im Fotowettbewerb \u201eAugenblick Natur!\u201c 2014 gek\u00fcrt.","breadcrumb":{"@id":"https:\/\/www.naturparkmagazin.de\/vdn\/foto-des-monats-orgelpfeifen-aus-eis\/#breadcrumb"},"inLanguage":"de","potentialAction":[{"@type":"ReadAction","target":["https:\/\/www.naturparkmagazin.de\/vdn\/foto-des-monats-orgelpfeifen-aus-eis\/"]}]},{"@type":"BreadcrumbList","@id":"https:\/\/www.naturparkmagazin.de\/vdn\/foto-des-monats-orgelpfeifen-aus-eis\/#breadcrumb","itemListElement":[{"@type":"ListItem","position":1,"name":"Home","item":"https:\/\/www.naturparkmagazin.de\/vdn\/"},{"@type":"ListItem","position":2,"name":"Foto des Monats: \u201eOrgelpfeifen aus Eis\u201c"}]},{"@type":"WebSite","@id":"https:\/\/www.naturparkmagazin.de\/vdn\/#website","url":"https:\/\/www.naturparkmagazin.de\/vdn\/","name":"Verband Deutscher Naturparke","description":"Eine weitere Naturparkmagazin.de Netzwerk Seite","potentialAction":[{"@type":"SearchAction","target":{"@type":"EntryPoint","urlTemplate":"https:\/\/www.naturparkmagazin.de\/vdn\/?s={search_term_string}"},"query-input":"required name=search_term_string"}],"inLanguage":"de"},{"@type":"Person","@id":"https:\/\/www.naturparkmagazin.de\/vdn\/#\/schema\/person\/e28d931df83318a48d52ae72b08d2bfb","name":"vdnnational","url":"https:\/\/www.naturparkmagazin.de\/vdn\/author\/vdnnational\/"}]}},"_links":{"self":[{"href":"https:\/\/www.naturparkmagazin.de\/vdn\/wp-json\/wp\/v2\/posts\/4745"}],"collection":[{"href":"https:\/\/www.naturparkmagazin.de\/vdn\/wp-json\/wp\/v2\/posts"}],"about":[{"href":"https:\/\/www.naturparkmagazin.de\/vdn\/wp-json\/wp\/v2\/types\/post"}],"author":[{"embeddable":true,"href":"https:\/\/www.naturparkmagazin.de\/vdn\/wp-json\/wp\/v2\/users\/14"}],"replies":[{"embeddable":true,"href":"https:\/\/www.naturparkmagazin.de\/vdn\/wp-json\/wp\/v2\/comments?post=4745"}],"version-history":[{"count":8,"href":"https:\/\/www.naturparkmagazin.de\/vdn\/wp-json\/wp\/v2\/posts\/4745\/revisions"}],"predecessor-version":[{"id":4841,"href":"https:\/\/www.naturparkmagazin.de\/vdn\/wp-json\/wp\/v2\/posts\/4745\/revisions\/4841"}],"wp:featuredmedia":[{"embeddable":true,"href":"https:\/\/www.naturparkmagazin.de\/vdn\/wp-json\/wp\/v2\/media\/4748"}],"wp:attachment":[{"href":"https:\/\/www.naturparkmagazin.de\/vdn\/wp-json\/wp\/v2\/media?parent=4745"}],"wp:term":[{"taxonomy":"category","embeddable":true,"href":"https:\/\/www.naturparkmagazin.de\/vdn\/wp-json\/wp\/v2\/categories?post=4745"},{"taxonomy":"post_tag","embeddable":true,"href":"https:\/\/www.naturparkmagazin.de\/vdn\/wp-json\/wp\/v2\/tags?post=4745"}],"curies":[{"name":"wp","href":"https:\/\/api.w.org\/{rel}","templated":true}]}}