{"id":4758,"date":"2014-12-15T08:17:16","date_gmt":"2014-12-15T07:17:16","guid":{"rendered":"http:\/\/www.naturparkmagazin.de\/vdn\/?p=4758"},"modified":"2014-12-16T15:20:11","modified_gmt":"2014-12-16T14:20:11","slug":"hohe-auszeichnung-bundesverdienstkreuz-fuer-dr-klaus-george","status":"publish","type":"post","link":"https:\/\/www.naturparkmagazin.de\/vdn\/hohe-auszeichnung-bundesverdienstkreuz-fuer-dr-klaus-george\/","title":{"rendered":"\u201eHohe Auszeichnung\u201c \u2013 Bundesverdienstkreuz f\u00fcr Dr. Klaus George"},"content":{"rendered":"<div id=\"attachment_4759\" style=\"width: 510px\" class=\"wp-caption aligncenter\"><a href=\"https:\/\/www.naturparkmagazin.de\/vdn\/wp-content\/uploads\/sites\/3\/George_beitrag.jpg\"><img aria-describedby=\"caption-attachment-4759\" decoding=\"async\" loading=\"lazy\" class=\"size-full wp-image-4759\" title=\"Copyright: Michael von Lingen\" alt=\"Copyright: Michael von Lingen\" src=\"https:\/\/www.naturparkmagazin.de\/vdn\/wp-content\/uploads\/sites\/3\/George_beitrag.jpg\" width=\"500\" height=\"636\" srcset=\"https:\/\/www.naturparkmagazin.de\/vdn\/wp-content\/uploads\/sites\/3\/George_beitrag.jpg 500w, https:\/\/www.naturparkmagazin.de\/vdn\/wp-content\/uploads\/sites\/3\/George_beitrag-300x382.jpg 300w, https:\/\/www.naturparkmagazin.de\/vdn\/wp-content\/uploads\/sites\/3\/George_beitrag-200x254.jpg 200w\" sizes=\"(max-width: 500px) 100vw, 500px\" \/><\/a><p id=\"caption-attachment-4759\" class=\"wp-caption-text\">Copyright: Michael von Lingen<\/p><\/div>\n<p>Anl\u00e4sslich des 24. Jahrestages der Deutschen Einheit zeichnete Bundespr\u00e4sident Joachim Gauck am 6. Oktober verdiente B\u00fcrgerinnen und B\u00fcrger mit dem Verdienstorden der Bundesrepublik Deutschland aus, darunter Dr. Klaus George mit dem Verdienstkreuz am Bande. Als einer der ersten Gratulanten hob Ministerpr\u00e4sident Dr. Reiner Haseloff hervor, dass der langj\u00e4hrige Gesch\u00e4ftsf\u00fchrer des Regionalverbandes Harz e. V. dazu beigetragen hat, dass insbesondere der Naturpark Harz zu einer Modellregion f\u00fcr fairen Interessenausgleich zwischen der wirtschaftlichen Entwicklung und der Erholung f\u00fcr den Menschen einerseits und dem Schutz der Natur andererseits z\u00e4hlt. Landrat Martin Skiebe, Vorsitzender des Regionalverbandes Harz, w\u00fcrdigte zudem die Leistungen beim Aufbau des in internationale Netzwerke eingebundenen Geoparks Harz <sup>.<\/sup> Braunschweiger Land <sup>.<\/sup> Ostfalen.<\/p>\n<div id=\"attachment_4760\" style=\"width: 510px\" class=\"wp-caption aligncenter\"><a href=\"https:\/\/www.naturparkmagazin.de\/vdn\/wp-content\/uploads\/sites\/3\/Dr.-Klaus-George_beitrag.jpg\"><img aria-describedby=\"caption-attachment-4760\" decoding=\"async\" loading=\"lazy\" class=\"size-full wp-image-4760\" title=\"Copyright: Regionalverband Harz\" alt=\"Copyright: Regionalverband Harz\" src=\"https:\/\/www.naturparkmagazin.de\/vdn\/wp-content\/uploads\/sites\/3\/Dr.-Klaus-George_beitrag.jpg\" width=\"500\" height=\"300\" srcset=\"https:\/\/www.naturparkmagazin.de\/vdn\/wp-content\/uploads\/sites\/3\/Dr.-Klaus-George_beitrag.jpg 500w, https:\/\/www.naturparkmagazin.de\/vdn\/wp-content\/uploads\/sites\/3\/Dr.-Klaus-George_beitrag-300x180.jpg 300w, https:\/\/www.naturparkmagazin.de\/vdn\/wp-content\/uploads\/sites\/3\/Dr.-Klaus-George_beitrag-200x120.jpg 200w\" sizes=\"(max-width: 500px) 100vw, 500px\" \/><\/a><p id=\"caption-attachment-4760\" class=\"wp-caption-text\">Copyright: Regionalverband Harz<\/p><\/div>\n<p>Durch die Auszeichnung erfuhr besonders das ehrenamtliche Engagement f\u00fcr den Naturschutz eine W\u00fcrdigung. Schon in den 1970er Jahren war Klaus George Naturschutzhelfer im Kreis Quedlinburg, sp\u00e4ter Ortsnaturschutzbeauftragter von Badeborn, wo er als Produktionsleiter der dortigen Landwirtschaftlichen Produktionsgenossenschaft arbeitete. Nach dem Wechsel zur unteren Naturschutzbeh\u00f6rde des Landkreis Quedlinburg 1990 setzte er sein ehrenamtliches Engagement fort und geh\u00f6rte am 6. April 1991 zu den Gr\u00fcndungsmitgliedern des Ornithologenverbandes Sachsen-Anhalt e. V. Unter seinem Vorsitz wurde dieser\u00a0 Verein als Naturschutzverband in Sachsen-Anhalt anerkannt. Dr. Klaus George ist heute Mitglied in zehn weiteren Vereinen, darunter im Verein Th\u00fcringer Ornithologen, in der Nieders\u00e4chsischen Ornithologischen Vereinigung sowie in der Deutschen Ornithologen-Gesellschaft. 2004 promovierte er an der Martin-Luther-Universit\u00e4t Halle-Wittenberg. Seine Dissertation befasst sich mit Ver\u00e4nderungen der ostdeutschen Agrarlandschaft und ihrer Vogelwelt insbesondere nach der Wiedervereinigung Deutschlands. Sie enth\u00e4lt heute allgemein anerkannte Aussagen zu den Ursachen des Biodiversit\u00e4tsverlustes in der Agrarlandschaft. Dr. Klaus George arbeitet in Redaktionen renommierter Fachzeitschriften mit, ist Mitglied im Vorstand des Verbands Deutscher Naturparke und mehrerer Fachbeir\u00e4te, darunter auch des ELER-Begleitausschusses des Landes Niedersachsen. Schon seit dem Jahr 2000 ist er Vorsitzender des Naturschutzbeirates des Ministeriums f\u00fcr Landwirtschaft und Umwelt des Landes-Sachsen-Anhalt.<\/p>\n","protected":false},"excerpt":{"rendered":"<p>Bundespr\u00e4sident Joachim Gauck zeichnete verdiente B\u00fcrgerinnen und B\u00fcrger mit dem Verdienstorden der Bundesrepublik Deutschland aus, darunter VDN-Vorstandsmitglied Dr. Klaus George. <\/p>\n","protected":false},"author":14,"featured_media":4763,"comment_status":"open","ping_status":"open","sticky":false,"template":"","format":"standard","meta":{"_links_to":"","_links_to_target":""},"categories":[7],"tags":[],"yoast_head":"<!-- This site is optimized with the Yoast SEO plugin v19.10 - https:\/\/yoast.com\/wordpress\/plugins\/seo\/ -->\n<title>\u201eHohe Auszeichnung\u201c \u2013 Bundesverdienstkreuz f\u00fcr Dr. Klaus George<\/title>\n<meta name=\"description\" content=\"Bundespr\u00e4sident Joachim Gauck zeichnete verdiente B\u00fcrgerinnen und B\u00fcrger mit dem Verdienstorden der Bundesrepublik Deutschland aus, darunter VDN-Vorstandsmitglied Dr. Klaus George.\" \/>\n<meta name=\"robots\" content=\"index, follow, max-snippet:-1, max-image-preview:large, max-video-preview:-1\" \/>\n<link rel=\"canonical\" href=\"https:\/\/www.naturparkmagazin.de\/vdn\/hohe-auszeichnung-bundesverdienstkreuz-fuer-dr-klaus-george\/\" \/>\n<meta property=\"og:locale\" content=\"de_DE\" \/>\n<meta property=\"og:type\" content=\"article\" \/>\n<meta property=\"og:title\" content=\"\u201eHohe Auszeichnung\u201c \u2013 Bundesverdienstkreuz f\u00fcr Dr. Klaus George\" \/>\n<meta property=\"og:description\" content=\"Bundespr\u00e4sident Joachim Gauck zeichnete verdiente B\u00fcrgerinnen und B\u00fcrger mit dem Verdienstorden der Bundesrepublik Deutschland aus, darunter VDN-Vorstandsmitglied Dr. Klaus George.\" \/>\n<meta property=\"og:url\" content=\"https:\/\/www.naturparkmagazin.de\/vdn\/hohe-auszeichnung-bundesverdienstkreuz-fuer-dr-klaus-george\/\" \/>\n<meta property=\"og:site_name\" content=\"Verband Deutscher Naturparke\" \/>\n<meta property=\"article:published_time\" content=\"2014-12-15T07:17:16+00:00\" \/>\n<meta property=\"article:modified_time\" content=\"2014-12-16T14:20:11+00:00\" \/>\n<meta property=\"og:image\" content=\"https:\/\/www.naturparkmagazin.de\/vdn\/wp-content\/uploads\/sites\/3\/George_beitragsbild.jpg\" \/>\n\t<meta property=\"og:image:width\" content=\"180\" \/>\n\t<meta property=\"og:image:height\" content=\"135\" \/>\n\t<meta property=\"og:image:type\" content=\"image\/jpeg\" \/>\n<meta name=\"author\" content=\"vdnnational\" \/>\n<meta name=\"twitter:label1\" content=\"Verfasst von\" \/>\n\t<meta name=\"twitter:data1\" content=\"vdnnational\" \/>\n\t<meta name=\"twitter:label2\" content=\"Gesch\u00e4tzte Lesezeit\" \/>\n\t<meta name=\"twitter:data2\" content=\"2\u00a0Minuten\" \/>\n<script type=\"application\/ld+json\" class=\"yoast-schema-graph\">{\"@context\":\"https:\/\/schema.org\",\"@graph\":[{\"@type\":\"WebPage\",\"@id\":\"https:\/\/www.naturparkmagazin.de\/vdn\/hohe-auszeichnung-bundesverdienstkreuz-fuer-dr-klaus-george\/\",\"url\":\"https:\/\/www.naturparkmagazin.de\/vdn\/hohe-auszeichnung-bundesverdienstkreuz-fuer-dr-klaus-george\/\",\"name\":\"\u201eHohe Auszeichnung\u201c \u2013 Bundesverdienstkreuz f\u00fcr Dr. Klaus George\",\"isPartOf\":{\"@id\":\"https:\/\/www.naturparkmagazin.de\/vdn\/#website\"},\"datePublished\":\"2014-12-15T07:17:16+00:00\",\"dateModified\":\"2014-12-16T14:20:11+00:00\",\"author\":{\"@id\":\"https:\/\/www.naturparkmagazin.de\/vdn\/#\/schema\/person\/e28d931df83318a48d52ae72b08d2bfb\"},\"description\":\"Bundespr\u00e4sident Joachim Gauck zeichnete verdiente B\u00fcrgerinnen und B\u00fcrger mit dem Verdienstorden der Bundesrepublik Deutschland aus, darunter VDN-Vorstandsmitglied Dr. Klaus George.\",\"breadcrumb\":{\"@id\":\"https:\/\/www.naturparkmagazin.de\/vdn\/hohe-auszeichnung-bundesverdienstkreuz-fuer-dr-klaus-george\/#breadcrumb\"},\"inLanguage\":\"de\",\"potentialAction\":[{\"@type\":\"ReadAction\",\"target\":[\"https:\/\/www.naturparkmagazin.de\/vdn\/hohe-auszeichnung-bundesverdienstkreuz-fuer-dr-klaus-george\/\"]}]},{\"@type\":\"BreadcrumbList\",\"@id\":\"https:\/\/www.naturparkmagazin.de\/vdn\/hohe-auszeichnung-bundesverdienstkreuz-fuer-dr-klaus-george\/#breadcrumb\",\"itemListElement\":[{\"@type\":\"ListItem\",\"position\":1,\"name\":\"Home\",\"item\":\"https:\/\/www.naturparkmagazin.de\/vdn\/\"},{\"@type\":\"ListItem\",\"position\":2,\"name\":\"\u201eHohe Auszeichnung\u201c \u2013 Bundesverdienstkreuz f\u00fcr Dr. Klaus George\"}]},{\"@type\":\"WebSite\",\"@id\":\"https:\/\/www.naturparkmagazin.de\/vdn\/#website\",\"url\":\"https:\/\/www.naturparkmagazin.de\/vdn\/\",\"name\":\"Verband Deutscher Naturparke\",\"description\":\"Eine weitere Naturparkmagazin.de Netzwerk Seite\",\"potentialAction\":[{\"@type\":\"SearchAction\",\"target\":{\"@type\":\"EntryPoint\",\"urlTemplate\":\"https:\/\/www.naturparkmagazin.de\/vdn\/?s={search_term_string}\"},\"query-input\":\"required name=search_term_string\"}],\"inLanguage\":\"de\"},{\"@type\":\"Person\",\"@id\":\"https:\/\/www.naturparkmagazin.de\/vdn\/#\/schema\/person\/e28d931df83318a48d52ae72b08d2bfb\",\"name\":\"vdnnational\",\"url\":\"https:\/\/www.naturparkmagazin.de\/vdn\/author\/vdnnational\/\"}]}<\/script>\n<!-- \/ Yoast SEO plugin. -->","yoast_head_json":{"title":"\u201eHohe Auszeichnung\u201c \u2013 Bundesverdienstkreuz f\u00fcr Dr. Klaus George","description":"Bundespr\u00e4sident Joachim Gauck zeichnete verdiente B\u00fcrgerinnen und B\u00fcrger mit dem Verdienstorden der Bundesrepublik Deutschland aus, darunter VDN-Vorstandsmitglied Dr. Klaus George.","robots":{"index":"index","follow":"follow","max-snippet":"max-snippet:-1","max-image-preview":"max-image-preview:large","max-video-preview":"max-video-preview:-1"},"canonical":"https:\/\/www.naturparkmagazin.de\/vdn\/hohe-auszeichnung-bundesverdienstkreuz-fuer-dr-klaus-george\/","og_locale":"de_DE","og_type":"article","og_title":"\u201eHohe Auszeichnung\u201c \u2013 Bundesverdienstkreuz f\u00fcr Dr. Klaus George","og_description":"Bundespr\u00e4sident Joachim Gauck zeichnete verdiente B\u00fcrgerinnen und B\u00fcrger mit dem Verdienstorden der Bundesrepublik Deutschland aus, darunter VDN-Vorstandsmitglied Dr. Klaus George.","og_url":"https:\/\/www.naturparkmagazin.de\/vdn\/hohe-auszeichnung-bundesverdienstkreuz-fuer-dr-klaus-george\/","og_site_name":"Verband Deutscher Naturparke","article_published_time":"2014-12-15T07:17:16+00:00","article_modified_time":"2014-12-16T14:20:11+00:00","og_image":[{"width":180,"height":135,"url":"https:\/\/www.naturparkmagazin.de\/vdn\/wp-content\/uploads\/sites\/3\/George_beitragsbild.jpg","type":"image\/jpeg"}],"author":"vdnnational","twitter_misc":{"Verfasst von":"vdnnational","Gesch\u00e4tzte Lesezeit":"2\u00a0Minuten"},"schema":{"@context":"https:\/\/schema.org","@graph":[{"@type":"WebPage","@id":"https:\/\/www.naturparkmagazin.de\/vdn\/hohe-auszeichnung-bundesverdienstkreuz-fuer-dr-klaus-george\/","url":"https:\/\/www.naturparkmagazin.de\/vdn\/hohe-auszeichnung-bundesverdienstkreuz-fuer-dr-klaus-george\/","name":"\u201eHohe Auszeichnung\u201c \u2013 Bundesverdienstkreuz f\u00fcr Dr. Klaus George","isPartOf":{"@id":"https:\/\/www.naturparkmagazin.de\/vdn\/#website"},"datePublished":"2014-12-15T07:17:16+00:00","dateModified":"2014-12-16T14:20:11+00:00","author":{"@id":"https:\/\/www.naturparkmagazin.de\/vdn\/#\/schema\/person\/e28d931df83318a48d52ae72b08d2bfb"},"description":"Bundespr\u00e4sident Joachim Gauck zeichnete verdiente B\u00fcrgerinnen und B\u00fcrger mit dem Verdienstorden der Bundesrepublik Deutschland aus, darunter VDN-Vorstandsmitglied Dr. Klaus George.","breadcrumb":{"@id":"https:\/\/www.naturparkmagazin.de\/vdn\/hohe-auszeichnung-bundesverdienstkreuz-fuer-dr-klaus-george\/#breadcrumb"},"inLanguage":"de","potentialAction":[{"@type":"ReadAction","target":["https:\/\/www.naturparkmagazin.de\/vdn\/hohe-auszeichnung-bundesverdienstkreuz-fuer-dr-klaus-george\/"]}]},{"@type":"BreadcrumbList","@id":"https:\/\/www.naturparkmagazin.de\/vdn\/hohe-auszeichnung-bundesverdienstkreuz-fuer-dr-klaus-george\/#breadcrumb","itemListElement":[{"@type":"ListItem","position":1,"name":"Home","item":"https:\/\/www.naturparkmagazin.de\/vdn\/"},{"@type":"ListItem","position":2,"name":"\u201eHohe Auszeichnung\u201c \u2013 Bundesverdienstkreuz f\u00fcr Dr. Klaus George"}]},{"@type":"WebSite","@id":"https:\/\/www.naturparkmagazin.de\/vdn\/#website","url":"https:\/\/www.naturparkmagazin.de\/vdn\/","name":"Verband Deutscher Naturparke","description":"Eine weitere Naturparkmagazin.de Netzwerk Seite","potentialAction":[{"@type":"SearchAction","target":{"@type":"EntryPoint","urlTemplate":"https:\/\/www.naturparkmagazin.de\/vdn\/?s={search_term_string}"},"query-input":"required name=search_term_string"}],"inLanguage":"de"},{"@type":"Person","@id":"https:\/\/www.naturparkmagazin.de\/vdn\/#\/schema\/person\/e28d931df83318a48d52ae72b08d2bfb","name":"vdnnational","url":"https:\/\/www.naturparkmagazin.de\/vdn\/author\/vdnnational\/"}]}},"_links":{"self":[{"href":"https:\/\/www.naturparkmagazin.de\/vdn\/wp-json\/wp\/v2\/posts\/4758"}],"collection":[{"href":"https:\/\/www.naturparkmagazin.de\/vdn\/wp-json\/wp\/v2\/posts"}],"about":[{"href":"https:\/\/www.naturparkmagazin.de\/vdn\/wp-json\/wp\/v2\/types\/post"}],"author":[{"embeddable":true,"href":"https:\/\/www.naturparkmagazin.de\/vdn\/wp-json\/wp\/v2\/users\/14"}],"replies":[{"embeddable":true,"href":"https:\/\/www.naturparkmagazin.de\/vdn\/wp-json\/wp\/v2\/comments?post=4758"}],"version-history":[{"count":5,"href":"https:\/\/www.naturparkmagazin.de\/vdn\/wp-json\/wp\/v2\/posts\/4758\/revisions"}],"predecessor-version":[{"id":4834,"href":"https:\/\/www.naturparkmagazin.de\/vdn\/wp-json\/wp\/v2\/posts\/4758\/revisions\/4834"}],"wp:featuredmedia":[{"embeddable":true,"href":"https:\/\/www.naturparkmagazin.de\/vdn\/wp-json\/wp\/v2\/media\/4763"}],"wp:attachment":[{"href":"https:\/\/www.naturparkmagazin.de\/vdn\/wp-json\/wp\/v2\/media?parent=4758"}],"wp:term":[{"taxonomy":"category","embeddable":true,"href":"https:\/\/www.naturparkmagazin.de\/vdn\/wp-json\/wp\/v2\/categories?post=4758"},{"taxonomy":"post_tag","embeddable":true,"href":"https:\/\/www.naturparkmagazin.de\/vdn\/wp-json\/wp\/v2\/tags?post=4758"}],"curies":[{"name":"wp","href":"https:\/\/api.w.org\/{rel}","templated":true}]}}