{"id":4770,"date":"2014-12-15T11:30:05","date_gmt":"2014-12-15T10:30:05","guid":{"rendered":"http:\/\/www.naturparkmagazin.de\/vdn\/?p=4770"},"modified":"2014-12-18T11:55:39","modified_gmt":"2014-12-18T10:55:39","slug":"stunde-der-wintervoegel-2015","status":"publish","type":"post","link":"https:\/\/www.naturparkmagazin.de\/vdn\/stunde-der-wintervoegel-2015\/","title":{"rendered":"\u201eStunde der Winterv\u00f6gel\u201c 2015"},"content":{"rendered":"<div id=\"attachment_4775\" style=\"width: 510px\" class=\"wp-caption aligncenter\"><a href=\"https:\/\/www.naturparkmagazin.de\/vdn\/wp-content\/uploads\/sites\/3\/img-8020_beitrag.jpg\"><img aria-describedby=\"caption-attachment-4775\" decoding=\"async\" loading=\"lazy\" class=\"size-full wp-image-4775\" title=\"Buntspechte - Copyright: VDN\/Gerhard Glatz\" alt=\"Buntspechte - Copyright: VDN\/Gerhard Glatz\" src=\"https:\/\/www.naturparkmagazin.de\/vdn\/wp-content\/uploads\/sites\/3\/img-8020_beitrag.jpg\" width=\"500\" height=\"300\" srcset=\"https:\/\/www.naturparkmagazin.de\/vdn\/wp-content\/uploads\/sites\/3\/img-8020_beitrag.jpg 500w, https:\/\/www.naturparkmagazin.de\/vdn\/wp-content\/uploads\/sites\/3\/img-8020_beitrag-300x180.jpg 300w, https:\/\/www.naturparkmagazin.de\/vdn\/wp-content\/uploads\/sites\/3\/img-8020_beitrag-200x120.jpg 200w\" sizes=\"(max-width: 500px) 100vw, 500px\" \/><\/a><p id=\"caption-attachment-4775\" class=\"wp-caption-text\">Buntspechte &#8211; Copyright: VDN\/Gerhard Glatz<\/p><\/div>\n<p>Vom 9. bis 11. Januar 2015 findet bereits zum f\u00fcnften Mal\u00a0 die bundesweite \u201eStunde der Winterv\u00f6gel\u201c statt: Der Naturschutzbund Deutschland (NABU) und sein bayerischer Partner Landesbund f\u00fcr Vogelschutz (LBV) rufen Naturfreunde auf, eine Stunde lang die V\u00f6gel am Futterh\u00e4uschen, im Garten, auf dem Balkon oder im Park zu z\u00e4hlen und zu melden.<\/p>\n<div id=\"attachment_4774\" style=\"width: 510px\" class=\"wp-caption aligncenter\"><a href=\"https:\/\/www.naturparkmagazin.de\/vdn\/wp-content\/uploads\/sites\/3\/amsel-dpp-04178_beitrag.jpg\"><img aria-describedby=\"caption-attachment-4774\" decoding=\"async\" loading=\"lazy\" class=\"size-full wp-image-4774\" title=\"Amsel - Copyright: VDN\/wilhil\" alt=\"Amsel - Copyright: VDN\/wilhil\" src=\"https:\/\/www.naturparkmagazin.de\/vdn\/wp-content\/uploads\/sites\/3\/amsel-dpp-04178_beitrag.jpg\" width=\"500\" height=\"300\" srcset=\"https:\/\/www.naturparkmagazin.de\/vdn\/wp-content\/uploads\/sites\/3\/amsel-dpp-04178_beitrag.jpg 500w, https:\/\/www.naturparkmagazin.de\/vdn\/wp-content\/uploads\/sites\/3\/amsel-dpp-04178_beitrag-300x180.jpg 300w, https:\/\/www.naturparkmagazin.de\/vdn\/wp-content\/uploads\/sites\/3\/amsel-dpp-04178_beitrag-200x120.jpg 200w\" sizes=\"(max-width: 500px) 100vw, 500px\" \/><\/a><p id=\"caption-attachment-4774\" class=\"wp-caption-text\">Amsel &#8211; Copyright: VDN\/wilhil<\/p><\/div>\n<p>Im Mittelpunkt der Aktion stehen vertraute und oft weit verbreitete Vogelarten wie Meisen, Finken, Rotkehlchen und Spatzen. Besondere Aufmerksamkeit verdienen 2015 Amsel und Gr\u00fcnfink \u2013 und die Frage, ob beide Arten wie in den letzten Jahren weiter abnehmen.<\/p>\n<div id=\"attachment_4772\" style=\"width: 510px\" class=\"wp-caption aligncenter\"><a href=\"https:\/\/www.naturparkmagazin.de\/vdn\/wp-content\/uploads\/sites\/3\/img-winter-jpg_beitrag.jpg\"><img aria-describedby=\"caption-attachment-4772\" decoding=\"async\" loading=\"lazy\" class=\"size-full wp-image-4772\" title=\"Rotkehlchen - Copyright: VDN\/Angelika Hecht\" alt=\"Rotkehlchen - Copyright: VDN\/Angelika Hecht\" src=\"https:\/\/www.naturparkmagazin.de\/vdn\/wp-content\/uploads\/sites\/3\/img-winter-jpg_beitrag.jpg\" width=\"500\" height=\"300\" srcset=\"https:\/\/www.naturparkmagazin.de\/vdn\/wp-content\/uploads\/sites\/3\/img-winter-jpg_beitrag.jpg 500w, https:\/\/www.naturparkmagazin.de\/vdn\/wp-content\/uploads\/sites\/3\/img-winter-jpg_beitrag-300x180.jpg 300w, https:\/\/www.naturparkmagazin.de\/vdn\/wp-content\/uploads\/sites\/3\/img-winter-jpg_beitrag-200x120.jpg 200w\" sizes=\"(max-width: 500px) 100vw, 500px\" \/><\/a><p id=\"caption-attachment-4772\" class=\"wp-caption-text\">Rotkehlchen &#8211; Copyright: VDN\/Angelika Hecht<\/p><\/div>\n<p>Die \u201eStunde der Winterv\u00f6gel\u201c ist eine der gr\u00f6\u00dften \u201eCitizen-Science\u201c-Aktionen Deutschlands, bei der m\u00f6glichst viele Menschen gemeinsam gro\u00dfe Datenmengen sammeln und so wichtige Hinweise auf die Entwicklung der heimischen Vogelarten geben. Die Langzeitstudie liefert Natursch\u00fctzern eine F\u00fclle wertvoller Informationen zum Schutz der Artenvielfalt. 2014 beteiligten sich an der Aktion mehr als 73.000 Vogelfreunde.<\/p>\n<p>&nbsp;<\/p>\n<p><a href=\"http:\/\/www.nabu.de\/aktionenundprojekte\/stundederwintervoegel\/\" target=\"_blank\">&gt;&gt; Hier finden Sie weitere Infos zur \u201eStunde der Winterv\u00f6gel\u201c 2015<\/a><\/p>\n<p><a href=\"http:\/\/www.nabu.de\/imperia\/md\/content\/nabude\/vogelschutz\/sdw\/nabu_wintervoegel_2015_flyer_web.pdf\" target=\"_blank\">&gt;&gt; Hier k\u00f6nnen Sie den Infoflyer zur \u201eStunde der Winterv\u00f6gel\u201c 2015 downloaden<\/a><\/p>\n<p><a href=\"http:\/\/www.nabu.de\/imperia\/md\/content\/nabude\/vogelschutz\/sdw\/nabu_wintervoegel_2015_zaehlhilfe_web.pdf\" target=\"_blank\">&gt;&gt; hier k\u00f6nnen Sie eine \u00a0Z\u00e4hlhilfe zur \u201eStunde der Winterv\u00f6gel\u201c 2015 downloaden<\/a><\/p>\n<p>&nbsp;<\/p>\n<p>&nbsp;<\/p>\n","protected":false},"excerpt":{"rendered":"<p>Wer die \u201estille Zeit\u201c zu Beginn des Jahres mit Entdecker-Freude ausf\u00fcllen will kann an der \u201eStunde der Winterv\u00f6gel\u201c teilnehmen, die der NABU vom 9. bis 11. Januar 2015 durchf\u00fchrt.<\/p>\n","protected":false},"author":14,"featured_media":4776,"comment_status":"open","ping_status":"open","sticky":false,"template":"","format":"standard","meta":{"_links_to":"","_links_to_target":""},"categories":[617],"tags":[316,3155,231,86,81,41,132,184],"yoast_head":"<!-- This site is optimized with the Yoast SEO plugin v19.10 - https:\/\/yoast.com\/wordpress\/plugins\/seo\/ -->\n<title>\u201eStunde der Winterv\u00f6gel\u201c 2015<\/title>\n<meta name=\"description\" content=\"Wer die \u201estille Zeit\u201c zu Beginn des Jahres mit Entdecker-Freude ausf\u00fcllen will kann an der \u201eStunde der Winterv\u00f6gel\u201c teilnehmen, die der NABU vom 9. bis 11. Januar 2015 durchf\u00fchrt.\" \/>\n<meta name=\"robots\" content=\"index, follow, max-snippet:-1, max-image-preview:large, max-video-preview:-1\" \/>\n<link rel=\"canonical\" href=\"https:\/\/www.naturparkmagazin.de\/vdn\/stunde-der-wintervoegel-2015\/\" \/>\n<meta property=\"og:locale\" content=\"de_DE\" \/>\n<meta property=\"og:type\" content=\"article\" \/>\n<meta property=\"og:title\" content=\"\u201eStunde der Winterv\u00f6gel\u201c 2015\" \/>\n<meta property=\"og:description\" content=\"Wer die \u201estille Zeit\u201c zu Beginn des Jahres mit Entdecker-Freude ausf\u00fcllen will kann an der \u201eStunde der Winterv\u00f6gel\u201c teilnehmen, die der NABU vom 9. bis 11. Januar 2015 durchf\u00fchrt.\" \/>\n<meta property=\"og:url\" content=\"https:\/\/www.naturparkmagazin.de\/vdn\/stunde-der-wintervoegel-2015\/\" \/>\n<meta property=\"og:site_name\" content=\"Verband Deutscher Naturparke\" \/>\n<meta property=\"article:published_time\" content=\"2014-12-15T10:30:05+00:00\" \/>\n<meta property=\"article:modified_time\" content=\"2014-12-18T10:55:39+00:00\" \/>\n<meta property=\"og:image\" content=\"https:\/\/www.naturparkmagazin.de\/vdn\/wp-content\/uploads\/sites\/3\/img-8020_beitragsbild.jpg\" \/>\n\t<meta property=\"og:image:width\" content=\"180\" \/>\n\t<meta property=\"og:image:height\" content=\"135\" \/>\n\t<meta property=\"og:image:type\" content=\"image\/jpeg\" \/>\n<meta name=\"author\" content=\"vdnnational\" \/>\n<meta name=\"twitter:label1\" content=\"Verfasst von\" \/>\n\t<meta name=\"twitter:data1\" content=\"vdnnational\" \/>\n\t<meta name=\"twitter:label2\" content=\"Gesch\u00e4tzte Lesezeit\" \/>\n\t<meta name=\"twitter:data2\" content=\"1\u00a0Minute\" \/>\n<script type=\"application\/ld+json\" class=\"yoast-schema-graph\">{\"@context\":\"https:\/\/schema.org\",\"@graph\":[{\"@type\":\"WebPage\",\"@id\":\"https:\/\/www.naturparkmagazin.de\/vdn\/stunde-der-wintervoegel-2015\/\",\"url\":\"https:\/\/www.naturparkmagazin.de\/vdn\/stunde-der-wintervoegel-2015\/\",\"name\":\"\u201eStunde der Winterv\u00f6gel\u201c 2015\",\"isPartOf\":{\"@id\":\"https:\/\/www.naturparkmagazin.de\/vdn\/#website\"},\"datePublished\":\"2014-12-15T10:30:05+00:00\",\"dateModified\":\"2014-12-18T10:55:39+00:00\",\"author\":{\"@id\":\"https:\/\/www.naturparkmagazin.de\/vdn\/#\/schema\/person\/e28d931df83318a48d52ae72b08d2bfb\"},\"description\":\"Wer die \u201estille Zeit\u201c zu Beginn des Jahres mit Entdecker-Freude ausf\u00fcllen will kann an der \u201eStunde der Winterv\u00f6gel\u201c teilnehmen, die der NABU vom 9. bis 11. Januar 2015 durchf\u00fchrt.\",\"breadcrumb\":{\"@id\":\"https:\/\/www.naturparkmagazin.de\/vdn\/stunde-der-wintervoegel-2015\/#breadcrumb\"},\"inLanguage\":\"de\",\"potentialAction\":[{\"@type\":\"ReadAction\",\"target\":[\"https:\/\/www.naturparkmagazin.de\/vdn\/stunde-der-wintervoegel-2015\/\"]}]},{\"@type\":\"BreadcrumbList\",\"@id\":\"https:\/\/www.naturparkmagazin.de\/vdn\/stunde-der-wintervoegel-2015\/#breadcrumb\",\"itemListElement\":[{\"@type\":\"ListItem\",\"position\":1,\"name\":\"Home\",\"item\":\"https:\/\/www.naturparkmagazin.de\/vdn\/\"},{\"@type\":\"ListItem\",\"position\":2,\"name\":\"\u201eStunde der Winterv\u00f6gel\u201c 2015\"}]},{\"@type\":\"WebSite\",\"@id\":\"https:\/\/www.naturparkmagazin.de\/vdn\/#website\",\"url\":\"https:\/\/www.naturparkmagazin.de\/vdn\/\",\"name\":\"Verband Deutscher Naturparke\",\"description\":\"Eine weitere Naturparkmagazin.de Netzwerk Seite\",\"potentialAction\":[{\"@type\":\"SearchAction\",\"target\":{\"@type\":\"EntryPoint\",\"urlTemplate\":\"https:\/\/www.naturparkmagazin.de\/vdn\/?s={search_term_string}\"},\"query-input\":\"required name=search_term_string\"}],\"inLanguage\":\"de\"},{\"@type\":\"Person\",\"@id\":\"https:\/\/www.naturparkmagazin.de\/vdn\/#\/schema\/person\/e28d931df83318a48d52ae72b08d2bfb\",\"name\":\"vdnnational\",\"url\":\"https:\/\/www.naturparkmagazin.de\/vdn\/author\/vdnnational\/\"}]}<\/script>\n<!-- \/ Yoast SEO plugin. -->","yoast_head_json":{"title":"\u201eStunde der Winterv\u00f6gel\u201c 2015","description":"Wer die \u201estille Zeit\u201c zu Beginn des Jahres mit Entdecker-Freude ausf\u00fcllen will kann an der \u201eStunde der Winterv\u00f6gel\u201c teilnehmen, die der NABU vom 9. bis 11. Januar 2015 durchf\u00fchrt.","robots":{"index":"index","follow":"follow","max-snippet":"max-snippet:-1","max-image-preview":"max-image-preview:large","max-video-preview":"max-video-preview:-1"},"canonical":"https:\/\/www.naturparkmagazin.de\/vdn\/stunde-der-wintervoegel-2015\/","og_locale":"de_DE","og_type":"article","og_title":"\u201eStunde der Winterv\u00f6gel\u201c 2015","og_description":"Wer die \u201estille Zeit\u201c zu Beginn des Jahres mit Entdecker-Freude ausf\u00fcllen will kann an der \u201eStunde der Winterv\u00f6gel\u201c teilnehmen, die der NABU vom 9. bis 11. Januar 2015 durchf\u00fchrt.","og_url":"https:\/\/www.naturparkmagazin.de\/vdn\/stunde-der-wintervoegel-2015\/","og_site_name":"Verband Deutscher Naturparke","article_published_time":"2014-12-15T10:30:05+00:00","article_modified_time":"2014-12-18T10:55:39+00:00","og_image":[{"width":180,"height":135,"url":"https:\/\/www.naturparkmagazin.de\/vdn\/wp-content\/uploads\/sites\/3\/img-8020_beitragsbild.jpg","type":"image\/jpeg"}],"author":"vdnnational","twitter_misc":{"Verfasst von":"vdnnational","Gesch\u00e4tzte Lesezeit":"1\u00a0Minute"},"schema":{"@context":"https:\/\/schema.org","@graph":[{"@type":"WebPage","@id":"https:\/\/www.naturparkmagazin.de\/vdn\/stunde-der-wintervoegel-2015\/","url":"https:\/\/www.naturparkmagazin.de\/vdn\/stunde-der-wintervoegel-2015\/","name":"\u201eStunde der Winterv\u00f6gel\u201c 2015","isPartOf":{"@id":"https:\/\/www.naturparkmagazin.de\/vdn\/#website"},"datePublished":"2014-12-15T10:30:05+00:00","dateModified":"2014-12-18T10:55:39+00:00","author":{"@id":"https:\/\/www.naturparkmagazin.de\/vdn\/#\/schema\/person\/e28d931df83318a48d52ae72b08d2bfb"},"description":"Wer die \u201estille Zeit\u201c zu Beginn des Jahres mit Entdecker-Freude ausf\u00fcllen will kann an der \u201eStunde der Winterv\u00f6gel\u201c teilnehmen, die der NABU vom 9. bis 11. Januar 2015 durchf\u00fchrt.","breadcrumb":{"@id":"https:\/\/www.naturparkmagazin.de\/vdn\/stunde-der-wintervoegel-2015\/#breadcrumb"},"inLanguage":"de","potentialAction":[{"@type":"ReadAction","target":["https:\/\/www.naturparkmagazin.de\/vdn\/stunde-der-wintervoegel-2015\/"]}]},{"@type":"BreadcrumbList","@id":"https:\/\/www.naturparkmagazin.de\/vdn\/stunde-der-wintervoegel-2015\/#breadcrumb","itemListElement":[{"@type":"ListItem","position":1,"name":"Home","item":"https:\/\/www.naturparkmagazin.de\/vdn\/"},{"@type":"ListItem","position":2,"name":"\u201eStunde der Winterv\u00f6gel\u201c 2015"}]},{"@type":"WebSite","@id":"https:\/\/www.naturparkmagazin.de\/vdn\/#website","url":"https:\/\/www.naturparkmagazin.de\/vdn\/","name":"Verband Deutscher Naturparke","description":"Eine weitere Naturparkmagazin.de Netzwerk Seite","potentialAction":[{"@type":"SearchAction","target":{"@type":"EntryPoint","urlTemplate":"https:\/\/www.naturparkmagazin.de\/vdn\/?s={search_term_string}"},"query-input":"required name=search_term_string"}],"inLanguage":"de"},{"@type":"Person","@id":"https:\/\/www.naturparkmagazin.de\/vdn\/#\/schema\/person\/e28d931df83318a48d52ae72b08d2bfb","name":"vdnnational","url":"https:\/\/www.naturparkmagazin.de\/vdn\/author\/vdnnational\/"}]}},"_links":{"self":[{"href":"https:\/\/www.naturparkmagazin.de\/vdn\/wp-json\/wp\/v2\/posts\/4770"}],"collection":[{"href":"https:\/\/www.naturparkmagazin.de\/vdn\/wp-json\/wp\/v2\/posts"}],"about":[{"href":"https:\/\/www.naturparkmagazin.de\/vdn\/wp-json\/wp\/v2\/types\/post"}],"author":[{"embeddable":true,"href":"https:\/\/www.naturparkmagazin.de\/vdn\/wp-json\/wp\/v2\/users\/14"}],"replies":[{"embeddable":true,"href":"https:\/\/www.naturparkmagazin.de\/vdn\/wp-json\/wp\/v2\/comments?post=4770"}],"version-history":[{"count":5,"href":"https:\/\/www.naturparkmagazin.de\/vdn\/wp-json\/wp\/v2\/posts\/4770\/revisions"}],"predecessor-version":[{"id":4840,"href":"https:\/\/www.naturparkmagazin.de\/vdn\/wp-json\/wp\/v2\/posts\/4770\/revisions\/4840"}],"wp:featuredmedia":[{"embeddable":true,"href":"https:\/\/www.naturparkmagazin.de\/vdn\/wp-json\/wp\/v2\/media\/4776"}],"wp:attachment":[{"href":"https:\/\/www.naturparkmagazin.de\/vdn\/wp-json\/wp\/v2\/media?parent=4770"}],"wp:term":[{"taxonomy":"category","embeddable":true,"href":"https:\/\/www.naturparkmagazin.de\/vdn\/wp-json\/wp\/v2\/categories?post=4770"},{"taxonomy":"post_tag","embeddable":true,"href":"https:\/\/www.naturparkmagazin.de\/vdn\/wp-json\/wp\/v2\/tags?post=4770"}],"curies":[{"name":"wp","href":"https:\/\/api.w.org\/{rel}","templated":true}]}}